{"id":9669,"date":"2014-06-10T00:00:00","date_gmt":"2014-06-10T00:00:00","guid":{"rendered":"http:\/\/psol50.org.br\/arquivo\/2014\/06\/10\/o-legado-de-quem-luta\/"},"modified":"2014-06-10T00:00:00","modified_gmt":"2014-06-10T00:00:00","slug":"o-legado-de-quem-luta","status":"publish","type":"post","link":"https:\/\/psol50.org.br\/o-legado-de-quem-luta\/","title":{"rendered":"O legado de quem luta"},"content":{"rendered":"<p align=\"JUSTIFY\" style=\"margin-bottom: 0cm\">\n\t<font face=\"Arial, sans-serif\">A greve dos metrovi\u00e1rios de S\u00e3o Paulo trouxe uma s\u00e9rie de questionamentos das pessoas ao comportamento desses trabalhadores em rela\u00e7\u00e3o aos transtornos causados ao povo de modo geral. <\/font><\/p>\n<p>\t<font face=\"Arial, sans-serif\">Normalmente essas pessoas que criticam a luta de quem faz greve nunca fez uma greve ou sequer participou de qualquer manifesta\u00e7\u00e3o em defesa dos direitos que ele mesmo usufrui, tais como trabalho de 8 horas, f\u00e9rias de 30 dias, 1\/3 de f\u00e9rias, direito a cesta b\u00e1sica, ticket refei\u00e7\u00e3o, pagamento de horas extras, plano de sa\u00fade, aposentadoria, licen\u00e7a maternidade, etc. <\/font><\/p>\n<p>\t<font face=\"Arial, sans-serif\">Essas pessoas ignoram que todos os direitos e beneficio foram frutos de lutas hist\u00f3ricas da humanidade que se acumulam e perpetuam entre as gera\u00e7\u00f5es.<\/font><\/p>\n<p>\t<font face=\"Arial, sans-serif\">Muitos criticam que a greve prejudicou uma pessoa que iria para o hospital, ou quem arrumou o primeiro emprego, ou quem tinha prova na escola ou faculdade. Esse comportamento \u00e9 b\u00e1sico do discurso individualista que \u00e9 propagado pela imprensa, o qual traduz uma forma de domina\u00e7\u00e3o de quem det\u00eam os meios de comunica\u00e7\u00e3o para uma sociedade em que a educa\u00e7\u00e3o \u00e9 apenas saber ler e escrever. <\/font><\/p>\n<p>\t<font face=\"Arial, sans-serif\">A falta de investimento na educa\u00e7\u00e3o n\u00e3o \u00e9 por acaso, e faz reproduzir essa forma de pensamento sem uma cultura aprofundada, no sentido de entender os comportamentos dos governos, dos meios de comunica\u00e7\u00e3o, dos formadores de opini\u00e3o e outros. Por isso, n\u00e3o podemos exigir o entendimento dessas pessoas de que a luta \u00e9 um mecanismo dos que n\u00e3o vivem de favores, n\u00e3o se calam diante da injusti\u00e7a, n\u00e3o ficam esperando pelos outros e n\u00e3o t\u00eam uma vis\u00e3o exclusivamente individual da vida.<\/font><\/p>\n<p>\t<font face=\"Arial, sans-serif\">Os lutadores enfrentam muitas dificuldades e \u00e0s vezes pagam com o pr\u00f3prio emprego uma luta coletiva, mas quem tem a capacidade de entendimento coletivo jamais se submeter\u00e1 aos desmandos dos opressores de plant\u00e3o, pois sabem que sua luta deixar\u00e1 frutos para as crian\u00e7as do futuro e n\u00e3o deixar\u00e1 de existir apesar da ignor\u00e2ncia de muitos pais de hoje.<\/font><\/p>\n","protected":false},"excerpt":{"rendered":"<p>A greve dos metrovi\u00e1rios de S\u00e3o Paulo trouxe uma s\u00e9rie de questionamentos das pessoas ao comportamento desses trabalhadores em rela\u00e7\u00e3o aos transtornos causados ao povo de modo geral. Normalmente essas pessoas que criticam a luta de quem faz greve nunca fez uma greve ou sequer participou de qualquer manifesta\u00e7\u00e3o em defesa dos direitos que ele [&hellip;]<\/p>\n","protected":false},"author":2,"featured_media":0,"comment_status":"open","ping_status":"open","sticky":false,"template":"","format":"standard","meta":{"_acf_changed":false,"footnotes":""},"categories":[3],"tags":[3607,2915],"class_list":{"0":"post-9669","1":"post","2":"type-post","3":"status-publish","4":"format-standard","6":"category-artigos-e-entrevistas","7":"tag-francisvaldo-mendes","8":"tag-militancia"},"acf":[],"yoast_head":"<!-- This site is optimized with the Yoast SEO plugin v26.5 - https:\/\/yoast.com\/wordpress\/plugins\/seo\/ -->\n<title>O legado de quem luta - PSOL 50<\/title>\n<meta name=\"robots\" content=\"index, follow, max-snippet:-1, max-image-preview:large, max-video-preview:-1\" \/>\n<link rel=\"canonical\" href=\"https:\/\/psol50.org.br\/o-legado-de-quem-luta\/\" \/>\n<meta property=\"og:locale\" content=\"pt_BR\" \/>\n<meta property=\"og:type\" content=\"article\" \/>\n<meta property=\"og:title\" content=\"O legado de quem luta - PSOL 50\" \/>\n<meta property=\"og:description\" content=\"A greve dos metrovi\u00e1rios de S\u00e3o Paulo trouxe uma s\u00e9rie de questionamentos das pessoas ao comportamento desses trabalhadores em rela\u00e7\u00e3o aos transtornos causados ao povo de modo geral. Normalmente essas pessoas que criticam a luta de quem faz greve nunca fez uma greve ou sequer participou de qualquer manifesta\u00e7\u00e3o em defesa dos direitos que ele [&hellip;]\" \/>\n<meta property=\"og:url\" content=\"https:\/\/psol50.org.br\/o-legado-de-quem-luta\/\" \/>\n<meta property=\"og:site_name\" content=\"PSOL 50\" \/>\n<meta property=\"article:publisher\" content=\"https:\/\/www.facebook.com\/psol50\" \/>\n<meta property=\"article:published_time\" content=\"2014-06-10T00:00:00+00:00\" \/>\n<meta property=\"og:image\" content=\"https:\/\/psol50.org.br\/inc\/uploads\/2018\/07\/capa.png\" \/>\n\t<meta property=\"og:image:width\" content=\"1350\" \/>\n\t<meta property=\"og:image:height\" content=\"900\" \/>\n\t<meta property=\"og:image:type\" content=\"image\/png\" \/>\n<meta name=\"author\" content=\"Comunica\u00e7\u00e3o PSOL\" \/>\n<meta name=\"twitter:card\" content=\"summary_large_image\" \/>\n<meta name=\"twitter:creator\" content=\"@psol50\" \/>\n<meta name=\"twitter:site\" content=\"@psol50\" \/>\n<meta name=\"twitter:label1\" content=\"Escrito por\" \/>\n\t<meta name=\"twitter:data1\" content=\"Comunica\u00e7\u00e3o PSOL\" \/>\n\t<meta name=\"twitter:label2\" content=\"Est. tempo de leitura\" \/>\n\t<meta name=\"twitter:data2\" content=\"2 minutos\" \/>\n<script type=\"application\/ld+json\" class=\"yoast-schema-graph\">{\"@context\":\"https:\/\/schema.org\",\"@graph\":[{\"@type\":\"Article\",\"@id\":\"https:\/\/psol50.org.br\/o-legado-de-quem-luta\/#article\",\"isPartOf\":{\"@id\":\"https:\/\/psol50.org.br\/o-legado-de-quem-luta\/\"},\"author\":{\"name\":\"Comunica\u00e7\u00e3o PSOL\",\"@id\":\"https:\/\/psol50.org.br\/#\/schema\/person\/475dfa57d0b815993c714c2e96491fcd\"},\"headline\":\"O legado de quem luta\",\"datePublished\":\"2014-06-10T00:00:00+00:00\",\"mainEntityOfPage\":{\"@id\":\"https:\/\/psol50.org.br\/o-legado-de-quem-luta\/\"},\"wordCount\":348,\"commentCount\":0,\"publisher\":{\"@id\":\"https:\/\/psol50.org.br\/#organization\"},\"keywords\":[\"Francisvaldo Mendes\",\"milit\u00e2ncia\"],\"articleSection\":[\"Artigos\"],\"inLanguage\":\"pt-BR\",\"potentialAction\":[{\"@type\":\"CommentAction\",\"name\":\"Comment\",\"target\":[\"https:\/\/psol50.org.br\/o-legado-de-quem-luta\/#respond\"]}]},{\"@type\":\"WebPage\",\"@id\":\"https:\/\/psol50.org.br\/o-legado-de-quem-luta\/\",\"url\":\"https:\/\/psol50.org.br\/o-legado-de-quem-luta\/\",\"name\":\"O legado de quem luta - PSOL 50\",\"isPartOf\":{\"@id\":\"https:\/\/psol50.org.br\/#website\"},\"datePublished\":\"2014-06-10T00:00:00+00:00\",\"breadcrumb\":{\"@id\":\"https:\/\/psol50.org.br\/o-legado-de-quem-luta\/#breadcrumb\"},\"inLanguage\":\"pt-BR\",\"potentialAction\":[{\"@type\":\"ReadAction\",\"target\":[\"https:\/\/psol50.org.br\/o-legado-de-quem-luta\/\"]}]},{\"@type\":\"BreadcrumbList\",\"@id\":\"https:\/\/psol50.org.br\/o-legado-de-quem-luta\/#breadcrumb\",\"itemListElement\":[{\"@type\":\"ListItem\",\"position\":1,\"name\":\"In\u00edcio\",\"item\":\"https:\/\/psol50.org.br\/\"},{\"@type\":\"ListItem\",\"position\":2,\"name\":\"O legado de quem luta\"}]},{\"@type\":\"WebSite\",\"@id\":\"https:\/\/psol50.org.br\/#website\",\"url\":\"https:\/\/psol50.org.br\/\",\"name\":\"PSOL 50\",\"description\":\"Site oficial do Partido Socialismo e Liberdade\",\"publisher\":{\"@id\":\"https:\/\/psol50.org.br\/#organization\"},\"alternateName\":\"PSOL50\",\"potentialAction\":[{\"@type\":\"SearchAction\",\"target\":{\"@type\":\"EntryPoint\",\"urlTemplate\":\"https:\/\/psol50.org.br\/?s={search_term_string}\"},\"query-input\":{\"@type\":\"PropertyValueSpecification\",\"valueRequired\":true,\"valueName\":\"search_term_string\"}}],\"inLanguage\":\"pt-BR\"},{\"@type\":\"Organization\",\"@id\":\"https:\/\/psol50.org.br\/#organization\",\"name\":\"PSOL 50\",\"alternateName\":\"PSOL 50\",\"url\":\"https:\/\/psol50.org.br\/\",\"logo\":{\"@type\":\"ImageObject\",\"inLanguage\":\"pt-BR\",\"@id\":\"https:\/\/psol50.org.br\/#\/schema\/logo\/image\/\",\"url\":\"https:\/\/psol50.org.br\/inc\/uploads\/2018\/07\/capa.png\",\"contentUrl\":\"https:\/\/psol50.org.br\/inc\/uploads\/2018\/07\/capa.png\",\"width\":1350,\"height\":900,\"caption\":\"PSOL 50\"},\"image\":{\"@id\":\"https:\/\/psol50.org.br\/#\/schema\/logo\/image\/\"},\"sameAs\":[\"https:\/\/www.facebook.com\/psol50\",\"https:\/\/x.com\/psol50\",\"https:\/\/www.instagram.com\/psol50\/\",\"https:\/\/www.youtube.com\/channel\/UC7SnJS5o1os7a6CaiNabzcg\"]},{\"@type\":\"Person\",\"@id\":\"https:\/\/psol50.org.br\/#\/schema\/person\/475dfa57d0b815993c714c2e96491fcd\",\"name\":\"Comunica\u00e7\u00e3o PSOL\",\"image\":{\"@type\":\"ImageObject\",\"inLanguage\":\"pt-BR\",\"@id\":\"https:\/\/psol50.org.br\/#\/schema\/person\/image\/\",\"url\":\"https:\/\/secure.gravatar.com\/avatar\/b34fc4f4e468a4e51785917065a3db57b841f5c95dba6ad8c73aaf8f66f8f9bf?s=96&d=mm&r=g\",\"contentUrl\":\"https:\/\/secure.gravatar.com\/avatar\/b34fc4f4e468a4e51785917065a3db57b841f5c95dba6ad8c73aaf8f66f8f9bf?s=96&d=mm&r=g\",\"caption\":\"Comunica\u00e7\u00e3o PSOL\"}}]}<\/script>\n<!-- \/ Yoast SEO plugin. -->","yoast_head_json":{"title":"O legado de quem luta - PSOL 50","robots":{"index":"index","follow":"follow","max-snippet":"max-snippet:-1","max-image-preview":"max-image-preview:large","max-video-preview":"max-video-preview:-1"},"canonical":"https:\/\/psol50.org.br\/o-legado-de-quem-luta\/","og_locale":"pt_BR","og_type":"article","og_title":"O legado de quem luta - PSOL 50","og_description":"A greve dos metrovi\u00e1rios de S\u00e3o Paulo trouxe uma s\u00e9rie de questionamentos das pessoas ao comportamento desses trabalhadores em rela\u00e7\u00e3o aos transtornos causados ao povo de modo geral. Normalmente essas pessoas que criticam a luta de quem faz greve nunca fez uma greve ou sequer participou de qualquer manifesta\u00e7\u00e3o em defesa dos direitos que ele [&hellip;]","og_url":"https:\/\/psol50.org.br\/o-legado-de-quem-luta\/","og_site_name":"PSOL 50","article_publisher":"https:\/\/www.facebook.com\/psol50","article_published_time":"2014-06-10T00:00:00+00:00","og_image":[{"width":1350,"height":900,"url":"https:\/\/psol50.org.br\/inc\/uploads\/2018\/07\/capa.png","type":"image\/png"}],"author":"Comunica\u00e7\u00e3o PSOL","twitter_card":"summary_large_image","twitter_creator":"@psol50","twitter_site":"@psol50","twitter_misc":{"Escrito por":"Comunica\u00e7\u00e3o PSOL","Est. tempo de leitura":"2 minutos"},"schema":{"@context":"https:\/\/schema.org","@graph":[{"@type":"Article","@id":"https:\/\/psol50.org.br\/o-legado-de-quem-luta\/#article","isPartOf":{"@id":"https:\/\/psol50.org.br\/o-legado-de-quem-luta\/"},"author":{"name":"Comunica\u00e7\u00e3o PSOL","@id":"https:\/\/psol50.org.br\/#\/schema\/person\/475dfa57d0b815993c714c2e96491fcd"},"headline":"O legado de quem luta","datePublished":"2014-06-10T00:00:00+00:00","mainEntityOfPage":{"@id":"https:\/\/psol50.org.br\/o-legado-de-quem-luta\/"},"wordCount":348,"commentCount":0,"publisher":{"@id":"https:\/\/psol50.org.br\/#organization"},"keywords":["Francisvaldo Mendes","milit\u00e2ncia"],"articleSection":["Artigos"],"inLanguage":"pt-BR","potentialAction":[{"@type":"CommentAction","name":"Comment","target":["https:\/\/psol50.org.br\/o-legado-de-quem-luta\/#respond"]}]},{"@type":"WebPage","@id":"https:\/\/psol50.org.br\/o-legado-de-quem-luta\/","url":"https:\/\/psol50.org.br\/o-legado-de-quem-luta\/","name":"O legado de quem luta - PSOL 50","isPartOf":{"@id":"https:\/\/psol50.org.br\/#website"},"datePublished":"2014-06-10T00:00:00+00:00","breadcrumb":{"@id":"https:\/\/psol50.org.br\/o-legado-de-quem-luta\/#breadcrumb"},"inLanguage":"pt-BR","potentialAction":[{"@type":"ReadAction","target":["https:\/\/psol50.org.br\/o-legado-de-quem-luta\/"]}]},{"@type":"BreadcrumbList","@id":"https:\/\/psol50.org.br\/o-legado-de-quem-luta\/#breadcrumb","itemListElement":[{"@type":"ListItem","position":1,"name":"In\u00edcio","item":"https:\/\/psol50.org.br\/"},{"@type":"ListItem","position":2,"name":"O legado de quem luta"}]},{"@type":"WebSite","@id":"https:\/\/psol50.org.br\/#website","url":"https:\/\/psol50.org.br\/","name":"PSOL 50","description":"Site oficial do Partido Socialismo e Liberdade","publisher":{"@id":"https:\/\/psol50.org.br\/#organization"},"alternateName":"PSOL50","potentialAction":[{"@type":"SearchAction","target":{"@type":"EntryPoint","urlTemplate":"https:\/\/psol50.org.br\/?s={search_term_string}"},"query-input":{"@type":"PropertyValueSpecification","valueRequired":true,"valueName":"search_term_string"}}],"inLanguage":"pt-BR"},{"@type":"Organization","@id":"https:\/\/psol50.org.br\/#organization","name":"PSOL 50","alternateName":"PSOL 50","url":"https:\/\/psol50.org.br\/","logo":{"@type":"ImageObject","inLanguage":"pt-BR","@id":"https:\/\/psol50.org.br\/#\/schema\/logo\/image\/","url":"https:\/\/psol50.org.br\/inc\/uploads\/2018\/07\/capa.png","contentUrl":"https:\/\/psol50.org.br\/inc\/uploads\/2018\/07\/capa.png","width":1350,"height":900,"caption":"PSOL 50"},"image":{"@id":"https:\/\/psol50.org.br\/#\/schema\/logo\/image\/"},"sameAs":["https:\/\/www.facebook.com\/psol50","https:\/\/x.com\/psol50","https:\/\/www.instagram.com\/psol50\/","https:\/\/www.youtube.com\/channel\/UC7SnJS5o1os7a6CaiNabzcg"]},{"@type":"Person","@id":"https:\/\/psol50.org.br\/#\/schema\/person\/475dfa57d0b815993c714c2e96491fcd","name":"Comunica\u00e7\u00e3o PSOL","image":{"@type":"ImageObject","inLanguage":"pt-BR","@id":"https:\/\/psol50.org.br\/#\/schema\/person\/image\/","url":"https:\/\/secure.gravatar.com\/avatar\/b34fc4f4e468a4e51785917065a3db57b841f5c95dba6ad8c73aaf8f66f8f9bf?s=96&d=mm&r=g","contentUrl":"https:\/\/secure.gravatar.com\/avatar\/b34fc4f4e468a4e51785917065a3db57b841f5c95dba6ad8c73aaf8f66f8f9bf?s=96&d=mm&r=g","caption":"Comunica\u00e7\u00e3o PSOL"}}]}},"_links":{"self":[{"href":"https:\/\/psol50.org.br\/rest\/wp\/v2\/posts\/9669","targetHints":{"allow":["GET"]}}],"collection":[{"href":"https:\/\/psol50.org.br\/rest\/wp\/v2\/posts"}],"about":[{"href":"https:\/\/psol50.org.br\/rest\/wp\/v2\/types\/post"}],"author":[{"embeddable":true,"href":"https:\/\/psol50.org.br\/rest\/wp\/v2\/users\/2"}],"replies":[{"embeddable":true,"href":"https:\/\/psol50.org.br\/rest\/wp\/v2\/comments?post=9669"}],"version-history":[{"count":0,"href":"https:\/\/psol50.org.br\/rest\/wp\/v2\/posts\/9669\/revisions"}],"wp:attachment":[{"href":"https:\/\/psol50.org.br\/rest\/wp\/v2\/media?parent=9669"}],"wp:term":[{"taxonomy":"category","embeddable":true,"href":"https:\/\/psol50.org.br\/rest\/wp\/v2\/categories?post=9669"},{"taxonomy":"post_tag","embeddable":true,"href":"https:\/\/psol50.org.br\/rest\/wp\/v2\/tags?post=9669"}],"curies":[{"name":"wp","href":"https:\/\/api.w.org\/{rel}","templated":true}]}}