{"id":9672,"date":"2014-06-11T00:00:00","date_gmt":"2014-06-11T00:00:00","guid":{"rendered":"http:\/\/psol50.org.br\/arquivo\/2014\/06\/11\/uma-copa-e-milhares-de-remocoes\/"},"modified":"2014-06-11T00:00:00","modified_gmt":"2014-06-11T00:00:00","slug":"uma-copa-e-milhares-de-remocoes","status":"publish","type":"post","link":"https:\/\/psol50.org.br\/uma-copa-e-milhares-de-remocoes\/","title":{"rendered":"Uma Copa e milhares de remo\u00e7\u00f5es!"},"content":{"rendered":"<div align=\"JUSTIFY\" style=\"margin-bottom: 0cm; line-height: 100%;\">\n\t<span style=\"font-size:12px;\"><font face=\"Arial, sans-serif\"><font color=\"#000000\">&#8220;Vieram, deram alguns minutos pra a gente tirar as coisas&#8230; a gente pediu pra eles esperarem pra gente arrumar um lugar pra colocar (as coisas). Eles disseram que n\u00e3o iam esperar, que ia botar num caminh\u00e3o pra levar pra um dep\u00f3sito, a gente n\u00e3o queria que fosse pro dep\u00f3sito&#8230;\u201d. <\/font>Edmilson, morador do Largo do Campinho, RJ.<\/font><\/p>\n<p>\t<font face=\"Arial, sans-serif\">&#8220;Eu n\u00e3o sabia que para a gente ter jogos, pra gente ter Olimp\u00edadas, a Copa aqui, precisaria remover todas as comunidades, limpar a fachada do Rio de Janeiro. Afinal de contas, essa Copa e essa Olimp\u00edadas \u00e9 pra mim ou pra gringo?&#8221;. Moradora da Estradinha. <a name=\"_ftnref1\">[1]<\/a>.<\/font><\/p>\n<p>\t<font face=\"Arial, sans-serif\">A poucos dias da Copa do Mundo se intensifica um debate nas ruas e nas redes sociais sobre este <\/font><font face=\"Arial, sans-serif\">g<\/font><font face=\"Arial, sans-serif\">rande evento. Vai ou n\u00e3o ter Copa? Contra ou a favor da Copa? Como n\u00e3o poderia deixar de ser, os argumentos de um ou do outro lado muitas vezes isolam seus argumentos sem dimensionar este evento como deve ser dimensionado. Ou seja, como indutor de uma pol\u00edtica em escala nacional, sendo, para o bem ou para o mal, catalisador de a\u00e7\u00f5es por parte do governo e que demonstram como funcionam diversos mecanismos pol\u00edticos e sociais. <\/font><\/p>\n<p>\t<font face=\"Arial, sans-serif\">Uma primeira coloca\u00e7\u00e3o que gostar\u00edamos de refor\u00e7ar \u00e9 que os protestos que envolvem a Copa do Mundo, independente de seus nomes (Contra a Copa, Copa para quem?, Na Copa vai ter Luta ou qualquer outro), por excel\u00eancia s\u00e3o feitos para reafirmar <b>d<\/b><b>ireitos<\/b>! Essa \u00e9 a ess\u00eancia dos movimentos sociais. E afirmar direitos a partir da democracia direta, da reivindica\u00e7\u00e3o, pois n\u00e3o confiamos no Estado e temos a certeza de que os mecanismos da democracia liberal s\u00e3o insuficientes para atender os anseios populares, que se traduzem nos protestos na afirma\u00e7\u00e3o de direitos: Sa\u00fade e Educa\u00e7\u00e3o Padr\u00e3o FIFA!<\/font><\/p>\n<p>\t<font face=\"Arial, sans-serif\">Sendo assim, neste pequeno texto queremos afirmar que um dos principais direitos sociais, o direito \u00e0 moradia, \u00e9 afrontado pelos dois grandes eventos que se avizinham em nosso pa\u00eds (Copa do Mundo e Olimp\u00edadas)! Vejamos.<\/font><\/p>\n<p>\t<font face=\"Arial, sans-serif\">Pr\u00f3ximo do est\u00e1dio chamado Itaquer\u00e3o, na zona leste de S\u00e3o Paulo, historicamente regi\u00e3o de periferia na cidade, h\u00e1 um acampamento reivindicando moradia popular com mais de 3.000 mil fam\u00edlias chamado \u201cCopa do Povo\u201d. O acampamento \u00e9 emblem\u00e1tico dos impactos da Copa do Mundo para a popula\u00e7\u00e3o mais pobre do pa\u00eds. De acordo com Raquel Ronilk<a name=\"_ftnref2\">[2]<\/a>, o \u00edndice Fipe-Zap, que mede pre\u00e7os de im\u00f3veis e alugueis, subiu cerca de 200% entre 2008 e 2014. <\/font><font face=\"Arial, sans-serif\">N<\/font><font face=\"Arial, sans-serif\">a regi\u00e3o de Itaquera os aumentos foram ainda maiores, alcan\u00e7ando 100% em um intervalo de <\/font><font face=\"Arial, sans-serif\">um<\/font><font face=\"Arial, sans-serif\"> ano. Tal fato s\u00f3 agrava a j\u00e1 grande demanda por moradia das grandes regi\u00f5es metropolitanas brasileiras (quase todas com constru\u00e7\u00f5es de est\u00e1dio para a Copa). Sendo assim, milhares de brasileiros n\u00e3o conseguem mais pagar por alugueis, isso afeta mais ainda a popula\u00e7\u00e3o de \u00e1reas de periferia e com forte vulnerabilidade social. Por isso, ocupar terrenos e pressionar por moradia \u00e9 uma resposta pol\u00edtica desses sujeitos. Com a Copa, tal fato se agrava ainda mais.<\/font><\/p>\n<p>\t<font face=\"Arial, sans-serif\">Um dos maiores estudiosos do espa\u00e7o urbano brasileiro, o professor Carlos Vainer, \u00e9 enf\u00e1tico em dizer \u201c<\/font><font face=\"Arial, sans-serif\"><i>Ap\u00f3s os mega eventos, o Rio de Janeiro ser\u00e1 uma cidade muito mais desigual<\/i><\/font><font face=\"Arial, sans-serif\">\u201d<a name=\"_ftnref3\">[3]<\/a>. Entendemos que o quadro n\u00e3o ser\u00e1 s\u00f3 no Rio de Janeiro, mas no Brasil todo. Esse processo tem removido milhares de pessoas de suas casas em dezenas de cidades brasileiras. Para o professor Carlos Vainer, estamos vivendo o \u00e1pice de <\/font><font face=\"Arial, sans-serif\"><span style=\"background: none repeat scroll 0% 0% rgb(255, 255, 255);\">um novo modelo de cidade e de um novo padr\u00e3o de desenvolvimento urbano, cujo princ\u00edpio remete ao in\u00edcio dos anos 90. O principal objetivo deste novo modelo \u00e9 fazer o espa\u00e7o urbano da cidade virar uma mercadoria e, para tal, \u00e9 necess\u00e1rio retirar o car\u00e1ter p\u00fablico do espa\u00e7o urbano e coloc\u00e1-lo sobre o dom\u00ednio do capital. Os investimentos, ent\u00e3o, s\u00e3o direcionados para espa\u00e7os privilegiados, beneficiando um pequeno grupo de pessoas. Um exemplo disso s\u00e3o os mais de R$ 20 bilh\u00f5es investidos pelo poder p\u00fablico para a Copa.<\/span><\/font><a name=\"_ftnref4\"><font color=\"#000000\"><font face=\"Arial, sans-serif\"><span style=\"background: none repeat scroll 0% 0% rgb(255, 255, 255);\">[4]<\/span><\/font><\/font><\/a><font face=\"Arial, sans-serif\"><span style=\"background: none repeat scroll 0% 0% rgb(255, 255, 255);\"> Desses, R$ 7 bilh\u00f5es foram para os est\u00e1dios da Copa e outros bilh\u00f5es para remodelar os entorno dos est\u00e1dios. <\/span><\/font><font face=\"Arial, sans-serif\">Para o professor Vainer, os beneficiados t\u00eam pr\u00e1ticas que privatizam o <\/font><font face=\"Arial, sans-serif\">E<\/font><font face=\"Arial, sans-serif\">stado, pois fraudam, atrav\u00e9s da corrup\u00e7\u00e3o e dos financiamentos de campanha, a manifesta\u00e7\u00e3o democr\u00e1tica do processo eleitoral.<\/font><a name=\"_ftnref5\"><font color=\"#000000\"><font face=\"Arial, sans-serif\">[5]<\/font><\/font><\/a><font face=\"Arial, sans-serif\"> <\/font><\/p>\n<p>\t<font face=\"Arial, sans-serif\">Isso pode ser visto ao constatarmos que as grandes construtoras, as maiores beneficiadas com os grandes eventos, s\u00e3o as maiores doadoras de campanha. Em levantamento do jornal Folha de S\u00e3o Paulo, foi consta<\/font><font face=\"Arial, sans-serif\">ta<\/font><font face=\"Arial, sans-serif\">do que apenas tr\u00eas construtoras s\u00e3o respons\u00e1veis por 1\/4 do total de doa\u00e7\u00f5es feitas por 739 empresas aos partidos pol\u00edticos em 2013. Andrade Gutierrez, Queir\u00f3z Galv\u00e3o e Camargo Correa investiram 151,7 milh\u00f5es do total de 637,3 milh\u00f5es investidos (essas doa\u00e7\u00f5es se concentraram nos tr\u00eas maiores partidos da ordem PT, PMDB e PSDB). Os dados demonstram que as elei\u00e7\u00f5es se tornam desiguais e privadas, em que estas empresas fazem investimentos e s\u00e3o recompensadas pelo novo modelo de cidades que os grandes eventos s\u00e3o sua maior face.<\/font><a name=\"_ftnref6\"><font color=\"#000000\"><font face=\"Arial, sans-serif\">[6]<\/font><\/font><\/a><\/p>\n<p>\t<font face=\"Arial, sans-serif\">O resultado \u00e9 que em todo o pa\u00eds mais de 170 mil pessoas ser\u00e3o removidas de seus locais de moradia, quase sempre sem terem para onde ir.<\/font><a name=\"_ftnref7\"><font color=\"#000000\"><font face=\"Arial, sans-serif\">[7]<\/font><\/font><\/a><font face=\"Arial, sans-serif\"> De forma sint\u00e9tica, a Copa do Mundo, em uma an\u00e1lise global, servir\u00e1 para aprofundar as desigualdades s\u00f3cio-espaciais, consolidar uma guetifica\u00e7\u00e3o das \u00e1reas pobres, aprofundar o fim da possibilidade da gest\u00e3o democr\u00e1tica do espa\u00e7o urbano, criminalizar a pobreza e os movimentos sociais.<\/font><\/p>\n<p>\t<font face=\"Arial, sans-serif\">Diante desce cen\u00e1rio, precisamos caracterizar esse processo como uma \u201cfaxina \u00e9tnica\u201d e uma \u201climpeza racial\u201d. Historicamente o capital expandiu em nosso pa\u00eds a partir da escravid\u00e3o e do projeto p\u00f3s aboli\u00e7\u00e3o que excluiu sistematicamente a popula\u00e7\u00e3o negra do ponto vista econ\u00f4mico, social e cultural produzindo reflexos at\u00e9 hoje. Deste ponto de vista as interven\u00e7\u00f5es urbanas atingem brutalmente os territ\u00f3rios negros urbanos, seja na pol\u00edtica de despejo e especula\u00e7\u00e3o imobili\u00e1ria que joga as(os) trabalhadores para regi\u00e3o mais afastadas e com menor infraestrutura, ou pelas pol\u00edticas de militariza\u00e7\u00e3o desses territ\u00f3rios aumentando o encarceramento e o exterm\u00ednio da juventude preta, pobre e perif\u00e9rica.<\/font><\/p>\n<p>\t<font face=\"Arial, sans-serif\">Sabemos que o gasto com a Copa, mesmo sendo muito alto, \u00e9 pequeno diante dos bilh\u00f5es gastos com os juros e amortiza\u00e7\u00f5es da d\u00edvida p\u00fablica, na casa dos 700 bilh\u00f5es em 2013, que enriquecem os banqueiros em nosso pa\u00eds. Mas do ponto de vista simb\u00f3lico as lutas em torno da Copa e a discuss\u00e3o sobre o seu legado produzem um car\u00e1ter pedag\u00f3gico e fomentam um debate sobre que modelo de cidades n\u00f3s queremos e os limites desse territ\u00f3rio apenas a servi\u00e7o do capital sem dar respostas para mobilidade urbana, moradia popular, saneamento, educa\u00e7\u00e3o e sa\u00fade.<\/font><\/p>\n<p>\t<font face=\"Arial, sans-serif\">Neste sentido, para n\u00f3s, n\u00e3o cabe apenas o debate a favor ou contra a Copa do Mundo. E, sim, trazer a tona as profundas desigualdades produzidas por esse modelo de sociedade, que a Copa ajudou aprofundar, e a necessidade de mudan\u00e7as estruturais em nosso pa\u00eds.<\/font><\/span><\/p>\n<p>\t&nbsp;<\/p><\/div>\n<div align=\"JUSTIFY\" style=\"margin-bottom: 0cm; line-height: 100%;\">\n\t<span style=\"font-size:12px;\"><font color=\"#000000\"><font face=\"Arial, sans-serif\"><a name=\"_ftn1\">[1]<\/a> O Comit\u00ea Popular Contra a Copa em seu site cita dezenas de casos de remo\u00e7\u00f5es <a href=\"http:\/\/comitepopulario.wordpress.com\/\">http:\/\/comitepopulario.wordpress.com\/<\/a>. Destes exemplos, retiramos dois excertos.<\/font><\/font><\/span><\/div>\n<div dir=\"LTR\" id=\"ftn2\">\n<div align=\"JUSTIFY\" style=\"margin-bottom: 0cm; line-height: 100%;\">\n\t\t<span style=\"font-size:12px;\"><font face=\"Arial, sans-serif\"><a name=\"_ftn2\">[2]<\/a> Blog da Raquel Ronilk (<a href=\"http:\/\/raquelrolnik.wordpress.com\/2014\/05\/08\/emergencia-habitacional\/\">http:\/\/raquelrolnik.wordpress.com\/2014\/05\/08\/emergencia-habitacional\/<\/a>). Acessado em 08\/06\/2014.<\/font><\/span><\/div>\n<\/div>\n<div dir=\"LTR\" id=\"ftn3\">\n<div align=\"JUSTIFY\" style=\"margin-bottom: 0cm; line-height: 100%;\">\n\t\t<span style=\"font-size:12px;\"><font face=\"Arial, sans-serif\"><a name=\"_ftn3\">[3]<\/a> Acessado em 08\/06\/2014 http:\/\/www.viomundo.com.br\/denuncias\/carlos-vainer-com-pretexto-dos-megaeventos-rio-promove-limpeza-urbana-e-sera-cidade-mais-desigual-em-2016.html.<\/font><\/span><\/div>\n<\/div>\n<div dir=\"LTR\" id=\"ftn4\">\n<div align=\"JUSTIFY\" style=\"margin-bottom: 0cm; line-height: 100%;\">\n\t\t<span style=\"font-size:12px;\"><font face=\"Arial, sans-serif\"><a name=\"_ftn4\">[4]<\/a> Os dados s\u00e3o do Tribunal de Contas da Uni\u00e3o e foram acessados em 07\/02\/2014 (http:\/\/portal2.tcu.gov.br\/TCU). <\/font><\/span><\/div>\n<\/div>\n<div dir=\"LTR\" id=\"ftn5\">\n<div align=\"JUSTIFY\" style=\"margin-bottom: 0cm; line-height: 100%;\">\n\t\t<span style=\"font-size:12px;\"><font face=\"Arial, sans-serif\"><a name=\"_ftn5\">[5]<\/a> Acessado em 06\/02\/2014 http:\/\/www.viomundo.com.br\/denuncias\/carlos-vainer-com-pretexto-dos-megaeventos-rio-promove-limpeza-urbana-e-sera-cidade-mais-desigual-em-2016.html.<\/font><\/span><\/div>\n<\/div>\n<div dir=\"LTR\" id=\"ftn6\">\n<div align=\"JUSTIFY\" style=\"margin-bottom: 0cm; line-height: 100%;\">\n\t\t<span style=\"font-size:12px;\"><font face=\"Arial, sans-serif\"><a name=\"_ftn6\">[6]<\/a>http:\/\/www1.folha.uol.com.br\/poder\/1192965-construtoras-foram-as-maiores-doadoras-de-campanha.shtml<\/font><\/span><\/div>\n<\/div>\n<div dir=\"LTR\" id=\"ftn7\">\n<div align=\"JUSTIFY\" style=\"margin-bottom: 0cm; line-height: 100%;\">\n\t\t<span style=\"font-size:12px;\"><font face=\"Arial, sans-serif\"><a name=\"_ftn7\">[7]<\/a>Dados do Portal Popular da Copa. Acessado em 08\/06\/2014. (http:\/\/www.portalpopulardacopa.org.br\/index.php?option=com_content&amp;view=article&amp;id=367&amp;Itemid=269).<\/font><\/span><\/div>\n<\/div>\n<p align=\"JUSTIFY\" style=\"margin-bottom: 0cm; line-height: 100%\">\n\t&nbsp;<\/p>\n","protected":false},"excerpt":{"rendered":"<p>&#8220;Vieram, deram alguns minutos pra a gente tirar as coisas&#8230; a gente pediu pra eles esperarem pra gente arrumar um lugar pra colocar (as coisas). Eles disseram que n\u00e3o iam esperar, que ia botar num caminh\u00e3o pra levar pra um dep\u00f3sito, a gente n\u00e3o queria que fosse pro dep\u00f3sito&#8230;\u201d. Edmilson, morador do Largo do Campinho, [&hellip;]<\/p>\n","protected":false},"author":2,"featured_media":0,"comment_status":"open","ping_status":"open","sticky":false,"template":"","format":"standard","meta":{"_acf_changed":false,"footnotes":""},"categories":[3],"tags":[2275,1196,4962],"class_list":{"0":"post-9672","1":"post","2":"type-post","3":"status-publish","4":"format-standard","6":"category-artigos-e-entrevistas","7":"tag-joselicio-junior","8":"tag-juninho","9":"tag-maykon-santos"},"acf":[],"yoast_head":"<!-- This site is optimized with the Yoast SEO plugin v26.5 - https:\/\/yoast.com\/wordpress\/plugins\/seo\/ -->\n<title>Uma Copa e milhares de remo\u00e7\u00f5es! - PSOL 50<\/title>\n<meta name=\"robots\" content=\"index, follow, max-snippet:-1, max-image-preview:large, max-video-preview:-1\" \/>\n<link rel=\"canonical\" href=\"https:\/\/psol50.org.br\/uma-copa-e-milhares-de-remocoes\/\" \/>\n<meta property=\"og:locale\" content=\"pt_BR\" \/>\n<meta property=\"og:type\" content=\"article\" \/>\n<meta property=\"og:title\" content=\"Uma Copa e milhares de remo\u00e7\u00f5es! - PSOL 50\" \/>\n<meta property=\"og:description\" content=\"&#8220;Vieram, deram alguns minutos pra a gente tirar as coisas&#8230; a gente pediu pra eles esperarem pra gente arrumar um lugar pra colocar (as coisas). Eles disseram que n\u00e3o iam esperar, que ia botar num caminh\u00e3o pra levar pra um dep\u00f3sito, a gente n\u00e3o queria que fosse pro dep\u00f3sito&#8230;\u201d. Edmilson, morador do Largo do Campinho, [&hellip;]\" \/>\n<meta property=\"og:url\" content=\"https:\/\/psol50.org.br\/uma-copa-e-milhares-de-remocoes\/\" \/>\n<meta property=\"og:site_name\" content=\"PSOL 50\" \/>\n<meta property=\"article:publisher\" content=\"https:\/\/www.facebook.com\/psol50\" \/>\n<meta property=\"article:published_time\" content=\"2014-06-11T00:00:00+00:00\" \/>\n<meta property=\"og:image\" content=\"https:\/\/psol50.org.br\/inc\/uploads\/2018\/07\/capa.png\" \/>\n\t<meta property=\"og:image:width\" content=\"1350\" \/>\n\t<meta property=\"og:image:height\" content=\"900\" \/>\n\t<meta property=\"og:image:type\" content=\"image\/png\" \/>\n<meta name=\"author\" content=\"Comunica\u00e7\u00e3o PSOL\" \/>\n<meta name=\"twitter:card\" content=\"summary_large_image\" \/>\n<meta name=\"twitter:creator\" content=\"@psol50\" \/>\n<meta name=\"twitter:site\" content=\"@psol50\" \/>\n<meta name=\"twitter:label1\" content=\"Escrito por\" \/>\n\t<meta name=\"twitter:data1\" content=\"Comunica\u00e7\u00e3o PSOL\" \/>\n\t<meta name=\"twitter:label2\" content=\"Est. tempo de leitura\" \/>\n\t<meta name=\"twitter:data2\" content=\"7 minutos\" \/>\n<script type=\"application\/ld+json\" class=\"yoast-schema-graph\">{\"@context\":\"https:\/\/schema.org\",\"@graph\":[{\"@type\":\"Article\",\"@id\":\"https:\/\/psol50.org.br\/uma-copa-e-milhares-de-remocoes\/#article\",\"isPartOf\":{\"@id\":\"https:\/\/psol50.org.br\/uma-copa-e-milhares-de-remocoes\/\"},\"author\":{\"name\":\"Comunica\u00e7\u00e3o PSOL\",\"@id\":\"https:\/\/psol50.org.br\/#\/schema\/person\/475dfa57d0b815993c714c2e96491fcd\"},\"headline\":\"Uma Copa e milhares de remo\u00e7\u00f5es!\",\"datePublished\":\"2014-06-11T00:00:00+00:00\",\"mainEntityOfPage\":{\"@id\":\"https:\/\/psol50.org.br\/uma-copa-e-milhares-de-remocoes\/\"},\"wordCount\":1356,\"commentCount\":0,\"publisher\":{\"@id\":\"https:\/\/psol50.org.br\/#organization\"},\"keywords\":[\"Joselicio Junior\",\"Juninho\",\"Maykon Santos\"],\"articleSection\":[\"Artigos\"],\"inLanguage\":\"pt-BR\",\"potentialAction\":[{\"@type\":\"CommentAction\",\"name\":\"Comment\",\"target\":[\"https:\/\/psol50.org.br\/uma-copa-e-milhares-de-remocoes\/#respond\"]}]},{\"@type\":\"WebPage\",\"@id\":\"https:\/\/psol50.org.br\/uma-copa-e-milhares-de-remocoes\/\",\"url\":\"https:\/\/psol50.org.br\/uma-copa-e-milhares-de-remocoes\/\",\"name\":\"Uma Copa e milhares de remo\u00e7\u00f5es! - PSOL 50\",\"isPartOf\":{\"@id\":\"https:\/\/psol50.org.br\/#website\"},\"datePublished\":\"2014-06-11T00:00:00+00:00\",\"breadcrumb\":{\"@id\":\"https:\/\/psol50.org.br\/uma-copa-e-milhares-de-remocoes\/#breadcrumb\"},\"inLanguage\":\"pt-BR\",\"potentialAction\":[{\"@type\":\"ReadAction\",\"target\":[\"https:\/\/psol50.org.br\/uma-copa-e-milhares-de-remocoes\/\"]}]},{\"@type\":\"BreadcrumbList\",\"@id\":\"https:\/\/psol50.org.br\/uma-copa-e-milhares-de-remocoes\/#breadcrumb\",\"itemListElement\":[{\"@type\":\"ListItem\",\"position\":1,\"name\":\"In\u00edcio\",\"item\":\"https:\/\/psol50.org.br\/\"},{\"@type\":\"ListItem\",\"position\":2,\"name\":\"Uma Copa e milhares de remo\u00e7\u00f5es!\"}]},{\"@type\":\"WebSite\",\"@id\":\"https:\/\/psol50.org.br\/#website\",\"url\":\"https:\/\/psol50.org.br\/\",\"name\":\"PSOL 50\",\"description\":\"Site oficial do Partido Socialismo e Liberdade\",\"publisher\":{\"@id\":\"https:\/\/psol50.org.br\/#organization\"},\"alternateName\":\"PSOL50\",\"potentialAction\":[{\"@type\":\"SearchAction\",\"target\":{\"@type\":\"EntryPoint\",\"urlTemplate\":\"https:\/\/psol50.org.br\/?s={search_term_string}\"},\"query-input\":{\"@type\":\"PropertyValueSpecification\",\"valueRequired\":true,\"valueName\":\"search_term_string\"}}],\"inLanguage\":\"pt-BR\"},{\"@type\":\"Organization\",\"@id\":\"https:\/\/psol50.org.br\/#organization\",\"name\":\"PSOL 50\",\"alternateName\":\"PSOL 50\",\"url\":\"https:\/\/psol50.org.br\/\",\"logo\":{\"@type\":\"ImageObject\",\"inLanguage\":\"pt-BR\",\"@id\":\"https:\/\/psol50.org.br\/#\/schema\/logo\/image\/\",\"url\":\"https:\/\/psol50.org.br\/inc\/uploads\/2018\/07\/capa.png\",\"contentUrl\":\"https:\/\/psol50.org.br\/inc\/uploads\/2018\/07\/capa.png\",\"width\":1350,\"height\":900,\"caption\":\"PSOL 50\"},\"image\":{\"@id\":\"https:\/\/psol50.org.br\/#\/schema\/logo\/image\/\"},\"sameAs\":[\"https:\/\/www.facebook.com\/psol50\",\"https:\/\/x.com\/psol50\",\"https:\/\/www.instagram.com\/psol50\/\",\"https:\/\/www.youtube.com\/channel\/UC7SnJS5o1os7a6CaiNabzcg\"]},{\"@type\":\"Person\",\"@id\":\"https:\/\/psol50.org.br\/#\/schema\/person\/475dfa57d0b815993c714c2e96491fcd\",\"name\":\"Comunica\u00e7\u00e3o PSOL\",\"image\":{\"@type\":\"ImageObject\",\"inLanguage\":\"pt-BR\",\"@id\":\"https:\/\/psol50.org.br\/#\/schema\/person\/image\/\",\"url\":\"https:\/\/secure.gravatar.com\/avatar\/b34fc4f4e468a4e51785917065a3db57b841f5c95dba6ad8c73aaf8f66f8f9bf?s=96&d=mm&r=g\",\"contentUrl\":\"https:\/\/secure.gravatar.com\/avatar\/b34fc4f4e468a4e51785917065a3db57b841f5c95dba6ad8c73aaf8f66f8f9bf?s=96&d=mm&r=g\",\"caption\":\"Comunica\u00e7\u00e3o PSOL\"}}]}<\/script>\n<!-- \/ Yoast SEO plugin. -->","yoast_head_json":{"title":"Uma Copa e milhares de remo\u00e7\u00f5es! - PSOL 50","robots":{"index":"index","follow":"follow","max-snippet":"max-snippet:-1","max-image-preview":"max-image-preview:large","max-video-preview":"max-video-preview:-1"},"canonical":"https:\/\/psol50.org.br\/uma-copa-e-milhares-de-remocoes\/","og_locale":"pt_BR","og_type":"article","og_title":"Uma Copa e milhares de remo\u00e7\u00f5es! - PSOL 50","og_description":"&#8220;Vieram, deram alguns minutos pra a gente tirar as coisas&#8230; a gente pediu pra eles esperarem pra gente arrumar um lugar pra colocar (as coisas). Eles disseram que n\u00e3o iam esperar, que ia botar num caminh\u00e3o pra levar pra um dep\u00f3sito, a gente n\u00e3o queria que fosse pro dep\u00f3sito&#8230;\u201d. Edmilson, morador do Largo do Campinho, [&hellip;]","og_url":"https:\/\/psol50.org.br\/uma-copa-e-milhares-de-remocoes\/","og_site_name":"PSOL 50","article_publisher":"https:\/\/www.facebook.com\/psol50","article_published_time":"2014-06-11T00:00:00+00:00","og_image":[{"width":1350,"height":900,"url":"https:\/\/psol50.org.br\/inc\/uploads\/2018\/07\/capa.png","type":"image\/png"}],"author":"Comunica\u00e7\u00e3o PSOL","twitter_card":"summary_large_image","twitter_creator":"@psol50","twitter_site":"@psol50","twitter_misc":{"Escrito por":"Comunica\u00e7\u00e3o PSOL","Est. tempo de leitura":"7 minutos"},"schema":{"@context":"https:\/\/schema.org","@graph":[{"@type":"Article","@id":"https:\/\/psol50.org.br\/uma-copa-e-milhares-de-remocoes\/#article","isPartOf":{"@id":"https:\/\/psol50.org.br\/uma-copa-e-milhares-de-remocoes\/"},"author":{"name":"Comunica\u00e7\u00e3o PSOL","@id":"https:\/\/psol50.org.br\/#\/schema\/person\/475dfa57d0b815993c714c2e96491fcd"},"headline":"Uma Copa e milhares de remo\u00e7\u00f5es!","datePublished":"2014-06-11T00:00:00+00:00","mainEntityOfPage":{"@id":"https:\/\/psol50.org.br\/uma-copa-e-milhares-de-remocoes\/"},"wordCount":1356,"commentCount":0,"publisher":{"@id":"https:\/\/psol50.org.br\/#organization"},"keywords":["Joselicio Junior","Juninho","Maykon Santos"],"articleSection":["Artigos"],"inLanguage":"pt-BR","potentialAction":[{"@type":"CommentAction","name":"Comment","target":["https:\/\/psol50.org.br\/uma-copa-e-milhares-de-remocoes\/#respond"]}]},{"@type":"WebPage","@id":"https:\/\/psol50.org.br\/uma-copa-e-milhares-de-remocoes\/","url":"https:\/\/psol50.org.br\/uma-copa-e-milhares-de-remocoes\/","name":"Uma Copa e milhares de remo\u00e7\u00f5es! - PSOL 50","isPartOf":{"@id":"https:\/\/psol50.org.br\/#website"},"datePublished":"2014-06-11T00:00:00+00:00","breadcrumb":{"@id":"https:\/\/psol50.org.br\/uma-copa-e-milhares-de-remocoes\/#breadcrumb"},"inLanguage":"pt-BR","potentialAction":[{"@type":"ReadAction","target":["https:\/\/psol50.org.br\/uma-copa-e-milhares-de-remocoes\/"]}]},{"@type":"BreadcrumbList","@id":"https:\/\/psol50.org.br\/uma-copa-e-milhares-de-remocoes\/#breadcrumb","itemListElement":[{"@type":"ListItem","position":1,"name":"In\u00edcio","item":"https:\/\/psol50.org.br\/"},{"@type":"ListItem","position":2,"name":"Uma Copa e milhares de remo\u00e7\u00f5es!"}]},{"@type":"WebSite","@id":"https:\/\/psol50.org.br\/#website","url":"https:\/\/psol50.org.br\/","name":"PSOL 50","description":"Site oficial do Partido Socialismo e Liberdade","publisher":{"@id":"https:\/\/psol50.org.br\/#organization"},"alternateName":"PSOL50","potentialAction":[{"@type":"SearchAction","target":{"@type":"EntryPoint","urlTemplate":"https:\/\/psol50.org.br\/?s={search_term_string}"},"query-input":{"@type":"PropertyValueSpecification","valueRequired":true,"valueName":"search_term_string"}}],"inLanguage":"pt-BR"},{"@type":"Organization","@id":"https:\/\/psol50.org.br\/#organization","name":"PSOL 50","alternateName":"PSOL 50","url":"https:\/\/psol50.org.br\/","logo":{"@type":"ImageObject","inLanguage":"pt-BR","@id":"https:\/\/psol50.org.br\/#\/schema\/logo\/image\/","url":"https:\/\/psol50.org.br\/inc\/uploads\/2018\/07\/capa.png","contentUrl":"https:\/\/psol50.org.br\/inc\/uploads\/2018\/07\/capa.png","width":1350,"height":900,"caption":"PSOL 50"},"image":{"@id":"https:\/\/psol50.org.br\/#\/schema\/logo\/image\/"},"sameAs":["https:\/\/www.facebook.com\/psol50","https:\/\/x.com\/psol50","https:\/\/www.instagram.com\/psol50\/","https:\/\/www.youtube.com\/channel\/UC7SnJS5o1os7a6CaiNabzcg"]},{"@type":"Person","@id":"https:\/\/psol50.org.br\/#\/schema\/person\/475dfa57d0b815993c714c2e96491fcd","name":"Comunica\u00e7\u00e3o PSOL","image":{"@type":"ImageObject","inLanguage":"pt-BR","@id":"https:\/\/psol50.org.br\/#\/schema\/person\/image\/","url":"https:\/\/secure.gravatar.com\/avatar\/b34fc4f4e468a4e51785917065a3db57b841f5c95dba6ad8c73aaf8f66f8f9bf?s=96&d=mm&r=g","contentUrl":"https:\/\/secure.gravatar.com\/avatar\/b34fc4f4e468a4e51785917065a3db57b841f5c95dba6ad8c73aaf8f66f8f9bf?s=96&d=mm&r=g","caption":"Comunica\u00e7\u00e3o PSOL"}}]}},"_links":{"self":[{"href":"https:\/\/psol50.org.br\/rest\/wp\/v2\/posts\/9672","targetHints":{"allow":["GET"]}}],"collection":[{"href":"https:\/\/psol50.org.br\/rest\/wp\/v2\/posts"}],"about":[{"href":"https:\/\/psol50.org.br\/rest\/wp\/v2\/types\/post"}],"author":[{"embeddable":true,"href":"https:\/\/psol50.org.br\/rest\/wp\/v2\/users\/2"}],"replies":[{"embeddable":true,"href":"https:\/\/psol50.org.br\/rest\/wp\/v2\/comments?post=9672"}],"version-history":[{"count":0,"href":"https:\/\/psol50.org.br\/rest\/wp\/v2\/posts\/9672\/revisions"}],"wp:attachment":[{"href":"https:\/\/psol50.org.br\/rest\/wp\/v2\/media?parent=9672"}],"wp:term":[{"taxonomy":"category","embeddable":true,"href":"https:\/\/psol50.org.br\/rest\/wp\/v2\/categories?post=9672"},{"taxonomy":"post_tag","embeddable":true,"href":"https:\/\/psol50.org.br\/rest\/wp\/v2\/tags?post=9672"}],"curies":[{"name":"wp","href":"https:\/\/api.w.org\/{rel}","templated":true}]}}