{"id":9696,"date":"2014-08-12T00:00:00","date_gmt":"2014-08-11T00:00:00","guid":{"rendered":"http:\/\/psol50.org.br\/arquivo\/2014\/08\/12\/por-mais-direitos-a-educacao-deve-ser-para-todo-mundo\/"},"modified":"2014-08-12T00:00:00","modified_gmt":"2014-08-11T00:00:00","slug":"por-mais-direitos-a-educacao-deve-ser-para-todo-mundo","status":"publish","type":"post","link":"https:\/\/psol50.org.br\/por-mais-direitos-a-educacao-deve-ser-para-todo-mundo\/","title":{"rendered":"Por mais direitos: a educa\u00e7\u00e3o deve ser para todo mundo!"},"content":{"rendered":"<p style=\"text-align: justify;\">\n\t<span style=\"font-family:arial,helvetica,sans-serif;\"><span style=\"font-size: 12px;\">Nesse dia do estudante, \u00e9 fundamental lembrarmos a for\u00e7a que o movimento estudantil brasileiro teve em diversos momentos de nossa hist\u00f3ria. Desde sair \u00e0s ruas para enfrentar e derrubar um presidente da Rep\u00fablica, at\u00e9 ocupar reitorias e construir greves em defesa da educa\u00e7\u00e3o p\u00fablica, milh\u00f5es de vozes de estudantes brasileiros ecoaram e fizeram valer a tradi\u00e7\u00e3o combativa do movimento. E a luta continua. Garantir que todos tenham o direito de estudar em escolas e universidades p\u00fablicas, gratuitas e de qualidade \u00e9 uma tarefa que necessita cada vez mais do nosso engajamento.<\/p>\n<p>\tQueremos a universaliza\u00e7\u00e3o das vagas no ensino superior para todos os brasileiros. Se todos podem estudar em escolas e col\u00e9gios p\u00fablicos sem a necessidade de qualquer comprova\u00e7\u00e3o ou avalia\u00e7\u00e3o, por que nas universidades sustentadas pelo dinheiro do povo o povo n\u00e3o pode pisar? \u00c9 preciso garantir acesso irrestrito a todos, entendendo que o conhecimento \u00e9 uma ferramenta de emancipa\u00e7\u00e3o pol\u00edtica e social. Durante s\u00e9culos, nosso pa\u00eds vem sendo controlado por uma mesma elite que insiste em deixar o povo brasileiro sem acesso aos mais elementares direitos como educa\u00e7\u00e3o e sa\u00fade universais e de qualidade. Nossa luta \u00e9 por mais direitos!<br \/>\n\t&nbsp;<br \/>\n\tO exemplo das universidades federais que adotam sistema de cotas raciais deve ser expandido para todas as institui\u00e7\u00f5es de ensino p\u00fablico. \u00c9 inaceit\u00e1vel que a juventude tenha que se endividar para conseguir um diploma universit\u00e1rio. A l\u00f3gica das pol\u00edticas p\u00fablicas que priorizam a l\u00f3gica do lucro em detrimento do interesse p\u00fablico deve ser invertida. \u00c9 fundamental que os estudantes tenham como manter seus estudos atrav\u00e9s de assist\u00eancia e perman\u00eancia. Alimenta\u00e7\u00e3o, moradia e transporte s\u00e3o pontos dos quais n\u00e3o abrimos m\u00e3o. Da mesma forma, queremos que as m\u00e3es estudantes tenham creches para seus filhos, bem como que a popula\u00e7\u00e3o LGBT tenha seguran\u00e7a para exercer livremente sua sexualidade e identidade.<br \/>\n\t&nbsp;<br \/>\n\tNesse sentido, tamb\u00e9m n\u00e3o abrimos m\u00e3o da qualidade e do direito de organiza\u00e7\u00e3o do movimento estudantil. Nossas escolas e universidades devem receber investimentos de modo a oferecer aos estudantes estrutura adequada de laborat\u00f3rios, equipamentos esportivos, bibliotecas etc. Os DCEs, DAs e gr\u00eamios devem ser protegidos em seu direito de organiza\u00e7\u00e3o e reivindica\u00e7\u00e3o. A luta do movimento estudantil n\u00e3o pode ser tratada como caso de pol\u00edcia.<br \/>\n\t&nbsp;<br \/>\n\tA universidade p\u00fablica \u00e9 local de constru\u00e7\u00e3o livre de socializa\u00e7\u00e3o, cultura e conhecimento em que todos os brasileiros devem poder usufruir e se expressar. Nesse dia do estudante, reafirmamos nosso compromisso pela universaliza\u00e7\u00e3o da educa\u00e7\u00e3o em todos os n\u00edveis, da creche \u00e0 p\u00f3s-gradua\u00e7\u00e3o.<br \/>\n\t&nbsp;<br \/>\n\tO povo brasileiro acordou por mais direitos!<br \/>\n\t&nbsp;<\/span><\/span><\/p>\n","protected":false},"excerpt":{"rendered":"<p>Nesse dia do estudante, \u00e9 fundamental lembrarmos a for\u00e7a que o movimento estudantil brasileiro teve em diversos momentos de nossa hist\u00f3ria. Desde sair \u00e0s ruas para enfrentar e derrubar um presidente da Rep\u00fablica, at\u00e9 ocupar reitorias e construir greves em defesa da educa\u00e7\u00e3o p\u00fablica, milh\u00f5es de vozes de estudantes brasileiros ecoaram e fizeram valer a [&hellip;]<\/p>\n","protected":false},"author":2,"featured_media":0,"comment_status":"open","ping_status":"open","sticky":false,"template":"","format":"standard","meta":{"_acf_changed":false,"footnotes":""},"categories":[3],"tags":[2174],"class_list":{"0":"post-9696","1":"post","2":"type-post","3":"status-publish","4":"format-standard","6":"category-artigos-e-entrevistas","7":"tag-luciana-genro"},"acf":[],"yoast_head":"<!-- This site is optimized with the Yoast SEO plugin v26.5 - https:\/\/yoast.com\/wordpress\/plugins\/seo\/ -->\n<title>Por mais direitos: a educa\u00e7\u00e3o deve ser para todo mundo! - PSOL 50<\/title>\n<meta name=\"robots\" content=\"index, follow, max-snippet:-1, max-image-preview:large, max-video-preview:-1\" \/>\n<link rel=\"canonical\" href=\"https:\/\/psol50.org.br\/por-mais-direitos-a-educacao-deve-ser-para-todo-mundo\/\" \/>\n<meta property=\"og:locale\" content=\"pt_BR\" \/>\n<meta property=\"og:type\" content=\"article\" \/>\n<meta property=\"og:title\" content=\"Por mais direitos: a educa\u00e7\u00e3o deve ser para todo mundo! - PSOL 50\" \/>\n<meta property=\"og:description\" content=\"Nesse dia do estudante, \u00e9 fundamental lembrarmos a for\u00e7a que o movimento estudantil brasileiro teve em diversos momentos de nossa hist\u00f3ria. Desde sair \u00e0s ruas para enfrentar e derrubar um presidente da Rep\u00fablica, at\u00e9 ocupar reitorias e construir greves em defesa da educa\u00e7\u00e3o p\u00fablica, milh\u00f5es de vozes de estudantes brasileiros ecoaram e fizeram valer a [&hellip;]\" \/>\n<meta property=\"og:url\" content=\"https:\/\/psol50.org.br\/por-mais-direitos-a-educacao-deve-ser-para-todo-mundo\/\" \/>\n<meta property=\"og:site_name\" content=\"PSOL 50\" \/>\n<meta property=\"article:publisher\" content=\"https:\/\/www.facebook.com\/psol50\" \/>\n<meta property=\"article:published_time\" content=\"2014-08-11T00:00:00+00:00\" \/>\n<meta property=\"og:image\" content=\"https:\/\/psol50.org.br\/inc\/uploads\/2018\/07\/capa.png\" \/>\n\t<meta property=\"og:image:width\" content=\"1350\" \/>\n\t<meta property=\"og:image:height\" content=\"900\" \/>\n\t<meta property=\"og:image:type\" content=\"image\/png\" \/>\n<meta name=\"author\" content=\"Comunica\u00e7\u00e3o PSOL\" \/>\n<meta name=\"twitter:card\" content=\"summary_large_image\" \/>\n<meta name=\"twitter:creator\" content=\"@psol50\" \/>\n<meta name=\"twitter:site\" content=\"@psol50\" \/>\n<meta name=\"twitter:label1\" content=\"Escrito por\" \/>\n\t<meta name=\"twitter:data1\" content=\"Comunica\u00e7\u00e3o PSOL\" \/>\n\t<meta name=\"twitter:label2\" content=\"Est. tempo de leitura\" \/>\n\t<meta name=\"twitter:data2\" content=\"2 minutos\" \/>\n<script type=\"application\/ld+json\" class=\"yoast-schema-graph\">{\"@context\":\"https:\/\/schema.org\",\"@graph\":[{\"@type\":\"Article\",\"@id\":\"https:\/\/psol50.org.br\/por-mais-direitos-a-educacao-deve-ser-para-todo-mundo\/#article\",\"isPartOf\":{\"@id\":\"https:\/\/psol50.org.br\/por-mais-direitos-a-educacao-deve-ser-para-todo-mundo\/\"},\"author\":{\"name\":\"Comunica\u00e7\u00e3o PSOL\",\"@id\":\"https:\/\/psol50.org.br\/#\/schema\/person\/475dfa57d0b815993c714c2e96491fcd\"},\"headline\":\"Por mais direitos: a educa\u00e7\u00e3o deve ser para todo mundo!\",\"datePublished\":\"2014-08-11T00:00:00+00:00\",\"mainEntityOfPage\":{\"@id\":\"https:\/\/psol50.org.br\/por-mais-direitos-a-educacao-deve-ser-para-todo-mundo\/\"},\"wordCount\":478,\"commentCount\":0,\"publisher\":{\"@id\":\"https:\/\/psol50.org.br\/#organization\"},\"keywords\":[\"Luciana Genro\"],\"articleSection\":[\"Artigos\"],\"inLanguage\":\"pt-BR\",\"potentialAction\":[{\"@type\":\"CommentAction\",\"name\":\"Comment\",\"target\":[\"https:\/\/psol50.org.br\/por-mais-direitos-a-educacao-deve-ser-para-todo-mundo\/#respond\"]}]},{\"@type\":\"WebPage\",\"@id\":\"https:\/\/psol50.org.br\/por-mais-direitos-a-educacao-deve-ser-para-todo-mundo\/\",\"url\":\"https:\/\/psol50.org.br\/por-mais-direitos-a-educacao-deve-ser-para-todo-mundo\/\",\"name\":\"Por mais direitos: a educa\u00e7\u00e3o deve ser para todo mundo! - PSOL 50\",\"isPartOf\":{\"@id\":\"https:\/\/psol50.org.br\/#website\"},\"datePublished\":\"2014-08-11T00:00:00+00:00\",\"breadcrumb\":{\"@id\":\"https:\/\/psol50.org.br\/por-mais-direitos-a-educacao-deve-ser-para-todo-mundo\/#breadcrumb\"},\"inLanguage\":\"pt-BR\",\"potentialAction\":[{\"@type\":\"ReadAction\",\"target\":[\"https:\/\/psol50.org.br\/por-mais-direitos-a-educacao-deve-ser-para-todo-mundo\/\"]}]},{\"@type\":\"BreadcrumbList\",\"@id\":\"https:\/\/psol50.org.br\/por-mais-direitos-a-educacao-deve-ser-para-todo-mundo\/#breadcrumb\",\"itemListElement\":[{\"@type\":\"ListItem\",\"position\":1,\"name\":\"In\u00edcio\",\"item\":\"https:\/\/psol50.org.br\/\"},{\"@type\":\"ListItem\",\"position\":2,\"name\":\"Por mais direitos: a educa\u00e7\u00e3o deve ser para todo mundo!\"}]},{\"@type\":\"WebSite\",\"@id\":\"https:\/\/psol50.org.br\/#website\",\"url\":\"https:\/\/psol50.org.br\/\",\"name\":\"PSOL 50\",\"description\":\"Site oficial do Partido Socialismo e Liberdade\",\"publisher\":{\"@id\":\"https:\/\/psol50.org.br\/#organization\"},\"alternateName\":\"PSOL50\",\"potentialAction\":[{\"@type\":\"SearchAction\",\"target\":{\"@type\":\"EntryPoint\",\"urlTemplate\":\"https:\/\/psol50.org.br\/?s={search_term_string}\"},\"query-input\":{\"@type\":\"PropertyValueSpecification\",\"valueRequired\":true,\"valueName\":\"search_term_string\"}}],\"inLanguage\":\"pt-BR\"},{\"@type\":\"Organization\",\"@id\":\"https:\/\/psol50.org.br\/#organization\",\"name\":\"PSOL 50\",\"alternateName\":\"PSOL 50\",\"url\":\"https:\/\/psol50.org.br\/\",\"logo\":{\"@type\":\"ImageObject\",\"inLanguage\":\"pt-BR\",\"@id\":\"https:\/\/psol50.org.br\/#\/schema\/logo\/image\/\",\"url\":\"https:\/\/psol50.org.br\/inc\/uploads\/2018\/07\/capa.png\",\"contentUrl\":\"https:\/\/psol50.org.br\/inc\/uploads\/2018\/07\/capa.png\",\"width\":1350,\"height\":900,\"caption\":\"PSOL 50\"},\"image\":{\"@id\":\"https:\/\/psol50.org.br\/#\/schema\/logo\/image\/\"},\"sameAs\":[\"https:\/\/www.facebook.com\/psol50\",\"https:\/\/x.com\/psol50\",\"https:\/\/www.instagram.com\/psol50\/\",\"https:\/\/www.youtube.com\/channel\/UC7SnJS5o1os7a6CaiNabzcg\"]},{\"@type\":\"Person\",\"@id\":\"https:\/\/psol50.org.br\/#\/schema\/person\/475dfa57d0b815993c714c2e96491fcd\",\"name\":\"Comunica\u00e7\u00e3o PSOL\",\"image\":{\"@type\":\"ImageObject\",\"inLanguage\":\"pt-BR\",\"@id\":\"https:\/\/psol50.org.br\/#\/schema\/person\/image\/\",\"url\":\"https:\/\/secure.gravatar.com\/avatar\/b34fc4f4e468a4e51785917065a3db57b841f5c95dba6ad8c73aaf8f66f8f9bf?s=96&d=mm&r=g\",\"contentUrl\":\"https:\/\/secure.gravatar.com\/avatar\/b34fc4f4e468a4e51785917065a3db57b841f5c95dba6ad8c73aaf8f66f8f9bf?s=96&d=mm&r=g\",\"caption\":\"Comunica\u00e7\u00e3o PSOL\"}}]}<\/script>\n<!-- \/ Yoast SEO plugin. -->","yoast_head_json":{"title":"Por mais direitos: a educa\u00e7\u00e3o deve ser para todo mundo! - PSOL 50","robots":{"index":"index","follow":"follow","max-snippet":"max-snippet:-1","max-image-preview":"max-image-preview:large","max-video-preview":"max-video-preview:-1"},"canonical":"https:\/\/psol50.org.br\/por-mais-direitos-a-educacao-deve-ser-para-todo-mundo\/","og_locale":"pt_BR","og_type":"article","og_title":"Por mais direitos: a educa\u00e7\u00e3o deve ser para todo mundo! - PSOL 50","og_description":"Nesse dia do estudante, \u00e9 fundamental lembrarmos a for\u00e7a que o movimento estudantil brasileiro teve em diversos momentos de nossa hist\u00f3ria. Desde sair \u00e0s ruas para enfrentar e derrubar um presidente da Rep\u00fablica, at\u00e9 ocupar reitorias e construir greves em defesa da educa\u00e7\u00e3o p\u00fablica, milh\u00f5es de vozes de estudantes brasileiros ecoaram e fizeram valer a [&hellip;]","og_url":"https:\/\/psol50.org.br\/por-mais-direitos-a-educacao-deve-ser-para-todo-mundo\/","og_site_name":"PSOL 50","article_publisher":"https:\/\/www.facebook.com\/psol50","article_published_time":"2014-08-11T00:00:00+00:00","og_image":[{"width":1350,"height":900,"url":"https:\/\/psol50.org.br\/inc\/uploads\/2018\/07\/capa.png","type":"image\/png"}],"author":"Comunica\u00e7\u00e3o PSOL","twitter_card":"summary_large_image","twitter_creator":"@psol50","twitter_site":"@psol50","twitter_misc":{"Escrito por":"Comunica\u00e7\u00e3o PSOL","Est. tempo de leitura":"2 minutos"},"schema":{"@context":"https:\/\/schema.org","@graph":[{"@type":"Article","@id":"https:\/\/psol50.org.br\/por-mais-direitos-a-educacao-deve-ser-para-todo-mundo\/#article","isPartOf":{"@id":"https:\/\/psol50.org.br\/por-mais-direitos-a-educacao-deve-ser-para-todo-mundo\/"},"author":{"name":"Comunica\u00e7\u00e3o PSOL","@id":"https:\/\/psol50.org.br\/#\/schema\/person\/475dfa57d0b815993c714c2e96491fcd"},"headline":"Por mais direitos: a educa\u00e7\u00e3o deve ser para todo mundo!","datePublished":"2014-08-11T00:00:00+00:00","mainEntityOfPage":{"@id":"https:\/\/psol50.org.br\/por-mais-direitos-a-educacao-deve-ser-para-todo-mundo\/"},"wordCount":478,"commentCount":0,"publisher":{"@id":"https:\/\/psol50.org.br\/#organization"},"keywords":["Luciana Genro"],"articleSection":["Artigos"],"inLanguage":"pt-BR","potentialAction":[{"@type":"CommentAction","name":"Comment","target":["https:\/\/psol50.org.br\/por-mais-direitos-a-educacao-deve-ser-para-todo-mundo\/#respond"]}]},{"@type":"WebPage","@id":"https:\/\/psol50.org.br\/por-mais-direitos-a-educacao-deve-ser-para-todo-mundo\/","url":"https:\/\/psol50.org.br\/por-mais-direitos-a-educacao-deve-ser-para-todo-mundo\/","name":"Por mais direitos: a educa\u00e7\u00e3o deve ser para todo mundo! - PSOL 50","isPartOf":{"@id":"https:\/\/psol50.org.br\/#website"},"datePublished":"2014-08-11T00:00:00+00:00","breadcrumb":{"@id":"https:\/\/psol50.org.br\/por-mais-direitos-a-educacao-deve-ser-para-todo-mundo\/#breadcrumb"},"inLanguage":"pt-BR","potentialAction":[{"@type":"ReadAction","target":["https:\/\/psol50.org.br\/por-mais-direitos-a-educacao-deve-ser-para-todo-mundo\/"]}]},{"@type":"BreadcrumbList","@id":"https:\/\/psol50.org.br\/por-mais-direitos-a-educacao-deve-ser-para-todo-mundo\/#breadcrumb","itemListElement":[{"@type":"ListItem","position":1,"name":"In\u00edcio","item":"https:\/\/psol50.org.br\/"},{"@type":"ListItem","position":2,"name":"Por mais direitos: a educa\u00e7\u00e3o deve ser para todo mundo!"}]},{"@type":"WebSite","@id":"https:\/\/psol50.org.br\/#website","url":"https:\/\/psol50.org.br\/","name":"PSOL 50","description":"Site oficial do Partido Socialismo e Liberdade","publisher":{"@id":"https:\/\/psol50.org.br\/#organization"},"alternateName":"PSOL50","potentialAction":[{"@type":"SearchAction","target":{"@type":"EntryPoint","urlTemplate":"https:\/\/psol50.org.br\/?s={search_term_string}"},"query-input":{"@type":"PropertyValueSpecification","valueRequired":true,"valueName":"search_term_string"}}],"inLanguage":"pt-BR"},{"@type":"Organization","@id":"https:\/\/psol50.org.br\/#organization","name":"PSOL 50","alternateName":"PSOL 50","url":"https:\/\/psol50.org.br\/","logo":{"@type":"ImageObject","inLanguage":"pt-BR","@id":"https:\/\/psol50.org.br\/#\/schema\/logo\/image\/","url":"https:\/\/psol50.org.br\/inc\/uploads\/2018\/07\/capa.png","contentUrl":"https:\/\/psol50.org.br\/inc\/uploads\/2018\/07\/capa.png","width":1350,"height":900,"caption":"PSOL 50"},"image":{"@id":"https:\/\/psol50.org.br\/#\/schema\/logo\/image\/"},"sameAs":["https:\/\/www.facebook.com\/psol50","https:\/\/x.com\/psol50","https:\/\/www.instagram.com\/psol50\/","https:\/\/www.youtube.com\/channel\/UC7SnJS5o1os7a6CaiNabzcg"]},{"@type":"Person","@id":"https:\/\/psol50.org.br\/#\/schema\/person\/475dfa57d0b815993c714c2e96491fcd","name":"Comunica\u00e7\u00e3o PSOL","image":{"@type":"ImageObject","inLanguage":"pt-BR","@id":"https:\/\/psol50.org.br\/#\/schema\/person\/image\/","url":"https:\/\/secure.gravatar.com\/avatar\/b34fc4f4e468a4e51785917065a3db57b841f5c95dba6ad8c73aaf8f66f8f9bf?s=96&d=mm&r=g","contentUrl":"https:\/\/secure.gravatar.com\/avatar\/b34fc4f4e468a4e51785917065a3db57b841f5c95dba6ad8c73aaf8f66f8f9bf?s=96&d=mm&r=g","caption":"Comunica\u00e7\u00e3o PSOL"}}]}},"_links":{"self":[{"href":"https:\/\/psol50.org.br\/rest\/wp\/v2\/posts\/9696","targetHints":{"allow":["GET"]}}],"collection":[{"href":"https:\/\/psol50.org.br\/rest\/wp\/v2\/posts"}],"about":[{"href":"https:\/\/psol50.org.br\/rest\/wp\/v2\/types\/post"}],"author":[{"embeddable":true,"href":"https:\/\/psol50.org.br\/rest\/wp\/v2\/users\/2"}],"replies":[{"embeddable":true,"href":"https:\/\/psol50.org.br\/rest\/wp\/v2\/comments?post=9696"}],"version-history":[{"count":0,"href":"https:\/\/psol50.org.br\/rest\/wp\/v2\/posts\/9696\/revisions"}],"wp:attachment":[{"href":"https:\/\/psol50.org.br\/rest\/wp\/v2\/media?parent=9696"}],"wp:term":[{"taxonomy":"category","embeddable":true,"href":"https:\/\/psol50.org.br\/rest\/wp\/v2\/categories?post=9696"},{"taxonomy":"post_tag","embeddable":true,"href":"https:\/\/psol50.org.br\/rest\/wp\/v2\/tags?post=9696"}],"curies":[{"name":"wp","href":"https:\/\/api.w.org\/{rel}","templated":true}]}}