{"id":9699,"date":"2014-08-18T00:00:00","date_gmt":"2014-08-18T00:00:00","guid":{"rendered":"http:\/\/psol50.org.br\/arquivo\/2014\/08\/18\/o-assassinato-de-michael-brown-e-o-racismo-institucional-nos-estados-unidos-e-no-brasil\/"},"modified":"2014-08-18T00:00:00","modified_gmt":"2014-08-18T00:00:00","slug":"o-assassinato-de-michael-brown-e-o-racismo-institucional-nos-estados-unidos-e-no-brasil","status":"publish","type":"post","link":"https:\/\/psol50.org.br\/o-assassinato-de-michael-brown-e-o-racismo-institucional-nos-estados-unidos-e-no-brasil\/","title":{"rendered":"O assassinato de Michael Brown e o racismo institucional nos Estados Unidos e no Brasil"},"content":{"rendered":"<div style=\"text-align: justify;\">\n\tNo dia 9 de agosto, um jovem negro de 18 anos foi assassinado pela pol\u00edcia na pequena cidade de Ferguson, nos Estados Unidos. Michael Brown tinha rec\u00e9m se formado no Ensino M\u00e9dio e iria iniciar as aulas na universidade. Ele estava indo visitar sua av\u00f3 quando foi abordado por um policial por estar caminhando sobre o asfalto, e n\u00e3o sobre a cal\u00e7ada.<br \/>\n\t&nbsp;<br \/>\n\tH\u00e1 muitas vers\u00f5es em disputa sobre o que teria ocorrido durante a abordagem policial, mas alguns consensos, reconhecidos at\u00e9 mesmo pela pol\u00edcia, s\u00e3o fundamentais para se compreender o caso. Michael Brown estava desarmado. Pelo menos duas testemunhas afirmam que ele n\u00e3o reagiu \u00e0 abordagem e teria permanecido com as m\u00e3os ao alto, conforme solicitado pelo agente. A pol\u00edcia, contudo, diz que o jovem teria tentado sacar a arma do policial.<br \/>\n\t&nbsp;<br \/>\n\tO fato \u00e9 que a morte de um jovem negro por um policial branco despertou uma onda de protestos na cidade e no pa\u00eds, motivando at\u00e9 mesmo um pronunciamento nacional do presidente Barack Obama. <a href=\"http:\/\/quickfacts.census.gov\/qfd\/states\/29\/2923986.html\" target=\"_blank\" rel=\"noopener\">Dados do censo federal dos Estados Unidos<\/a> nos ajudam a entender melhor a situa\u00e7\u00e3o. Com pouco mais de 21 mil habitantes, a cidade de Ferguson \u00e9 composta, em 67% de sua popula\u00e7\u00e3o, por pessoas negras. Contudo, isso n\u00e3o se reflete nas estruturas locais de poder. O prefeito, o chefe de pol\u00edcia e cinco dos seis vereadores do munic\u00edpio s\u00e3o brancos. E um relat\u00f3rio do Minist\u00e9rio P\u00fablico do estado do Missouri, onde fica localizada a cidade, informa que, em 2013, 93% dos presos pela pol\u00edcia em Ferguson eram negros.<br \/>\n\t&nbsp;<br \/>\n\tEsses dados s\u00e3o estarrecedores e nos ajudam a compreender a complexa realidade de racismo institucional em vigor tanto nos Estados Unidos quanto no Brasil. A onda de protestos em virtude da morte de Michael Brown tem sido duramente reprimida pela pol\u00edcia. Nos Estados Unidos, apesar de as for\u00e7as policiais n\u00e3o serem militarizadas, possuem armamentos militares oferecidos pelo governo federal.<br \/>\n\t&nbsp;<br \/>\n\tA rea\u00e7\u00e3o popular leg\u00edtima que ocorre atualmente em Ferguson est\u00e1 se espalhando para outras cidades do pa\u00eds, inclusive Nova York. O assassinato deste jovem negro pela pol\u00edcia ocorreu nos Estados Unidos, mas poderia ter sido no Brasil. A v\u00edtima se chamava Michael Brown, mas poderia se chamar Amarildo, Cl\u00e1udia Silva Ferreira ou DG. O exterm\u00ednio da juventude pobre e negra n\u00e3o escolhe nacionalidade.<br \/>\n\t&nbsp;<br \/>\n\tNo Brasil \u00e9 a famigerada guerra \u00e0s drogas que serve de justificativa para as execu\u00e7\u00f5es sum\u00e1rias de jovens pobres e negros, como foi o caso de Amarildo, DG e Cl\u00e1udia. Aqui tamb\u00e9m o racismo permeia as rela\u00e7\u00f5es sociais e principalmente as a\u00e7\u00f5es da pol\u00edcia. Defendemos uma profunda transforma\u00e7\u00e3o na estrutura policial brasileira. O caso dos Estados Unidos \u2013 onde as pol\u00edcias s\u00e3o locais e n\u00e3o s\u00e3o militarizadas \u2013 \u00e9 a prova de que n\u00e3o basta apenas desmilitarizarmos as pol\u00edcias estaduais.&nbsp; A pol\u00edcia n\u00e3o pode ser preparada para combater um inimigo, dentro de uma l\u00f3gica militar de guerra. \u00c9 preciso construir uma pol\u00edcia democr\u00e1tica, com s\u00f3lida forma\u00e7\u00e3o em direitos humanos, onde o agente exer\u00e7a a fun\u00e7\u00e3o de mediador dos conflitos sociais atrav\u00e9s do enraizamento nas comunidades.<br \/>\n\t&nbsp;<br \/>\n\tAl\u00e9m disso, \u00e9 preciso acabar com esta legitima\u00e7\u00e3o das execu\u00e7\u00f5es sum\u00e1rias via guerra \u00e0s drogas. E por fim, \u00e9 preciso combater o racismo com pol\u00edticas afirmativas e educacionais. Essas s\u00e3o&nbsp; propostas que defendo para o pa\u00eds, enquanto candidata \u00e0 Presid\u00eancia da Rep\u00fablica. \u00c9 nesta condi\u00e7\u00e3o que apresento, tamb\u00e9m, minhas condol\u00eancias \u00e0 fam\u00edlia de Michael Brown. \u00c0 comunidade de Ferguson, manifesto meu apoio \u00e0s manifesta\u00e7\u00f5es e a convic\u00e7\u00e3o de que somente a luta dos oprimidos \u00e9 capaz de modificar as estruturas que favorecem os opressores e a opress\u00e3o.<br \/>\n\t&nbsp;<br \/>\n\tPor fim, \u00e9 preciso dizer que o exemplo da comunidade de Ferguson, que n\u00e3o aceitou calada mais este assassinato a sangue frio e saiu \u00e0s ruas, contagiando o pa\u00eds, \u00e9 um exemplo de combate ao racismo e \u00e0 viol\u00eancia.<br \/>\n\t&nbsp;<\/div>\n<p>&nbsp;<\/p>\n","protected":false},"excerpt":{"rendered":"<p>No dia 9 de agosto, um jovem negro de 18 anos foi assassinado pela pol\u00edcia na pequena cidade de Ferguson, nos Estados Unidos. Michael Brown tinha rec\u00e9m se formado no Ensino M\u00e9dio e iria iniciar as aulas na universidade. Ele estava indo visitar sua av\u00f3 quando foi abordado por um policial por estar caminhando sobre [&hellip;]<\/p>\n","protected":false},"author":2,"featured_media":0,"comment_status":"open","ping_status":"open","sticky":false,"template":"","format":"standard","meta":{"_acf_changed":false,"footnotes":""},"categories":[3,1104],"tags":[2174],"class_list":{"0":"post-9699","1":"post","2":"type-post","3":"status-publish","4":"format-standard","6":"category-artigos-e-entrevistas","7":"category-movimento","8":"tag-luciana-genro"},"acf":[],"yoast_head":"<!-- This site is optimized with the Yoast SEO plugin v26.5 - https:\/\/yoast.com\/wordpress\/plugins\/seo\/ -->\n<title>O assassinato de Michael Brown e o racismo institucional nos Estados Unidos e no Brasil - PSOL 50<\/title>\n<meta name=\"robots\" content=\"index, follow, max-snippet:-1, max-image-preview:large, max-video-preview:-1\" \/>\n<link rel=\"canonical\" href=\"https:\/\/psol50.org.br\/o-assassinato-de-michael-brown-e-o-racismo-institucional-nos-estados-unidos-e-no-brasil\/\" \/>\n<meta property=\"og:locale\" content=\"pt_BR\" \/>\n<meta property=\"og:type\" content=\"article\" \/>\n<meta property=\"og:title\" content=\"O assassinato de Michael Brown e o racismo institucional nos Estados Unidos e no Brasil - PSOL 50\" \/>\n<meta property=\"og:description\" content=\"No dia 9 de agosto, um jovem negro de 18 anos foi assassinado pela pol\u00edcia na pequena cidade de Ferguson, nos Estados Unidos. Michael Brown tinha rec\u00e9m se formado no Ensino M\u00e9dio e iria iniciar as aulas na universidade. Ele estava indo visitar sua av\u00f3 quando foi abordado por um policial por estar caminhando sobre [&hellip;]\" \/>\n<meta property=\"og:url\" content=\"https:\/\/psol50.org.br\/o-assassinato-de-michael-brown-e-o-racismo-institucional-nos-estados-unidos-e-no-brasil\/\" \/>\n<meta property=\"og:site_name\" content=\"PSOL 50\" \/>\n<meta property=\"article:publisher\" content=\"https:\/\/www.facebook.com\/psol50\" \/>\n<meta property=\"article:published_time\" content=\"2014-08-18T00:00:00+00:00\" \/>\n<meta property=\"og:image\" content=\"https:\/\/psol50.org.br\/inc\/uploads\/2018\/07\/capa.png\" \/>\n\t<meta property=\"og:image:width\" content=\"1350\" \/>\n\t<meta property=\"og:image:height\" content=\"900\" \/>\n\t<meta property=\"og:image:type\" content=\"image\/png\" \/>\n<meta name=\"author\" content=\"Comunica\u00e7\u00e3o PSOL\" \/>\n<meta name=\"twitter:card\" content=\"summary_large_image\" \/>\n<meta name=\"twitter:creator\" content=\"@psol50\" \/>\n<meta name=\"twitter:site\" content=\"@psol50\" \/>\n<meta name=\"twitter:label1\" content=\"Escrito por\" \/>\n\t<meta name=\"twitter:data1\" content=\"Comunica\u00e7\u00e3o PSOL\" \/>\n\t<meta name=\"twitter:label2\" content=\"Est. tempo de leitura\" \/>\n\t<meta name=\"twitter:data2\" content=\"3 minutos\" \/>\n<script type=\"application\/ld+json\" class=\"yoast-schema-graph\">{\"@context\":\"https:\/\/schema.org\",\"@graph\":[{\"@type\":\"Article\",\"@id\":\"https:\/\/psol50.org.br\/o-assassinato-de-michael-brown-e-o-racismo-institucional-nos-estados-unidos-e-no-brasil\/#article\",\"isPartOf\":{\"@id\":\"https:\/\/psol50.org.br\/o-assassinato-de-michael-brown-e-o-racismo-institucional-nos-estados-unidos-e-no-brasil\/\"},\"author\":{\"name\":\"Comunica\u00e7\u00e3o PSOL\",\"@id\":\"https:\/\/psol50.org.br\/#\/schema\/person\/475dfa57d0b815993c714c2e96491fcd\"},\"headline\":\"O assassinato de Michael Brown e o racismo institucional nos Estados Unidos e no Brasil\",\"datePublished\":\"2014-08-18T00:00:00+00:00\",\"mainEntityOfPage\":{\"@id\":\"https:\/\/psol50.org.br\/o-assassinato-de-michael-brown-e-o-racismo-institucional-nos-estados-unidos-e-no-brasil\/\"},\"wordCount\":706,\"commentCount\":0,\"publisher\":{\"@id\":\"https:\/\/psol50.org.br\/#organization\"},\"keywords\":[\"Luciana Genro\"],\"articleSection\":[\"Artigos\",\"Movimento\"],\"inLanguage\":\"pt-BR\",\"potentialAction\":[{\"@type\":\"CommentAction\",\"name\":\"Comment\",\"target\":[\"https:\/\/psol50.org.br\/o-assassinato-de-michael-brown-e-o-racismo-institucional-nos-estados-unidos-e-no-brasil\/#respond\"]}]},{\"@type\":\"WebPage\",\"@id\":\"https:\/\/psol50.org.br\/o-assassinato-de-michael-brown-e-o-racismo-institucional-nos-estados-unidos-e-no-brasil\/\",\"url\":\"https:\/\/psol50.org.br\/o-assassinato-de-michael-brown-e-o-racismo-institucional-nos-estados-unidos-e-no-brasil\/\",\"name\":\"O assassinato de Michael Brown e o racismo institucional nos Estados Unidos e no Brasil - PSOL 50\",\"isPartOf\":{\"@id\":\"https:\/\/psol50.org.br\/#website\"},\"datePublished\":\"2014-08-18T00:00:00+00:00\",\"breadcrumb\":{\"@id\":\"https:\/\/psol50.org.br\/o-assassinato-de-michael-brown-e-o-racismo-institucional-nos-estados-unidos-e-no-brasil\/#breadcrumb\"},\"inLanguage\":\"pt-BR\",\"potentialAction\":[{\"@type\":\"ReadAction\",\"target\":[\"https:\/\/psol50.org.br\/o-assassinato-de-michael-brown-e-o-racismo-institucional-nos-estados-unidos-e-no-brasil\/\"]}]},{\"@type\":\"BreadcrumbList\",\"@id\":\"https:\/\/psol50.org.br\/o-assassinato-de-michael-brown-e-o-racismo-institucional-nos-estados-unidos-e-no-brasil\/#breadcrumb\",\"itemListElement\":[{\"@type\":\"ListItem\",\"position\":1,\"name\":\"In\u00edcio\",\"item\":\"https:\/\/psol50.org.br\/\"},{\"@type\":\"ListItem\",\"position\":2,\"name\":\"O assassinato de Michael Brown e o racismo institucional nos Estados Unidos e no Brasil\"}]},{\"@type\":\"WebSite\",\"@id\":\"https:\/\/psol50.org.br\/#website\",\"url\":\"https:\/\/psol50.org.br\/\",\"name\":\"PSOL 50\",\"description\":\"Site oficial do Partido Socialismo e Liberdade\",\"publisher\":{\"@id\":\"https:\/\/psol50.org.br\/#organization\"},\"alternateName\":\"PSOL50\",\"potentialAction\":[{\"@type\":\"SearchAction\",\"target\":{\"@type\":\"EntryPoint\",\"urlTemplate\":\"https:\/\/psol50.org.br\/?s={search_term_string}\"},\"query-input\":{\"@type\":\"PropertyValueSpecification\",\"valueRequired\":true,\"valueName\":\"search_term_string\"}}],\"inLanguage\":\"pt-BR\"},{\"@type\":\"Organization\",\"@id\":\"https:\/\/psol50.org.br\/#organization\",\"name\":\"PSOL 50\",\"alternateName\":\"PSOL 50\",\"url\":\"https:\/\/psol50.org.br\/\",\"logo\":{\"@type\":\"ImageObject\",\"inLanguage\":\"pt-BR\",\"@id\":\"https:\/\/psol50.org.br\/#\/schema\/logo\/image\/\",\"url\":\"https:\/\/psol50.org.br\/inc\/uploads\/2018\/07\/capa.png\",\"contentUrl\":\"https:\/\/psol50.org.br\/inc\/uploads\/2018\/07\/capa.png\",\"width\":1350,\"height\":900,\"caption\":\"PSOL 50\"},\"image\":{\"@id\":\"https:\/\/psol50.org.br\/#\/schema\/logo\/image\/\"},\"sameAs\":[\"https:\/\/www.facebook.com\/psol50\",\"https:\/\/x.com\/psol50\",\"https:\/\/www.instagram.com\/psol50\/\",\"https:\/\/www.youtube.com\/channel\/UC7SnJS5o1os7a6CaiNabzcg\"]},{\"@type\":\"Person\",\"@id\":\"https:\/\/psol50.org.br\/#\/schema\/person\/475dfa57d0b815993c714c2e96491fcd\",\"name\":\"Comunica\u00e7\u00e3o PSOL\",\"image\":{\"@type\":\"ImageObject\",\"inLanguage\":\"pt-BR\",\"@id\":\"https:\/\/psol50.org.br\/#\/schema\/person\/image\/\",\"url\":\"https:\/\/secure.gravatar.com\/avatar\/b34fc4f4e468a4e51785917065a3db57b841f5c95dba6ad8c73aaf8f66f8f9bf?s=96&d=mm&r=g\",\"contentUrl\":\"https:\/\/secure.gravatar.com\/avatar\/b34fc4f4e468a4e51785917065a3db57b841f5c95dba6ad8c73aaf8f66f8f9bf?s=96&d=mm&r=g\",\"caption\":\"Comunica\u00e7\u00e3o PSOL\"}}]}<\/script>\n<!-- \/ Yoast SEO plugin. -->","yoast_head_json":{"title":"O assassinato de Michael Brown e o racismo institucional nos Estados Unidos e no Brasil - PSOL 50","robots":{"index":"index","follow":"follow","max-snippet":"max-snippet:-1","max-image-preview":"max-image-preview:large","max-video-preview":"max-video-preview:-1"},"canonical":"https:\/\/psol50.org.br\/o-assassinato-de-michael-brown-e-o-racismo-institucional-nos-estados-unidos-e-no-brasil\/","og_locale":"pt_BR","og_type":"article","og_title":"O assassinato de Michael Brown e o racismo institucional nos Estados Unidos e no Brasil - PSOL 50","og_description":"No dia 9 de agosto, um jovem negro de 18 anos foi assassinado pela pol\u00edcia na pequena cidade de Ferguson, nos Estados Unidos. Michael Brown tinha rec\u00e9m se formado no Ensino M\u00e9dio e iria iniciar as aulas na universidade. Ele estava indo visitar sua av\u00f3 quando foi abordado por um policial por estar caminhando sobre [&hellip;]","og_url":"https:\/\/psol50.org.br\/o-assassinato-de-michael-brown-e-o-racismo-institucional-nos-estados-unidos-e-no-brasil\/","og_site_name":"PSOL 50","article_publisher":"https:\/\/www.facebook.com\/psol50","article_published_time":"2014-08-18T00:00:00+00:00","og_image":[{"width":1350,"height":900,"url":"https:\/\/psol50.org.br\/inc\/uploads\/2018\/07\/capa.png","type":"image\/png"}],"author":"Comunica\u00e7\u00e3o PSOL","twitter_card":"summary_large_image","twitter_creator":"@psol50","twitter_site":"@psol50","twitter_misc":{"Escrito por":"Comunica\u00e7\u00e3o PSOL","Est. tempo de leitura":"3 minutos"},"schema":{"@context":"https:\/\/schema.org","@graph":[{"@type":"Article","@id":"https:\/\/psol50.org.br\/o-assassinato-de-michael-brown-e-o-racismo-institucional-nos-estados-unidos-e-no-brasil\/#article","isPartOf":{"@id":"https:\/\/psol50.org.br\/o-assassinato-de-michael-brown-e-o-racismo-institucional-nos-estados-unidos-e-no-brasil\/"},"author":{"name":"Comunica\u00e7\u00e3o PSOL","@id":"https:\/\/psol50.org.br\/#\/schema\/person\/475dfa57d0b815993c714c2e96491fcd"},"headline":"O assassinato de Michael Brown e o racismo institucional nos Estados Unidos e no Brasil","datePublished":"2014-08-18T00:00:00+00:00","mainEntityOfPage":{"@id":"https:\/\/psol50.org.br\/o-assassinato-de-michael-brown-e-o-racismo-institucional-nos-estados-unidos-e-no-brasil\/"},"wordCount":706,"commentCount":0,"publisher":{"@id":"https:\/\/psol50.org.br\/#organization"},"keywords":["Luciana Genro"],"articleSection":["Artigos","Movimento"],"inLanguage":"pt-BR","potentialAction":[{"@type":"CommentAction","name":"Comment","target":["https:\/\/psol50.org.br\/o-assassinato-de-michael-brown-e-o-racismo-institucional-nos-estados-unidos-e-no-brasil\/#respond"]}]},{"@type":"WebPage","@id":"https:\/\/psol50.org.br\/o-assassinato-de-michael-brown-e-o-racismo-institucional-nos-estados-unidos-e-no-brasil\/","url":"https:\/\/psol50.org.br\/o-assassinato-de-michael-brown-e-o-racismo-institucional-nos-estados-unidos-e-no-brasil\/","name":"O assassinato de Michael Brown e o racismo institucional nos Estados Unidos e no Brasil - PSOL 50","isPartOf":{"@id":"https:\/\/psol50.org.br\/#website"},"datePublished":"2014-08-18T00:00:00+00:00","breadcrumb":{"@id":"https:\/\/psol50.org.br\/o-assassinato-de-michael-brown-e-o-racismo-institucional-nos-estados-unidos-e-no-brasil\/#breadcrumb"},"inLanguage":"pt-BR","potentialAction":[{"@type":"ReadAction","target":["https:\/\/psol50.org.br\/o-assassinato-de-michael-brown-e-o-racismo-institucional-nos-estados-unidos-e-no-brasil\/"]}]},{"@type":"BreadcrumbList","@id":"https:\/\/psol50.org.br\/o-assassinato-de-michael-brown-e-o-racismo-institucional-nos-estados-unidos-e-no-brasil\/#breadcrumb","itemListElement":[{"@type":"ListItem","position":1,"name":"In\u00edcio","item":"https:\/\/psol50.org.br\/"},{"@type":"ListItem","position":2,"name":"O assassinato de Michael Brown e o racismo institucional nos Estados Unidos e no Brasil"}]},{"@type":"WebSite","@id":"https:\/\/psol50.org.br\/#website","url":"https:\/\/psol50.org.br\/","name":"PSOL 50","description":"Site oficial do Partido Socialismo e Liberdade","publisher":{"@id":"https:\/\/psol50.org.br\/#organization"},"alternateName":"PSOL50","potentialAction":[{"@type":"SearchAction","target":{"@type":"EntryPoint","urlTemplate":"https:\/\/psol50.org.br\/?s={search_term_string}"},"query-input":{"@type":"PropertyValueSpecification","valueRequired":true,"valueName":"search_term_string"}}],"inLanguage":"pt-BR"},{"@type":"Organization","@id":"https:\/\/psol50.org.br\/#organization","name":"PSOL 50","alternateName":"PSOL 50","url":"https:\/\/psol50.org.br\/","logo":{"@type":"ImageObject","inLanguage":"pt-BR","@id":"https:\/\/psol50.org.br\/#\/schema\/logo\/image\/","url":"https:\/\/psol50.org.br\/inc\/uploads\/2018\/07\/capa.png","contentUrl":"https:\/\/psol50.org.br\/inc\/uploads\/2018\/07\/capa.png","width":1350,"height":900,"caption":"PSOL 50"},"image":{"@id":"https:\/\/psol50.org.br\/#\/schema\/logo\/image\/"},"sameAs":["https:\/\/www.facebook.com\/psol50","https:\/\/x.com\/psol50","https:\/\/www.instagram.com\/psol50\/","https:\/\/www.youtube.com\/channel\/UC7SnJS5o1os7a6CaiNabzcg"]},{"@type":"Person","@id":"https:\/\/psol50.org.br\/#\/schema\/person\/475dfa57d0b815993c714c2e96491fcd","name":"Comunica\u00e7\u00e3o PSOL","image":{"@type":"ImageObject","inLanguage":"pt-BR","@id":"https:\/\/psol50.org.br\/#\/schema\/person\/image\/","url":"https:\/\/secure.gravatar.com\/avatar\/b34fc4f4e468a4e51785917065a3db57b841f5c95dba6ad8c73aaf8f66f8f9bf?s=96&d=mm&r=g","contentUrl":"https:\/\/secure.gravatar.com\/avatar\/b34fc4f4e468a4e51785917065a3db57b841f5c95dba6ad8c73aaf8f66f8f9bf?s=96&d=mm&r=g","caption":"Comunica\u00e7\u00e3o PSOL"}}]}},"_links":{"self":[{"href":"https:\/\/psol50.org.br\/rest\/wp\/v2\/posts\/9699","targetHints":{"allow":["GET"]}}],"collection":[{"href":"https:\/\/psol50.org.br\/rest\/wp\/v2\/posts"}],"about":[{"href":"https:\/\/psol50.org.br\/rest\/wp\/v2\/types\/post"}],"author":[{"embeddable":true,"href":"https:\/\/psol50.org.br\/rest\/wp\/v2\/users\/2"}],"replies":[{"embeddable":true,"href":"https:\/\/psol50.org.br\/rest\/wp\/v2\/comments?post=9699"}],"version-history":[{"count":0,"href":"https:\/\/psol50.org.br\/rest\/wp\/v2\/posts\/9699\/revisions"}],"wp:attachment":[{"href":"https:\/\/psol50.org.br\/rest\/wp\/v2\/media?parent=9699"}],"wp:term":[{"taxonomy":"category","embeddable":true,"href":"https:\/\/psol50.org.br\/rest\/wp\/v2\/categories?post=9699"},{"taxonomy":"post_tag","embeddable":true,"href":"https:\/\/psol50.org.br\/rest\/wp\/v2\/tags?post=9699"}],"curies":[{"name":"wp","href":"https:\/\/api.w.org\/{rel}","templated":true}]}}