{"id":9700,"date":"2014-08-26T00:00:00","date_gmt":"2014-08-26T00:00:00","guid":{"rendered":"http:\/\/psol50.org.br\/arquivo\/2014\/08\/26\/a-estreia-da-comocao-como-cabo-eleitoral\/"},"modified":"2014-08-26T00:00:00","modified_gmt":"2014-08-26T00:00:00","slug":"a-estreia-da-comocao-como-cabo-eleitoral","status":"publish","type":"post","link":"https:\/\/psol50.org.br\/a-estreia-da-comocao-como-cabo-eleitoral\/","title":{"rendered":"A estreia da como\u00e7\u00e3o como cabo eleitoral"},"content":{"rendered":"<p style=\"text-align: justify;\">\n\t<span style=\"font-family:arial,helvetica,sans-serif;\"><span style=\"font-size: 12px;\">N\u00f3s, do PSOL, n\u00e3o tentamos ganhar votos aproveitando o estado&nbsp;emotivo dos eleitores. Queremos discutir os problemas concretos da popula\u00e7\u00e3o pernambucana e denunciar as distor\u00e7\u00f5es do processo eleitoral, como a farra de doa\u00e7\u00f5es milion\u00e1rias de empresas \u00e0s candidaturas que as representam. \u00c9 isso que temos apresentado na TV em nosso guia. E assim seguiremos, com coragem e ousadia de construir um Governo Popular com profunda e efetiva participa\u00e7\u00e3o do povo e controle social sobre a gest\u00e3o do Estado.&nbsp;<br \/>\n\t&nbsp;<br \/>\n\tHoje completamos uma semana de exibi\u00e7\u00e3o do hor\u00e1rio eleitoral gratuito. Para as candidaturas ao governo de Pernambuco, tivemos tr\u00eas programas e, em parte, nenhuma surpresa. Paulo C\u00e2mara e Armando Monteiro usaram o tempo de TV como seu projeto pol\u00edtico comum sempre fez, fazendo produ\u00e7\u00e3o hollywoodiana e milion\u00e1ria. Marketing puro, para esconder o debate pol\u00edtico e prioridades atr\u00e1s de obras de fic\u00e7\u00e3o.&nbsp;Mas a trag\u00e9dia que tirou sete vidas, entre elas a do ex-governador Eduardo Campos, infelizmente, inaugurou um novo m\u00e9todo de se tentar ganhar votos em Pernambuco.<br \/>\n\t&nbsp;<br \/>\n\tO PSOL-PE manteve, desde a confirma\u00e7\u00e3o das mortes, uma postura de pesar e respeito \u00e0s fam\u00edlias das v\u00edtimas. Respeitamos o luto, suspendendo nossa campanha. Entretanto, diante do que temos visto nas ruas, nos guias de r\u00e1dio e TV, consideramos que dever\u00edamos fazer algumas ressalvas, no campo da pol\u00edtica.<br \/>\n\t&nbsp;<br \/>\n\tA estrat\u00e9gia de Paulo C\u00e2mara vem buscando eleg\u00ea-lo por \u201cato falho\u201d, isto \u00e9, fazendo o eleitor acreditar que est\u00e1 votando n\u00e3o nele, mas em Eduardo Campos.&nbsp;<br \/>\n\t&nbsp;<br \/>\n\tEsconder qual o projeto pol\u00edtico, prioridades e solu\u00e7\u00f5es concretas defendidas para os problemas dos pernambucanos atr\u00e1s de pe\u00e7as publicit\u00e1rias emotivas e despolitizadas e de choro for\u00e7ado, \u00e9 algo lament\u00e1vel.&nbsp;<br \/>\n\t&nbsp;<br \/>\n\tArmando Monteiro tem agido com mais cautela. Mas n\u00e3o se furta a usar a imagem de Campos em seu guia eleitoral, algo que certamente o pr\u00f3prio ex-governador desaprovaria.&nbsp;<br \/>\n\t&nbsp;<br \/>\n\tEsperamos que, em vez disso, use o espa\u00e7o para justificar \u00e0 popula\u00e7\u00e3o seus projetos no Senado, como os que aumentam penas para menores, criminalizam &nbsp;como \u201cvandalismo\u201d mobiliza\u00e7\u00f5es populares e militarizam as guardas municipais. E explique seus posicionamentos em defesa da flexibiliza\u00e7\u00e3o das leis trabalhistas, do fim da gratuidade universal nas universidades p\u00fablicas e do projeto Novo Recife para o cais Jos\u00e9 Estelita.&nbsp;<\/p>\n<p>\tSeu hist\u00f3rico no parlamento n\u00e3o pode ser ocultado da popula\u00e7\u00e3o, pois evidencia o que esperar de suas a\u00e7\u00f5es como gestor.<\/span><\/span><\/p>\n<p>&nbsp;<br \/>\n&nbsp;<\/p>\n","protected":false},"excerpt":{"rendered":"<p>N\u00f3s, do PSOL, n\u00e3o tentamos ganhar votos aproveitando o estado&nbsp;emotivo dos eleitores. Queremos discutir os problemas concretos da popula\u00e7\u00e3o pernambucana e denunciar as distor\u00e7\u00f5es do processo eleitoral, como a farra de doa\u00e7\u00f5es milion\u00e1rias de empresas \u00e0s candidaturas que as representam. \u00c9 isso que temos apresentado na TV em nosso guia. E assim seguiremos, com coragem [&hellip;]<\/p>\n","protected":false},"author":2,"featured_media":0,"comment_status":"open","ping_status":"open","sticky":false,"template":"","format":"standard","meta":{"_acf_changed":false,"footnotes":""},"categories":[3,4960],"tags":[2506,22,4959],"class_list":{"0":"post-9700","1":"post","2":"type-post","3":"status-publish","4":"format-standard","6":"category-artigos-e-entrevistas","7":"category-eleicoes-2014","8":"tag-eleicoes-2014","9":"tag-psol","10":"tag-ze-gomes"},"acf":[],"yoast_head":"<!-- This site is optimized with the Yoast SEO plugin v26.5 - https:\/\/yoast.com\/wordpress\/plugins\/seo\/ -->\n<title>A estreia da como\u00e7\u00e3o como cabo eleitoral - PSOL 50<\/title>\n<meta name=\"robots\" content=\"index, follow, max-snippet:-1, max-image-preview:large, max-video-preview:-1\" \/>\n<link rel=\"canonical\" href=\"https:\/\/psol50.org.br\/a-estreia-da-comocao-como-cabo-eleitoral\/\" \/>\n<meta property=\"og:locale\" content=\"pt_BR\" \/>\n<meta property=\"og:type\" content=\"article\" \/>\n<meta property=\"og:title\" content=\"A estreia da como\u00e7\u00e3o como cabo eleitoral - PSOL 50\" \/>\n<meta property=\"og:description\" content=\"N\u00f3s, do PSOL, n\u00e3o tentamos ganhar votos aproveitando o estado&nbsp;emotivo dos eleitores. Queremos discutir os problemas concretos da popula\u00e7\u00e3o pernambucana e denunciar as distor\u00e7\u00f5es do processo eleitoral, como a farra de doa\u00e7\u00f5es milion\u00e1rias de empresas \u00e0s candidaturas que as representam. \u00c9 isso que temos apresentado na TV em nosso guia. E assim seguiremos, com coragem [&hellip;]\" \/>\n<meta property=\"og:url\" content=\"https:\/\/psol50.org.br\/a-estreia-da-comocao-como-cabo-eleitoral\/\" \/>\n<meta property=\"og:site_name\" content=\"PSOL 50\" \/>\n<meta property=\"article:publisher\" content=\"https:\/\/www.facebook.com\/psol50\" \/>\n<meta property=\"article:published_time\" content=\"2014-08-26T00:00:00+00:00\" \/>\n<meta property=\"og:image\" content=\"https:\/\/psol50.org.br\/inc\/uploads\/2018\/07\/capa.png\" \/>\n\t<meta property=\"og:image:width\" content=\"1350\" \/>\n\t<meta property=\"og:image:height\" content=\"900\" \/>\n\t<meta property=\"og:image:type\" content=\"image\/png\" \/>\n<meta name=\"author\" content=\"Comunica\u00e7\u00e3o PSOL\" \/>\n<meta name=\"twitter:card\" content=\"summary_large_image\" \/>\n<meta name=\"twitter:creator\" content=\"@psol50\" \/>\n<meta name=\"twitter:site\" content=\"@psol50\" \/>\n<meta name=\"twitter:label1\" content=\"Escrito por\" \/>\n\t<meta name=\"twitter:data1\" content=\"Comunica\u00e7\u00e3o PSOL\" \/>\n\t<meta name=\"twitter:label2\" content=\"Est. tempo de leitura\" \/>\n\t<meta name=\"twitter:data2\" content=\"2 minutos\" \/>\n<script type=\"application\/ld+json\" class=\"yoast-schema-graph\">{\"@context\":\"https:\/\/schema.org\",\"@graph\":[{\"@type\":\"Article\",\"@id\":\"https:\/\/psol50.org.br\/a-estreia-da-comocao-como-cabo-eleitoral\/#article\",\"isPartOf\":{\"@id\":\"https:\/\/psol50.org.br\/a-estreia-da-comocao-como-cabo-eleitoral\/\"},\"author\":{\"name\":\"Comunica\u00e7\u00e3o PSOL\",\"@id\":\"https:\/\/psol50.org.br\/#\/schema\/person\/475dfa57d0b815993c714c2e96491fcd\"},\"headline\":\"A estreia da como\u00e7\u00e3o como cabo eleitoral\",\"datePublished\":\"2014-08-26T00:00:00+00:00\",\"mainEntityOfPage\":{\"@id\":\"https:\/\/psol50.org.br\/a-estreia-da-comocao-como-cabo-eleitoral\/\"},\"wordCount\":446,\"commentCount\":0,\"publisher\":{\"@id\":\"https:\/\/psol50.org.br\/#organization\"},\"keywords\":[\"elei\u00e7\u00f5es 2014\",\"PSOL\",\"Z\u00e9 Gomes\"],\"articleSection\":[\"Artigos\",\"ELEI\u00c7\u00d5ES 2014\"],\"inLanguage\":\"pt-BR\",\"potentialAction\":[{\"@type\":\"CommentAction\",\"name\":\"Comment\",\"target\":[\"https:\/\/psol50.org.br\/a-estreia-da-comocao-como-cabo-eleitoral\/#respond\"]}]},{\"@type\":\"WebPage\",\"@id\":\"https:\/\/psol50.org.br\/a-estreia-da-comocao-como-cabo-eleitoral\/\",\"url\":\"https:\/\/psol50.org.br\/a-estreia-da-comocao-como-cabo-eleitoral\/\",\"name\":\"A estreia da como\u00e7\u00e3o como cabo eleitoral - PSOL 50\",\"isPartOf\":{\"@id\":\"https:\/\/psol50.org.br\/#website\"},\"datePublished\":\"2014-08-26T00:00:00+00:00\",\"breadcrumb\":{\"@id\":\"https:\/\/psol50.org.br\/a-estreia-da-comocao-como-cabo-eleitoral\/#breadcrumb\"},\"inLanguage\":\"pt-BR\",\"potentialAction\":[{\"@type\":\"ReadAction\",\"target\":[\"https:\/\/psol50.org.br\/a-estreia-da-comocao-como-cabo-eleitoral\/\"]}]},{\"@type\":\"BreadcrumbList\",\"@id\":\"https:\/\/psol50.org.br\/a-estreia-da-comocao-como-cabo-eleitoral\/#breadcrumb\",\"itemListElement\":[{\"@type\":\"ListItem\",\"position\":1,\"name\":\"In\u00edcio\",\"item\":\"https:\/\/psol50.org.br\/\"},{\"@type\":\"ListItem\",\"position\":2,\"name\":\"A estreia da como\u00e7\u00e3o como cabo eleitoral\"}]},{\"@type\":\"WebSite\",\"@id\":\"https:\/\/psol50.org.br\/#website\",\"url\":\"https:\/\/psol50.org.br\/\",\"name\":\"PSOL 50\",\"description\":\"Site oficial do Partido Socialismo e Liberdade\",\"publisher\":{\"@id\":\"https:\/\/psol50.org.br\/#organization\"},\"alternateName\":\"PSOL50\",\"potentialAction\":[{\"@type\":\"SearchAction\",\"target\":{\"@type\":\"EntryPoint\",\"urlTemplate\":\"https:\/\/psol50.org.br\/?s={search_term_string}\"},\"query-input\":{\"@type\":\"PropertyValueSpecification\",\"valueRequired\":true,\"valueName\":\"search_term_string\"}}],\"inLanguage\":\"pt-BR\"},{\"@type\":\"Organization\",\"@id\":\"https:\/\/psol50.org.br\/#organization\",\"name\":\"PSOL 50\",\"alternateName\":\"PSOL 50\",\"url\":\"https:\/\/psol50.org.br\/\",\"logo\":{\"@type\":\"ImageObject\",\"inLanguage\":\"pt-BR\",\"@id\":\"https:\/\/psol50.org.br\/#\/schema\/logo\/image\/\",\"url\":\"https:\/\/psol50.org.br\/inc\/uploads\/2018\/07\/capa.png\",\"contentUrl\":\"https:\/\/psol50.org.br\/inc\/uploads\/2018\/07\/capa.png\",\"width\":1350,\"height\":900,\"caption\":\"PSOL 50\"},\"image\":{\"@id\":\"https:\/\/psol50.org.br\/#\/schema\/logo\/image\/\"},\"sameAs\":[\"https:\/\/www.facebook.com\/psol50\",\"https:\/\/x.com\/psol50\",\"https:\/\/www.instagram.com\/psol50\/\",\"https:\/\/www.youtube.com\/channel\/UC7SnJS5o1os7a6CaiNabzcg\"]},{\"@type\":\"Person\",\"@id\":\"https:\/\/psol50.org.br\/#\/schema\/person\/475dfa57d0b815993c714c2e96491fcd\",\"name\":\"Comunica\u00e7\u00e3o PSOL\",\"image\":{\"@type\":\"ImageObject\",\"inLanguage\":\"pt-BR\",\"@id\":\"https:\/\/psol50.org.br\/#\/schema\/person\/image\/\",\"url\":\"https:\/\/secure.gravatar.com\/avatar\/b34fc4f4e468a4e51785917065a3db57b841f5c95dba6ad8c73aaf8f66f8f9bf?s=96&d=mm&r=g\",\"contentUrl\":\"https:\/\/secure.gravatar.com\/avatar\/b34fc4f4e468a4e51785917065a3db57b841f5c95dba6ad8c73aaf8f66f8f9bf?s=96&d=mm&r=g\",\"caption\":\"Comunica\u00e7\u00e3o PSOL\"}}]}<\/script>\n<!-- \/ Yoast SEO plugin. -->","yoast_head_json":{"title":"A estreia da como\u00e7\u00e3o como cabo eleitoral - PSOL 50","robots":{"index":"index","follow":"follow","max-snippet":"max-snippet:-1","max-image-preview":"max-image-preview:large","max-video-preview":"max-video-preview:-1"},"canonical":"https:\/\/psol50.org.br\/a-estreia-da-comocao-como-cabo-eleitoral\/","og_locale":"pt_BR","og_type":"article","og_title":"A estreia da como\u00e7\u00e3o como cabo eleitoral - PSOL 50","og_description":"N\u00f3s, do PSOL, n\u00e3o tentamos ganhar votos aproveitando o estado&nbsp;emotivo dos eleitores. Queremos discutir os problemas concretos da popula\u00e7\u00e3o pernambucana e denunciar as distor\u00e7\u00f5es do processo eleitoral, como a farra de doa\u00e7\u00f5es milion\u00e1rias de empresas \u00e0s candidaturas que as representam. \u00c9 isso que temos apresentado na TV em nosso guia. E assim seguiremos, com coragem [&hellip;]","og_url":"https:\/\/psol50.org.br\/a-estreia-da-comocao-como-cabo-eleitoral\/","og_site_name":"PSOL 50","article_publisher":"https:\/\/www.facebook.com\/psol50","article_published_time":"2014-08-26T00:00:00+00:00","og_image":[{"width":1350,"height":900,"url":"https:\/\/psol50.org.br\/inc\/uploads\/2018\/07\/capa.png","type":"image\/png"}],"author":"Comunica\u00e7\u00e3o PSOL","twitter_card":"summary_large_image","twitter_creator":"@psol50","twitter_site":"@psol50","twitter_misc":{"Escrito por":"Comunica\u00e7\u00e3o PSOL","Est. tempo de leitura":"2 minutos"},"schema":{"@context":"https:\/\/schema.org","@graph":[{"@type":"Article","@id":"https:\/\/psol50.org.br\/a-estreia-da-comocao-como-cabo-eleitoral\/#article","isPartOf":{"@id":"https:\/\/psol50.org.br\/a-estreia-da-comocao-como-cabo-eleitoral\/"},"author":{"name":"Comunica\u00e7\u00e3o PSOL","@id":"https:\/\/psol50.org.br\/#\/schema\/person\/475dfa57d0b815993c714c2e96491fcd"},"headline":"A estreia da como\u00e7\u00e3o como cabo eleitoral","datePublished":"2014-08-26T00:00:00+00:00","mainEntityOfPage":{"@id":"https:\/\/psol50.org.br\/a-estreia-da-comocao-como-cabo-eleitoral\/"},"wordCount":446,"commentCount":0,"publisher":{"@id":"https:\/\/psol50.org.br\/#organization"},"keywords":["elei\u00e7\u00f5es 2014","PSOL","Z\u00e9 Gomes"],"articleSection":["Artigos","ELEI\u00c7\u00d5ES 2014"],"inLanguage":"pt-BR","potentialAction":[{"@type":"CommentAction","name":"Comment","target":["https:\/\/psol50.org.br\/a-estreia-da-comocao-como-cabo-eleitoral\/#respond"]}]},{"@type":"WebPage","@id":"https:\/\/psol50.org.br\/a-estreia-da-comocao-como-cabo-eleitoral\/","url":"https:\/\/psol50.org.br\/a-estreia-da-comocao-como-cabo-eleitoral\/","name":"A estreia da como\u00e7\u00e3o como cabo eleitoral - PSOL 50","isPartOf":{"@id":"https:\/\/psol50.org.br\/#website"},"datePublished":"2014-08-26T00:00:00+00:00","breadcrumb":{"@id":"https:\/\/psol50.org.br\/a-estreia-da-comocao-como-cabo-eleitoral\/#breadcrumb"},"inLanguage":"pt-BR","potentialAction":[{"@type":"ReadAction","target":["https:\/\/psol50.org.br\/a-estreia-da-comocao-como-cabo-eleitoral\/"]}]},{"@type":"BreadcrumbList","@id":"https:\/\/psol50.org.br\/a-estreia-da-comocao-como-cabo-eleitoral\/#breadcrumb","itemListElement":[{"@type":"ListItem","position":1,"name":"In\u00edcio","item":"https:\/\/psol50.org.br\/"},{"@type":"ListItem","position":2,"name":"A estreia da como\u00e7\u00e3o como cabo eleitoral"}]},{"@type":"WebSite","@id":"https:\/\/psol50.org.br\/#website","url":"https:\/\/psol50.org.br\/","name":"PSOL 50","description":"Site oficial do Partido Socialismo e Liberdade","publisher":{"@id":"https:\/\/psol50.org.br\/#organization"},"alternateName":"PSOL50","potentialAction":[{"@type":"SearchAction","target":{"@type":"EntryPoint","urlTemplate":"https:\/\/psol50.org.br\/?s={search_term_string}"},"query-input":{"@type":"PropertyValueSpecification","valueRequired":true,"valueName":"search_term_string"}}],"inLanguage":"pt-BR"},{"@type":"Organization","@id":"https:\/\/psol50.org.br\/#organization","name":"PSOL 50","alternateName":"PSOL 50","url":"https:\/\/psol50.org.br\/","logo":{"@type":"ImageObject","inLanguage":"pt-BR","@id":"https:\/\/psol50.org.br\/#\/schema\/logo\/image\/","url":"https:\/\/psol50.org.br\/inc\/uploads\/2018\/07\/capa.png","contentUrl":"https:\/\/psol50.org.br\/inc\/uploads\/2018\/07\/capa.png","width":1350,"height":900,"caption":"PSOL 50"},"image":{"@id":"https:\/\/psol50.org.br\/#\/schema\/logo\/image\/"},"sameAs":["https:\/\/www.facebook.com\/psol50","https:\/\/x.com\/psol50","https:\/\/www.instagram.com\/psol50\/","https:\/\/www.youtube.com\/channel\/UC7SnJS5o1os7a6CaiNabzcg"]},{"@type":"Person","@id":"https:\/\/psol50.org.br\/#\/schema\/person\/475dfa57d0b815993c714c2e96491fcd","name":"Comunica\u00e7\u00e3o PSOL","image":{"@type":"ImageObject","inLanguage":"pt-BR","@id":"https:\/\/psol50.org.br\/#\/schema\/person\/image\/","url":"https:\/\/secure.gravatar.com\/avatar\/b34fc4f4e468a4e51785917065a3db57b841f5c95dba6ad8c73aaf8f66f8f9bf?s=96&d=mm&r=g","contentUrl":"https:\/\/secure.gravatar.com\/avatar\/b34fc4f4e468a4e51785917065a3db57b841f5c95dba6ad8c73aaf8f66f8f9bf?s=96&d=mm&r=g","caption":"Comunica\u00e7\u00e3o PSOL"}}]}},"_links":{"self":[{"href":"https:\/\/psol50.org.br\/rest\/wp\/v2\/posts\/9700","targetHints":{"allow":["GET"]}}],"collection":[{"href":"https:\/\/psol50.org.br\/rest\/wp\/v2\/posts"}],"about":[{"href":"https:\/\/psol50.org.br\/rest\/wp\/v2\/types\/post"}],"author":[{"embeddable":true,"href":"https:\/\/psol50.org.br\/rest\/wp\/v2\/users\/2"}],"replies":[{"embeddable":true,"href":"https:\/\/psol50.org.br\/rest\/wp\/v2\/comments?post=9700"}],"version-history":[{"count":0,"href":"https:\/\/psol50.org.br\/rest\/wp\/v2\/posts\/9700\/revisions"}],"wp:attachment":[{"href":"https:\/\/psol50.org.br\/rest\/wp\/v2\/media?parent=9700"}],"wp:term":[{"taxonomy":"category","embeddable":true,"href":"https:\/\/psol50.org.br\/rest\/wp\/v2\/categories?post=9700"},{"taxonomy":"post_tag","embeddable":true,"href":"https:\/\/psol50.org.br\/rest\/wp\/v2\/tags?post=9700"}],"curies":[{"name":"wp","href":"https:\/\/api.w.org\/{rel}","templated":true}]}}