{"id":9704,"date":"2014-09-09T00:00:00","date_gmt":"2014-09-09T00:00:00","guid":{"rendered":"http:\/\/psol50.org.br\/arquivo\/2014\/09\/09\/incendio-de-favela-em-sp-a-culpa-e-do-estado\/"},"modified":"2014-09-09T00:00:00","modified_gmt":"2014-09-09T00:00:00","slug":"incendio-de-favela-em-sp-a-culpa-e-do-estado","status":"publish","type":"post","link":"https:\/\/psol50.org.br\/incendio-de-favela-em-sp-a-culpa-e-do-estado\/","title":{"rendered":"Inc\u00eandio de favela em SP: a culpa \u00e9 do Estado"},"content":{"rendered":"<div style=\"text-align: justify;\">\n\tNa noite do dia 7 de setembro, um inc\u00eandio destruiu parte da comunidade conhecida como Buraco Quente, localizada no bairro nobre de Campo Belo, Zona Sul da capital paulista. Uma das poucas comunidades que se mantinha numa regi\u00e3o marcada por pr\u00e9dios de classe m\u00e9dia alta e dos ricos de S\u00e3o Paulo.<br \/>\n\t&nbsp;<br \/>\n\tSegundo fontes da Defesa Civil, mais de 600 fam\u00edlias perderam suas casas. A alega\u00e7\u00e3o de moradores \u00e9 que esse n\u00famero \u00e9 ainda mais expressivo. O inc\u00eandio teve repercuss\u00f5es ainda maiores pela falta de \u00e1gua nos hidrantes pr\u00f3ximos ao local, agravando ainda mais a situa\u00e7\u00e3o.<br \/>\n\t&nbsp;<br \/>\n\tA comunidade era formada pelas favelas do Piolho e da Ch\u00e1cara, sendo parte de uma das regi\u00f5es com maior valoriza\u00e7\u00e3o por parte dos empreendimentos imobili\u00e1rios de S\u00e3o Paulo, nas cercanias do Monotrilho e da sede da Rede Globo. A pol\u00edtica de remo\u00e7\u00e3o e isolamento desta e de outras comunidades do entorno come\u00e7ou com a expans\u00e3o da \u201cOpera\u00e7\u00e3o Urbana Consorciada \u00c1gua Espraiada\u201d, que tinha como objetivo manifesto a \u201crevitaliza\u00e7\u00e3o\u201d desta regi\u00e3o. Contudo, o que ela fez foi segregar ainda mais os moradores mais pobres.<br \/>\n\t&nbsp;<br \/>\n\tN\u00e3o podemos deixar de responsabilizar o Estado e o Poder P\u00fablico por essa situa\u00e7\u00e3o desumana. Recentemente tivemos v\u00e1rios inc\u00eandios em \u00e1reas pobres, favelas e comunidades, como o caso da Favela do Moinho no centro de S\u00e3o Paulo. Na maior parte dos casos, as causas dos inc\u00eandios n\u00e3o s\u00e3o esclarecidas, as investiga\u00e7\u00f5es caem no esquecimento e a apura\u00e7\u00e3o \u00e9 feita com pouco rigor. Poder\u00edamos pensar como seria no caso de um acontecimento com as mesmas propor\u00e7\u00f5es nas regi\u00f5es mais ricas dos grandes centros urbanos. Defendemos a imediata investiga\u00e7\u00e3o das causas bem como a repara\u00e7\u00e3o emergencial para os que est\u00e3o desalojados. A falta de regulariza\u00e7\u00e3o e urbaniza\u00e7\u00e3o leva \u00e0 tr\u00e1gica rotina de inc\u00eandios nos lugares mais pobres.<br \/>\n\t&nbsp;<br \/>\n\tPrecisamos de um novo modelo de pol\u00edtica habitacional e urbana para o pa\u00eds. Temos a urg\u00eancia de uma profunda reforma urbana nas cidades brasileiras para que a press\u00e3o demogr\u00e1fica seja resolvida com a garantia do direito \u00e0 moradia digna. Em nosso plano de governo, onde incorporamos muitas demandas apresentadas pelos companheiros do MTST (Movimento dos Trabalhadores sem Terra) \u2013 principal movimento social de luta por moradia na atualidade, pretendemos: \u201cCriar um sistema nacional de desenvolvimento urbano estruturado, que garanta a plena hierarquia de compet\u00eancias dos entes federativos e a execu\u00e7\u00e3o de instrumentos de democratiza\u00e7\u00e3o do direito \u00e0 cidade, desde os pequenos n\u00facleos \u00e0s grandes metr\u00f3poles.\u201d<br \/>\n\t&nbsp;<br \/>\n\tTamb\u00e9m nos comprometemos a garantir a urbaniza\u00e7\u00e3o das favelas. \u201cIniciativas concretas para a regulariza\u00e7\u00e3o fundi\u00e1ria, administrativa e patrimonial dessas habita\u00e7\u00f5es \u00e9 uma prioridade e a melhor alternativa para responder ao passivo socioambiental das cidades, preservando empregos, la\u00e7os territoriais e acesso a equipamentos p\u00fablicos\u201d, diz um trecho do nosso programa de governo.<br \/>\n\t&nbsp;<br \/>\n\tSeguimos lutando, juntos aos movimentos populares, por moradia digna para a maioria da popula\u00e7\u00e3o.<br \/>\n\t&nbsp;<br \/>\n\tPara saber mais sobre nosso programa de habita\u00e7\u00e3o, leia: <a href=\"http:\/\/lucianagenro.com.br\/2014\/09\/luciana-genro-incorpora-propostas-do-mtst-em-seu-programa-de-governo-para-habitacao\/\">Luciana Genro incorpora propostas do MTST em seu programa de governo para habita\u00e7\u00e3o<\/a>.<\/div>\n<p>&nbsp;<\/p>\n","protected":false},"excerpt":{"rendered":"<p>Na noite do dia 7 de setembro, um inc\u00eandio destruiu parte da comunidade conhecida como Buraco Quente, localizada no bairro nobre de Campo Belo, Zona Sul da capital paulista. Uma das poucas comunidades que se mantinha numa regi\u00e3o marcada por pr\u00e9dios de classe m\u00e9dia alta e dos ricos de S\u00e3o Paulo. &nbsp; Segundo fontes da [&hellip;]<\/p>\n","protected":false},"author":2,"featured_media":0,"comment_status":"open","ping_status":"open","sticky":false,"template":"","format":"standard","meta":{"_acf_changed":false,"footnotes":""},"categories":[3],"tags":[2174],"class_list":{"0":"post-9704","1":"post","2":"type-post","3":"status-publish","4":"format-standard","6":"category-artigos-e-entrevistas","7":"tag-luciana-genro"},"acf":[],"yoast_head":"<!-- This site is optimized with the Yoast SEO plugin v26.5 - https:\/\/yoast.com\/wordpress\/plugins\/seo\/ -->\n<title>Inc\u00eandio de favela em SP: a culpa \u00e9 do Estado - PSOL 50<\/title>\n<meta name=\"robots\" content=\"index, follow, max-snippet:-1, max-image-preview:large, max-video-preview:-1\" \/>\n<link rel=\"canonical\" href=\"https:\/\/psol50.org.br\/incendio-de-favela-em-sp-a-culpa-e-do-estado\/\" \/>\n<meta property=\"og:locale\" content=\"pt_BR\" \/>\n<meta property=\"og:type\" content=\"article\" \/>\n<meta property=\"og:title\" content=\"Inc\u00eandio de favela em SP: a culpa \u00e9 do Estado - PSOL 50\" \/>\n<meta property=\"og:description\" content=\"Na noite do dia 7 de setembro, um inc\u00eandio destruiu parte da comunidade conhecida como Buraco Quente, localizada no bairro nobre de Campo Belo, Zona Sul da capital paulista. Uma das poucas comunidades que se mantinha numa regi\u00e3o marcada por pr\u00e9dios de classe m\u00e9dia alta e dos ricos de S\u00e3o Paulo. &nbsp; Segundo fontes da [&hellip;]\" \/>\n<meta property=\"og:url\" content=\"https:\/\/psol50.org.br\/incendio-de-favela-em-sp-a-culpa-e-do-estado\/\" \/>\n<meta property=\"og:site_name\" content=\"PSOL 50\" \/>\n<meta property=\"article:publisher\" content=\"https:\/\/www.facebook.com\/psol50\" \/>\n<meta property=\"article:published_time\" content=\"2014-09-09T00:00:00+00:00\" \/>\n<meta property=\"og:image\" content=\"https:\/\/psol50.org.br\/inc\/uploads\/2018\/07\/capa.png\" \/>\n\t<meta property=\"og:image:width\" content=\"1350\" \/>\n\t<meta property=\"og:image:height\" content=\"900\" \/>\n\t<meta property=\"og:image:type\" content=\"image\/png\" \/>\n<meta name=\"author\" content=\"Comunica\u00e7\u00e3o PSOL\" \/>\n<meta name=\"twitter:card\" content=\"summary_large_image\" \/>\n<meta name=\"twitter:creator\" content=\"@psol50\" \/>\n<meta name=\"twitter:site\" content=\"@psol50\" \/>\n<meta name=\"twitter:label1\" content=\"Escrito por\" \/>\n\t<meta name=\"twitter:data1\" content=\"Comunica\u00e7\u00e3o PSOL\" \/>\n\t<meta name=\"twitter:label2\" content=\"Est. tempo de leitura\" \/>\n\t<meta name=\"twitter:data2\" content=\"3 minutos\" \/>\n<script type=\"application\/ld+json\" class=\"yoast-schema-graph\">{\"@context\":\"https:\/\/schema.org\",\"@graph\":[{\"@type\":\"Article\",\"@id\":\"https:\/\/psol50.org.br\/incendio-de-favela-em-sp-a-culpa-e-do-estado\/#article\",\"isPartOf\":{\"@id\":\"https:\/\/psol50.org.br\/incendio-de-favela-em-sp-a-culpa-e-do-estado\/\"},\"author\":{\"name\":\"Comunica\u00e7\u00e3o PSOL\",\"@id\":\"https:\/\/psol50.org.br\/#\/schema\/person\/475dfa57d0b815993c714c2e96491fcd\"},\"headline\":\"Inc\u00eandio de favela em SP: a culpa \u00e9 do Estado\",\"datePublished\":\"2014-09-09T00:00:00+00:00\",\"mainEntityOfPage\":{\"@id\":\"https:\/\/psol50.org.br\/incendio-de-favela-em-sp-a-culpa-e-do-estado\/\"},\"wordCount\":558,\"commentCount\":0,\"publisher\":{\"@id\":\"https:\/\/psol50.org.br\/#organization\"},\"keywords\":[\"Luciana Genro\"],\"articleSection\":[\"Artigos\"],\"inLanguage\":\"pt-BR\",\"potentialAction\":[{\"@type\":\"CommentAction\",\"name\":\"Comment\",\"target\":[\"https:\/\/psol50.org.br\/incendio-de-favela-em-sp-a-culpa-e-do-estado\/#respond\"]}]},{\"@type\":\"WebPage\",\"@id\":\"https:\/\/psol50.org.br\/incendio-de-favela-em-sp-a-culpa-e-do-estado\/\",\"url\":\"https:\/\/psol50.org.br\/incendio-de-favela-em-sp-a-culpa-e-do-estado\/\",\"name\":\"Inc\u00eandio de favela em SP: a culpa \u00e9 do Estado - PSOL 50\",\"isPartOf\":{\"@id\":\"https:\/\/psol50.org.br\/#website\"},\"datePublished\":\"2014-09-09T00:00:00+00:00\",\"breadcrumb\":{\"@id\":\"https:\/\/psol50.org.br\/incendio-de-favela-em-sp-a-culpa-e-do-estado\/#breadcrumb\"},\"inLanguage\":\"pt-BR\",\"potentialAction\":[{\"@type\":\"ReadAction\",\"target\":[\"https:\/\/psol50.org.br\/incendio-de-favela-em-sp-a-culpa-e-do-estado\/\"]}]},{\"@type\":\"BreadcrumbList\",\"@id\":\"https:\/\/psol50.org.br\/incendio-de-favela-em-sp-a-culpa-e-do-estado\/#breadcrumb\",\"itemListElement\":[{\"@type\":\"ListItem\",\"position\":1,\"name\":\"In\u00edcio\",\"item\":\"https:\/\/psol50.org.br\/\"},{\"@type\":\"ListItem\",\"position\":2,\"name\":\"Inc\u00eandio de favela em SP: a culpa \u00e9 do Estado\"}]},{\"@type\":\"WebSite\",\"@id\":\"https:\/\/psol50.org.br\/#website\",\"url\":\"https:\/\/psol50.org.br\/\",\"name\":\"PSOL 50\",\"description\":\"Site oficial do Partido Socialismo e Liberdade\",\"publisher\":{\"@id\":\"https:\/\/psol50.org.br\/#organization\"},\"alternateName\":\"PSOL50\",\"potentialAction\":[{\"@type\":\"SearchAction\",\"target\":{\"@type\":\"EntryPoint\",\"urlTemplate\":\"https:\/\/psol50.org.br\/?s={search_term_string}\"},\"query-input\":{\"@type\":\"PropertyValueSpecification\",\"valueRequired\":true,\"valueName\":\"search_term_string\"}}],\"inLanguage\":\"pt-BR\"},{\"@type\":\"Organization\",\"@id\":\"https:\/\/psol50.org.br\/#organization\",\"name\":\"PSOL 50\",\"alternateName\":\"PSOL 50\",\"url\":\"https:\/\/psol50.org.br\/\",\"logo\":{\"@type\":\"ImageObject\",\"inLanguage\":\"pt-BR\",\"@id\":\"https:\/\/psol50.org.br\/#\/schema\/logo\/image\/\",\"url\":\"https:\/\/psol50.org.br\/inc\/uploads\/2018\/07\/capa.png\",\"contentUrl\":\"https:\/\/psol50.org.br\/inc\/uploads\/2018\/07\/capa.png\",\"width\":1350,\"height\":900,\"caption\":\"PSOL 50\"},\"image\":{\"@id\":\"https:\/\/psol50.org.br\/#\/schema\/logo\/image\/\"},\"sameAs\":[\"https:\/\/www.facebook.com\/psol50\",\"https:\/\/x.com\/psol50\",\"https:\/\/www.instagram.com\/psol50\/\",\"https:\/\/www.youtube.com\/channel\/UC7SnJS5o1os7a6CaiNabzcg\"]},{\"@type\":\"Person\",\"@id\":\"https:\/\/psol50.org.br\/#\/schema\/person\/475dfa57d0b815993c714c2e96491fcd\",\"name\":\"Comunica\u00e7\u00e3o PSOL\",\"image\":{\"@type\":\"ImageObject\",\"inLanguage\":\"pt-BR\",\"@id\":\"https:\/\/psol50.org.br\/#\/schema\/person\/image\/\",\"url\":\"https:\/\/secure.gravatar.com\/avatar\/b34fc4f4e468a4e51785917065a3db57b841f5c95dba6ad8c73aaf8f66f8f9bf?s=96&d=mm&r=g\",\"contentUrl\":\"https:\/\/secure.gravatar.com\/avatar\/b34fc4f4e468a4e51785917065a3db57b841f5c95dba6ad8c73aaf8f66f8f9bf?s=96&d=mm&r=g\",\"caption\":\"Comunica\u00e7\u00e3o PSOL\"}}]}<\/script>\n<!-- \/ Yoast SEO plugin. -->","yoast_head_json":{"title":"Inc\u00eandio de favela em SP: a culpa \u00e9 do Estado - PSOL 50","robots":{"index":"index","follow":"follow","max-snippet":"max-snippet:-1","max-image-preview":"max-image-preview:large","max-video-preview":"max-video-preview:-1"},"canonical":"https:\/\/psol50.org.br\/incendio-de-favela-em-sp-a-culpa-e-do-estado\/","og_locale":"pt_BR","og_type":"article","og_title":"Inc\u00eandio de favela em SP: a culpa \u00e9 do Estado - PSOL 50","og_description":"Na noite do dia 7 de setembro, um inc\u00eandio destruiu parte da comunidade conhecida como Buraco Quente, localizada no bairro nobre de Campo Belo, Zona Sul da capital paulista. Uma das poucas comunidades que se mantinha numa regi\u00e3o marcada por pr\u00e9dios de classe m\u00e9dia alta e dos ricos de S\u00e3o Paulo. &nbsp; Segundo fontes da [&hellip;]","og_url":"https:\/\/psol50.org.br\/incendio-de-favela-em-sp-a-culpa-e-do-estado\/","og_site_name":"PSOL 50","article_publisher":"https:\/\/www.facebook.com\/psol50","article_published_time":"2014-09-09T00:00:00+00:00","og_image":[{"width":1350,"height":900,"url":"https:\/\/psol50.org.br\/inc\/uploads\/2018\/07\/capa.png","type":"image\/png"}],"author":"Comunica\u00e7\u00e3o PSOL","twitter_card":"summary_large_image","twitter_creator":"@psol50","twitter_site":"@psol50","twitter_misc":{"Escrito por":"Comunica\u00e7\u00e3o PSOL","Est. tempo de leitura":"3 minutos"},"schema":{"@context":"https:\/\/schema.org","@graph":[{"@type":"Article","@id":"https:\/\/psol50.org.br\/incendio-de-favela-em-sp-a-culpa-e-do-estado\/#article","isPartOf":{"@id":"https:\/\/psol50.org.br\/incendio-de-favela-em-sp-a-culpa-e-do-estado\/"},"author":{"name":"Comunica\u00e7\u00e3o PSOL","@id":"https:\/\/psol50.org.br\/#\/schema\/person\/475dfa57d0b815993c714c2e96491fcd"},"headline":"Inc\u00eandio de favela em SP: a culpa \u00e9 do Estado","datePublished":"2014-09-09T00:00:00+00:00","mainEntityOfPage":{"@id":"https:\/\/psol50.org.br\/incendio-de-favela-em-sp-a-culpa-e-do-estado\/"},"wordCount":558,"commentCount":0,"publisher":{"@id":"https:\/\/psol50.org.br\/#organization"},"keywords":["Luciana Genro"],"articleSection":["Artigos"],"inLanguage":"pt-BR","potentialAction":[{"@type":"CommentAction","name":"Comment","target":["https:\/\/psol50.org.br\/incendio-de-favela-em-sp-a-culpa-e-do-estado\/#respond"]}]},{"@type":"WebPage","@id":"https:\/\/psol50.org.br\/incendio-de-favela-em-sp-a-culpa-e-do-estado\/","url":"https:\/\/psol50.org.br\/incendio-de-favela-em-sp-a-culpa-e-do-estado\/","name":"Inc\u00eandio de favela em SP: a culpa \u00e9 do Estado - PSOL 50","isPartOf":{"@id":"https:\/\/psol50.org.br\/#website"},"datePublished":"2014-09-09T00:00:00+00:00","breadcrumb":{"@id":"https:\/\/psol50.org.br\/incendio-de-favela-em-sp-a-culpa-e-do-estado\/#breadcrumb"},"inLanguage":"pt-BR","potentialAction":[{"@type":"ReadAction","target":["https:\/\/psol50.org.br\/incendio-de-favela-em-sp-a-culpa-e-do-estado\/"]}]},{"@type":"BreadcrumbList","@id":"https:\/\/psol50.org.br\/incendio-de-favela-em-sp-a-culpa-e-do-estado\/#breadcrumb","itemListElement":[{"@type":"ListItem","position":1,"name":"In\u00edcio","item":"https:\/\/psol50.org.br\/"},{"@type":"ListItem","position":2,"name":"Inc\u00eandio de favela em SP: a culpa \u00e9 do Estado"}]},{"@type":"WebSite","@id":"https:\/\/psol50.org.br\/#website","url":"https:\/\/psol50.org.br\/","name":"PSOL 50","description":"Site oficial do Partido Socialismo e Liberdade","publisher":{"@id":"https:\/\/psol50.org.br\/#organization"},"alternateName":"PSOL50","potentialAction":[{"@type":"SearchAction","target":{"@type":"EntryPoint","urlTemplate":"https:\/\/psol50.org.br\/?s={search_term_string}"},"query-input":{"@type":"PropertyValueSpecification","valueRequired":true,"valueName":"search_term_string"}}],"inLanguage":"pt-BR"},{"@type":"Organization","@id":"https:\/\/psol50.org.br\/#organization","name":"PSOL 50","alternateName":"PSOL 50","url":"https:\/\/psol50.org.br\/","logo":{"@type":"ImageObject","inLanguage":"pt-BR","@id":"https:\/\/psol50.org.br\/#\/schema\/logo\/image\/","url":"https:\/\/psol50.org.br\/inc\/uploads\/2018\/07\/capa.png","contentUrl":"https:\/\/psol50.org.br\/inc\/uploads\/2018\/07\/capa.png","width":1350,"height":900,"caption":"PSOL 50"},"image":{"@id":"https:\/\/psol50.org.br\/#\/schema\/logo\/image\/"},"sameAs":["https:\/\/www.facebook.com\/psol50","https:\/\/x.com\/psol50","https:\/\/www.instagram.com\/psol50\/","https:\/\/www.youtube.com\/channel\/UC7SnJS5o1os7a6CaiNabzcg"]},{"@type":"Person","@id":"https:\/\/psol50.org.br\/#\/schema\/person\/475dfa57d0b815993c714c2e96491fcd","name":"Comunica\u00e7\u00e3o PSOL","image":{"@type":"ImageObject","inLanguage":"pt-BR","@id":"https:\/\/psol50.org.br\/#\/schema\/person\/image\/","url":"https:\/\/secure.gravatar.com\/avatar\/b34fc4f4e468a4e51785917065a3db57b841f5c95dba6ad8c73aaf8f66f8f9bf?s=96&d=mm&r=g","contentUrl":"https:\/\/secure.gravatar.com\/avatar\/b34fc4f4e468a4e51785917065a3db57b841f5c95dba6ad8c73aaf8f66f8f9bf?s=96&d=mm&r=g","caption":"Comunica\u00e7\u00e3o PSOL"}}]}},"_links":{"self":[{"href":"https:\/\/psol50.org.br\/rest\/wp\/v2\/posts\/9704","targetHints":{"allow":["GET"]}}],"collection":[{"href":"https:\/\/psol50.org.br\/rest\/wp\/v2\/posts"}],"about":[{"href":"https:\/\/psol50.org.br\/rest\/wp\/v2\/types\/post"}],"author":[{"embeddable":true,"href":"https:\/\/psol50.org.br\/rest\/wp\/v2\/users\/2"}],"replies":[{"embeddable":true,"href":"https:\/\/psol50.org.br\/rest\/wp\/v2\/comments?post=9704"}],"version-history":[{"count":0,"href":"https:\/\/psol50.org.br\/rest\/wp\/v2\/posts\/9704\/revisions"}],"wp:attachment":[{"href":"https:\/\/psol50.org.br\/rest\/wp\/v2\/media?parent=9704"}],"wp:term":[{"taxonomy":"category","embeddable":true,"href":"https:\/\/psol50.org.br\/rest\/wp\/v2\/categories?post=9704"},{"taxonomy":"post_tag","embeddable":true,"href":"https:\/\/psol50.org.br\/rest\/wp\/v2\/tags?post=9704"}],"curies":[{"name":"wp","href":"https:\/\/api.w.org\/{rel}","templated":true}]}}