{"id":9706,"date":"2014-09-10T00:00:00","date_gmt":"2014-09-10T00:00:00","guid":{"rendered":"http:\/\/psol50.org.br\/arquivo\/2014\/09\/10\/a-desfacatez-do-debate-sobre-a-autonomia-do-banco-central\/"},"modified":"2014-09-10T00:00:00","modified_gmt":"2014-09-10T00:00:00","slug":"a-desfacatez-do-debate-sobre-a-autonomia-do-banco-central","status":"publish","type":"post","link":"https:\/\/psol50.org.br\/a-desfacatez-do-debate-sobre-a-autonomia-do-banco-central\/","title":{"rendered":"A desfa\u00e7atez do debate sobre a autonomia do Banco Central"},"content":{"rendered":"<p style=\"text-align: justify;\">\n\t<span style=\"font-family:arial,helvetica,sans-serif;\"><span style=\"font-size: 12px;\">O debate sobre autonomia do Banco Central do Brasil ganhou as manchetes dos notici\u00e1rios. Ent\u00e3o \u00e9 bom lembrar de alguns de seus aspectos.<br \/>\n\t&nbsp;<br \/>\n\tTucanos sempre defenderam entregar logo para os banqueiros a dire\u00e7\u00e3o da pol\u00edtica monet\u00e1ria e os rumos da economia. Hoje, seus principais economistas s\u00e3o banqueiros ou executivos do capital financeiro e da especula\u00e7\u00e3o. S\u00f3 n\u00e3o decretaram oficialmente a autonomia do Banco Central por falta de coragem ou oportunidade.<br \/>\n\t&nbsp;<br \/>\n\tJ\u00e1 Lula inaugurou seu governo, em 2003, colocando na dire\u00e7\u00e3o do Banco Central Henrique Meirelles, tucano diretor do Bank of Boston. S\u00f3 n\u00e3o consumou a autonomia do BC por resist\u00eancia, \u00e0 \u00e9poca, no pr\u00f3prio PT.<br \/>\n\t&nbsp;<br \/>\n\tAgora Marina, com assessores como Gianneti da Fonseca e Andr\u00e9 Lara Resende, resolve escancarar a proposta, para eliminar qualquer resist\u00eancia do mercado financeiro \u00e0 sua candidatura, e defende a autonomia de direito do Banco Central.<br \/>\n\t&nbsp;<br \/>\n\t\u00c9 c\u00f4mico, se n\u00e3o fosse tr\u00e1gico, portanto, o embate televisivo feito pelas candidaturas em torno desta quest\u00e3o. De um lado, Marina acusa Dilma de criar \u201ca bolsa banqueiro\u201d. De outro, Dilma diz que n\u00e3o \u00e9 sustentada por banqueiro, em refer\u00eancia a Neca Setubal, uma das donas do Ita\u00fa, coordenadora de campanha de Marina.<br \/>\n\t&nbsp;<br \/>\n\tA verdade \u00e9 que a autonomia do Bando Central j\u00e1 existe na pr\u00e1tica. A diferen\u00e7a \u00e9 que, transform\u00e1-la em lei, como prop\u00f5e Marina, significa impedir que, em outro governo e com outra correla\u00e7\u00e3o de for\u00e7as, seja poss\u00edvel escapar do engessamento das imposi\u00e7\u00f5es dos bancos e do capital financeiro.<\/p>\n<p>\tComo disse Lula, nunca os empres\u00e1rios e os banco ganharam tanto. Mas continuam mal agradecidos e querendo mais. \u00c9 que o mercado fica nervoso com certas instabilidades.<br \/>\n\t&nbsp;<br \/>\n\tA quest\u00e3o \u00e9 saber quando o povo exclu\u00eddo ficar\u00e1 nervoso tamb\u00e9m com tanta desfa\u00e7atez.<\/span><\/span><br \/>\n\t&nbsp;<\/p>\n","protected":false},"excerpt":{"rendered":"<p>O debate sobre autonomia do Banco Central do Brasil ganhou as manchetes dos notici\u00e1rios. Ent\u00e3o \u00e9 bom lembrar de alguns de seus aspectos. &nbsp; Tucanos sempre defenderam entregar logo para os banqueiros a dire\u00e7\u00e3o da pol\u00edtica monet\u00e1ria e os rumos da economia. Hoje, seus principais economistas s\u00e3o banqueiros ou executivos do capital financeiro e da [&hellip;]<\/p>\n","protected":false},"author":2,"featured_media":0,"comment_status":"open","ping_status":"open","sticky":false,"template":"","format":"standard","meta":{"_acf_changed":false,"footnotes":""},"categories":[3],"tags":[833,1386,253,552,4176],"class_list":{"0":"post-9706","1":"post","2":"type-post","3":"status-publish","4":"format-standard","6":"category-artigos-e-entrevistas","7":"tag-autonomia","8":"tag-banco-central","9":"tag-economia","10":"tag-ivan-valente","11":"tag-mercado-financeiro"},"acf":[],"yoast_head":"<!-- This site is optimized with the Yoast SEO plugin v26.5 - https:\/\/yoast.com\/wordpress\/plugins\/seo\/ -->\n<title>A desfa\u00e7atez do debate sobre a autonomia do Banco Central - PSOL 50<\/title>\n<meta name=\"robots\" content=\"index, follow, max-snippet:-1, max-image-preview:large, max-video-preview:-1\" \/>\n<link rel=\"canonical\" href=\"https:\/\/psol50.org.br\/a-desfacatez-do-debate-sobre-a-autonomia-do-banco-central\/\" \/>\n<meta property=\"og:locale\" content=\"pt_BR\" \/>\n<meta property=\"og:type\" content=\"article\" \/>\n<meta property=\"og:title\" content=\"A desfa\u00e7atez do debate sobre a autonomia do Banco Central - PSOL 50\" \/>\n<meta property=\"og:description\" content=\"O debate sobre autonomia do Banco Central do Brasil ganhou as manchetes dos notici\u00e1rios. Ent\u00e3o \u00e9 bom lembrar de alguns de seus aspectos. &nbsp; Tucanos sempre defenderam entregar logo para os banqueiros a dire\u00e7\u00e3o da pol\u00edtica monet\u00e1ria e os rumos da economia. Hoje, seus principais economistas s\u00e3o banqueiros ou executivos do capital financeiro e da [&hellip;]\" \/>\n<meta property=\"og:url\" content=\"https:\/\/psol50.org.br\/a-desfacatez-do-debate-sobre-a-autonomia-do-banco-central\/\" \/>\n<meta property=\"og:site_name\" content=\"PSOL 50\" \/>\n<meta property=\"article:publisher\" content=\"https:\/\/www.facebook.com\/psol50\" \/>\n<meta property=\"article:published_time\" content=\"2014-09-10T00:00:00+00:00\" \/>\n<meta property=\"og:image\" content=\"https:\/\/psol50.org.br\/inc\/uploads\/2018\/07\/capa.png\" \/>\n\t<meta property=\"og:image:width\" content=\"1350\" \/>\n\t<meta property=\"og:image:height\" content=\"900\" \/>\n\t<meta property=\"og:image:type\" content=\"image\/png\" \/>\n<meta name=\"author\" content=\"Comunica\u00e7\u00e3o PSOL\" \/>\n<meta name=\"twitter:card\" content=\"summary_large_image\" \/>\n<meta name=\"twitter:creator\" content=\"@psol50\" \/>\n<meta name=\"twitter:site\" content=\"@psol50\" \/>\n<meta name=\"twitter:label1\" content=\"Escrito por\" \/>\n\t<meta name=\"twitter:data1\" content=\"Comunica\u00e7\u00e3o PSOL\" \/>\n\t<meta name=\"twitter:label2\" content=\"Est. tempo de leitura\" \/>\n\t<meta name=\"twitter:data2\" content=\"2 minutos\" \/>\n<script type=\"application\/ld+json\" class=\"yoast-schema-graph\">{\"@context\":\"https:\/\/schema.org\",\"@graph\":[{\"@type\":\"Article\",\"@id\":\"https:\/\/psol50.org.br\/a-desfacatez-do-debate-sobre-a-autonomia-do-banco-central\/#article\",\"isPartOf\":{\"@id\":\"https:\/\/psol50.org.br\/a-desfacatez-do-debate-sobre-a-autonomia-do-banco-central\/\"},\"author\":{\"name\":\"Comunica\u00e7\u00e3o PSOL\",\"@id\":\"https:\/\/psol50.org.br\/#\/schema\/person\/475dfa57d0b815993c714c2e96491fcd\"},\"headline\":\"A desfa\u00e7atez do debate sobre a autonomia do Banco Central\",\"datePublished\":\"2014-09-10T00:00:00+00:00\",\"mainEntityOfPage\":{\"@id\":\"https:\/\/psol50.org.br\/a-desfacatez-do-debate-sobre-a-autonomia-do-banco-central\/\"},\"wordCount\":322,\"commentCount\":0,\"publisher\":{\"@id\":\"https:\/\/psol50.org.br\/#organization\"},\"keywords\":[\"autonomia\",\"Banco Central\",\"economia\",\"Ivan Valente\",\"mercado financeiro\"],\"articleSection\":[\"Artigos\"],\"inLanguage\":\"pt-BR\",\"potentialAction\":[{\"@type\":\"CommentAction\",\"name\":\"Comment\",\"target\":[\"https:\/\/psol50.org.br\/a-desfacatez-do-debate-sobre-a-autonomia-do-banco-central\/#respond\"]}]},{\"@type\":\"WebPage\",\"@id\":\"https:\/\/psol50.org.br\/a-desfacatez-do-debate-sobre-a-autonomia-do-banco-central\/\",\"url\":\"https:\/\/psol50.org.br\/a-desfacatez-do-debate-sobre-a-autonomia-do-banco-central\/\",\"name\":\"A desfa\u00e7atez do debate sobre a autonomia do Banco Central - PSOL 50\",\"isPartOf\":{\"@id\":\"https:\/\/psol50.org.br\/#website\"},\"datePublished\":\"2014-09-10T00:00:00+00:00\",\"breadcrumb\":{\"@id\":\"https:\/\/psol50.org.br\/a-desfacatez-do-debate-sobre-a-autonomia-do-banco-central\/#breadcrumb\"},\"inLanguage\":\"pt-BR\",\"potentialAction\":[{\"@type\":\"ReadAction\",\"target\":[\"https:\/\/psol50.org.br\/a-desfacatez-do-debate-sobre-a-autonomia-do-banco-central\/\"]}]},{\"@type\":\"BreadcrumbList\",\"@id\":\"https:\/\/psol50.org.br\/a-desfacatez-do-debate-sobre-a-autonomia-do-banco-central\/#breadcrumb\",\"itemListElement\":[{\"@type\":\"ListItem\",\"position\":1,\"name\":\"In\u00edcio\",\"item\":\"https:\/\/psol50.org.br\/\"},{\"@type\":\"ListItem\",\"position\":2,\"name\":\"A desfa\u00e7atez do debate sobre a autonomia do Banco Central\"}]},{\"@type\":\"WebSite\",\"@id\":\"https:\/\/psol50.org.br\/#website\",\"url\":\"https:\/\/psol50.org.br\/\",\"name\":\"PSOL 50\",\"description\":\"Site oficial do Partido Socialismo e Liberdade\",\"publisher\":{\"@id\":\"https:\/\/psol50.org.br\/#organization\"},\"alternateName\":\"PSOL50\",\"potentialAction\":[{\"@type\":\"SearchAction\",\"target\":{\"@type\":\"EntryPoint\",\"urlTemplate\":\"https:\/\/psol50.org.br\/?s={search_term_string}\"},\"query-input\":{\"@type\":\"PropertyValueSpecification\",\"valueRequired\":true,\"valueName\":\"search_term_string\"}}],\"inLanguage\":\"pt-BR\"},{\"@type\":\"Organization\",\"@id\":\"https:\/\/psol50.org.br\/#organization\",\"name\":\"PSOL 50\",\"alternateName\":\"PSOL 50\",\"url\":\"https:\/\/psol50.org.br\/\",\"logo\":{\"@type\":\"ImageObject\",\"inLanguage\":\"pt-BR\",\"@id\":\"https:\/\/psol50.org.br\/#\/schema\/logo\/image\/\",\"url\":\"https:\/\/psol50.org.br\/inc\/uploads\/2018\/07\/capa.png\",\"contentUrl\":\"https:\/\/psol50.org.br\/inc\/uploads\/2018\/07\/capa.png\",\"width\":1350,\"height\":900,\"caption\":\"PSOL 50\"},\"image\":{\"@id\":\"https:\/\/psol50.org.br\/#\/schema\/logo\/image\/\"},\"sameAs\":[\"https:\/\/www.facebook.com\/psol50\",\"https:\/\/x.com\/psol50\",\"https:\/\/www.instagram.com\/psol50\/\",\"https:\/\/www.youtube.com\/channel\/UC7SnJS5o1os7a6CaiNabzcg\"]},{\"@type\":\"Person\",\"@id\":\"https:\/\/psol50.org.br\/#\/schema\/person\/475dfa57d0b815993c714c2e96491fcd\",\"name\":\"Comunica\u00e7\u00e3o PSOL\",\"image\":{\"@type\":\"ImageObject\",\"inLanguage\":\"pt-BR\",\"@id\":\"https:\/\/psol50.org.br\/#\/schema\/person\/image\/\",\"url\":\"https:\/\/secure.gravatar.com\/avatar\/b34fc4f4e468a4e51785917065a3db57b841f5c95dba6ad8c73aaf8f66f8f9bf?s=96&d=mm&r=g\",\"contentUrl\":\"https:\/\/secure.gravatar.com\/avatar\/b34fc4f4e468a4e51785917065a3db57b841f5c95dba6ad8c73aaf8f66f8f9bf?s=96&d=mm&r=g\",\"caption\":\"Comunica\u00e7\u00e3o PSOL\"}}]}<\/script>\n<!-- \/ Yoast SEO plugin. -->","yoast_head_json":{"title":"A desfa\u00e7atez do debate sobre a autonomia do Banco Central - PSOL 50","robots":{"index":"index","follow":"follow","max-snippet":"max-snippet:-1","max-image-preview":"max-image-preview:large","max-video-preview":"max-video-preview:-1"},"canonical":"https:\/\/psol50.org.br\/a-desfacatez-do-debate-sobre-a-autonomia-do-banco-central\/","og_locale":"pt_BR","og_type":"article","og_title":"A desfa\u00e7atez do debate sobre a autonomia do Banco Central - PSOL 50","og_description":"O debate sobre autonomia do Banco Central do Brasil ganhou as manchetes dos notici\u00e1rios. Ent\u00e3o \u00e9 bom lembrar de alguns de seus aspectos. &nbsp; Tucanos sempre defenderam entregar logo para os banqueiros a dire\u00e7\u00e3o da pol\u00edtica monet\u00e1ria e os rumos da economia. Hoje, seus principais economistas s\u00e3o banqueiros ou executivos do capital financeiro e da [&hellip;]","og_url":"https:\/\/psol50.org.br\/a-desfacatez-do-debate-sobre-a-autonomia-do-banco-central\/","og_site_name":"PSOL 50","article_publisher":"https:\/\/www.facebook.com\/psol50","article_published_time":"2014-09-10T00:00:00+00:00","og_image":[{"width":1350,"height":900,"url":"https:\/\/psol50.org.br\/inc\/uploads\/2018\/07\/capa.png","type":"image\/png"}],"author":"Comunica\u00e7\u00e3o PSOL","twitter_card":"summary_large_image","twitter_creator":"@psol50","twitter_site":"@psol50","twitter_misc":{"Escrito por":"Comunica\u00e7\u00e3o PSOL","Est. tempo de leitura":"2 minutos"},"schema":{"@context":"https:\/\/schema.org","@graph":[{"@type":"Article","@id":"https:\/\/psol50.org.br\/a-desfacatez-do-debate-sobre-a-autonomia-do-banco-central\/#article","isPartOf":{"@id":"https:\/\/psol50.org.br\/a-desfacatez-do-debate-sobre-a-autonomia-do-banco-central\/"},"author":{"name":"Comunica\u00e7\u00e3o PSOL","@id":"https:\/\/psol50.org.br\/#\/schema\/person\/475dfa57d0b815993c714c2e96491fcd"},"headline":"A desfa\u00e7atez do debate sobre a autonomia do Banco Central","datePublished":"2014-09-10T00:00:00+00:00","mainEntityOfPage":{"@id":"https:\/\/psol50.org.br\/a-desfacatez-do-debate-sobre-a-autonomia-do-banco-central\/"},"wordCount":322,"commentCount":0,"publisher":{"@id":"https:\/\/psol50.org.br\/#organization"},"keywords":["autonomia","Banco Central","economia","Ivan Valente","mercado financeiro"],"articleSection":["Artigos"],"inLanguage":"pt-BR","potentialAction":[{"@type":"CommentAction","name":"Comment","target":["https:\/\/psol50.org.br\/a-desfacatez-do-debate-sobre-a-autonomia-do-banco-central\/#respond"]}]},{"@type":"WebPage","@id":"https:\/\/psol50.org.br\/a-desfacatez-do-debate-sobre-a-autonomia-do-banco-central\/","url":"https:\/\/psol50.org.br\/a-desfacatez-do-debate-sobre-a-autonomia-do-banco-central\/","name":"A desfa\u00e7atez do debate sobre a autonomia do Banco Central - PSOL 50","isPartOf":{"@id":"https:\/\/psol50.org.br\/#website"},"datePublished":"2014-09-10T00:00:00+00:00","breadcrumb":{"@id":"https:\/\/psol50.org.br\/a-desfacatez-do-debate-sobre-a-autonomia-do-banco-central\/#breadcrumb"},"inLanguage":"pt-BR","potentialAction":[{"@type":"ReadAction","target":["https:\/\/psol50.org.br\/a-desfacatez-do-debate-sobre-a-autonomia-do-banco-central\/"]}]},{"@type":"BreadcrumbList","@id":"https:\/\/psol50.org.br\/a-desfacatez-do-debate-sobre-a-autonomia-do-banco-central\/#breadcrumb","itemListElement":[{"@type":"ListItem","position":1,"name":"In\u00edcio","item":"https:\/\/psol50.org.br\/"},{"@type":"ListItem","position":2,"name":"A desfa\u00e7atez do debate sobre a autonomia do Banco Central"}]},{"@type":"WebSite","@id":"https:\/\/psol50.org.br\/#website","url":"https:\/\/psol50.org.br\/","name":"PSOL 50","description":"Site oficial do Partido Socialismo e Liberdade","publisher":{"@id":"https:\/\/psol50.org.br\/#organization"},"alternateName":"PSOL50","potentialAction":[{"@type":"SearchAction","target":{"@type":"EntryPoint","urlTemplate":"https:\/\/psol50.org.br\/?s={search_term_string}"},"query-input":{"@type":"PropertyValueSpecification","valueRequired":true,"valueName":"search_term_string"}}],"inLanguage":"pt-BR"},{"@type":"Organization","@id":"https:\/\/psol50.org.br\/#organization","name":"PSOL 50","alternateName":"PSOL 50","url":"https:\/\/psol50.org.br\/","logo":{"@type":"ImageObject","inLanguage":"pt-BR","@id":"https:\/\/psol50.org.br\/#\/schema\/logo\/image\/","url":"https:\/\/psol50.org.br\/inc\/uploads\/2018\/07\/capa.png","contentUrl":"https:\/\/psol50.org.br\/inc\/uploads\/2018\/07\/capa.png","width":1350,"height":900,"caption":"PSOL 50"},"image":{"@id":"https:\/\/psol50.org.br\/#\/schema\/logo\/image\/"},"sameAs":["https:\/\/www.facebook.com\/psol50","https:\/\/x.com\/psol50","https:\/\/www.instagram.com\/psol50\/","https:\/\/www.youtube.com\/channel\/UC7SnJS5o1os7a6CaiNabzcg"]},{"@type":"Person","@id":"https:\/\/psol50.org.br\/#\/schema\/person\/475dfa57d0b815993c714c2e96491fcd","name":"Comunica\u00e7\u00e3o PSOL","image":{"@type":"ImageObject","inLanguage":"pt-BR","@id":"https:\/\/psol50.org.br\/#\/schema\/person\/image\/","url":"https:\/\/secure.gravatar.com\/avatar\/b34fc4f4e468a4e51785917065a3db57b841f5c95dba6ad8c73aaf8f66f8f9bf?s=96&d=mm&r=g","contentUrl":"https:\/\/secure.gravatar.com\/avatar\/b34fc4f4e468a4e51785917065a3db57b841f5c95dba6ad8c73aaf8f66f8f9bf?s=96&d=mm&r=g","caption":"Comunica\u00e7\u00e3o PSOL"}}]}},"_links":{"self":[{"href":"https:\/\/psol50.org.br\/rest\/wp\/v2\/posts\/9706","targetHints":{"allow":["GET"]}}],"collection":[{"href":"https:\/\/psol50.org.br\/rest\/wp\/v2\/posts"}],"about":[{"href":"https:\/\/psol50.org.br\/rest\/wp\/v2\/types\/post"}],"author":[{"embeddable":true,"href":"https:\/\/psol50.org.br\/rest\/wp\/v2\/users\/2"}],"replies":[{"embeddable":true,"href":"https:\/\/psol50.org.br\/rest\/wp\/v2\/comments?post=9706"}],"version-history":[{"count":0,"href":"https:\/\/psol50.org.br\/rest\/wp\/v2\/posts\/9706\/revisions"}],"wp:attachment":[{"href":"https:\/\/psol50.org.br\/rest\/wp\/v2\/media?parent=9706"}],"wp:term":[{"taxonomy":"category","embeddable":true,"href":"https:\/\/psol50.org.br\/rest\/wp\/v2\/categories?post=9706"},{"taxonomy":"post_tag","embeddable":true,"href":"https:\/\/psol50.org.br\/rest\/wp\/v2\/tags?post=9706"}],"curies":[{"name":"wp","href":"https:\/\/api.w.org\/{rel}","templated":true}]}}