{"id":971,"date":"2012-01-07T00:00:00","date_gmt":"2012-01-07T00:00:00","guid":{"rendered":"http:\/\/psol50.org.br\/arquivo\/2012\/01\/07\/crianca-indigena-de-8-anos-e-queimada-viva-por-madeireiros\/"},"modified":"2012-01-07T00:00:00","modified_gmt":"2012-01-07T00:00:00","slug":"crianca-indigena-de-8-anos-e-queimada-viva-por-madeireiros","status":"publish","type":"post","link":"https:\/\/psol50.org.br\/crianca-indigena-de-8-anos-e-queimada-viva-por-madeireiros\/","title":{"rendered":"Crian\u00e7a ind\u00edgena de 8 anos \u00e9 queimada viva por madeireiros"},"content":{"rendered":"<table width=\"100%\" border=\"0\" cellspacing=\"0\" cellpadding=\"0\">\n<tbody>\n<tr>\n<td><\/td>\n<\/tr>\n<tr>\n<td>\n<div>\n<div>\n<p><img loading=\"lazy\" decoding=\"async\" class=\"aligncenter\" src=\"http:\/\/diarioliberdade.org\/archivos\/imagenes\/articulos\/0112a\/060112_awa.jpg\" alt=\"060112_awa\" width=\"400\" height=\"300\" \/><\/p>\n<p><a href=\"http:\/\/brasiliamaranhao.wordpress.com\/\" target=\"_blank\" rel=\"noopener\">Blog Conex\u00e3o Bras\u00edlia-Maranh\u00e3o<\/a> &#8211; [Rog\u00e9rio Tomaz Jr.] Quando a bestialidade emerge, fica dif\u00edcil encontrar palavras para descrever qualquer pensamento ou sentimento que tenta compreender um acontecimento como esse.<\/p>\n<\/div>\n<hr width=\"50%\" \/>\n<div>\n<p><em>Nota de Di\u00e1rio Liberdade: As dificuldades de apura\u00e7\u00e3o no Maranh\u00e3o, como se sabe, s\u00e3o imensas. O estado em que reina o cl\u00e3 Sarney tem \u00e0s m\u00e3os todas as institui\u00e7\u00f5es estatais e controla tamb\u00e9m toda a imprensa, al\u00e9m de ter bandos armados a servi\u00e7o dos interesses dos capitalistas deste estado. Ainda assim, duas fontes confirmam a barbaridade ocorrida. Se houver atualiza\u00e7\u00f5es voltaremos a informar aqui. Para quem se interessa em conhecer melhor a realidade do estado do Maranh\u00e3o, recomendamos a leitura do livro do jornalista brasileiro Palm\u00e9rio D\u00f3ria, &#8220;Honor\u00e1veis Bandidos&#8221;.<\/em><\/p>\n<p>Na \u00faltima semana* uma crian\u00e7a de oito anos foi queimada viva por madeireiros em Arame, cidade da regi\u00e3o central do Maranh\u00e3o.<\/p>\n<p>Enquanto a crian\u00e7a \u2013 da etnia awa-guaj\u00e1 \u2013 agonizava, os carrascos se divertiam com a cena.<\/p>\n<p>O caso n\u00e3o vai ganhar capa da Veja ou da Folha de S\u00e3o Paulo. N\u00e3o vai aparecer no Jornal Nacional e n\u00e3o vai merecer um \u201cisso \u00e9 uma vergonha\u201d do Boris Casoy.<\/p>\n<p>Tamb\u00e9m n\u00e3o vai virar TT no Twitter ou viral no Facebook.<\/p>\n<p>N\u00e3o vai ser um tema de rodas de boteco, como o c\u00e3ozinho que foi morto por uma enfermeira.<\/p>\n<p>E, obviamente, n\u00e3o vai gerar qualquer passeata da turma do Cansei ou do Cansei 2 (a turma criada no suco de caranguejo que diz combater a corrup\u00e7\u00e3o usando m\u00e1scara do Guy Fawkes e fazendo carinha de indignada na Avenida Paulista ou na Esplanada dos Minist\u00e9rios).<\/p>\n<p>Entretanto, se amanh\u00e3 ou depois um \u00edndio der um tapa na cara de um fazendeiro ou madeireiro, em Arame ou em qualquer lugar do Brasil, n\u00e3o faltar\u00e3o editoriais \u2013 em jornais, revistas, r\u00e1dios, TVs e portais \u2013 para falar da \u201cselvageria\u201d e das tribos \u201cn\u00e3o civilizadas\u201d e da amea\u00e7a que elas representam para as pessoas de bem e para a democracia.<\/p>\n<p>Mas isso n\u00e3o vai ocorrer.<\/p>\n<p>E as \u201cpessoas de bem\u201d e bem informadas v\u00e3o continuar achando que existe \u201cmuita terra para pouco \u00edndio\u201d e, principalmente, que o progresso no campo \u00e9 o agroneg\u00f3cio. Que modernos s\u00e3o a CNA e a K\u00e1tia Abreu.<\/p>\n<p>A \u00e1rea dos awa-guaj\u00e1 em Arame j\u00e1 est\u00e1 demarcada, mas os latifundi\u00e1rios da regi\u00e3o n\u00e3o se importam com a lei. A lei, ali\u00e1s, s\u00e3o eles que fazem. E ai de quem achar ruim.<\/p>\n<p>Os ruralistas brasileiros \u2013 aqueles que dizem que o atual C\u00f3digo Florestal representa uma amea\u00e7a \u00e0 \u201cclasse produtora\u201d brasileira \u2013 <strong><a href=\"http:\/\/brasiliamaranhao.wordpress.com\/2011\/06\/17\/ruralistas-matam-mst-violento\/\" target=\"_blank\" rel=\"noopener\">matam dois (sem terra ou quilombola ou sindicalista ou ind\u00edgena ou pequeno pescador) por semana<\/a><\/strong>. E o MST (ou os \u00edndios ou os quilombolas) \u00e9 violento. Ou os sindicatos s\u00e3o radicais.<\/p>\n<p>\u2014<\/p>\n<p>Os madeireiros que cobi\u00e7am o territ\u00f3rio dos awa-guaj\u00e1 em Arame n\u00e3o cessam um dia de amea\u00e7ar, intimidade e agredir os \u00edndios.<\/p>\n<p>E a situa\u00e7\u00e3o \u00e9 a mesma em todos os rinc\u00f5es do Brasil onde h\u00e1 um povo ind\u00edgena lutando pela demarca\u00e7\u00e3o da sua \u00e1rea. Ou onde existe uma comunidade quilombola reivindicando a posse do seu territ\u00f3rio ou mesmo resistindo ao ass\u00e9dio de latifundi\u00e1rios que n\u00e3o aceitam as decis\u00f5es do poder p\u00fablico. E o cen\u00e1rio se repete em acampamentos e assentamentos de trabalhadores rurais.<\/p>\n<p>At\u00e9 quando?<\/p>\n<p>\u2014<\/p>\n<p><strong>Atualiza\u00e7\u00e3o \u2013 0h16 (06\/01)<\/strong><\/p>\n<p>As informa\u00e7\u00f5es sobre o epis\u00f3dio foram divulgadas pelo jornal Vias de Fato (<strong><a href=\"http:\/\/www.viasdefato.jor.br\/\" target=\"_blank\" rel=\"noopener\">www.viasdefato.jor.br<\/a><\/strong>), que faz um trabalho muito s\u00e9rio em S\u00e3o Lu\u00eds, especialmente dedicado \u00e0 cobertura da atua\u00e7\u00e3o dos movimentos sociais. No seu perfil no Facebook, uma das coordenadoras do Vias de Fato publicou a foto e a informa\u00e7\u00e3o de que se tratava de uma crian\u00e7a queimada. Estamos apurando e reunindo mais informa\u00e7\u00f5es para publicar assim que poss\u00edvel.<\/p>\n<p>*O crime n\u00e3o ocorreu segunda (3) como informei. No s\u00e1bado (31) o jornal Vias de Fato foi informado do epis\u00f3dio, mas n\u00e3o diz em que dia ocorreu. O Vias est\u00e1 fora do ar (algum problema t\u00e9cnico, creio), mas o cache do Google ainda permite a visualiza\u00e7\u00e3o da nota publicada na noite do s\u00e1bado. <strong><a href=\"http:\/\/webcache.googleusercontent.com\/search?q=cache:5MEm9LxOTyIJ:viasdefato.jor.br\/index.php%3Foption%3Dcom_content%26view%3Darticle%26id%3D973:madeireiros-matam-indio-queimado%26catid%3D4:noticias+&amp;cd=5&amp;hl=pt-BR&amp;ct=clnk\" target=\"_blank\" rel=\"noopener\">Clique aqui<\/a><\/strong>.<\/p>\n<p>H\u00e1 mais uma fonte que confirma o fato, <a href=\"http:\/\/www.facebook.com\/photo.php?fbid=316784851695722&amp;set=a.163225937051615.30967.100000926285273&amp;type=1&amp;theater\">clique aqui<\/a>.<\/p>\n<p><a href=\"http:\/\/diarioliberdade.org\/index.php?option=com_content&amp;view=article&amp;id=23175:crianca-indigena-de-8-anos-e-queimada-viva-por-madeireiros&amp;catid=257:repressom-e-direitos-humanos&amp;Itemid=131\"><strong>*Fonte: Di\u00e1rio Liberdade<\/strong><\/a><\/p>\n<\/div>\n<\/div>\n<\/td>\n<\/tr>\n<\/tbody>\n<\/table>\n","protected":false},"excerpt":{"rendered":"<p>Blog Conex\u00e3o Bras\u00edlia-Maranh\u00e3o &#8211; [Rog\u00e9rio Tomaz Jr.] Quando a bestialidade emerge, fica dif\u00edcil encontrar palavras para descrever qualquer pensamento ou sentimento que tenta compreender um acontecimento como esse. Nota de Di\u00e1rio Liberdade: As dificuldades de apura\u00e7\u00e3o no Maranh\u00e3o, como se sabe, s\u00e3o imensas. O estado em que reina o cl\u00e3 Sarney tem \u00e0s m\u00e3os todas [&hellip;]<\/p>\n","protected":false},"author":2,"featured_media":0,"comment_status":"open","ping_status":"open","sticky":false,"template":"","format":"standard","meta":{"_acf_changed":false,"footnotes":""},"categories":[4766],"tags":[],"class_list":{"0":"post-971","1":"post","2":"type-post","3":"status-publish","4":"format-standard","6":"category-arquivo"},"acf":[],"yoast_head":"<!-- This site is optimized with the Yoast SEO plugin v26.5 - https:\/\/yoast.com\/wordpress\/plugins\/seo\/ -->\n<title>Crian\u00e7a ind\u00edgena de 8 anos \u00e9 queimada viva por madeireiros - PSOL 50<\/title>\n<meta name=\"robots\" content=\"index, follow, max-snippet:-1, max-image-preview:large, max-video-preview:-1\" \/>\n<link rel=\"canonical\" href=\"https:\/\/psol50.org.br\/crianca-indigena-de-8-anos-e-queimada-viva-por-madeireiros\/\" \/>\n<meta property=\"og:locale\" content=\"pt_BR\" \/>\n<meta property=\"og:type\" content=\"article\" \/>\n<meta property=\"og:title\" content=\"Crian\u00e7a ind\u00edgena de 8 anos \u00e9 queimada viva por madeireiros - PSOL 50\" \/>\n<meta property=\"og:description\" content=\"Blog Conex\u00e3o Bras\u00edlia-Maranh\u00e3o &#8211; [Rog\u00e9rio Tomaz Jr.] Quando a bestialidade emerge, fica dif\u00edcil encontrar palavras para descrever qualquer pensamento ou sentimento que tenta compreender um acontecimento como esse. Nota de Di\u00e1rio Liberdade: As dificuldades de apura\u00e7\u00e3o no Maranh\u00e3o, como se sabe, s\u00e3o imensas. O estado em que reina o cl\u00e3 Sarney tem \u00e0s m\u00e3os todas [&hellip;]\" \/>\n<meta property=\"og:url\" content=\"https:\/\/psol50.org.br\/crianca-indigena-de-8-anos-e-queimada-viva-por-madeireiros\/\" \/>\n<meta property=\"og:site_name\" content=\"PSOL 50\" \/>\n<meta property=\"article:publisher\" content=\"https:\/\/www.facebook.com\/psol50\" \/>\n<meta property=\"article:published_time\" content=\"2012-01-07T00:00:00+00:00\" \/>\n<meta property=\"og:image\" content=\"http:\/\/diarioliberdade.org\/archivos\/imagenes\/articulos\/0112a\/060112_awa.jpg\" \/>\n<meta name=\"author\" content=\"Comunica\u00e7\u00e3o PSOL\" \/>\n<meta name=\"twitter:card\" content=\"summary_large_image\" \/>\n<meta name=\"twitter:creator\" content=\"@psol50\" \/>\n<meta name=\"twitter:site\" content=\"@psol50\" \/>\n<meta name=\"twitter:label1\" content=\"Escrito por\" \/>\n\t<meta name=\"twitter:data1\" content=\"Comunica\u00e7\u00e3o PSOL\" \/>\n\t<meta name=\"twitter:label2\" content=\"Est. tempo de leitura\" \/>\n\t<meta name=\"twitter:data2\" content=\"4 minutos\" \/>\n<script type=\"application\/ld+json\" class=\"yoast-schema-graph\">{\"@context\":\"https:\/\/schema.org\",\"@graph\":[{\"@type\":\"Article\",\"@id\":\"https:\/\/psol50.org.br\/crianca-indigena-de-8-anos-e-queimada-viva-por-madeireiros\/#article\",\"isPartOf\":{\"@id\":\"https:\/\/psol50.org.br\/crianca-indigena-de-8-anos-e-queimada-viva-por-madeireiros\/\"},\"author\":{\"name\":\"Comunica\u00e7\u00e3o PSOL\",\"@id\":\"https:\/\/psol50.org.br\/#\/schema\/person\/475dfa57d0b815993c714c2e96491fcd\"},\"headline\":\"Crian\u00e7a ind\u00edgena de 8 anos \u00e9 queimada viva por madeireiros\",\"datePublished\":\"2012-01-07T00:00:00+00:00\",\"mainEntityOfPage\":{\"@id\":\"https:\/\/psol50.org.br\/crianca-indigena-de-8-anos-e-queimada-viva-por-madeireiros\/\"},\"wordCount\":756,\"commentCount\":0,\"publisher\":{\"@id\":\"https:\/\/psol50.org.br\/#organization\"},\"image\":{\"@id\":\"https:\/\/psol50.org.br\/crianca-indigena-de-8-anos-e-queimada-viva-por-madeireiros\/#primaryimage\"},\"thumbnailUrl\":\"http:\/\/diarioliberdade.org\/archivos\/imagenes\/articulos\/0112a\/060112_awa.jpg\",\"articleSection\":[\"Arquivo\"],\"inLanguage\":\"pt-BR\",\"potentialAction\":[{\"@type\":\"CommentAction\",\"name\":\"Comment\",\"target\":[\"https:\/\/psol50.org.br\/crianca-indigena-de-8-anos-e-queimada-viva-por-madeireiros\/#respond\"]}]},{\"@type\":\"WebPage\",\"@id\":\"https:\/\/psol50.org.br\/crianca-indigena-de-8-anos-e-queimada-viva-por-madeireiros\/\",\"url\":\"https:\/\/psol50.org.br\/crianca-indigena-de-8-anos-e-queimada-viva-por-madeireiros\/\",\"name\":\"Crian\u00e7a ind\u00edgena de 8 anos \u00e9 queimada viva por madeireiros - PSOL 50\",\"isPartOf\":{\"@id\":\"https:\/\/psol50.org.br\/#website\"},\"primaryImageOfPage\":{\"@id\":\"https:\/\/psol50.org.br\/crianca-indigena-de-8-anos-e-queimada-viva-por-madeireiros\/#primaryimage\"},\"image\":{\"@id\":\"https:\/\/psol50.org.br\/crianca-indigena-de-8-anos-e-queimada-viva-por-madeireiros\/#primaryimage\"},\"thumbnailUrl\":\"http:\/\/diarioliberdade.org\/archivos\/imagenes\/articulos\/0112a\/060112_awa.jpg\",\"datePublished\":\"2012-01-07T00:00:00+00:00\",\"breadcrumb\":{\"@id\":\"https:\/\/psol50.org.br\/crianca-indigena-de-8-anos-e-queimada-viva-por-madeireiros\/#breadcrumb\"},\"inLanguage\":\"pt-BR\",\"potentialAction\":[{\"@type\":\"ReadAction\",\"target\":[\"https:\/\/psol50.org.br\/crianca-indigena-de-8-anos-e-queimada-viva-por-madeireiros\/\"]}]},{\"@type\":\"ImageObject\",\"inLanguage\":\"pt-BR\",\"@id\":\"https:\/\/psol50.org.br\/crianca-indigena-de-8-anos-e-queimada-viva-por-madeireiros\/#primaryimage\",\"url\":\"http:\/\/diarioliberdade.org\/archivos\/imagenes\/articulos\/0112a\/060112_awa.jpg\",\"contentUrl\":\"http:\/\/diarioliberdade.org\/archivos\/imagenes\/articulos\/0112a\/060112_awa.jpg\"},{\"@type\":\"BreadcrumbList\",\"@id\":\"https:\/\/psol50.org.br\/crianca-indigena-de-8-anos-e-queimada-viva-por-madeireiros\/#breadcrumb\",\"itemListElement\":[{\"@type\":\"ListItem\",\"position\":1,\"name\":\"In\u00edcio\",\"item\":\"https:\/\/psol50.org.br\/\"},{\"@type\":\"ListItem\",\"position\":2,\"name\":\"Crian\u00e7a ind\u00edgena de 8 anos \u00e9 queimada viva por madeireiros\"}]},{\"@type\":\"WebSite\",\"@id\":\"https:\/\/psol50.org.br\/#website\",\"url\":\"https:\/\/psol50.org.br\/\",\"name\":\"PSOL 50\",\"description\":\"Site oficial do Partido Socialismo e Liberdade\",\"publisher\":{\"@id\":\"https:\/\/psol50.org.br\/#organization\"},\"alternateName\":\"PSOL50\",\"potentialAction\":[{\"@type\":\"SearchAction\",\"target\":{\"@type\":\"EntryPoint\",\"urlTemplate\":\"https:\/\/psol50.org.br\/?s={search_term_string}\"},\"query-input\":{\"@type\":\"PropertyValueSpecification\",\"valueRequired\":true,\"valueName\":\"search_term_string\"}}],\"inLanguage\":\"pt-BR\"},{\"@type\":\"Organization\",\"@id\":\"https:\/\/psol50.org.br\/#organization\",\"name\":\"PSOL 50\",\"alternateName\":\"PSOL 50\",\"url\":\"https:\/\/psol50.org.br\/\",\"logo\":{\"@type\":\"ImageObject\",\"inLanguage\":\"pt-BR\",\"@id\":\"https:\/\/psol50.org.br\/#\/schema\/logo\/image\/\",\"url\":\"https:\/\/psol50.org.br\/inc\/uploads\/2018\/07\/capa.png\",\"contentUrl\":\"https:\/\/psol50.org.br\/inc\/uploads\/2018\/07\/capa.png\",\"width\":1350,\"height\":900,\"caption\":\"PSOL 50\"},\"image\":{\"@id\":\"https:\/\/psol50.org.br\/#\/schema\/logo\/image\/\"},\"sameAs\":[\"https:\/\/www.facebook.com\/psol50\",\"https:\/\/x.com\/psol50\",\"https:\/\/www.instagram.com\/psol50\/\",\"https:\/\/www.youtube.com\/channel\/UC7SnJS5o1os7a6CaiNabzcg\"]},{\"@type\":\"Person\",\"@id\":\"https:\/\/psol50.org.br\/#\/schema\/person\/475dfa57d0b815993c714c2e96491fcd\",\"name\":\"Comunica\u00e7\u00e3o PSOL\",\"image\":{\"@type\":\"ImageObject\",\"inLanguage\":\"pt-BR\",\"@id\":\"https:\/\/psol50.org.br\/#\/schema\/person\/image\/\",\"url\":\"https:\/\/secure.gravatar.com\/avatar\/b34fc4f4e468a4e51785917065a3db57b841f5c95dba6ad8c73aaf8f66f8f9bf?s=96&d=mm&r=g\",\"contentUrl\":\"https:\/\/secure.gravatar.com\/avatar\/b34fc4f4e468a4e51785917065a3db57b841f5c95dba6ad8c73aaf8f66f8f9bf?s=96&d=mm&r=g\",\"caption\":\"Comunica\u00e7\u00e3o PSOL\"}}]}<\/script>\n<!-- \/ Yoast SEO plugin. -->","yoast_head_json":{"title":"Crian\u00e7a ind\u00edgena de 8 anos \u00e9 queimada viva por madeireiros - PSOL 50","robots":{"index":"index","follow":"follow","max-snippet":"max-snippet:-1","max-image-preview":"max-image-preview:large","max-video-preview":"max-video-preview:-1"},"canonical":"https:\/\/psol50.org.br\/crianca-indigena-de-8-anos-e-queimada-viva-por-madeireiros\/","og_locale":"pt_BR","og_type":"article","og_title":"Crian\u00e7a ind\u00edgena de 8 anos \u00e9 queimada viva por madeireiros - PSOL 50","og_description":"Blog Conex\u00e3o Bras\u00edlia-Maranh\u00e3o &#8211; [Rog\u00e9rio Tomaz Jr.] Quando a bestialidade emerge, fica dif\u00edcil encontrar palavras para descrever qualquer pensamento ou sentimento que tenta compreender um acontecimento como esse. Nota de Di\u00e1rio Liberdade: As dificuldades de apura\u00e7\u00e3o no Maranh\u00e3o, como se sabe, s\u00e3o imensas. O estado em que reina o cl\u00e3 Sarney tem \u00e0s m\u00e3os todas [&hellip;]","og_url":"https:\/\/psol50.org.br\/crianca-indigena-de-8-anos-e-queimada-viva-por-madeireiros\/","og_site_name":"PSOL 50","article_publisher":"https:\/\/www.facebook.com\/psol50","article_published_time":"2012-01-07T00:00:00+00:00","og_image":[{"url":"http:\/\/diarioliberdade.org\/archivos\/imagenes\/articulos\/0112a\/060112_awa.jpg","type":"","width":"","height":""}],"author":"Comunica\u00e7\u00e3o PSOL","twitter_card":"summary_large_image","twitter_creator":"@psol50","twitter_site":"@psol50","twitter_misc":{"Escrito por":"Comunica\u00e7\u00e3o PSOL","Est. tempo de leitura":"4 minutos"},"schema":{"@context":"https:\/\/schema.org","@graph":[{"@type":"Article","@id":"https:\/\/psol50.org.br\/crianca-indigena-de-8-anos-e-queimada-viva-por-madeireiros\/#article","isPartOf":{"@id":"https:\/\/psol50.org.br\/crianca-indigena-de-8-anos-e-queimada-viva-por-madeireiros\/"},"author":{"name":"Comunica\u00e7\u00e3o PSOL","@id":"https:\/\/psol50.org.br\/#\/schema\/person\/475dfa57d0b815993c714c2e96491fcd"},"headline":"Crian\u00e7a ind\u00edgena de 8 anos \u00e9 queimada viva por madeireiros","datePublished":"2012-01-07T00:00:00+00:00","mainEntityOfPage":{"@id":"https:\/\/psol50.org.br\/crianca-indigena-de-8-anos-e-queimada-viva-por-madeireiros\/"},"wordCount":756,"commentCount":0,"publisher":{"@id":"https:\/\/psol50.org.br\/#organization"},"image":{"@id":"https:\/\/psol50.org.br\/crianca-indigena-de-8-anos-e-queimada-viva-por-madeireiros\/#primaryimage"},"thumbnailUrl":"http:\/\/diarioliberdade.org\/archivos\/imagenes\/articulos\/0112a\/060112_awa.jpg","articleSection":["Arquivo"],"inLanguage":"pt-BR","potentialAction":[{"@type":"CommentAction","name":"Comment","target":["https:\/\/psol50.org.br\/crianca-indigena-de-8-anos-e-queimada-viva-por-madeireiros\/#respond"]}]},{"@type":"WebPage","@id":"https:\/\/psol50.org.br\/crianca-indigena-de-8-anos-e-queimada-viva-por-madeireiros\/","url":"https:\/\/psol50.org.br\/crianca-indigena-de-8-anos-e-queimada-viva-por-madeireiros\/","name":"Crian\u00e7a ind\u00edgena de 8 anos \u00e9 queimada viva por madeireiros - PSOL 50","isPartOf":{"@id":"https:\/\/psol50.org.br\/#website"},"primaryImageOfPage":{"@id":"https:\/\/psol50.org.br\/crianca-indigena-de-8-anos-e-queimada-viva-por-madeireiros\/#primaryimage"},"image":{"@id":"https:\/\/psol50.org.br\/crianca-indigena-de-8-anos-e-queimada-viva-por-madeireiros\/#primaryimage"},"thumbnailUrl":"http:\/\/diarioliberdade.org\/archivos\/imagenes\/articulos\/0112a\/060112_awa.jpg","datePublished":"2012-01-07T00:00:00+00:00","breadcrumb":{"@id":"https:\/\/psol50.org.br\/crianca-indigena-de-8-anos-e-queimada-viva-por-madeireiros\/#breadcrumb"},"inLanguage":"pt-BR","potentialAction":[{"@type":"ReadAction","target":["https:\/\/psol50.org.br\/crianca-indigena-de-8-anos-e-queimada-viva-por-madeireiros\/"]}]},{"@type":"ImageObject","inLanguage":"pt-BR","@id":"https:\/\/psol50.org.br\/crianca-indigena-de-8-anos-e-queimada-viva-por-madeireiros\/#primaryimage","url":"http:\/\/diarioliberdade.org\/archivos\/imagenes\/articulos\/0112a\/060112_awa.jpg","contentUrl":"http:\/\/diarioliberdade.org\/archivos\/imagenes\/articulos\/0112a\/060112_awa.jpg"},{"@type":"BreadcrumbList","@id":"https:\/\/psol50.org.br\/crianca-indigena-de-8-anos-e-queimada-viva-por-madeireiros\/#breadcrumb","itemListElement":[{"@type":"ListItem","position":1,"name":"In\u00edcio","item":"https:\/\/psol50.org.br\/"},{"@type":"ListItem","position":2,"name":"Crian\u00e7a ind\u00edgena de 8 anos \u00e9 queimada viva por madeireiros"}]},{"@type":"WebSite","@id":"https:\/\/psol50.org.br\/#website","url":"https:\/\/psol50.org.br\/","name":"PSOL 50","description":"Site oficial do Partido Socialismo e Liberdade","publisher":{"@id":"https:\/\/psol50.org.br\/#organization"},"alternateName":"PSOL50","potentialAction":[{"@type":"SearchAction","target":{"@type":"EntryPoint","urlTemplate":"https:\/\/psol50.org.br\/?s={search_term_string}"},"query-input":{"@type":"PropertyValueSpecification","valueRequired":true,"valueName":"search_term_string"}}],"inLanguage":"pt-BR"},{"@type":"Organization","@id":"https:\/\/psol50.org.br\/#organization","name":"PSOL 50","alternateName":"PSOL 50","url":"https:\/\/psol50.org.br\/","logo":{"@type":"ImageObject","inLanguage":"pt-BR","@id":"https:\/\/psol50.org.br\/#\/schema\/logo\/image\/","url":"https:\/\/psol50.org.br\/inc\/uploads\/2018\/07\/capa.png","contentUrl":"https:\/\/psol50.org.br\/inc\/uploads\/2018\/07\/capa.png","width":1350,"height":900,"caption":"PSOL 50"},"image":{"@id":"https:\/\/psol50.org.br\/#\/schema\/logo\/image\/"},"sameAs":["https:\/\/www.facebook.com\/psol50","https:\/\/x.com\/psol50","https:\/\/www.instagram.com\/psol50\/","https:\/\/www.youtube.com\/channel\/UC7SnJS5o1os7a6CaiNabzcg"]},{"@type":"Person","@id":"https:\/\/psol50.org.br\/#\/schema\/person\/475dfa57d0b815993c714c2e96491fcd","name":"Comunica\u00e7\u00e3o PSOL","image":{"@type":"ImageObject","inLanguage":"pt-BR","@id":"https:\/\/psol50.org.br\/#\/schema\/person\/image\/","url":"https:\/\/secure.gravatar.com\/avatar\/b34fc4f4e468a4e51785917065a3db57b841f5c95dba6ad8c73aaf8f66f8f9bf?s=96&d=mm&r=g","contentUrl":"https:\/\/secure.gravatar.com\/avatar\/b34fc4f4e468a4e51785917065a3db57b841f5c95dba6ad8c73aaf8f66f8f9bf?s=96&d=mm&r=g","caption":"Comunica\u00e7\u00e3o PSOL"}}]}},"_links":{"self":[{"href":"https:\/\/psol50.org.br\/rest\/wp\/v2\/posts\/971","targetHints":{"allow":["GET"]}}],"collection":[{"href":"https:\/\/psol50.org.br\/rest\/wp\/v2\/posts"}],"about":[{"href":"https:\/\/psol50.org.br\/rest\/wp\/v2\/types\/post"}],"author":[{"embeddable":true,"href":"https:\/\/psol50.org.br\/rest\/wp\/v2\/users\/2"}],"replies":[{"embeddable":true,"href":"https:\/\/psol50.org.br\/rest\/wp\/v2\/comments?post=971"}],"version-history":[{"count":0,"href":"https:\/\/psol50.org.br\/rest\/wp\/v2\/posts\/971\/revisions"}],"wp:attachment":[{"href":"https:\/\/psol50.org.br\/rest\/wp\/v2\/media?parent=971"}],"wp:term":[{"taxonomy":"category","embeddable":true,"href":"https:\/\/psol50.org.br\/rest\/wp\/v2\/categories?post=971"},{"taxonomy":"post_tag","embeddable":true,"href":"https:\/\/psol50.org.br\/rest\/wp\/v2\/tags?post=971"}],"curies":[{"name":"wp","href":"https:\/\/api.w.org\/{rel}","templated":true}]}}