{"id":972,"date":"2012-01-09T00:00:00","date_gmt":"2012-01-09T00:00:00","guid":{"rendered":"http:\/\/psol50.org.br\/arquivo\/2012\/01\/09\/pm-me-escolheu-porque-eu-era-o-unico-negro-diz-estudante-agredido-na-usp\/"},"modified":"2012-01-09T00:00:00","modified_gmt":"2012-01-09T00:00:00","slug":"pm-me-escolheu-porque-eu-era-o-unico-negro-diz-estudante-agredido-na-usp","status":"publish","type":"post","link":"https:\/\/psol50.org.br\/pm-me-escolheu-porque-eu-era-o-unico-negro-diz-estudante-agredido-na-usp\/","title":{"rendered":"\u201cPM me escolheu porque eu era o \u00fanico negro\u201d, diz estudante agredido na USP"},"content":{"rendered":"<p style=\"text-align: justify\"><a href=\"http:\/\/psol50.org.br\/blog\/2012\/01\/09\/%e2%80%9cpm-me-escolheu-porque-eu-era-o-unico-negro%e2%80%9d-diz-estudante-agredido-na-usp\/nicolasbarreto1a\/\" rel=\"attachment wp-att-13097\"><img loading=\"lazy\" decoding=\"async\" class=\"aligncenter size-full wp-image-13097\" src=\"http:\/\/psol50.org.br\/files\/2012\/01\/NicolasBarreto1a.jpg\" alt=\"\" width=\"400\" height=\"273\" \/><\/a>\u00d3rf\u00e3o de pai desde os 15 anos, Nicolas Menezes Barreto sabe bem o que \u00e9 trabalhar. Ele \u00e9 m\u00fasico e professor da rede municipal de ensino, na zona leste \u2013 em condi\u00e7\u00e3o provis\u00f3ria, pois ainda n\u00e3o \u00e9 formado. Ele prestou M\u00fasica, mas entrou na segunda op\u00e7\u00e3o no vestibular da Fuvest. Cursa Ci\u00eancias da Natureza na EACH (Escola de Artes, Ci\u00eancias e Humanidades), na USP-Leste.<\/p>\n<p style=\"text-align: justify\">Nicolas foi agredido por um sargento da PM, nesta segunda-feira, durante a desocupa\u00e7\u00e3o da antiga sede do DCE Livre, o DCE ocupado \u2013 a alguns metros da sede da reitoria da USP.\u00a0\u201cEu era o \u00fanico negro l\u00e1, com dread\u201d, disse ele ao blog<em>Outro Brasil<\/em>, por telefone, no fim da tarde.<\/p>\n<p style=\"text-align: justify\">A palavra dread remete ao estilo de cabelo rastafari. \u201cSem d\u00favida foi racismo. Ele foi falar comigo porque pensou que eu n\u00e3o era um estudante, e sim um traficante, algo assim. Tanto que se surpreendeu quando viu que eu era estudante\u201d.<\/p>\n<p style=\"text-align: justify\">Ele conta que um guarda universit\u00e1rio ajudou o PM a segur\u00e1-lo, durante a agress\u00e3o \u2013 naquele momento as imagens aparecem um pouco mais distantes no v\u00eddeo. Sobre o sargento que o agrediu, ele afirma: \u201cO cara estava virado no capeta, n\u00e3o sei o que acontece. Tem de pagar as contas tamb\u00e9m, n\u00e9. Mas n\u00e3o aceito.\u201d<\/p>\n<p style=\"text-align: justify\">Nicolas diz que \u00e9 conhecido dos guardas universit\u00e1rios. At\u00e9 por ter sido um dos 73 estudantes presos durante a desocupa\u00e7\u00e3o da reitoria, no in\u00edcio de novembro.<em><br \/>\n<\/em><br \/>\n<em>&#8211; Agora estou aqui, na endorfina, na adrenalina, tentando me livrar desse susto. Tive algumas escoria\u00e7\u00f5es, arranh\u00f5es, cortes na m\u00e3o. Mas fiquei com medo de ir \u00e0 delegacia sozinho. Como tem o v\u00eddeo vou fazer depois o exame de corpo de delito. Estou esperando o advogado para ir fazer o boletim de ocorr\u00eancia.<\/em><\/p>\n<p style=\"text-align: justify\">O estudante conta que n\u00e3o falou nada demais na hora em que o policial avan\u00e7a em sua dire\u00e7\u00e3o. \u201cQuando eu falo no v\u00eddeo, com o punho da m\u00e3o fechado, estava dizendo que n\u00f3s est\u00e1vamos cuidando do espa\u00e7o e que n\u00e3o precis\u00e1vamos da reforma da reitoria. Ele n\u00e3o entendeu isso e veio pra cima de mim\u201d.<\/p>\n<p style=\"text-align: justify\">O sargento pediu o documento e Nicolas disse que sua palavra bastava. \u201cA\u00ed ele me puxou da bancada\u201d, confirmando o que se v\u00ea e ouve no\u00a0<a href=\"http:\/\/alceucastilho.blogspot.com\/2012\/01\/videos-mostram-pm-agredindo-estudantes.html#uds-search-results\" target=\"_blank\" rel=\"noopener\">v\u00eddeo<\/a>\u00a0veiculado pela internet. \u201cTentei me defender para n\u00e3o tomar um tapa na cara \u2013 ou um tiro na barriga, pois ele me apontou a arma\u201d.<\/p>\n<p style=\"text-align: justify\">Nicolas fala com orgulho de seu projeto como m\u00fasico, a banda\u00a0<a href=\"http:\/\/www.myspace.com\/bandabrs\" target=\"_blank\" rel=\"noopener\">BRs<\/a>. O s\u00edmbolo da banda tem um quadradinho antes do \u201cs\u201d. Ele conta que sua m\u00e3e insiste, diante das dificuldades, para ele priorizar o trabalho \u2013 pois a fam\u00edlia depende de sua renda.\u00a0Mesmo assim ele tenta conciliar tudo. \u201cMinha m\u00e3e sabe da minha luta\u201d.<\/p>\n<p style=\"text-align: justify\">O estudante atendeu a reportagem agitado, mesmo depois de uma noite sem sono \u2013 os estudantes ficaram em vig\u00edlia nas \u00faltimas noites, por conta da amea\u00e7a de nova desocupa\u00e7\u00e3o do espa\u00e7o.<\/p>\n<p style=\"text-align: justify\">Antes de desligar o telefone, ainda falou do momento \u201csinistro\u201d que vivem os alunos da USP durante a gest\u00e3o de Jo\u00e3o Grandino Rodas. E se declarou\u00a0preocupado com a cobertura da m\u00eddia. J\u00e1 sabe que alguns ve\u00edculos o definiram como \u201csuposto\u201d estudante. \u201c\u00c0s vezes o rep\u00f3rter est\u00e1 bem intencionado, mas n\u00e3o sabemos como vai ser a edi\u00e7\u00e3o\u201d.<\/p>\n<p style=\"text-align: justify\"><a href=\"http:\/\/www.youtube.com\/watch?v=iNAolrMSioU&amp;feature=player_embedded\"><strong>Clique aqui e veja:<\/strong><br \/>\n<strong> V\u00eddeo mostra PM agredindo estudantes na Cidade Universit\u00e1ria<\/strong><\/a><\/p>\n<p style=\"text-align: justify\"><a href=\"http:\/\/usplivre.org.br\/2012\/01\/09\/pm-me-escolheu-porque-eu-era-o-unico-negro-diz-estudante-agredido-na-usp\/\"><strong>*Fonte: Jornal da USP Livre<\/strong><\/a><\/p>\n","protected":false},"excerpt":{"rendered":"<p>\u00d3rf\u00e3o de pai desde os 15 anos, Nicolas Menezes Barreto sabe bem o que \u00e9 trabalhar. Ele \u00e9 m\u00fasico e professor da rede municipal de ensino, na zona leste \u2013 em condi\u00e7\u00e3o provis\u00f3ria, pois ainda n\u00e3o \u00e9 formado. Ele prestou M\u00fasica, mas entrou na segunda op\u00e7\u00e3o no vestibular da Fuvest. Cursa Ci\u00eancias da Natureza na [&hellip;]<\/p>\n","protected":false},"author":2,"featured_media":0,"comment_status":"open","ping_status":"open","sticky":false,"template":"","format":"standard","meta":{"_acf_changed":false,"footnotes":""},"categories":[4766],"tags":[],"class_list":{"0":"post-972","1":"post","2":"type-post","3":"status-publish","4":"format-standard","6":"category-arquivo"},"acf":[],"yoast_head":"<!-- This site is optimized with the Yoast SEO plugin v26.5 - https:\/\/yoast.com\/wordpress\/plugins\/seo\/ -->\n<title>\u201cPM me escolheu porque eu era o \u00fanico negro\u201d, diz estudante agredido na USP - PSOL 50<\/title>\n<meta name=\"robots\" content=\"index, follow, max-snippet:-1, max-image-preview:large, max-video-preview:-1\" \/>\n<link rel=\"canonical\" href=\"https:\/\/psol50.org.br\/pm-me-escolheu-porque-eu-era-o-unico-negro-diz-estudante-agredido-na-usp\/\" \/>\n<meta property=\"og:locale\" content=\"pt_BR\" \/>\n<meta property=\"og:type\" content=\"article\" \/>\n<meta property=\"og:title\" content=\"\u201cPM me escolheu porque eu era o \u00fanico negro\u201d, diz estudante agredido na USP - PSOL 50\" \/>\n<meta property=\"og:description\" content=\"\u00d3rf\u00e3o de pai desde os 15 anos, Nicolas Menezes Barreto sabe bem o que \u00e9 trabalhar. Ele \u00e9 m\u00fasico e professor da rede municipal de ensino, na zona leste \u2013 em condi\u00e7\u00e3o provis\u00f3ria, pois ainda n\u00e3o \u00e9 formado. Ele prestou M\u00fasica, mas entrou na segunda op\u00e7\u00e3o no vestibular da Fuvest. Cursa Ci\u00eancias da Natureza na [&hellip;]\" \/>\n<meta property=\"og:url\" content=\"https:\/\/psol50.org.br\/pm-me-escolheu-porque-eu-era-o-unico-negro-diz-estudante-agredido-na-usp\/\" \/>\n<meta property=\"og:site_name\" content=\"PSOL 50\" \/>\n<meta property=\"article:publisher\" content=\"https:\/\/www.facebook.com\/psol50\" \/>\n<meta property=\"article:published_time\" content=\"2012-01-09T00:00:00+00:00\" \/>\n<meta property=\"og:image\" content=\"http:\/\/psol50.org.br\/files\/2012\/01\/NicolasBarreto1a.jpg\" \/>\n<meta name=\"author\" content=\"Comunica\u00e7\u00e3o PSOL\" \/>\n<meta name=\"twitter:card\" content=\"summary_large_image\" \/>\n<meta name=\"twitter:creator\" content=\"@psol50\" \/>\n<meta name=\"twitter:site\" content=\"@psol50\" \/>\n<meta name=\"twitter:label1\" content=\"Escrito por\" \/>\n\t<meta name=\"twitter:data1\" content=\"Comunica\u00e7\u00e3o PSOL\" \/>\n\t<meta name=\"twitter:label2\" content=\"Est. tempo de leitura\" \/>\n\t<meta name=\"twitter:data2\" content=\"3 minutos\" \/>\n<script type=\"application\/ld+json\" class=\"yoast-schema-graph\">{\"@context\":\"https:\/\/schema.org\",\"@graph\":[{\"@type\":\"Article\",\"@id\":\"https:\/\/psol50.org.br\/pm-me-escolheu-porque-eu-era-o-unico-negro-diz-estudante-agredido-na-usp\/#article\",\"isPartOf\":{\"@id\":\"https:\/\/psol50.org.br\/pm-me-escolheu-porque-eu-era-o-unico-negro-diz-estudante-agredido-na-usp\/\"},\"author\":{\"name\":\"Comunica\u00e7\u00e3o PSOL\",\"@id\":\"https:\/\/psol50.org.br\/#\/schema\/person\/475dfa57d0b815993c714c2e96491fcd\"},\"headline\":\"\u201cPM me escolheu porque eu era o \u00fanico negro\u201d, diz estudante agredido na USP\",\"datePublished\":\"2012-01-09T00:00:00+00:00\",\"mainEntityOfPage\":{\"@id\":\"https:\/\/psol50.org.br\/pm-me-escolheu-porque-eu-era-o-unico-negro-diz-estudante-agredido-na-usp\/\"},\"wordCount\":617,\"commentCount\":0,\"publisher\":{\"@id\":\"https:\/\/psol50.org.br\/#organization\"},\"image\":{\"@id\":\"https:\/\/psol50.org.br\/pm-me-escolheu-porque-eu-era-o-unico-negro-diz-estudante-agredido-na-usp\/#primaryimage\"},\"thumbnailUrl\":\"http:\/\/psol50.org.br\/files\/2012\/01\/NicolasBarreto1a.jpg\",\"articleSection\":[\"Arquivo\"],\"inLanguage\":\"pt-BR\",\"potentialAction\":[{\"@type\":\"CommentAction\",\"name\":\"Comment\",\"target\":[\"https:\/\/psol50.org.br\/pm-me-escolheu-porque-eu-era-o-unico-negro-diz-estudante-agredido-na-usp\/#respond\"]}]},{\"@type\":\"WebPage\",\"@id\":\"https:\/\/psol50.org.br\/pm-me-escolheu-porque-eu-era-o-unico-negro-diz-estudante-agredido-na-usp\/\",\"url\":\"https:\/\/psol50.org.br\/pm-me-escolheu-porque-eu-era-o-unico-negro-diz-estudante-agredido-na-usp\/\",\"name\":\"\u201cPM me escolheu porque eu era o \u00fanico negro\u201d, diz estudante agredido na USP - PSOL 50\",\"isPartOf\":{\"@id\":\"https:\/\/psol50.org.br\/#website\"},\"primaryImageOfPage\":{\"@id\":\"https:\/\/psol50.org.br\/pm-me-escolheu-porque-eu-era-o-unico-negro-diz-estudante-agredido-na-usp\/#primaryimage\"},\"image\":{\"@id\":\"https:\/\/psol50.org.br\/pm-me-escolheu-porque-eu-era-o-unico-negro-diz-estudante-agredido-na-usp\/#primaryimage\"},\"thumbnailUrl\":\"http:\/\/psol50.org.br\/files\/2012\/01\/NicolasBarreto1a.jpg\",\"datePublished\":\"2012-01-09T00:00:00+00:00\",\"breadcrumb\":{\"@id\":\"https:\/\/psol50.org.br\/pm-me-escolheu-porque-eu-era-o-unico-negro-diz-estudante-agredido-na-usp\/#breadcrumb\"},\"inLanguage\":\"pt-BR\",\"potentialAction\":[{\"@type\":\"ReadAction\",\"target\":[\"https:\/\/psol50.org.br\/pm-me-escolheu-porque-eu-era-o-unico-negro-diz-estudante-agredido-na-usp\/\"]}]},{\"@type\":\"ImageObject\",\"inLanguage\":\"pt-BR\",\"@id\":\"https:\/\/psol50.org.br\/pm-me-escolheu-porque-eu-era-o-unico-negro-diz-estudante-agredido-na-usp\/#primaryimage\",\"url\":\"http:\/\/psol50.org.br\/files\/2012\/01\/NicolasBarreto1a.jpg\",\"contentUrl\":\"http:\/\/psol50.org.br\/files\/2012\/01\/NicolasBarreto1a.jpg\"},{\"@type\":\"BreadcrumbList\",\"@id\":\"https:\/\/psol50.org.br\/pm-me-escolheu-porque-eu-era-o-unico-negro-diz-estudante-agredido-na-usp\/#breadcrumb\",\"itemListElement\":[{\"@type\":\"ListItem\",\"position\":1,\"name\":\"In\u00edcio\",\"item\":\"https:\/\/psol50.org.br\/\"},{\"@type\":\"ListItem\",\"position\":2,\"name\":\"\u201cPM me escolheu porque eu era o \u00fanico negro\u201d, diz estudante agredido na USP\"}]},{\"@type\":\"WebSite\",\"@id\":\"https:\/\/psol50.org.br\/#website\",\"url\":\"https:\/\/psol50.org.br\/\",\"name\":\"PSOL 50\",\"description\":\"Site oficial do Partido Socialismo e Liberdade\",\"publisher\":{\"@id\":\"https:\/\/psol50.org.br\/#organization\"},\"alternateName\":\"PSOL50\",\"potentialAction\":[{\"@type\":\"SearchAction\",\"target\":{\"@type\":\"EntryPoint\",\"urlTemplate\":\"https:\/\/psol50.org.br\/?s={search_term_string}\"},\"query-input\":{\"@type\":\"PropertyValueSpecification\",\"valueRequired\":true,\"valueName\":\"search_term_string\"}}],\"inLanguage\":\"pt-BR\"},{\"@type\":\"Organization\",\"@id\":\"https:\/\/psol50.org.br\/#organization\",\"name\":\"PSOL 50\",\"alternateName\":\"PSOL 50\",\"url\":\"https:\/\/psol50.org.br\/\",\"logo\":{\"@type\":\"ImageObject\",\"inLanguage\":\"pt-BR\",\"@id\":\"https:\/\/psol50.org.br\/#\/schema\/logo\/image\/\",\"url\":\"https:\/\/psol50.org.br\/inc\/uploads\/2018\/07\/capa.png\",\"contentUrl\":\"https:\/\/psol50.org.br\/inc\/uploads\/2018\/07\/capa.png\",\"width\":1350,\"height\":900,\"caption\":\"PSOL 50\"},\"image\":{\"@id\":\"https:\/\/psol50.org.br\/#\/schema\/logo\/image\/\"},\"sameAs\":[\"https:\/\/www.facebook.com\/psol50\",\"https:\/\/x.com\/psol50\",\"https:\/\/www.instagram.com\/psol50\/\",\"https:\/\/www.youtube.com\/channel\/UC7SnJS5o1os7a6CaiNabzcg\"]},{\"@type\":\"Person\",\"@id\":\"https:\/\/psol50.org.br\/#\/schema\/person\/475dfa57d0b815993c714c2e96491fcd\",\"name\":\"Comunica\u00e7\u00e3o PSOL\",\"image\":{\"@type\":\"ImageObject\",\"inLanguage\":\"pt-BR\",\"@id\":\"https:\/\/psol50.org.br\/#\/schema\/person\/image\/\",\"url\":\"https:\/\/secure.gravatar.com\/avatar\/b34fc4f4e468a4e51785917065a3db57b841f5c95dba6ad8c73aaf8f66f8f9bf?s=96&d=mm&r=g\",\"contentUrl\":\"https:\/\/secure.gravatar.com\/avatar\/b34fc4f4e468a4e51785917065a3db57b841f5c95dba6ad8c73aaf8f66f8f9bf?s=96&d=mm&r=g\",\"caption\":\"Comunica\u00e7\u00e3o PSOL\"}}]}<\/script>\n<!-- \/ Yoast SEO plugin. -->","yoast_head_json":{"title":"\u201cPM me escolheu porque eu era o \u00fanico negro\u201d, diz estudante agredido na USP - PSOL 50","robots":{"index":"index","follow":"follow","max-snippet":"max-snippet:-1","max-image-preview":"max-image-preview:large","max-video-preview":"max-video-preview:-1"},"canonical":"https:\/\/psol50.org.br\/pm-me-escolheu-porque-eu-era-o-unico-negro-diz-estudante-agredido-na-usp\/","og_locale":"pt_BR","og_type":"article","og_title":"\u201cPM me escolheu porque eu era o \u00fanico negro\u201d, diz estudante agredido na USP - PSOL 50","og_description":"\u00d3rf\u00e3o de pai desde os 15 anos, Nicolas Menezes Barreto sabe bem o que \u00e9 trabalhar. Ele \u00e9 m\u00fasico e professor da rede municipal de ensino, na zona leste \u2013 em condi\u00e7\u00e3o provis\u00f3ria, pois ainda n\u00e3o \u00e9 formado. Ele prestou M\u00fasica, mas entrou na segunda op\u00e7\u00e3o no vestibular da Fuvest. Cursa Ci\u00eancias da Natureza na [&hellip;]","og_url":"https:\/\/psol50.org.br\/pm-me-escolheu-porque-eu-era-o-unico-negro-diz-estudante-agredido-na-usp\/","og_site_name":"PSOL 50","article_publisher":"https:\/\/www.facebook.com\/psol50","article_published_time":"2012-01-09T00:00:00+00:00","og_image":[{"url":"http:\/\/psol50.org.br\/files\/2012\/01\/NicolasBarreto1a.jpg","type":"","width":"","height":""}],"author":"Comunica\u00e7\u00e3o PSOL","twitter_card":"summary_large_image","twitter_creator":"@psol50","twitter_site":"@psol50","twitter_misc":{"Escrito por":"Comunica\u00e7\u00e3o PSOL","Est. tempo de leitura":"3 minutos"},"schema":{"@context":"https:\/\/schema.org","@graph":[{"@type":"Article","@id":"https:\/\/psol50.org.br\/pm-me-escolheu-porque-eu-era-o-unico-negro-diz-estudante-agredido-na-usp\/#article","isPartOf":{"@id":"https:\/\/psol50.org.br\/pm-me-escolheu-porque-eu-era-o-unico-negro-diz-estudante-agredido-na-usp\/"},"author":{"name":"Comunica\u00e7\u00e3o PSOL","@id":"https:\/\/psol50.org.br\/#\/schema\/person\/475dfa57d0b815993c714c2e96491fcd"},"headline":"\u201cPM me escolheu porque eu era o \u00fanico negro\u201d, diz estudante agredido na USP","datePublished":"2012-01-09T00:00:00+00:00","mainEntityOfPage":{"@id":"https:\/\/psol50.org.br\/pm-me-escolheu-porque-eu-era-o-unico-negro-diz-estudante-agredido-na-usp\/"},"wordCount":617,"commentCount":0,"publisher":{"@id":"https:\/\/psol50.org.br\/#organization"},"image":{"@id":"https:\/\/psol50.org.br\/pm-me-escolheu-porque-eu-era-o-unico-negro-diz-estudante-agredido-na-usp\/#primaryimage"},"thumbnailUrl":"http:\/\/psol50.org.br\/files\/2012\/01\/NicolasBarreto1a.jpg","articleSection":["Arquivo"],"inLanguage":"pt-BR","potentialAction":[{"@type":"CommentAction","name":"Comment","target":["https:\/\/psol50.org.br\/pm-me-escolheu-porque-eu-era-o-unico-negro-diz-estudante-agredido-na-usp\/#respond"]}]},{"@type":"WebPage","@id":"https:\/\/psol50.org.br\/pm-me-escolheu-porque-eu-era-o-unico-negro-diz-estudante-agredido-na-usp\/","url":"https:\/\/psol50.org.br\/pm-me-escolheu-porque-eu-era-o-unico-negro-diz-estudante-agredido-na-usp\/","name":"\u201cPM me escolheu porque eu era o \u00fanico negro\u201d, diz estudante agredido na USP - PSOL 50","isPartOf":{"@id":"https:\/\/psol50.org.br\/#website"},"primaryImageOfPage":{"@id":"https:\/\/psol50.org.br\/pm-me-escolheu-porque-eu-era-o-unico-negro-diz-estudante-agredido-na-usp\/#primaryimage"},"image":{"@id":"https:\/\/psol50.org.br\/pm-me-escolheu-porque-eu-era-o-unico-negro-diz-estudante-agredido-na-usp\/#primaryimage"},"thumbnailUrl":"http:\/\/psol50.org.br\/files\/2012\/01\/NicolasBarreto1a.jpg","datePublished":"2012-01-09T00:00:00+00:00","breadcrumb":{"@id":"https:\/\/psol50.org.br\/pm-me-escolheu-porque-eu-era-o-unico-negro-diz-estudante-agredido-na-usp\/#breadcrumb"},"inLanguage":"pt-BR","potentialAction":[{"@type":"ReadAction","target":["https:\/\/psol50.org.br\/pm-me-escolheu-porque-eu-era-o-unico-negro-diz-estudante-agredido-na-usp\/"]}]},{"@type":"ImageObject","inLanguage":"pt-BR","@id":"https:\/\/psol50.org.br\/pm-me-escolheu-porque-eu-era-o-unico-negro-diz-estudante-agredido-na-usp\/#primaryimage","url":"http:\/\/psol50.org.br\/files\/2012\/01\/NicolasBarreto1a.jpg","contentUrl":"http:\/\/psol50.org.br\/files\/2012\/01\/NicolasBarreto1a.jpg"},{"@type":"BreadcrumbList","@id":"https:\/\/psol50.org.br\/pm-me-escolheu-porque-eu-era-o-unico-negro-diz-estudante-agredido-na-usp\/#breadcrumb","itemListElement":[{"@type":"ListItem","position":1,"name":"In\u00edcio","item":"https:\/\/psol50.org.br\/"},{"@type":"ListItem","position":2,"name":"\u201cPM me escolheu porque eu era o \u00fanico negro\u201d, diz estudante agredido na USP"}]},{"@type":"WebSite","@id":"https:\/\/psol50.org.br\/#website","url":"https:\/\/psol50.org.br\/","name":"PSOL 50","description":"Site oficial do Partido Socialismo e Liberdade","publisher":{"@id":"https:\/\/psol50.org.br\/#organization"},"alternateName":"PSOL50","potentialAction":[{"@type":"SearchAction","target":{"@type":"EntryPoint","urlTemplate":"https:\/\/psol50.org.br\/?s={search_term_string}"},"query-input":{"@type":"PropertyValueSpecification","valueRequired":true,"valueName":"search_term_string"}}],"inLanguage":"pt-BR"},{"@type":"Organization","@id":"https:\/\/psol50.org.br\/#organization","name":"PSOL 50","alternateName":"PSOL 50","url":"https:\/\/psol50.org.br\/","logo":{"@type":"ImageObject","inLanguage":"pt-BR","@id":"https:\/\/psol50.org.br\/#\/schema\/logo\/image\/","url":"https:\/\/psol50.org.br\/inc\/uploads\/2018\/07\/capa.png","contentUrl":"https:\/\/psol50.org.br\/inc\/uploads\/2018\/07\/capa.png","width":1350,"height":900,"caption":"PSOL 50"},"image":{"@id":"https:\/\/psol50.org.br\/#\/schema\/logo\/image\/"},"sameAs":["https:\/\/www.facebook.com\/psol50","https:\/\/x.com\/psol50","https:\/\/www.instagram.com\/psol50\/","https:\/\/www.youtube.com\/channel\/UC7SnJS5o1os7a6CaiNabzcg"]},{"@type":"Person","@id":"https:\/\/psol50.org.br\/#\/schema\/person\/475dfa57d0b815993c714c2e96491fcd","name":"Comunica\u00e7\u00e3o PSOL","image":{"@type":"ImageObject","inLanguage":"pt-BR","@id":"https:\/\/psol50.org.br\/#\/schema\/person\/image\/","url":"https:\/\/secure.gravatar.com\/avatar\/b34fc4f4e468a4e51785917065a3db57b841f5c95dba6ad8c73aaf8f66f8f9bf?s=96&d=mm&r=g","contentUrl":"https:\/\/secure.gravatar.com\/avatar\/b34fc4f4e468a4e51785917065a3db57b841f5c95dba6ad8c73aaf8f66f8f9bf?s=96&d=mm&r=g","caption":"Comunica\u00e7\u00e3o PSOL"}}]}},"_links":{"self":[{"href":"https:\/\/psol50.org.br\/rest\/wp\/v2\/posts\/972","targetHints":{"allow":["GET"]}}],"collection":[{"href":"https:\/\/psol50.org.br\/rest\/wp\/v2\/posts"}],"about":[{"href":"https:\/\/psol50.org.br\/rest\/wp\/v2\/types\/post"}],"author":[{"embeddable":true,"href":"https:\/\/psol50.org.br\/rest\/wp\/v2\/users\/2"}],"replies":[{"embeddable":true,"href":"https:\/\/psol50.org.br\/rest\/wp\/v2\/comments?post=972"}],"version-history":[{"count":0,"href":"https:\/\/psol50.org.br\/rest\/wp\/v2\/posts\/972\/revisions"}],"wp:attachment":[{"href":"https:\/\/psol50.org.br\/rest\/wp\/v2\/media?parent=972"}],"wp:term":[{"taxonomy":"category","embeddable":true,"href":"https:\/\/psol50.org.br\/rest\/wp\/v2\/categories?post=972"},{"taxonomy":"post_tag","embeddable":true,"href":"https:\/\/psol50.org.br\/rest\/wp\/v2\/tags?post=972"}],"curies":[{"name":"wp","href":"https:\/\/api.w.org\/{rel}","templated":true}]}}