{"id":9722,"date":"2014-10-21T00:00:00","date_gmt":"2014-10-21T00:00:00","guid":{"rendered":"http:\/\/psol50.org.br\/arquivo\/2014\/10\/21\/nao-ao-retrocesso-avancar-na-luta\/"},"modified":"2014-10-21T00:00:00","modified_gmt":"2014-10-21T00:00:00","slug":"nao-ao-retrocesso-avancar-na-luta","status":"publish","type":"post","link":"https:\/\/psol50.org.br\/nao-ao-retrocesso-avancar-na-luta\/","title":{"rendered":"N\u00e3o ao retrocesso. Avan\u00e7ar na luta!"},"content":{"rendered":"<p style=\"text-align: justify;\">\n\t<span style=\"font-family:arial,helvetica,sans-serif;\"><span style=\"font-size: 12px;\">Em 2013 milh\u00f5es de pessoas foram \u00e0s ruas reivindicando mais direitos. Os slogans mais conhecidos que ficavam nos cartazes \u201cN\u00e3o \u00e9 s\u00f3 por R$0,20 centavos\u201d, \u201cSa\u00fade e Educa\u00e7\u00e3o Padr\u00e3o Fifa\u201d mostravam como as chamadas Jornadas de Junho carregam em si elementos progressivos e de esquerda, pois lutavam por mais direitos.<br \/>\n\t&nbsp;<br \/>\n\tEntretanto, como ocorre em manifesta\u00e7\u00f5es de massa, haviam diversas contradi\u00e7\u00f5es advindas das manifesta\u00e7\u00f5es. O maior exemplo disso era o recha\u00e7o aos partidos pol\u00edticos e aos movimentos sociais organizados nas manifesta\u00e7\u00f5es.<br \/>\n\t&nbsp;<br \/>\n\tNo ano seguinte \u00e0s manifesta\u00e7\u00f5es, os protestos contra as remo\u00e7\u00f5es ocorridas por conta da Copa e das Olimp\u00edadas ao inv\u00e9s de milh\u00f5es, reuniu milhares. Mesmo assim, Movimentos Sociais como o MTST fizeram diversas manifesta\u00e7\u00f5es mostrando o peso do movimento social organizado nesta conjuntura. Al\u00e9m disso, diversas greves sacudiram o segundo semestre de 2013 e o primeiro semestre de 2014. Em 2013, o n\u00famero de greves alcan\u00e7ou seu maior n\u00famero desde o per\u00edodo da redemocratiza\u00e7\u00e3o. Recentemente, a campanha por uma Constituinte Exclusiva para Reforma Pol\u00edtica alcan\u00e7ou 7 milh\u00f5es de votos.<br \/>\n\t&nbsp;<br \/>\n\tOu seja, uma an\u00e1lise mais cr\u00edtica destes movimentos contradit\u00f3rios mostrava uma disputa pela hegemonia no seio de nossa sociedade. Assim chegamos \u00e0s elei\u00e7\u00f5es de 2014 e as primeiras an\u00e1lises de seus resultados nos permitem dizer como se deslocou essa hegemonia entre o campo progressista e o conservador. \u00c9 isso que faremos, principalmente no estado de S\u00e3o Paulo.<br \/>\n\tO sentimento de descr\u00e9dito da pol\u00edtica e os anseios por mudan\u00e7as que foram \u00e0s ruas no ano passado refletiram nas urnas deste ano um avan\u00e7o significativo do conservadorismo em especial no Estado de S\u00e3o Paulo.<br \/>\n\t&nbsp;<br \/>\n\tAs primeiras not\u00edcias sobre a composi\u00e7\u00e3o da C\u00e2mara dos Deputados apontam para o Congresso mais conservador desde 1964!!!! Ou seja, um Congresso repleto de membros das bancadas mais retr\u00f3gradas do pa\u00eds como a da bala, a evang\u00e9lica, a empresarial e a ruralista. Ou seja, o lado conservador presente nas manifesta\u00e7\u00f5es. Somado a incapacidade do lado progressivo da sociedade presente nas manifesta\u00e7\u00f5es em influenciar os milh\u00f5es que n\u00e3o foram nas manifesta\u00e7\u00f5es, mas concordavam com elas, teve reflexo nas urnas. Ainda levar\u00e1 um tempo para conseguirmos fazer uma leitura mais precisa do significado e das consequ\u00eancia desse avan\u00e7o conservador, sobretudo no debate sobre seguran\u00e7a p\u00fablica, redu\u00e7\u00e3o da maioridade penal, exterm\u00ednio da juventude pobre, preta e perif\u00e9rica, mas \u00e9 fundamental iniciarmos esse debate e articularmos formas de resist\u00eancia.<br \/>\n\t&nbsp;<br \/>\n\tDe acordo com os estudos preliminares do DIAP (Departamento Intersindical de Assessoria Parlamentar) vemos um duplo movimento. De um lado, o crescimento de bancadas ligadas ao lado conservador e reacion\u00e1rio da sociedade. A bancada empresarial subiu para 190 deputados (quase 1\/3 do Congresso). A bancada evang\u00e9lica subiu para 74 deputados. J\u00e1 a bancada ruralista ter\u00e1 139 deputados. Por outro lado, a bancada sindical caiu de 83 para 47, uma queda de quase 50%! O menor n\u00famero desde 1988 quando eram 44. Persistem, ainda, as clivagens de g\u00eanero e ra\u00e7a. Apenas 51 mulheres (cerca de 10%) e 100 afrodescendentes (cerca de 20%). Assim, de acordo com o DIAP, temos o Congresso mais conservador desde 1964! Essa configura\u00e7\u00e3o de for\u00e7as abre a possibilidade de termos retrocessos em diversos temas como LGBT, direitos trabalhistas, direitos humanos e no pr\u00f3prio sistema pol\u00edtico. A cereja do bolo pode ser a elei\u00e7\u00e3o de A\u00e9cio Neves, do PSDB. O candidato pode ser um catalisador para que o congresso conservador resulte em retrocessos!<br \/>\n\t&nbsp;<br \/>\n\tEm S\u00e3o Paulo o deputado mais votado foi Celso Russomano. Um deputado historicamente ligado ao discurso midi\u00e1tico, sensacionalista, conservador e ter\u00e1 um papel de lideran\u00e7a na bancada evang\u00e9lica. Ele teve mais de 1,5 milh\u00f5es de votos. O segundo mais votado foi Tiririca com mais de 1 milh\u00e3o de votos. Um voto de protesto que demonstra a incapacidade dos setores progressistas em disputar cora\u00e7\u00f5es e mentes de setores expressivos das massas. Ainda elegemos Marcos Feliciano e um membro da Fam\u00edlia Bolsonaro. A bancada da bala que estava na C\u00e2mara de Vereadores de S\u00e3o Paulo ganhou mandato na ALESP. Assim, o oficial da Rota e o maior expoente do discurso de repress\u00e3o, Coronel Telhada, foi eleito para a ALESP.<br \/>\n\t&nbsp;<br \/>\n\tS\u00e3o Paulo est\u00e1 entre os estados onde a Policia mais mata e tem a maior popula\u00e7\u00e3o carcer\u00e1ria do pa\u00eds, o atual governador reeleito foi um dos principais articuladores do projeto de lei que tentar reduzir a maioridade penal&nbsp; e teve essa bandeira como umas das principais plataformas de sua campanha, al\u00e9m da elei\u00e7\u00e3o de uma expressiva bancada da bala formada por ex-policiais da chamada linha dura. O tema da seguran\u00e7a p\u00fablica se mostrou extremamente relevante para uma parcela significativa da popula\u00e7\u00e3o paulista. O aumento de furtos de roubos, que muitas vezes est\u00e1 relacionada \u00e0s dificuldades econ\u00f4micas, combinado com uma constru\u00e7\u00e3o cotidiana dos grandes meios de comunica\u00e7\u00e3o de um clima inseguran\u00e7a, da necessidade de se combater o inimigo e o&nbsp; mal que assola a sociedade, cai como uma luva para um&nbsp; discurso que pense a seguran\u00e7a p\u00fablica \u00fanica e exclusivamente de forma repressora.<br \/>\n\t&nbsp;<br \/>\n\t\u00c9 muito dif\u00edcil fazer esse dialogo no seio da popula\u00e7\u00e3o, mas \u00e9 nosso papel estabelecer os limites dessa l\u00f3gica que vem produzindo uma pol\u00edtica desastrosa que vitimiza brutalmente a popula\u00e7\u00e3o mais pobre, em especial a juventude negra. O voto com clivagem setorial mostra que \u00e9 poss\u00edvel a emerg\u00eancia de novos atores pol\u00edticos com influ\u00eancia de massas. Douglas Belchior e Tod Tomorrow tiveram mais de 10 mil votos numa campanha feita por militantes e que disputou votos de opini\u00e3o e se inseriram na base social do movimento negro e do movimento LGBT!<br \/>\n\t&nbsp;<br \/>\n\tDevemos estar preparados para irmos para a rua. Pressionar o congresso e os governantes ser\u00e1 essencial para enfrentarmos o congresso conservador. Para tal, precisamos ter uma pol\u00edtica definida: reforma pol\u00edtica, desmilitariza\u00e7\u00e3o da PM, criminaliza\u00e7\u00e3o da homofobia, aprova\u00e7\u00e3o da Lei Jo\u00e3o Nery, moradia popular, s\u00e3o importantes temas nacionais. J\u00e1 em S\u00e3o Paulo, a luta por \u00e1gua, o fim da viol\u00eancia policial na periferia, as cotas nas faculdades estaduais s\u00e3o temas que podem ser elementos catalisadores para que os movimentos sociais entrem em cena como protagonistas no pr\u00f3ximo ano. Por isso, estaremos nas ruas e nas lutas!<\/p>\n<p>\t<em>Leia outros artigos dos autores no <a href=\"http:\/\/www.blogdojuninhopalmarino.blogspot.com.br\/\">Blog do Juninho<\/a><\/em>.<\/span><\/span><br \/>\n\t&nbsp;<\/p>\n<p>&nbsp;<\/p>\n","protected":false},"excerpt":{"rendered":"<p>Em 2013 milh\u00f5es de pessoas foram \u00e0s ruas reivindicando mais direitos. Os slogans mais conhecidos que ficavam nos cartazes \u201cN\u00e3o \u00e9 s\u00f3 por R$0,20 centavos\u201d, \u201cSa\u00fade e Educa\u00e7\u00e3o Padr\u00e3o Fifa\u201d mostravam como as chamadas Jornadas de Junho carregam em si elementos progressivos e de esquerda, pois lutavam por mais direitos. &nbsp; Entretanto, como ocorre em [&hellip;]<\/p>\n","protected":false},"author":2,"featured_media":0,"comment_status":"open","ping_status":"open","sticky":false,"template":"","format":"standard","meta":{"_acf_changed":false,"footnotes":""},"categories":[3,1104],"tags":[2275,1196,4962],"class_list":{"0":"post-9722","1":"post","2":"type-post","3":"status-publish","4":"format-standard","6":"category-artigos-e-entrevistas","7":"category-movimento","8":"tag-joselicio-junior","9":"tag-juninho","10":"tag-maykon-santos"},"acf":[],"yoast_head":"<!-- This site is optimized with the Yoast SEO plugin v26.5 - https:\/\/yoast.com\/wordpress\/plugins\/seo\/ -->\n<title>N\u00e3o ao retrocesso. Avan\u00e7ar na luta! - PSOL 50<\/title>\n<meta name=\"robots\" content=\"index, follow, max-snippet:-1, max-image-preview:large, max-video-preview:-1\" \/>\n<link rel=\"canonical\" href=\"https:\/\/psol50.org.br\/nao-ao-retrocesso-avancar-na-luta\/\" \/>\n<meta property=\"og:locale\" content=\"pt_BR\" \/>\n<meta property=\"og:type\" content=\"article\" \/>\n<meta property=\"og:title\" content=\"N\u00e3o ao retrocesso. Avan\u00e7ar na luta! - PSOL 50\" \/>\n<meta property=\"og:description\" content=\"Em 2013 milh\u00f5es de pessoas foram \u00e0s ruas reivindicando mais direitos. Os slogans mais conhecidos que ficavam nos cartazes \u201cN\u00e3o \u00e9 s\u00f3 por R$0,20 centavos\u201d, \u201cSa\u00fade e Educa\u00e7\u00e3o Padr\u00e3o Fifa\u201d mostravam como as chamadas Jornadas de Junho carregam em si elementos progressivos e de esquerda, pois lutavam por mais direitos. &nbsp; Entretanto, como ocorre em [&hellip;]\" \/>\n<meta property=\"og:url\" content=\"https:\/\/psol50.org.br\/nao-ao-retrocesso-avancar-na-luta\/\" \/>\n<meta property=\"og:site_name\" content=\"PSOL 50\" \/>\n<meta property=\"article:publisher\" content=\"https:\/\/www.facebook.com\/psol50\" \/>\n<meta property=\"article:published_time\" content=\"2014-10-21T00:00:00+00:00\" \/>\n<meta property=\"og:image\" content=\"https:\/\/psol50.org.br\/inc\/uploads\/2018\/07\/capa.png\" \/>\n\t<meta property=\"og:image:width\" content=\"1350\" \/>\n\t<meta property=\"og:image:height\" content=\"900\" \/>\n\t<meta property=\"og:image:type\" content=\"image\/png\" \/>\n<meta name=\"author\" content=\"Comunica\u00e7\u00e3o PSOL\" \/>\n<meta name=\"twitter:card\" content=\"summary_large_image\" \/>\n<meta name=\"twitter:creator\" content=\"@psol50\" \/>\n<meta name=\"twitter:site\" content=\"@psol50\" \/>\n<meta name=\"twitter:label1\" content=\"Escrito por\" \/>\n\t<meta name=\"twitter:data1\" content=\"Comunica\u00e7\u00e3o PSOL\" \/>\n\t<meta name=\"twitter:label2\" content=\"Est. tempo de leitura\" \/>\n\t<meta name=\"twitter:data2\" content=\"6 minutos\" \/>\n<script type=\"application\/ld+json\" class=\"yoast-schema-graph\">{\"@context\":\"https:\/\/schema.org\",\"@graph\":[{\"@type\":\"Article\",\"@id\":\"https:\/\/psol50.org.br\/nao-ao-retrocesso-avancar-na-luta\/#article\",\"isPartOf\":{\"@id\":\"https:\/\/psol50.org.br\/nao-ao-retrocesso-avancar-na-luta\/\"},\"author\":{\"name\":\"Comunica\u00e7\u00e3o PSOL\",\"@id\":\"https:\/\/psol50.org.br\/#\/schema\/person\/475dfa57d0b815993c714c2e96491fcd\"},\"headline\":\"N\u00e3o ao retrocesso. Avan\u00e7ar na luta!\",\"datePublished\":\"2014-10-21T00:00:00+00:00\",\"mainEntityOfPage\":{\"@id\":\"https:\/\/psol50.org.br\/nao-ao-retrocesso-avancar-na-luta\/\"},\"wordCount\":1111,\"commentCount\":0,\"publisher\":{\"@id\":\"https:\/\/psol50.org.br\/#organization\"},\"keywords\":[\"Joselicio Junior\",\"Juninho\",\"Maykon Santos\"],\"articleSection\":[\"Artigos\",\"Movimento\"],\"inLanguage\":\"pt-BR\",\"potentialAction\":[{\"@type\":\"CommentAction\",\"name\":\"Comment\",\"target\":[\"https:\/\/psol50.org.br\/nao-ao-retrocesso-avancar-na-luta\/#respond\"]}]},{\"@type\":\"WebPage\",\"@id\":\"https:\/\/psol50.org.br\/nao-ao-retrocesso-avancar-na-luta\/\",\"url\":\"https:\/\/psol50.org.br\/nao-ao-retrocesso-avancar-na-luta\/\",\"name\":\"N\u00e3o ao retrocesso. Avan\u00e7ar na luta! - PSOL 50\",\"isPartOf\":{\"@id\":\"https:\/\/psol50.org.br\/#website\"},\"datePublished\":\"2014-10-21T00:00:00+00:00\",\"breadcrumb\":{\"@id\":\"https:\/\/psol50.org.br\/nao-ao-retrocesso-avancar-na-luta\/#breadcrumb\"},\"inLanguage\":\"pt-BR\",\"potentialAction\":[{\"@type\":\"ReadAction\",\"target\":[\"https:\/\/psol50.org.br\/nao-ao-retrocesso-avancar-na-luta\/\"]}]},{\"@type\":\"BreadcrumbList\",\"@id\":\"https:\/\/psol50.org.br\/nao-ao-retrocesso-avancar-na-luta\/#breadcrumb\",\"itemListElement\":[{\"@type\":\"ListItem\",\"position\":1,\"name\":\"In\u00edcio\",\"item\":\"https:\/\/psol50.org.br\/\"},{\"@type\":\"ListItem\",\"position\":2,\"name\":\"N\u00e3o ao retrocesso. Avan\u00e7ar na luta!\"}]},{\"@type\":\"WebSite\",\"@id\":\"https:\/\/psol50.org.br\/#website\",\"url\":\"https:\/\/psol50.org.br\/\",\"name\":\"PSOL 50\",\"description\":\"Site oficial do Partido Socialismo e Liberdade\",\"publisher\":{\"@id\":\"https:\/\/psol50.org.br\/#organization\"},\"alternateName\":\"PSOL50\",\"potentialAction\":[{\"@type\":\"SearchAction\",\"target\":{\"@type\":\"EntryPoint\",\"urlTemplate\":\"https:\/\/psol50.org.br\/?s={search_term_string}\"},\"query-input\":{\"@type\":\"PropertyValueSpecification\",\"valueRequired\":true,\"valueName\":\"search_term_string\"}}],\"inLanguage\":\"pt-BR\"},{\"@type\":\"Organization\",\"@id\":\"https:\/\/psol50.org.br\/#organization\",\"name\":\"PSOL 50\",\"alternateName\":\"PSOL 50\",\"url\":\"https:\/\/psol50.org.br\/\",\"logo\":{\"@type\":\"ImageObject\",\"inLanguage\":\"pt-BR\",\"@id\":\"https:\/\/psol50.org.br\/#\/schema\/logo\/image\/\",\"url\":\"https:\/\/psol50.org.br\/inc\/uploads\/2018\/07\/capa.png\",\"contentUrl\":\"https:\/\/psol50.org.br\/inc\/uploads\/2018\/07\/capa.png\",\"width\":1350,\"height\":900,\"caption\":\"PSOL 50\"},\"image\":{\"@id\":\"https:\/\/psol50.org.br\/#\/schema\/logo\/image\/\"},\"sameAs\":[\"https:\/\/www.facebook.com\/psol50\",\"https:\/\/x.com\/psol50\",\"https:\/\/www.instagram.com\/psol50\/\",\"https:\/\/www.youtube.com\/channel\/UC7SnJS5o1os7a6CaiNabzcg\"]},{\"@type\":\"Person\",\"@id\":\"https:\/\/psol50.org.br\/#\/schema\/person\/475dfa57d0b815993c714c2e96491fcd\",\"name\":\"Comunica\u00e7\u00e3o PSOL\",\"image\":{\"@type\":\"ImageObject\",\"inLanguage\":\"pt-BR\",\"@id\":\"https:\/\/psol50.org.br\/#\/schema\/person\/image\/\",\"url\":\"https:\/\/secure.gravatar.com\/avatar\/b34fc4f4e468a4e51785917065a3db57b841f5c95dba6ad8c73aaf8f66f8f9bf?s=96&d=mm&r=g\",\"contentUrl\":\"https:\/\/secure.gravatar.com\/avatar\/b34fc4f4e468a4e51785917065a3db57b841f5c95dba6ad8c73aaf8f66f8f9bf?s=96&d=mm&r=g\",\"caption\":\"Comunica\u00e7\u00e3o PSOL\"}}]}<\/script>\n<!-- \/ Yoast SEO plugin. -->","yoast_head_json":{"title":"N\u00e3o ao retrocesso. Avan\u00e7ar na luta! - PSOL 50","robots":{"index":"index","follow":"follow","max-snippet":"max-snippet:-1","max-image-preview":"max-image-preview:large","max-video-preview":"max-video-preview:-1"},"canonical":"https:\/\/psol50.org.br\/nao-ao-retrocesso-avancar-na-luta\/","og_locale":"pt_BR","og_type":"article","og_title":"N\u00e3o ao retrocesso. Avan\u00e7ar na luta! - PSOL 50","og_description":"Em 2013 milh\u00f5es de pessoas foram \u00e0s ruas reivindicando mais direitos. Os slogans mais conhecidos que ficavam nos cartazes \u201cN\u00e3o \u00e9 s\u00f3 por R$0,20 centavos\u201d, \u201cSa\u00fade e Educa\u00e7\u00e3o Padr\u00e3o Fifa\u201d mostravam como as chamadas Jornadas de Junho carregam em si elementos progressivos e de esquerda, pois lutavam por mais direitos. &nbsp; Entretanto, como ocorre em [&hellip;]","og_url":"https:\/\/psol50.org.br\/nao-ao-retrocesso-avancar-na-luta\/","og_site_name":"PSOL 50","article_publisher":"https:\/\/www.facebook.com\/psol50","article_published_time":"2014-10-21T00:00:00+00:00","og_image":[{"width":1350,"height":900,"url":"https:\/\/psol50.org.br\/inc\/uploads\/2018\/07\/capa.png","type":"image\/png"}],"author":"Comunica\u00e7\u00e3o PSOL","twitter_card":"summary_large_image","twitter_creator":"@psol50","twitter_site":"@psol50","twitter_misc":{"Escrito por":"Comunica\u00e7\u00e3o PSOL","Est. tempo de leitura":"6 minutos"},"schema":{"@context":"https:\/\/schema.org","@graph":[{"@type":"Article","@id":"https:\/\/psol50.org.br\/nao-ao-retrocesso-avancar-na-luta\/#article","isPartOf":{"@id":"https:\/\/psol50.org.br\/nao-ao-retrocesso-avancar-na-luta\/"},"author":{"name":"Comunica\u00e7\u00e3o PSOL","@id":"https:\/\/psol50.org.br\/#\/schema\/person\/475dfa57d0b815993c714c2e96491fcd"},"headline":"N\u00e3o ao retrocesso. Avan\u00e7ar na luta!","datePublished":"2014-10-21T00:00:00+00:00","mainEntityOfPage":{"@id":"https:\/\/psol50.org.br\/nao-ao-retrocesso-avancar-na-luta\/"},"wordCount":1111,"commentCount":0,"publisher":{"@id":"https:\/\/psol50.org.br\/#organization"},"keywords":["Joselicio Junior","Juninho","Maykon Santos"],"articleSection":["Artigos","Movimento"],"inLanguage":"pt-BR","potentialAction":[{"@type":"CommentAction","name":"Comment","target":["https:\/\/psol50.org.br\/nao-ao-retrocesso-avancar-na-luta\/#respond"]}]},{"@type":"WebPage","@id":"https:\/\/psol50.org.br\/nao-ao-retrocesso-avancar-na-luta\/","url":"https:\/\/psol50.org.br\/nao-ao-retrocesso-avancar-na-luta\/","name":"N\u00e3o ao retrocesso. Avan\u00e7ar na luta! - PSOL 50","isPartOf":{"@id":"https:\/\/psol50.org.br\/#website"},"datePublished":"2014-10-21T00:00:00+00:00","breadcrumb":{"@id":"https:\/\/psol50.org.br\/nao-ao-retrocesso-avancar-na-luta\/#breadcrumb"},"inLanguage":"pt-BR","potentialAction":[{"@type":"ReadAction","target":["https:\/\/psol50.org.br\/nao-ao-retrocesso-avancar-na-luta\/"]}]},{"@type":"BreadcrumbList","@id":"https:\/\/psol50.org.br\/nao-ao-retrocesso-avancar-na-luta\/#breadcrumb","itemListElement":[{"@type":"ListItem","position":1,"name":"In\u00edcio","item":"https:\/\/psol50.org.br\/"},{"@type":"ListItem","position":2,"name":"N\u00e3o ao retrocesso. Avan\u00e7ar na luta!"}]},{"@type":"WebSite","@id":"https:\/\/psol50.org.br\/#website","url":"https:\/\/psol50.org.br\/","name":"PSOL 50","description":"Site oficial do Partido Socialismo e Liberdade","publisher":{"@id":"https:\/\/psol50.org.br\/#organization"},"alternateName":"PSOL50","potentialAction":[{"@type":"SearchAction","target":{"@type":"EntryPoint","urlTemplate":"https:\/\/psol50.org.br\/?s={search_term_string}"},"query-input":{"@type":"PropertyValueSpecification","valueRequired":true,"valueName":"search_term_string"}}],"inLanguage":"pt-BR"},{"@type":"Organization","@id":"https:\/\/psol50.org.br\/#organization","name":"PSOL 50","alternateName":"PSOL 50","url":"https:\/\/psol50.org.br\/","logo":{"@type":"ImageObject","inLanguage":"pt-BR","@id":"https:\/\/psol50.org.br\/#\/schema\/logo\/image\/","url":"https:\/\/psol50.org.br\/inc\/uploads\/2018\/07\/capa.png","contentUrl":"https:\/\/psol50.org.br\/inc\/uploads\/2018\/07\/capa.png","width":1350,"height":900,"caption":"PSOL 50"},"image":{"@id":"https:\/\/psol50.org.br\/#\/schema\/logo\/image\/"},"sameAs":["https:\/\/www.facebook.com\/psol50","https:\/\/x.com\/psol50","https:\/\/www.instagram.com\/psol50\/","https:\/\/www.youtube.com\/channel\/UC7SnJS5o1os7a6CaiNabzcg"]},{"@type":"Person","@id":"https:\/\/psol50.org.br\/#\/schema\/person\/475dfa57d0b815993c714c2e96491fcd","name":"Comunica\u00e7\u00e3o PSOL","image":{"@type":"ImageObject","inLanguage":"pt-BR","@id":"https:\/\/psol50.org.br\/#\/schema\/person\/image\/","url":"https:\/\/secure.gravatar.com\/avatar\/b34fc4f4e468a4e51785917065a3db57b841f5c95dba6ad8c73aaf8f66f8f9bf?s=96&d=mm&r=g","contentUrl":"https:\/\/secure.gravatar.com\/avatar\/b34fc4f4e468a4e51785917065a3db57b841f5c95dba6ad8c73aaf8f66f8f9bf?s=96&d=mm&r=g","caption":"Comunica\u00e7\u00e3o PSOL"}}]}},"_links":{"self":[{"href":"https:\/\/psol50.org.br\/rest\/wp\/v2\/posts\/9722","targetHints":{"allow":["GET"]}}],"collection":[{"href":"https:\/\/psol50.org.br\/rest\/wp\/v2\/posts"}],"about":[{"href":"https:\/\/psol50.org.br\/rest\/wp\/v2\/types\/post"}],"author":[{"embeddable":true,"href":"https:\/\/psol50.org.br\/rest\/wp\/v2\/users\/2"}],"replies":[{"embeddable":true,"href":"https:\/\/psol50.org.br\/rest\/wp\/v2\/comments?post=9722"}],"version-history":[{"count":0,"href":"https:\/\/psol50.org.br\/rest\/wp\/v2\/posts\/9722\/revisions"}],"wp:attachment":[{"href":"https:\/\/psol50.org.br\/rest\/wp\/v2\/media?parent=9722"}],"wp:term":[{"taxonomy":"category","embeddable":true,"href":"https:\/\/psol50.org.br\/rest\/wp\/v2\/categories?post=9722"},{"taxonomy":"post_tag","embeddable":true,"href":"https:\/\/psol50.org.br\/rest\/wp\/v2\/tags?post=9722"}],"curies":[{"name":"wp","href":"https:\/\/api.w.org\/{rel}","templated":true}]}}