{"id":9725,"date":"2014-10-27T00:00:00","date_gmt":"2014-10-27T00:00:00","guid":{"rendered":"http:\/\/psol50.org.br\/arquivo\/2014\/10\/27\/avancar-nas-ruas-e-nas-lutas\/"},"modified":"2014-10-27T00:00:00","modified_gmt":"2014-10-27T00:00:00","slug":"avancar-nas-ruas-e-nas-lutas","status":"publish","type":"post","link":"https:\/\/psol50.org.br\/avancar-nas-ruas-e-nas-lutas\/","title":{"rendered":"Avan\u00e7ar nas ruas e nas lutas!"},"content":{"rendered":"<p align=\"JUSTIFY\" class=\"western\">\n\t<span style=\"font-family:arial,helvetica,sans-serif;\"><span style=\"font-size: 12px;\">N\u00f3s escrevemos, recentemente, um texto analisando os resultados do 1\u00ba turno das elei\u00e7\u00f5es de 2014. O cerne do argumento era de que havia uma disputa pela hegemonia na sociedade, principalmente ap\u00f3s junho de 2013, e que o Congresso Nacional refletia um avan\u00e7o do conservadorismo. Mas que havia exemplos de reorganiza\u00e7\u00e3o de um polo progressista, exemplos s\u00e3o o recorde de greves do ano de 2013, o crescimento do MTST e o aumento da vota\u00e7\u00e3o do PSOL. Assim, nesta disputa de hegemonia, era essencial para a esquerda e para os movimentos sociais apostar no caminho da mobiliza\u00e7\u00e3o de rua em torno de bandeiras progressistas como reforma pol\u00edtica, desmilitariza\u00e7\u00e3o da PM e consolida\u00e7\u00e3o de direitos LGBT para deslocar a hegemonia para o campo progressista.<\/p>\n<p>\tAs duas \u00faltimas semanas deste segundo turno mostraram o acerto desta tese. Milh\u00f5es de brasileiros, em centenas de cidades do pa\u00eds, sa\u00edram \u00e0s ruas para combater o conservadorismo que emergiu das urnas. Para n\u00f3s, o que explica essa mobiliza\u00e7\u00e3o \u00e9 muito mais o medo do que poderia vir com a elei\u00e7\u00e3o de A\u00e9cio Neves do que devido a mobiliza\u00e7\u00e3o advinda da defesa de um governo de esquerda e transformador do PT nos \u00faltimos 12 anos. Em que pesem as mudan\u00e7as implementadas por este governo, principalmente no combate a fome, nos ganhos econ\u00f4micos, na pol\u00edtica internacional e em um novo cen\u00e1rio para as universidades p\u00fablicas, no geral os 12 anos de governos petistas s\u00e3o de um reformismo fraco, engessador das mobiliza\u00e7\u00f5es sociais e consolidador da hegemonia burguesa t\u00edpicos de um partido que hoje \u00e9 de centro esquerda e que faz um governo de centro. Assim, ap\u00f3s 12 anos ao inv\u00e9s de termos acumulado for\u00e7as contra a hegemonia burguesa advinda do neoliberalismo, o que vimos foram manifesta\u00e7\u00f5es de massas contr\u00e1rias ao governo, que simbolicamente come\u00e7aram pela esquerda, em junho de 2013 e a elei\u00e7\u00e3o do Congresso mais conservador desde o fim da Ditadura Civil Militar.<\/p>\n<p>\tMas parece que a hist\u00f3ria deu uma segunda chance ao PT &#8230; E isso ocorreu pouqu\u00edssimas vezes! Assim, pretendemos olhar para este atual momento a luz da hist\u00f3ria recente da Am\u00e9rica Latina dos anos 90 para c\u00e1.<\/p>\n<p>\tA Am\u00e9rica Latina foi um dos primeiros lugares do mundo a consolidar uma pol\u00edtica advinda do Consenso de Washington dos anos 1980, com a implementa\u00e7\u00e3o do chamado neoliberalismo. Pinochet no Chile. FHC no Brasil. Partido colorado no Paraguai. Os governos do PRI no M\u00e9xico. Menem na Argentina. A dualidade entre blancos e colorados no Uruguai. S\u00f3 para ficar em alguns exemplos.<\/p>\n<p>\tPor outro lado, foi tamb\u00e9m o primeiro lugar do mundo a se levantar com for\u00e7a contra a espolia\u00e7\u00e3o e o aumento das desigualdades sociais resultantes da nova organiza\u00e7\u00e3o capitalista advinda do neoliberalismo. Assim, eclodem na Am\u00e9rica Latina sucessivas manifesta\u00e7\u00f5es de massas. Brasil em 1995, enfrentando o in\u00edcio das privatiza\u00e7\u00f5es. As movimenta\u00e7\u00f5es ind\u00edgenas no Equador que derrubaram um governo atr\u00e1s do outro. O mesmo ocorrendo no Peru. E at\u00e9 mesmo o chamado \u201cCaracazzo\u201d ocorrido no final da d\u00e9cada de 80 na Venezuela. Todas essas movimenta\u00e7\u00f5es de massa colocaram a Am\u00e9rica Latina na vanguarda da luta social e como principal trincheira contra o neoliberalismo a ponto de em fins dos anos 90 e in\u00edcio dos anos 2000 os principais partidos de esquerda destes pa\u00edses, juntamente com os movimentos sociais, disputassem com for\u00e7a a institucionalidade. Mas a\u00ed uma premissa se tornou fundamental para que o projeto passasse da resist\u00eancia para a transforma\u00e7\u00e3o real: a conquista do governo central.<\/p>\n<p>\tEm alguns pa\u00edses, este movimento n\u00e3o ganhou a elei\u00e7\u00e3o do governo central, mesmo tendo chegado muito perto, algumas vezes at\u00e9 devido \u00e0s fraudes eleitorais. \u00c9 o caso do M\u00e9xico como L\u00f3pez Obrador. No Peru Ollanta Humala quase foi eleito em 2006, com direito a uma visita de Evo Morales e Hugo Ch\u00e1vez para demonstrar apoio p\u00fablico.<\/p>\n<p>\tEm outros, a esquerda chegou ao governo. E em se tratando de Am\u00e9rica Latina, voltava ao governo ap\u00f3s d\u00e9cadas. Somente nos anos 50 e 60 abriram conjunturas hist\u00f3ricas como esta. Ch\u00e1vez na Venezuela em 1998. Lula no Brasil em 2002. Evo Morales na Bol\u00edvia em 2005. Tabar\u00e9 V\u00e1zquez no Uruguai tamb\u00e9m em 2005. Rafael Correia no Equador em 2007. Fernando Lugo no Paraguai em 2009. Nosso objetivo \u00e9 analisar como as op\u00e7\u00f5es advindas destes governos podem ser vistas a partir da forma como lidaram com as press\u00f5es de rua, que por excel\u00eancia \u00e9 o terreno da esquerda e das transforma\u00e7\u00f5es sociais.<\/p>\n<p>\tEnquanto Rafael Correa, Evo Morales e Ch\u00e1vez optaram por desde o come\u00e7o serem impulsionadores das mobiliza\u00e7\u00f5es sociais, promovendo transforma\u00e7\u00f5es radicais em seus pa\u00edses, sendo as principais conceder ao estado o papel de indutor da economia, reestatizando as reservas naturais, alterando as respectivas constitui\u00e7\u00f5es e promovendo a necess\u00e1ria reforma pol\u00edtica. Nesses pa\u00edses, desde o come\u00e7o, os movimentos sociais foram \u00e0s ruas em defesas da mudan\u00e7a. Em outros n\u00e3o se tomou este caminho. A diferen\u00e7a \u00e9 n\u00edtida. No Paraguai Fernando Lugo hesitou entre as reformas radicais e um governo de coaliza\u00e7\u00e3o e foi deposto em 2012.&nbsp; J\u00e1 No Brasil, a primeira grande medida do governo Lula foi a reforma previdenci\u00e1ria do setor p\u00fablico, um duro ataque aos direitos trabalhistas. O resultado \u00e9 que enquanto na Bol\u00edvia, na Venezuela e no Equador a correla\u00e7\u00e3o de for\u00e7as caminhou na dire\u00e7\u00e3o contr\u00e1ria a burguesia a ponto de alterar a pr\u00f3pria institucionalidade, no Brasil os governos do PT consolidaram uma hegemonia burguesa, que foi incapaz de alterar profundamente a institucionalidade.<\/p>\n<p>\tMas a hist\u00f3ria parece dar uma segunda chance ao PT. As duas \u00faltimas semanas mostraram cenas que pareciam ter ficado para tr\u00e1s para o partido de Lula. Milh\u00f5es de pessoas sa\u00edram \u00e0s ruas em centenas de cidade do pa\u00eds. Mas h\u00e1 um diferencial. O principal elemento a catalisar este processo n\u00e3o \u00e9 o PT. Mas, sim, a consci\u00eancia por parte destes milh\u00f5es que um governo do PSDB teria um papel de aglutinar o conservadorismo. Seria um catalisador para a volta do neoliberalismo e para o retrocesso social. N\u00e3o a toa, a ideia de voto cr\u00edtico ganhou for\u00e7a na esquerda e na voz de parte significativa dos movimentos sociais, como o MTST, e de figuras p\u00fablicas que h\u00e1 tempos romperam com o PT, como Marcelo Freixo. N\u00e3o estamos nas ruas para defender a reestatiza\u00e7\u00e3o da Vale do Rio Doce, a Reforma Pol\u00edtica ou a Democratiza\u00e7\u00e3o da M\u00eddia. Nem para garantir a aprova\u00e7\u00e3o de um conjunto de leis que garanta a Igualdade de direitos para as mulheres, negros e negras, LGBT\u2019S. Estamos nas ruas para avan\u00e7ar nas lutas e impedir o retrocesso.<\/p>\n<p>\tEssa mobiliza\u00e7\u00e3o, in\u00e9dita na \u00faltima d\u00e9cada, resultou na apertada vit\u00f3ria de Dilma Rousseff e do PT no segundo turno. Ousamos dizer que foi o fator primordial da vit\u00f3ria petista! Mas ser\u00e1 que o partido aprendeu a li\u00e7\u00e3o? A pergunta que fica \u00e9: o que ser\u00e1 feito desta imensa energia social? Ela ser\u00e1 debelada antes de virar um furac\u00e3o transformador e o PT voltar\u00e1 para a acomoda\u00e7\u00e3o de um governo de centro? Ou ser\u00e1 levada a se tornar um tornado e possibilitar as transforma\u00e7\u00f5es estruturais que nem foram tentadas pelo PT nos \u00faltimos 12 anos?<\/p>\n<p>\tPara n\u00f3s, a resposta \u00e9 n\u00edtida. S\u00f3 avan\u00e7ando nas ruas e nas lutas, com um projeto n\u00edtido de transforma\u00e7\u00e3o social, \u00e9 poss\u00edvel romper com o conservadorismo institucional e fazer um governo que saia do centro e passe para a esquerda.<\/p>\n<p>\tEm seu primeiro discurso ap\u00f3s reeleita a presidenta afirma um compromisso com a Reforma Pol\u00edtica e ir\u00e1 propor um plebiscito, ao longo do 2\u00ba turno disse reinteradas vezes que o financiamento privado \u00e9 um dos gargalos da corrup\u00e7\u00e3o. Disse que o pa\u00eds precisa ter um olhar para as mulheres, negros e para juventude. Ser\u00e1 que ficar\u00e1 somente no discurso?<\/p>\n<p>\tAs \u00faltimas semanas mostraram que h\u00e1 milh\u00f5es de militantes de esquerda que n\u00e3o tem medo de dizer seu nome, prontos a irem para as ruas e avan\u00e7ar. Essa for\u00e7a social \u00e9 capaz, inclusive, de vencer o pr\u00f3ximo Congresso conservador.<\/p>\n<p>\tAvan\u00e7ar nas ruas e nas lutas!<\/span><\/span><\/p>\n<p style=\"margin-bottom: 0cm\">\n\t&nbsp;<\/p>\n<p style=\"margin-bottom: 0cm\">\n\t&nbsp;<\/p>\n","protected":false},"excerpt":{"rendered":"<p>N\u00f3s escrevemos, recentemente, um texto analisando os resultados do 1\u00ba turno das elei\u00e7\u00f5es de 2014. O cerne do argumento era de que havia uma disputa pela hegemonia na sociedade, principalmente ap\u00f3s junho de 2013, e que o Congresso Nacional refletia um avan\u00e7o do conservadorismo. Mas que havia exemplos de reorganiza\u00e7\u00e3o de um polo progressista, exemplos [&hellip;]<\/p>\n","protected":false},"author":2,"featured_media":0,"comment_status":"open","ping_status":"open","sticky":false,"template":"","format":"standard","meta":{"_acf_changed":false,"footnotes":""},"categories":[3],"tags":[2275,1196,4962],"class_list":{"0":"post-9725","1":"post","2":"type-post","3":"status-publish","4":"format-standard","6":"category-artigos-e-entrevistas","7":"tag-joselicio-junior","8":"tag-juninho","9":"tag-maykon-santos"},"acf":[],"yoast_head":"<!-- This site is optimized with the Yoast SEO plugin v26.5 - https:\/\/yoast.com\/wordpress\/plugins\/seo\/ -->\n<title>Avan\u00e7ar nas ruas e nas lutas! - PSOL 50<\/title>\n<meta name=\"robots\" content=\"index, follow, max-snippet:-1, max-image-preview:large, max-video-preview:-1\" \/>\n<link rel=\"canonical\" href=\"https:\/\/psol50.org.br\/avancar-nas-ruas-e-nas-lutas\/\" \/>\n<meta property=\"og:locale\" content=\"pt_BR\" \/>\n<meta property=\"og:type\" content=\"article\" \/>\n<meta property=\"og:title\" content=\"Avan\u00e7ar nas ruas e nas lutas! - PSOL 50\" \/>\n<meta property=\"og:description\" content=\"N\u00f3s escrevemos, recentemente, um texto analisando os resultados do 1\u00ba turno das elei\u00e7\u00f5es de 2014. O cerne do argumento era de que havia uma disputa pela hegemonia na sociedade, principalmente ap\u00f3s junho de 2013, e que o Congresso Nacional refletia um avan\u00e7o do conservadorismo. Mas que havia exemplos de reorganiza\u00e7\u00e3o de um polo progressista, exemplos [&hellip;]\" \/>\n<meta property=\"og:url\" content=\"https:\/\/psol50.org.br\/avancar-nas-ruas-e-nas-lutas\/\" \/>\n<meta property=\"og:site_name\" content=\"PSOL 50\" \/>\n<meta property=\"article:publisher\" content=\"https:\/\/www.facebook.com\/psol50\" \/>\n<meta property=\"article:published_time\" content=\"2014-10-27T00:00:00+00:00\" \/>\n<meta property=\"og:image\" content=\"https:\/\/psol50.org.br\/inc\/uploads\/2018\/07\/capa.png\" \/>\n\t<meta property=\"og:image:width\" content=\"1350\" \/>\n\t<meta property=\"og:image:height\" content=\"900\" \/>\n\t<meta property=\"og:image:type\" content=\"image\/png\" \/>\n<meta name=\"author\" content=\"Comunica\u00e7\u00e3o PSOL\" \/>\n<meta name=\"twitter:card\" content=\"summary_large_image\" \/>\n<meta name=\"twitter:creator\" content=\"@psol50\" \/>\n<meta name=\"twitter:site\" content=\"@psol50\" \/>\n<meta name=\"twitter:label1\" content=\"Escrito por\" \/>\n\t<meta name=\"twitter:data1\" content=\"Comunica\u00e7\u00e3o PSOL\" \/>\n\t<meta name=\"twitter:label2\" content=\"Est. tempo de leitura\" \/>\n\t<meta name=\"twitter:data2\" content=\"7 minutos\" \/>\n<script type=\"application\/ld+json\" class=\"yoast-schema-graph\">{\"@context\":\"https:\/\/schema.org\",\"@graph\":[{\"@type\":\"Article\",\"@id\":\"https:\/\/psol50.org.br\/avancar-nas-ruas-e-nas-lutas\/#article\",\"isPartOf\":{\"@id\":\"https:\/\/psol50.org.br\/avancar-nas-ruas-e-nas-lutas\/\"},\"author\":{\"name\":\"Comunica\u00e7\u00e3o PSOL\",\"@id\":\"https:\/\/psol50.org.br\/#\/schema\/person\/475dfa57d0b815993c714c2e96491fcd\"},\"headline\":\"Avan\u00e7ar nas ruas e nas lutas!\",\"datePublished\":\"2014-10-27T00:00:00+00:00\",\"mainEntityOfPage\":{\"@id\":\"https:\/\/psol50.org.br\/avancar-nas-ruas-e-nas-lutas\/\"},\"wordCount\":1424,\"commentCount\":0,\"publisher\":{\"@id\":\"https:\/\/psol50.org.br\/#organization\"},\"keywords\":[\"Joselicio Junior\",\"Juninho\",\"Maykon Santos\"],\"articleSection\":[\"Artigos\"],\"inLanguage\":\"pt-BR\",\"potentialAction\":[{\"@type\":\"CommentAction\",\"name\":\"Comment\",\"target\":[\"https:\/\/psol50.org.br\/avancar-nas-ruas-e-nas-lutas\/#respond\"]}]},{\"@type\":\"WebPage\",\"@id\":\"https:\/\/psol50.org.br\/avancar-nas-ruas-e-nas-lutas\/\",\"url\":\"https:\/\/psol50.org.br\/avancar-nas-ruas-e-nas-lutas\/\",\"name\":\"Avan\u00e7ar nas ruas e nas lutas! - PSOL 50\",\"isPartOf\":{\"@id\":\"https:\/\/psol50.org.br\/#website\"},\"datePublished\":\"2014-10-27T00:00:00+00:00\",\"breadcrumb\":{\"@id\":\"https:\/\/psol50.org.br\/avancar-nas-ruas-e-nas-lutas\/#breadcrumb\"},\"inLanguage\":\"pt-BR\",\"potentialAction\":[{\"@type\":\"ReadAction\",\"target\":[\"https:\/\/psol50.org.br\/avancar-nas-ruas-e-nas-lutas\/\"]}]},{\"@type\":\"BreadcrumbList\",\"@id\":\"https:\/\/psol50.org.br\/avancar-nas-ruas-e-nas-lutas\/#breadcrumb\",\"itemListElement\":[{\"@type\":\"ListItem\",\"position\":1,\"name\":\"In\u00edcio\",\"item\":\"https:\/\/psol50.org.br\/\"},{\"@type\":\"ListItem\",\"position\":2,\"name\":\"Avan\u00e7ar nas ruas e nas lutas!\"}]},{\"@type\":\"WebSite\",\"@id\":\"https:\/\/psol50.org.br\/#website\",\"url\":\"https:\/\/psol50.org.br\/\",\"name\":\"PSOL 50\",\"description\":\"Site oficial do Partido Socialismo e Liberdade\",\"publisher\":{\"@id\":\"https:\/\/psol50.org.br\/#organization\"},\"alternateName\":\"PSOL50\",\"potentialAction\":[{\"@type\":\"SearchAction\",\"target\":{\"@type\":\"EntryPoint\",\"urlTemplate\":\"https:\/\/psol50.org.br\/?s={search_term_string}\"},\"query-input\":{\"@type\":\"PropertyValueSpecification\",\"valueRequired\":true,\"valueName\":\"search_term_string\"}}],\"inLanguage\":\"pt-BR\"},{\"@type\":\"Organization\",\"@id\":\"https:\/\/psol50.org.br\/#organization\",\"name\":\"PSOL 50\",\"alternateName\":\"PSOL 50\",\"url\":\"https:\/\/psol50.org.br\/\",\"logo\":{\"@type\":\"ImageObject\",\"inLanguage\":\"pt-BR\",\"@id\":\"https:\/\/psol50.org.br\/#\/schema\/logo\/image\/\",\"url\":\"https:\/\/psol50.org.br\/inc\/uploads\/2018\/07\/capa.png\",\"contentUrl\":\"https:\/\/psol50.org.br\/inc\/uploads\/2018\/07\/capa.png\",\"width\":1350,\"height\":900,\"caption\":\"PSOL 50\"},\"image\":{\"@id\":\"https:\/\/psol50.org.br\/#\/schema\/logo\/image\/\"},\"sameAs\":[\"https:\/\/www.facebook.com\/psol50\",\"https:\/\/x.com\/psol50\",\"https:\/\/www.instagram.com\/psol50\/\",\"https:\/\/www.youtube.com\/channel\/UC7SnJS5o1os7a6CaiNabzcg\"]},{\"@type\":\"Person\",\"@id\":\"https:\/\/psol50.org.br\/#\/schema\/person\/475dfa57d0b815993c714c2e96491fcd\",\"name\":\"Comunica\u00e7\u00e3o PSOL\",\"image\":{\"@type\":\"ImageObject\",\"inLanguage\":\"pt-BR\",\"@id\":\"https:\/\/psol50.org.br\/#\/schema\/person\/image\/\",\"url\":\"https:\/\/secure.gravatar.com\/avatar\/b34fc4f4e468a4e51785917065a3db57b841f5c95dba6ad8c73aaf8f66f8f9bf?s=96&d=mm&r=g\",\"contentUrl\":\"https:\/\/secure.gravatar.com\/avatar\/b34fc4f4e468a4e51785917065a3db57b841f5c95dba6ad8c73aaf8f66f8f9bf?s=96&d=mm&r=g\",\"caption\":\"Comunica\u00e7\u00e3o PSOL\"}}]}<\/script>\n<!-- \/ Yoast SEO plugin. -->","yoast_head_json":{"title":"Avan\u00e7ar nas ruas e nas lutas! - PSOL 50","robots":{"index":"index","follow":"follow","max-snippet":"max-snippet:-1","max-image-preview":"max-image-preview:large","max-video-preview":"max-video-preview:-1"},"canonical":"https:\/\/psol50.org.br\/avancar-nas-ruas-e-nas-lutas\/","og_locale":"pt_BR","og_type":"article","og_title":"Avan\u00e7ar nas ruas e nas lutas! - PSOL 50","og_description":"N\u00f3s escrevemos, recentemente, um texto analisando os resultados do 1\u00ba turno das elei\u00e7\u00f5es de 2014. O cerne do argumento era de que havia uma disputa pela hegemonia na sociedade, principalmente ap\u00f3s junho de 2013, e que o Congresso Nacional refletia um avan\u00e7o do conservadorismo. Mas que havia exemplos de reorganiza\u00e7\u00e3o de um polo progressista, exemplos [&hellip;]","og_url":"https:\/\/psol50.org.br\/avancar-nas-ruas-e-nas-lutas\/","og_site_name":"PSOL 50","article_publisher":"https:\/\/www.facebook.com\/psol50","article_published_time":"2014-10-27T00:00:00+00:00","og_image":[{"width":1350,"height":900,"url":"https:\/\/psol50.org.br\/inc\/uploads\/2018\/07\/capa.png","type":"image\/png"}],"author":"Comunica\u00e7\u00e3o PSOL","twitter_card":"summary_large_image","twitter_creator":"@psol50","twitter_site":"@psol50","twitter_misc":{"Escrito por":"Comunica\u00e7\u00e3o PSOL","Est. tempo de leitura":"7 minutos"},"schema":{"@context":"https:\/\/schema.org","@graph":[{"@type":"Article","@id":"https:\/\/psol50.org.br\/avancar-nas-ruas-e-nas-lutas\/#article","isPartOf":{"@id":"https:\/\/psol50.org.br\/avancar-nas-ruas-e-nas-lutas\/"},"author":{"name":"Comunica\u00e7\u00e3o PSOL","@id":"https:\/\/psol50.org.br\/#\/schema\/person\/475dfa57d0b815993c714c2e96491fcd"},"headline":"Avan\u00e7ar nas ruas e nas lutas!","datePublished":"2014-10-27T00:00:00+00:00","mainEntityOfPage":{"@id":"https:\/\/psol50.org.br\/avancar-nas-ruas-e-nas-lutas\/"},"wordCount":1424,"commentCount":0,"publisher":{"@id":"https:\/\/psol50.org.br\/#organization"},"keywords":["Joselicio Junior","Juninho","Maykon Santos"],"articleSection":["Artigos"],"inLanguage":"pt-BR","potentialAction":[{"@type":"CommentAction","name":"Comment","target":["https:\/\/psol50.org.br\/avancar-nas-ruas-e-nas-lutas\/#respond"]}]},{"@type":"WebPage","@id":"https:\/\/psol50.org.br\/avancar-nas-ruas-e-nas-lutas\/","url":"https:\/\/psol50.org.br\/avancar-nas-ruas-e-nas-lutas\/","name":"Avan\u00e7ar nas ruas e nas lutas! - PSOL 50","isPartOf":{"@id":"https:\/\/psol50.org.br\/#website"},"datePublished":"2014-10-27T00:00:00+00:00","breadcrumb":{"@id":"https:\/\/psol50.org.br\/avancar-nas-ruas-e-nas-lutas\/#breadcrumb"},"inLanguage":"pt-BR","potentialAction":[{"@type":"ReadAction","target":["https:\/\/psol50.org.br\/avancar-nas-ruas-e-nas-lutas\/"]}]},{"@type":"BreadcrumbList","@id":"https:\/\/psol50.org.br\/avancar-nas-ruas-e-nas-lutas\/#breadcrumb","itemListElement":[{"@type":"ListItem","position":1,"name":"In\u00edcio","item":"https:\/\/psol50.org.br\/"},{"@type":"ListItem","position":2,"name":"Avan\u00e7ar nas ruas e nas lutas!"}]},{"@type":"WebSite","@id":"https:\/\/psol50.org.br\/#website","url":"https:\/\/psol50.org.br\/","name":"PSOL 50","description":"Site oficial do Partido Socialismo e Liberdade","publisher":{"@id":"https:\/\/psol50.org.br\/#organization"},"alternateName":"PSOL50","potentialAction":[{"@type":"SearchAction","target":{"@type":"EntryPoint","urlTemplate":"https:\/\/psol50.org.br\/?s={search_term_string}"},"query-input":{"@type":"PropertyValueSpecification","valueRequired":true,"valueName":"search_term_string"}}],"inLanguage":"pt-BR"},{"@type":"Organization","@id":"https:\/\/psol50.org.br\/#organization","name":"PSOL 50","alternateName":"PSOL 50","url":"https:\/\/psol50.org.br\/","logo":{"@type":"ImageObject","inLanguage":"pt-BR","@id":"https:\/\/psol50.org.br\/#\/schema\/logo\/image\/","url":"https:\/\/psol50.org.br\/inc\/uploads\/2018\/07\/capa.png","contentUrl":"https:\/\/psol50.org.br\/inc\/uploads\/2018\/07\/capa.png","width":1350,"height":900,"caption":"PSOL 50"},"image":{"@id":"https:\/\/psol50.org.br\/#\/schema\/logo\/image\/"},"sameAs":["https:\/\/www.facebook.com\/psol50","https:\/\/x.com\/psol50","https:\/\/www.instagram.com\/psol50\/","https:\/\/www.youtube.com\/channel\/UC7SnJS5o1os7a6CaiNabzcg"]},{"@type":"Person","@id":"https:\/\/psol50.org.br\/#\/schema\/person\/475dfa57d0b815993c714c2e96491fcd","name":"Comunica\u00e7\u00e3o PSOL","image":{"@type":"ImageObject","inLanguage":"pt-BR","@id":"https:\/\/psol50.org.br\/#\/schema\/person\/image\/","url":"https:\/\/secure.gravatar.com\/avatar\/b34fc4f4e468a4e51785917065a3db57b841f5c95dba6ad8c73aaf8f66f8f9bf?s=96&d=mm&r=g","contentUrl":"https:\/\/secure.gravatar.com\/avatar\/b34fc4f4e468a4e51785917065a3db57b841f5c95dba6ad8c73aaf8f66f8f9bf?s=96&d=mm&r=g","caption":"Comunica\u00e7\u00e3o PSOL"}}]}},"_links":{"self":[{"href":"https:\/\/psol50.org.br\/rest\/wp\/v2\/posts\/9725","targetHints":{"allow":["GET"]}}],"collection":[{"href":"https:\/\/psol50.org.br\/rest\/wp\/v2\/posts"}],"about":[{"href":"https:\/\/psol50.org.br\/rest\/wp\/v2\/types\/post"}],"author":[{"embeddable":true,"href":"https:\/\/psol50.org.br\/rest\/wp\/v2\/users\/2"}],"replies":[{"embeddable":true,"href":"https:\/\/psol50.org.br\/rest\/wp\/v2\/comments?post=9725"}],"version-history":[{"count":0,"href":"https:\/\/psol50.org.br\/rest\/wp\/v2\/posts\/9725\/revisions"}],"wp:attachment":[{"href":"https:\/\/psol50.org.br\/rest\/wp\/v2\/media?parent=9725"}],"wp:term":[{"taxonomy":"category","embeddable":true,"href":"https:\/\/psol50.org.br\/rest\/wp\/v2\/categories?post=9725"},{"taxonomy":"post_tag","embeddable":true,"href":"https:\/\/psol50.org.br\/rest\/wp\/v2\/tags?post=9725"}],"curies":[{"name":"wp","href":"https:\/\/api.w.org\/{rel}","templated":true}]}}