{"id":9728,"date":"2014-10-29T00:00:00","date_gmt":"2014-10-29T00:00:00","guid":{"rendered":"http:\/\/psol50.org.br\/arquivo\/2014\/10\/29\/miopia-seletiva-made-in-pernambuco\/"},"modified":"2014-10-29T00:00:00","modified_gmt":"2014-10-29T00:00:00","slug":"miopia-seletiva-made-in-pernambuco","status":"publish","type":"post","link":"https:\/\/psol50.org.br\/miopia-seletiva-made-in-pernambuco\/","title":{"rendered":"Miopia seletiva made in Pernambuco"},"content":{"rendered":"<p style=\"text-align: justify;\">\n\t<span style=\"font-family:arial,helvetica,sans-serif;\"><span style=\"font-size: 12px;\">Na segunda-feira, p\u00f3s 2\u00ba turno, o dia come\u00e7ou cedo para mim, Humberto Costa e Andr\u00e9 Regis. Eram 06:40 da manh\u00e3 e eu j\u00e1 estava em um \u00f4nibus com meu fone de Ouvido escutando a JC News. Em sequ\u00eancia eles foram entrevistados para emitir a opini\u00e3o dos vitoriosos e dos derrotados nas elei\u00e7\u00f5es presid\u00eancias, os dois foram acometidos do mesmo problema, miopia seletiva.<br \/>\n\t&nbsp;<br \/>\n\tMiopia \u00e9 o dist\u00farbio visual que faz com que pessoas enxerguem os objetos pr\u00f3ximos com nitidez e os distantes desfocados e de forma emba\u00e7ada. Enxergaram o resultado com nitidez, Dilma eleita e A\u00e9cio derrotada, mas distorceram o objeto mais distante, o motivo da vit\u00f3ria e da derrota, para adaptar aos seus argumentos j\u00e1 prontos e apenas requentados naquela manh\u00e3.<br \/>\n\t&nbsp;<br \/>\n\tAndr\u00e9 Regis usou naquele momento, e depois foi seguido por Terezinha Nunes e repetiu nos \u00faltimos dois dias, o argumento que A\u00e9cio perdeu em Pernambuco por causa do programa Bolsa Fam\u00edlia. Repercutiu a an\u00e1lise preconceituosa de que o voto em Dilma veio dos menos informados e dependentes dos programas sociais do Governo, distorceu a realidade e n\u00e3o tocou no que \u00e9 fato, a nega\u00e7\u00e3o a A\u00e9cio e ao projeto pol\u00edtico que ele representa, somada a necessidade de mudan\u00e7as progressistas pedidas pelo conjunto da sociedade,&nbsp;essa foi a senha da derrota tucana. Desafiou at\u00e9 a l\u00f3gica ao justificar que essa era a motiva\u00e7\u00e3o dos 70% dos votos em Pernambuco para Dilma, com esse racioc\u00ednio ao o que ele vai creditar a vit\u00f3ria de Paulo C\u00e2mara no 1\u00ba turno?<br \/>\n\t&nbsp;<br \/>\n\tMas naquela manh\u00e3 j\u00e1 quente, finalmente o ver\u00e3o pretende chegar a Recife, a op\u00e7\u00e3o por distorcer as raz\u00f5es do resultado eleitoral n\u00e3o foi exclusividade dos derrotados. Humberto Costa entre em cena e tenta adaptar a realidade para poder usar sua opini\u00e3o, creditou a vit\u00f3ria em Pernambuco ao sentimento de continuidade dos avan\u00e7os e do petismo que tem sido forte e atuante em Pernambuco, da aprova\u00e7\u00e3o aos maci\u00e7os investimentos federais, creditados apenas ao PT, feitos em Pernambucano nos \u00faltimos anos.<br \/>\n\t&nbsp;<br \/>\n\tSinto que Humberto foi \u00e0s atividades da campanha, no 2\u00ba turno, e n\u00e3o dialogou com quem de forma crescente se mobilizou pela vit\u00f3ria de Dilma. O sentimento de nega\u00e7\u00e3o a A\u00e9cio foi central e n\u00e3o uma contrapartida ao que tem sido o Governo Federal e sim em esperan\u00e7a ao o que ele poder\u00e1 vir a ser. A explica\u00e7\u00e3o de Humberto se afasta da realidade do 1\u00ba turno e da derrota do PT para Paulo C\u00e2mara. Talvez por trauma esquece a gigantesca derrota, dele e do PT, na elei\u00e7\u00e3o do Recife em 2012, onde depois de 12 anos de gest\u00e3o petista, sua candidatura ficou em terceiro lugar com menos de 18% dos votos.<br \/>\n\t&nbsp;<br \/>\n\tA justificativa para a vit\u00f3ria de Dilma, em Pernambuco, est\u00e1 na mobiliza\u00e7\u00e3o de um setor que n\u00e3o aceita mais o PT como refer\u00eancia pol\u00edtica, que recha\u00e7a as figuras p\u00fablicas do partido devido as suas conscientes a\u00e7\u00f5es nos \u00faltimo anos. Essa mobiliza\u00e7\u00e3o que era imposs\u00edvel no 1\u00ba turno foi quem derrotou A\u00e9cio em Pernambuco. Foi esse setor que transformou a campanha de Dilma, no 2\u00ba turno, em um movimento que sem esperar ou ter inten\u00e7\u00e3o de dialogar com a dire\u00e7\u00e3o petista, se auto mobilizou, utilizou as redes, articulou atividades e disputou a sociedade.<br \/>\n\t&nbsp;<br \/>\n\tEsse era o sentimento das pessoas no Marco Zero na noite de domingo (27). E com esse sentimento de necessidade de mudan\u00e7as progressistas ter\u00e1 que dialogar o segundo mandato da presidenta Dilma, para n\u00e3o ser derrotada tanto pela direita como pela esquerda antes que o segundo mandato comece direito. Esse foi o recado de Pernambuco.<br \/>\n\t&nbsp;<\/span><\/span><\/p>\n","protected":false},"excerpt":{"rendered":"<p>Na segunda-feira, p\u00f3s 2\u00ba turno, o dia come\u00e7ou cedo para mim, Humberto Costa e Andr\u00e9 Regis. Eram 06:40 da manh\u00e3 e eu j\u00e1 estava em um \u00f4nibus com meu fone de Ouvido escutando a JC News. Em sequ\u00eancia eles foram entrevistados para emitir a opini\u00e3o dos vitoriosos e dos derrotados nas elei\u00e7\u00f5es presid\u00eancias, os dois [&hellip;]<\/p>\n","protected":false},"author":2,"featured_media":0,"comment_status":"open","ping_status":"open","sticky":false,"template":"","format":"standard","meta":{"_acf_changed":false,"footnotes":""},"categories":[3],"tags":[22,4959],"class_list":{"0":"post-9728","1":"post","2":"type-post","3":"status-publish","4":"format-standard","6":"category-artigos-e-entrevistas","7":"tag-psol","8":"tag-ze-gomes"},"acf":[],"yoast_head":"<!-- This site is optimized with the Yoast SEO plugin v26.5 - https:\/\/yoast.com\/wordpress\/plugins\/seo\/ -->\n<title>Miopia seletiva made in Pernambuco - PSOL 50<\/title>\n<meta name=\"robots\" content=\"index, follow, max-snippet:-1, max-image-preview:large, max-video-preview:-1\" \/>\n<link rel=\"canonical\" href=\"https:\/\/psol50.org.br\/miopia-seletiva-made-in-pernambuco\/\" \/>\n<meta property=\"og:locale\" content=\"pt_BR\" \/>\n<meta property=\"og:type\" content=\"article\" \/>\n<meta property=\"og:title\" content=\"Miopia seletiva made in Pernambuco - PSOL 50\" \/>\n<meta property=\"og:description\" content=\"Na segunda-feira, p\u00f3s 2\u00ba turno, o dia come\u00e7ou cedo para mim, Humberto Costa e Andr\u00e9 Regis. Eram 06:40 da manh\u00e3 e eu j\u00e1 estava em um \u00f4nibus com meu fone de Ouvido escutando a JC News. Em sequ\u00eancia eles foram entrevistados para emitir a opini\u00e3o dos vitoriosos e dos derrotados nas elei\u00e7\u00f5es presid\u00eancias, os dois [&hellip;]\" \/>\n<meta property=\"og:url\" content=\"https:\/\/psol50.org.br\/miopia-seletiva-made-in-pernambuco\/\" \/>\n<meta property=\"og:site_name\" content=\"PSOL 50\" \/>\n<meta property=\"article:publisher\" content=\"https:\/\/www.facebook.com\/psol50\" \/>\n<meta property=\"article:published_time\" content=\"2014-10-29T00:00:00+00:00\" \/>\n<meta property=\"og:image\" content=\"https:\/\/psol50.org.br\/inc\/uploads\/2018\/07\/capa.png\" \/>\n\t<meta property=\"og:image:width\" content=\"1350\" \/>\n\t<meta property=\"og:image:height\" content=\"900\" \/>\n\t<meta property=\"og:image:type\" content=\"image\/png\" \/>\n<meta name=\"author\" content=\"Comunica\u00e7\u00e3o PSOL\" \/>\n<meta name=\"twitter:card\" content=\"summary_large_image\" \/>\n<meta name=\"twitter:creator\" content=\"@psol50\" \/>\n<meta name=\"twitter:site\" content=\"@psol50\" \/>\n<meta name=\"twitter:label1\" content=\"Escrito por\" \/>\n\t<meta name=\"twitter:data1\" content=\"Comunica\u00e7\u00e3o PSOL\" \/>\n\t<meta name=\"twitter:label2\" content=\"Est. tempo de leitura\" \/>\n\t<meta name=\"twitter:data2\" content=\"3 minutos\" \/>\n<script type=\"application\/ld+json\" class=\"yoast-schema-graph\">{\"@context\":\"https:\/\/schema.org\",\"@graph\":[{\"@type\":\"Article\",\"@id\":\"https:\/\/psol50.org.br\/miopia-seletiva-made-in-pernambuco\/#article\",\"isPartOf\":{\"@id\":\"https:\/\/psol50.org.br\/miopia-seletiva-made-in-pernambuco\/\"},\"author\":{\"name\":\"Comunica\u00e7\u00e3o PSOL\",\"@id\":\"https:\/\/psol50.org.br\/#\/schema\/person\/475dfa57d0b815993c714c2e96491fcd\"},\"headline\":\"Miopia seletiva made in Pernambuco\",\"datePublished\":\"2014-10-29T00:00:00+00:00\",\"mainEntityOfPage\":{\"@id\":\"https:\/\/psol50.org.br\/miopia-seletiva-made-in-pernambuco\/\"},\"wordCount\":643,\"commentCount\":0,\"publisher\":{\"@id\":\"https:\/\/psol50.org.br\/#organization\"},\"keywords\":[\"PSOL\",\"Z\u00e9 Gomes\"],\"articleSection\":[\"Artigos\"],\"inLanguage\":\"pt-BR\",\"potentialAction\":[{\"@type\":\"CommentAction\",\"name\":\"Comment\",\"target\":[\"https:\/\/psol50.org.br\/miopia-seletiva-made-in-pernambuco\/#respond\"]}]},{\"@type\":\"WebPage\",\"@id\":\"https:\/\/psol50.org.br\/miopia-seletiva-made-in-pernambuco\/\",\"url\":\"https:\/\/psol50.org.br\/miopia-seletiva-made-in-pernambuco\/\",\"name\":\"Miopia seletiva made in Pernambuco - PSOL 50\",\"isPartOf\":{\"@id\":\"https:\/\/psol50.org.br\/#website\"},\"datePublished\":\"2014-10-29T00:00:00+00:00\",\"breadcrumb\":{\"@id\":\"https:\/\/psol50.org.br\/miopia-seletiva-made-in-pernambuco\/#breadcrumb\"},\"inLanguage\":\"pt-BR\",\"potentialAction\":[{\"@type\":\"ReadAction\",\"target\":[\"https:\/\/psol50.org.br\/miopia-seletiva-made-in-pernambuco\/\"]}]},{\"@type\":\"BreadcrumbList\",\"@id\":\"https:\/\/psol50.org.br\/miopia-seletiva-made-in-pernambuco\/#breadcrumb\",\"itemListElement\":[{\"@type\":\"ListItem\",\"position\":1,\"name\":\"In\u00edcio\",\"item\":\"https:\/\/psol50.org.br\/\"},{\"@type\":\"ListItem\",\"position\":2,\"name\":\"Miopia seletiva made in Pernambuco\"}]},{\"@type\":\"WebSite\",\"@id\":\"https:\/\/psol50.org.br\/#website\",\"url\":\"https:\/\/psol50.org.br\/\",\"name\":\"PSOL 50\",\"description\":\"Site oficial do Partido Socialismo e Liberdade\",\"publisher\":{\"@id\":\"https:\/\/psol50.org.br\/#organization\"},\"alternateName\":\"PSOL50\",\"potentialAction\":[{\"@type\":\"SearchAction\",\"target\":{\"@type\":\"EntryPoint\",\"urlTemplate\":\"https:\/\/psol50.org.br\/?s={search_term_string}\"},\"query-input\":{\"@type\":\"PropertyValueSpecification\",\"valueRequired\":true,\"valueName\":\"search_term_string\"}}],\"inLanguage\":\"pt-BR\"},{\"@type\":\"Organization\",\"@id\":\"https:\/\/psol50.org.br\/#organization\",\"name\":\"PSOL 50\",\"alternateName\":\"PSOL 50\",\"url\":\"https:\/\/psol50.org.br\/\",\"logo\":{\"@type\":\"ImageObject\",\"inLanguage\":\"pt-BR\",\"@id\":\"https:\/\/psol50.org.br\/#\/schema\/logo\/image\/\",\"url\":\"https:\/\/psol50.org.br\/inc\/uploads\/2018\/07\/capa.png\",\"contentUrl\":\"https:\/\/psol50.org.br\/inc\/uploads\/2018\/07\/capa.png\",\"width\":1350,\"height\":900,\"caption\":\"PSOL 50\"},\"image\":{\"@id\":\"https:\/\/psol50.org.br\/#\/schema\/logo\/image\/\"},\"sameAs\":[\"https:\/\/www.facebook.com\/psol50\",\"https:\/\/x.com\/psol50\",\"https:\/\/www.instagram.com\/psol50\/\",\"https:\/\/www.youtube.com\/channel\/UC7SnJS5o1os7a6CaiNabzcg\"]},{\"@type\":\"Person\",\"@id\":\"https:\/\/psol50.org.br\/#\/schema\/person\/475dfa57d0b815993c714c2e96491fcd\",\"name\":\"Comunica\u00e7\u00e3o PSOL\",\"image\":{\"@type\":\"ImageObject\",\"inLanguage\":\"pt-BR\",\"@id\":\"https:\/\/psol50.org.br\/#\/schema\/person\/image\/\",\"url\":\"https:\/\/secure.gravatar.com\/avatar\/b34fc4f4e468a4e51785917065a3db57b841f5c95dba6ad8c73aaf8f66f8f9bf?s=96&d=mm&r=g\",\"contentUrl\":\"https:\/\/secure.gravatar.com\/avatar\/b34fc4f4e468a4e51785917065a3db57b841f5c95dba6ad8c73aaf8f66f8f9bf?s=96&d=mm&r=g\",\"caption\":\"Comunica\u00e7\u00e3o PSOL\"}}]}<\/script>\n<!-- \/ Yoast SEO plugin. -->","yoast_head_json":{"title":"Miopia seletiva made in Pernambuco - PSOL 50","robots":{"index":"index","follow":"follow","max-snippet":"max-snippet:-1","max-image-preview":"max-image-preview:large","max-video-preview":"max-video-preview:-1"},"canonical":"https:\/\/psol50.org.br\/miopia-seletiva-made-in-pernambuco\/","og_locale":"pt_BR","og_type":"article","og_title":"Miopia seletiva made in Pernambuco - PSOL 50","og_description":"Na segunda-feira, p\u00f3s 2\u00ba turno, o dia come\u00e7ou cedo para mim, Humberto Costa e Andr\u00e9 Regis. Eram 06:40 da manh\u00e3 e eu j\u00e1 estava em um \u00f4nibus com meu fone de Ouvido escutando a JC News. Em sequ\u00eancia eles foram entrevistados para emitir a opini\u00e3o dos vitoriosos e dos derrotados nas elei\u00e7\u00f5es presid\u00eancias, os dois [&hellip;]","og_url":"https:\/\/psol50.org.br\/miopia-seletiva-made-in-pernambuco\/","og_site_name":"PSOL 50","article_publisher":"https:\/\/www.facebook.com\/psol50","article_published_time":"2014-10-29T00:00:00+00:00","og_image":[{"width":1350,"height":900,"url":"https:\/\/psol50.org.br\/inc\/uploads\/2018\/07\/capa.png","type":"image\/png"}],"author":"Comunica\u00e7\u00e3o PSOL","twitter_card":"summary_large_image","twitter_creator":"@psol50","twitter_site":"@psol50","twitter_misc":{"Escrito por":"Comunica\u00e7\u00e3o PSOL","Est. tempo de leitura":"3 minutos"},"schema":{"@context":"https:\/\/schema.org","@graph":[{"@type":"Article","@id":"https:\/\/psol50.org.br\/miopia-seletiva-made-in-pernambuco\/#article","isPartOf":{"@id":"https:\/\/psol50.org.br\/miopia-seletiva-made-in-pernambuco\/"},"author":{"name":"Comunica\u00e7\u00e3o PSOL","@id":"https:\/\/psol50.org.br\/#\/schema\/person\/475dfa57d0b815993c714c2e96491fcd"},"headline":"Miopia seletiva made in Pernambuco","datePublished":"2014-10-29T00:00:00+00:00","mainEntityOfPage":{"@id":"https:\/\/psol50.org.br\/miopia-seletiva-made-in-pernambuco\/"},"wordCount":643,"commentCount":0,"publisher":{"@id":"https:\/\/psol50.org.br\/#organization"},"keywords":["PSOL","Z\u00e9 Gomes"],"articleSection":["Artigos"],"inLanguage":"pt-BR","potentialAction":[{"@type":"CommentAction","name":"Comment","target":["https:\/\/psol50.org.br\/miopia-seletiva-made-in-pernambuco\/#respond"]}]},{"@type":"WebPage","@id":"https:\/\/psol50.org.br\/miopia-seletiva-made-in-pernambuco\/","url":"https:\/\/psol50.org.br\/miopia-seletiva-made-in-pernambuco\/","name":"Miopia seletiva made in Pernambuco - PSOL 50","isPartOf":{"@id":"https:\/\/psol50.org.br\/#website"},"datePublished":"2014-10-29T00:00:00+00:00","breadcrumb":{"@id":"https:\/\/psol50.org.br\/miopia-seletiva-made-in-pernambuco\/#breadcrumb"},"inLanguage":"pt-BR","potentialAction":[{"@type":"ReadAction","target":["https:\/\/psol50.org.br\/miopia-seletiva-made-in-pernambuco\/"]}]},{"@type":"BreadcrumbList","@id":"https:\/\/psol50.org.br\/miopia-seletiva-made-in-pernambuco\/#breadcrumb","itemListElement":[{"@type":"ListItem","position":1,"name":"In\u00edcio","item":"https:\/\/psol50.org.br\/"},{"@type":"ListItem","position":2,"name":"Miopia seletiva made in Pernambuco"}]},{"@type":"WebSite","@id":"https:\/\/psol50.org.br\/#website","url":"https:\/\/psol50.org.br\/","name":"PSOL 50","description":"Site oficial do Partido Socialismo e Liberdade","publisher":{"@id":"https:\/\/psol50.org.br\/#organization"},"alternateName":"PSOL50","potentialAction":[{"@type":"SearchAction","target":{"@type":"EntryPoint","urlTemplate":"https:\/\/psol50.org.br\/?s={search_term_string}"},"query-input":{"@type":"PropertyValueSpecification","valueRequired":true,"valueName":"search_term_string"}}],"inLanguage":"pt-BR"},{"@type":"Organization","@id":"https:\/\/psol50.org.br\/#organization","name":"PSOL 50","alternateName":"PSOL 50","url":"https:\/\/psol50.org.br\/","logo":{"@type":"ImageObject","inLanguage":"pt-BR","@id":"https:\/\/psol50.org.br\/#\/schema\/logo\/image\/","url":"https:\/\/psol50.org.br\/inc\/uploads\/2018\/07\/capa.png","contentUrl":"https:\/\/psol50.org.br\/inc\/uploads\/2018\/07\/capa.png","width":1350,"height":900,"caption":"PSOL 50"},"image":{"@id":"https:\/\/psol50.org.br\/#\/schema\/logo\/image\/"},"sameAs":["https:\/\/www.facebook.com\/psol50","https:\/\/x.com\/psol50","https:\/\/www.instagram.com\/psol50\/","https:\/\/www.youtube.com\/channel\/UC7SnJS5o1os7a6CaiNabzcg"]},{"@type":"Person","@id":"https:\/\/psol50.org.br\/#\/schema\/person\/475dfa57d0b815993c714c2e96491fcd","name":"Comunica\u00e7\u00e3o PSOL","image":{"@type":"ImageObject","inLanguage":"pt-BR","@id":"https:\/\/psol50.org.br\/#\/schema\/person\/image\/","url":"https:\/\/secure.gravatar.com\/avatar\/b34fc4f4e468a4e51785917065a3db57b841f5c95dba6ad8c73aaf8f66f8f9bf?s=96&d=mm&r=g","contentUrl":"https:\/\/secure.gravatar.com\/avatar\/b34fc4f4e468a4e51785917065a3db57b841f5c95dba6ad8c73aaf8f66f8f9bf?s=96&d=mm&r=g","caption":"Comunica\u00e7\u00e3o PSOL"}}]}},"_links":{"self":[{"href":"https:\/\/psol50.org.br\/rest\/wp\/v2\/posts\/9728","targetHints":{"allow":["GET"]}}],"collection":[{"href":"https:\/\/psol50.org.br\/rest\/wp\/v2\/posts"}],"about":[{"href":"https:\/\/psol50.org.br\/rest\/wp\/v2\/types\/post"}],"author":[{"embeddable":true,"href":"https:\/\/psol50.org.br\/rest\/wp\/v2\/users\/2"}],"replies":[{"embeddable":true,"href":"https:\/\/psol50.org.br\/rest\/wp\/v2\/comments?post=9728"}],"version-history":[{"count":0,"href":"https:\/\/psol50.org.br\/rest\/wp\/v2\/posts\/9728\/revisions"}],"wp:attachment":[{"href":"https:\/\/psol50.org.br\/rest\/wp\/v2\/media?parent=9728"}],"wp:term":[{"taxonomy":"category","embeddable":true,"href":"https:\/\/psol50.org.br\/rest\/wp\/v2\/categories?post=9728"},{"taxonomy":"post_tag","embeddable":true,"href":"https:\/\/psol50.org.br\/rest\/wp\/v2\/tags?post=9728"}],"curies":[{"name":"wp","href":"https:\/\/api.w.org\/{rel}","templated":true}]}}