{"id":9734,"date":"2014-11-05T00:00:00","date_gmt":"2014-11-05T00:00:00","guid":{"rendered":"http:\/\/psol50.org.br\/arquivo\/2014\/11\/05\/sem-meio-termo-na-economia\/"},"modified":"2014-11-05T00:00:00","modified_gmt":"2014-11-05T00:00:00","slug":"sem-meio-termo-na-economia","status":"publish","type":"post","link":"https:\/\/psol50.org.br\/sem-meio-termo-na-economia\/","title":{"rendered":"Sem meio-termo na economia*"},"content":{"rendered":"<div style=\"text-align: justify;\">\n\tCrises e per\u00edodos adversos t\u00eam a intrigante faculdade de separar governantes comuns de verdadeiros estadistas comprometidos com a transforma\u00e7\u00e3o social. \u00c9 que, em tempos de bonan\u00e7a, as condi\u00e7\u00f5es para o consenso tendem a ser mais favor\u00e1veis. Nas encruzilhadas que vez ou outra se desenham no caminho, diversamente, somos chamados a provar nossa capacidade e coragem para correr os riscos que escolhas ousadas (e necess\u00e1rias) reclamam em tempos de ajuste do real com o ilus\u00f3rio, do contingente com o estrutural.<br \/>\n\t&nbsp;<br \/>\n\tDepois de 12 anos de apostas em um modelo de ganha-ganha \u2013&nbsp;de consenso entre a base e o topo da pir\u00e2mide social para a promo\u00e7\u00e3o de um incrementalismo social-liberal, que pouco foi capaz de mudar substancialmente a estrutura da desigualdade de renda, terra e poder no Brasil \u2013, muitos elementos, entre eles o resultado apertado nas urnas, parecem indicar que esse arranjo chegou a seu limite. Dilma ganhou por pouco, mas sabe que, se mantidas as referidas escolhas e condi\u00e7\u00f5es, tende a seguir perdendo. O caminho se afunilou, e n\u00e3o \u00e9 mais poss\u00edvel recorrer aos atalhos de outrora em busca de evitar os solavancos da estrada rumo a um pa\u00eds mais justo e igual: o Brasil precisa de reformas estruturais (agr\u00e1ria, pol\u00edtica, tribut\u00e1ria, administrativa, nas comunica\u00e7\u00f5es) profundas. E isso custa caro politicamente: n\u00e3o se faz uma omelete sem quebrar ovos, sem contrariar grandes interesses.<br \/>\n\t&nbsp;<br \/>\n\tEm poucas dimens\u00f5es da vida social isso \u00e9 t\u00e3o claro quanto na economia. Passados os confort\u00e1veis anos de alta dos principais produtos da pauta de exporta\u00e7\u00f5es brasileira e \u00e2ncoras do autoproclamado \u201cdesenvolvimento com inclus\u00e3o social\u201d (as chamadas commodities \u2013 produtos prim\u00e1rios como soja, carne e min\u00e9rio de ferro), o baixo crescimento do PIB (sem distribui\u00e7\u00e3o substancial de renda) cedo ou tarde afetar\u00e1 o emprego e amea\u00e7ar\u00e1 qualquer iniciativa mais en\u00e9rgica de amplia\u00e7\u00e3o dos gastos sociais, especialmente com sa\u00fade e educa\u00e7\u00e3o, t\u00e3o sonoramente demandados pela popula\u00e7\u00e3o. Os anos de recrudescimento do trip\u00e9 neoliberal da macroeconomia brasileira (super\u00e1vit prim\u00e1rio, controle da infla\u00e7\u00e3o por meio de alta taxa de juros e c\u00e2mbio flutuante) finalmente cobram sua conta: desindustrializa\u00e7\u00e3o, financeiriza\u00e7\u00e3o e reprimariza\u00e7\u00e3o galopante da economia brasileira.<br \/>\n\t&nbsp;<br \/>\n\tA infla\u00e7\u00e3o crescente, consequ\u00eancia e n\u00e3o causa dessa pol\u00edtica \u2013 como tentam nos convencer os comentaristas econ\u00f4micos ligados \u00e0 hegemonia do setor financeiro \u2013, est\u00e1 relacionada aos baixos investimentos em infraestrutura produtiva e social dos \u00faltimos anos, \u00e0 falta de diversifica\u00e7\u00e3o e qualifica\u00e7\u00e3o de nossa pauta de exporta\u00e7\u00f5es, \u00e0 falta de apoio para uma pol\u00edtica s\u00e9ria de reforma agr\u00e1ria e seguran\u00e7a alimentar (grande parte de nossa infla\u00e7\u00e3o prov\u00e9m dos alimentos e insumos como gasolina e energia), e n\u00e3o do afrouxamento do trip\u00e9, como grita desesperadamente a banca \u2013 que nunca ganhou tanto como nos \u00faltimos 12 anos. A combina\u00e7\u00e3o de cr\u00e9dito farto com investimento baixo chegou ao seu limite e, por \u00f3bvio, pressiona os pre\u00e7os.<br \/>\n\t&nbsp;<br \/>\n\tTrata-se de uma meia-verdade culpar o cen\u00e1rio internacional pelo baixo crescimento com press\u00e3o inflacion\u00e1ria (ainda que esse, posto dessa forma, nem de longe seja nosso principal problema). Se o quadro j\u00e1 foi melhor, \u00e9 verdade tamb\u00e9m que nossas escolhas no campo da macroeconomia aprofundaram nos \u00faltimos anos nossa condi\u00e7\u00e3o de vulnerabilidade estrutural e depend\u00eancia externa, por mais que a ret\u00f3rica oficial se vanglorie do contr\u00e1rio.<br \/>\n\t&nbsp;<br \/>\n\t\u00c9 tempo, pois, de escolhas corajosas. Ou aceita atacar com firmeza tal situa\u00e7\u00e3o, \u00e0 esquerda, ou muito provavelmente o Partido dos Trabalhadores deixar\u00e1 o Planalto em 2018 sepultado como alternativa real de poder. Ao inv\u00e9s de cortes em investimentos sociais e produtivos, auditoria de uma d\u00edvida p\u00fablica galopante remunerada \u00e0 maior taxa de juros do mundo (que consome metade do or\u00e7amento da Uni\u00e3o todos os anos \u2013&nbsp;cerca de 50 vezes o que se gasta com o Bolsa Fam\u00edlia, para crit\u00e9rio de compara\u00e7\u00e3o) e tributa\u00e7\u00e3o progressiva para que ricos paguem mais impostos que os pobres; ao inv\u00e9s do fortalecimento do trip\u00e9 desindustrializante da macroeconomia brasileira, uma pol\u00edtica real de desenvolvimento industrial com fortalecimento dos direitos dos trabalhadores e trabalhadoras; ao inv\u00e9s de fortalecimento do agroneg\u00f3cio, reforma agr\u00e1ria e investimento em ci\u00eancia, tecnologia (verde) e inova\u00e7\u00e3o. Ao inv\u00e9s da ciranda especulativa da moeda nos mercados, uma pol\u00edtica cambial voltada para o fortalecimento do setor produtivo. Ao inv\u00e9s da liberdade ampla para especula\u00e7\u00e3o financeira e o lucro banc\u00e1rio, fiscaliza\u00e7\u00e3o, regulamenta\u00e7\u00e3o e controle de capitais e uma pol\u00edtica de cr\u00e9dito condizente com o avan\u00e7o do investimento.<br \/>\n\t&nbsp;<br \/>\n\tSe engana, no entanto, quem acha que s\u00e3o decis\u00f5es relegadas meramente ao campo t\u00e9cnico da economia, que n\u00e3o \u00e9 uma dimens\u00e3o pura ou apartada da vida social, mas intimamente configurada por seus conflitos, demandas sociais e estruturas de poder. Para que seja capaz de adotar tais medidas, a presidenta e seu campo pol\u00edtico ter\u00e3o de aderir a uma outra cogni\u00e7\u00e3o pol\u00edtica: debate aberto e luta pol\u00edtica contra-hegem\u00f4nica, com aposta em outros afetos e ret\u00f3ricas de transforma\u00e7\u00e3o; constru\u00e7\u00e3o conjunta e empoderamento de movimentos sociais, organiza\u00e7\u00f5es de trabalhadores e trabalhadoras, minorias pol\u00edticas; uma outra rela\u00e7\u00e3o com o Legislativo e o Judici\u00e1rio; investimentos reais, e n\u00e3o apenas perform\u00e1ticos, em democracia direta e participa\u00e7\u00e3o social; preserva\u00e7\u00e3o ambiental e respeito aos povos tradicionais; enfrentar, em resumo, os grandes interesses que h\u00e1 d\u00e9cadas insistem em manter, para o ganho de poucos, o Brasil como um dos pa\u00edses mais desiguais do mundo.<br \/>\n\t&nbsp;<br \/>\n\tN\u00e3o h\u00e1 terceira via no Brasil. Para quem alimentou durante anos o engodo de que era poss\u00edvel governar para todos e todas, o conservadorismo militante acompanhado do triste espet\u00e1culo de \u00f3dio social presenciado nas elei\u00e7\u00f5es, e a divis\u00e3o observada no resultado das urnas, descortinaram uma sociedade ainda profundamente desigual e apartada. Depois de in\u00fameras oportunidades nos \u00faltimos 12 anos, a presidenta e seu partido sabem: \u00e9 chegado o momento da cartada final, de mostrar a que (e a quem) vieram de fato, de separar governantes de estadistas. N\u00e3o haver\u00e1 segunda chance. Se tudo indica, com base nas escolhas tomadas at\u00e9 aqui, que esse n\u00e3o ser\u00e1 o caminho escolhido por aqueles que nos governam, cresce, na falta desse importante aliado, o tamanho de nossa responsabilidade. Evitar que a decad\u00eancia do PT se traduza em uma decad\u00eancia ainda maior do Brasil ser\u00e1 o papel de uma sociedade unida em luta pol\u00edtica contra o retrocesso e pelo avan\u00e7o social. N\u00e3o haver\u00e1 meio termo.<\/p>\n<p>\t*<em>Artigo publicado originalmente no site do Congresso Em Foco<\/em>.<\/p>\n<p>\n\t&nbsp;<\/div>\n","protected":false},"excerpt":{"rendered":"<p>Crises e per\u00edodos adversos t\u00eam a intrigante faculdade de separar governantes comuns de verdadeiros estadistas comprometidos com a transforma\u00e7\u00e3o social. \u00c9 que, em tempos de bonan\u00e7a, as condi\u00e7\u00f5es para o consenso tendem a ser mais favor\u00e1veis. Nas encruzilhadas que vez ou outra se desenham no caminho, diversamente, somos chamados a provar nossa capacidade e coragem [&hellip;]<\/p>\n","protected":false},"author":2,"featured_media":0,"comment_status":"open","ping_status":"open","sticky":false,"template":"","format":"standard","meta":{"_acf_changed":false,"footnotes":""},"categories":[3],"tags":[],"class_list":{"0":"post-9734","1":"post","2":"type-post","3":"status-publish","4":"format-standard","6":"category-artigos-e-entrevistas"},"acf":[],"yoast_head":"<!-- This site is optimized with the Yoast SEO plugin v26.5 - https:\/\/yoast.com\/wordpress\/plugins\/seo\/ -->\n<title>Sem meio-termo na economia* - PSOL 50<\/title>\n<meta name=\"robots\" content=\"index, follow, max-snippet:-1, max-image-preview:large, max-video-preview:-1\" \/>\n<link rel=\"canonical\" href=\"https:\/\/psol50.org.br\/sem-meio-termo-na-economia\/\" \/>\n<meta property=\"og:locale\" content=\"pt_BR\" \/>\n<meta property=\"og:type\" content=\"article\" \/>\n<meta property=\"og:title\" content=\"Sem meio-termo na economia* - PSOL 50\" \/>\n<meta property=\"og:description\" content=\"Crises e per\u00edodos adversos t\u00eam a intrigante faculdade de separar governantes comuns de verdadeiros estadistas comprometidos com a transforma\u00e7\u00e3o social. \u00c9 que, em tempos de bonan\u00e7a, as condi\u00e7\u00f5es para o consenso tendem a ser mais favor\u00e1veis. Nas encruzilhadas que vez ou outra se desenham no caminho, diversamente, somos chamados a provar nossa capacidade e coragem [&hellip;]\" \/>\n<meta property=\"og:url\" content=\"https:\/\/psol50.org.br\/sem-meio-termo-na-economia\/\" \/>\n<meta property=\"og:site_name\" content=\"PSOL 50\" \/>\n<meta property=\"article:publisher\" content=\"https:\/\/www.facebook.com\/psol50\" \/>\n<meta property=\"article:published_time\" content=\"2014-11-05T00:00:00+00:00\" \/>\n<meta property=\"og:image\" content=\"https:\/\/psol50.org.br\/inc\/uploads\/2018\/07\/capa.png\" \/>\n\t<meta property=\"og:image:width\" content=\"1350\" \/>\n\t<meta property=\"og:image:height\" content=\"900\" \/>\n\t<meta property=\"og:image:type\" content=\"image\/png\" \/>\n<meta name=\"author\" content=\"Comunica\u00e7\u00e3o PSOL\" \/>\n<meta name=\"twitter:card\" content=\"summary_large_image\" \/>\n<meta name=\"twitter:creator\" content=\"@psol50\" \/>\n<meta name=\"twitter:site\" content=\"@psol50\" \/>\n<meta name=\"twitter:label1\" content=\"Escrito por\" \/>\n\t<meta name=\"twitter:data1\" content=\"Comunica\u00e7\u00e3o PSOL\" \/>\n\t<meta name=\"twitter:label2\" content=\"Est. tempo de leitura\" \/>\n\t<meta name=\"twitter:data2\" content=\"6 minutos\" \/>\n<script type=\"application\/ld+json\" class=\"yoast-schema-graph\">{\"@context\":\"https:\/\/schema.org\",\"@graph\":[{\"@type\":\"Article\",\"@id\":\"https:\/\/psol50.org.br\/sem-meio-termo-na-economia\/#article\",\"isPartOf\":{\"@id\":\"https:\/\/psol50.org.br\/sem-meio-termo-na-economia\/\"},\"author\":{\"name\":\"Comunica\u00e7\u00e3o PSOL\",\"@id\":\"https:\/\/psol50.org.br\/#\/schema\/person\/475dfa57d0b815993c714c2e96491fcd\"},\"headline\":\"Sem meio-termo na economia*\",\"datePublished\":\"2014-11-05T00:00:00+00:00\",\"mainEntityOfPage\":{\"@id\":\"https:\/\/psol50.org.br\/sem-meio-termo-na-economia\/\"},\"wordCount\":1144,\"commentCount\":0,\"publisher\":{\"@id\":\"https:\/\/psol50.org.br\/#organization\"},\"articleSection\":[\"Artigos\"],\"inLanguage\":\"pt-BR\",\"potentialAction\":[{\"@type\":\"CommentAction\",\"name\":\"Comment\",\"target\":[\"https:\/\/psol50.org.br\/sem-meio-termo-na-economia\/#respond\"]}]},{\"@type\":\"WebPage\",\"@id\":\"https:\/\/psol50.org.br\/sem-meio-termo-na-economia\/\",\"url\":\"https:\/\/psol50.org.br\/sem-meio-termo-na-economia\/\",\"name\":\"Sem meio-termo na economia* - PSOL 50\",\"isPartOf\":{\"@id\":\"https:\/\/psol50.org.br\/#website\"},\"datePublished\":\"2014-11-05T00:00:00+00:00\",\"breadcrumb\":{\"@id\":\"https:\/\/psol50.org.br\/sem-meio-termo-na-economia\/#breadcrumb\"},\"inLanguage\":\"pt-BR\",\"potentialAction\":[{\"@type\":\"ReadAction\",\"target\":[\"https:\/\/psol50.org.br\/sem-meio-termo-na-economia\/\"]}]},{\"@type\":\"BreadcrumbList\",\"@id\":\"https:\/\/psol50.org.br\/sem-meio-termo-na-economia\/#breadcrumb\",\"itemListElement\":[{\"@type\":\"ListItem\",\"position\":1,\"name\":\"In\u00edcio\",\"item\":\"https:\/\/psol50.org.br\/\"},{\"@type\":\"ListItem\",\"position\":2,\"name\":\"Sem meio-termo na economia*\"}]},{\"@type\":\"WebSite\",\"@id\":\"https:\/\/psol50.org.br\/#website\",\"url\":\"https:\/\/psol50.org.br\/\",\"name\":\"PSOL 50\",\"description\":\"Site oficial do Partido Socialismo e Liberdade\",\"publisher\":{\"@id\":\"https:\/\/psol50.org.br\/#organization\"},\"alternateName\":\"PSOL50\",\"potentialAction\":[{\"@type\":\"SearchAction\",\"target\":{\"@type\":\"EntryPoint\",\"urlTemplate\":\"https:\/\/psol50.org.br\/?s={search_term_string}\"},\"query-input\":{\"@type\":\"PropertyValueSpecification\",\"valueRequired\":true,\"valueName\":\"search_term_string\"}}],\"inLanguage\":\"pt-BR\"},{\"@type\":\"Organization\",\"@id\":\"https:\/\/psol50.org.br\/#organization\",\"name\":\"PSOL 50\",\"alternateName\":\"PSOL 50\",\"url\":\"https:\/\/psol50.org.br\/\",\"logo\":{\"@type\":\"ImageObject\",\"inLanguage\":\"pt-BR\",\"@id\":\"https:\/\/psol50.org.br\/#\/schema\/logo\/image\/\",\"url\":\"https:\/\/psol50.org.br\/inc\/uploads\/2018\/07\/capa.png\",\"contentUrl\":\"https:\/\/psol50.org.br\/inc\/uploads\/2018\/07\/capa.png\",\"width\":1350,\"height\":900,\"caption\":\"PSOL 50\"},\"image\":{\"@id\":\"https:\/\/psol50.org.br\/#\/schema\/logo\/image\/\"},\"sameAs\":[\"https:\/\/www.facebook.com\/psol50\",\"https:\/\/x.com\/psol50\",\"https:\/\/www.instagram.com\/psol50\/\",\"https:\/\/www.youtube.com\/channel\/UC7SnJS5o1os7a6CaiNabzcg\"]},{\"@type\":\"Person\",\"@id\":\"https:\/\/psol50.org.br\/#\/schema\/person\/475dfa57d0b815993c714c2e96491fcd\",\"name\":\"Comunica\u00e7\u00e3o PSOL\",\"image\":{\"@type\":\"ImageObject\",\"inLanguage\":\"pt-BR\",\"@id\":\"https:\/\/psol50.org.br\/#\/schema\/person\/image\/\",\"url\":\"https:\/\/secure.gravatar.com\/avatar\/b34fc4f4e468a4e51785917065a3db57b841f5c95dba6ad8c73aaf8f66f8f9bf?s=96&d=mm&r=g\",\"contentUrl\":\"https:\/\/secure.gravatar.com\/avatar\/b34fc4f4e468a4e51785917065a3db57b841f5c95dba6ad8c73aaf8f66f8f9bf?s=96&d=mm&r=g\",\"caption\":\"Comunica\u00e7\u00e3o PSOL\"}}]}<\/script>\n<!-- \/ Yoast SEO plugin. -->","yoast_head_json":{"title":"Sem meio-termo na economia* - PSOL 50","robots":{"index":"index","follow":"follow","max-snippet":"max-snippet:-1","max-image-preview":"max-image-preview:large","max-video-preview":"max-video-preview:-1"},"canonical":"https:\/\/psol50.org.br\/sem-meio-termo-na-economia\/","og_locale":"pt_BR","og_type":"article","og_title":"Sem meio-termo na economia* - PSOL 50","og_description":"Crises e per\u00edodos adversos t\u00eam a intrigante faculdade de separar governantes comuns de verdadeiros estadistas comprometidos com a transforma\u00e7\u00e3o social. \u00c9 que, em tempos de bonan\u00e7a, as condi\u00e7\u00f5es para o consenso tendem a ser mais favor\u00e1veis. Nas encruzilhadas que vez ou outra se desenham no caminho, diversamente, somos chamados a provar nossa capacidade e coragem [&hellip;]","og_url":"https:\/\/psol50.org.br\/sem-meio-termo-na-economia\/","og_site_name":"PSOL 50","article_publisher":"https:\/\/www.facebook.com\/psol50","article_published_time":"2014-11-05T00:00:00+00:00","og_image":[{"width":1350,"height":900,"url":"https:\/\/psol50.org.br\/inc\/uploads\/2018\/07\/capa.png","type":"image\/png"}],"author":"Comunica\u00e7\u00e3o PSOL","twitter_card":"summary_large_image","twitter_creator":"@psol50","twitter_site":"@psol50","twitter_misc":{"Escrito por":"Comunica\u00e7\u00e3o PSOL","Est. tempo de leitura":"6 minutos"},"schema":{"@context":"https:\/\/schema.org","@graph":[{"@type":"Article","@id":"https:\/\/psol50.org.br\/sem-meio-termo-na-economia\/#article","isPartOf":{"@id":"https:\/\/psol50.org.br\/sem-meio-termo-na-economia\/"},"author":{"name":"Comunica\u00e7\u00e3o PSOL","@id":"https:\/\/psol50.org.br\/#\/schema\/person\/475dfa57d0b815993c714c2e96491fcd"},"headline":"Sem meio-termo na economia*","datePublished":"2014-11-05T00:00:00+00:00","mainEntityOfPage":{"@id":"https:\/\/psol50.org.br\/sem-meio-termo-na-economia\/"},"wordCount":1144,"commentCount":0,"publisher":{"@id":"https:\/\/psol50.org.br\/#organization"},"articleSection":["Artigos"],"inLanguage":"pt-BR","potentialAction":[{"@type":"CommentAction","name":"Comment","target":["https:\/\/psol50.org.br\/sem-meio-termo-na-economia\/#respond"]}]},{"@type":"WebPage","@id":"https:\/\/psol50.org.br\/sem-meio-termo-na-economia\/","url":"https:\/\/psol50.org.br\/sem-meio-termo-na-economia\/","name":"Sem meio-termo na economia* - PSOL 50","isPartOf":{"@id":"https:\/\/psol50.org.br\/#website"},"datePublished":"2014-11-05T00:00:00+00:00","breadcrumb":{"@id":"https:\/\/psol50.org.br\/sem-meio-termo-na-economia\/#breadcrumb"},"inLanguage":"pt-BR","potentialAction":[{"@type":"ReadAction","target":["https:\/\/psol50.org.br\/sem-meio-termo-na-economia\/"]}]},{"@type":"BreadcrumbList","@id":"https:\/\/psol50.org.br\/sem-meio-termo-na-economia\/#breadcrumb","itemListElement":[{"@type":"ListItem","position":1,"name":"In\u00edcio","item":"https:\/\/psol50.org.br\/"},{"@type":"ListItem","position":2,"name":"Sem meio-termo na economia*"}]},{"@type":"WebSite","@id":"https:\/\/psol50.org.br\/#website","url":"https:\/\/psol50.org.br\/","name":"PSOL 50","description":"Site oficial do Partido Socialismo e Liberdade","publisher":{"@id":"https:\/\/psol50.org.br\/#organization"},"alternateName":"PSOL50","potentialAction":[{"@type":"SearchAction","target":{"@type":"EntryPoint","urlTemplate":"https:\/\/psol50.org.br\/?s={search_term_string}"},"query-input":{"@type":"PropertyValueSpecification","valueRequired":true,"valueName":"search_term_string"}}],"inLanguage":"pt-BR"},{"@type":"Organization","@id":"https:\/\/psol50.org.br\/#organization","name":"PSOL 50","alternateName":"PSOL 50","url":"https:\/\/psol50.org.br\/","logo":{"@type":"ImageObject","inLanguage":"pt-BR","@id":"https:\/\/psol50.org.br\/#\/schema\/logo\/image\/","url":"https:\/\/psol50.org.br\/inc\/uploads\/2018\/07\/capa.png","contentUrl":"https:\/\/psol50.org.br\/inc\/uploads\/2018\/07\/capa.png","width":1350,"height":900,"caption":"PSOL 50"},"image":{"@id":"https:\/\/psol50.org.br\/#\/schema\/logo\/image\/"},"sameAs":["https:\/\/www.facebook.com\/psol50","https:\/\/x.com\/psol50","https:\/\/www.instagram.com\/psol50\/","https:\/\/www.youtube.com\/channel\/UC7SnJS5o1os7a6CaiNabzcg"]},{"@type":"Person","@id":"https:\/\/psol50.org.br\/#\/schema\/person\/475dfa57d0b815993c714c2e96491fcd","name":"Comunica\u00e7\u00e3o PSOL","image":{"@type":"ImageObject","inLanguage":"pt-BR","@id":"https:\/\/psol50.org.br\/#\/schema\/person\/image\/","url":"https:\/\/secure.gravatar.com\/avatar\/b34fc4f4e468a4e51785917065a3db57b841f5c95dba6ad8c73aaf8f66f8f9bf?s=96&d=mm&r=g","contentUrl":"https:\/\/secure.gravatar.com\/avatar\/b34fc4f4e468a4e51785917065a3db57b841f5c95dba6ad8c73aaf8f66f8f9bf?s=96&d=mm&r=g","caption":"Comunica\u00e7\u00e3o PSOL"}}]}},"_links":{"self":[{"href":"https:\/\/psol50.org.br\/rest\/wp\/v2\/posts\/9734","targetHints":{"allow":["GET"]}}],"collection":[{"href":"https:\/\/psol50.org.br\/rest\/wp\/v2\/posts"}],"about":[{"href":"https:\/\/psol50.org.br\/rest\/wp\/v2\/types\/post"}],"author":[{"embeddable":true,"href":"https:\/\/psol50.org.br\/rest\/wp\/v2\/users\/2"}],"replies":[{"embeddable":true,"href":"https:\/\/psol50.org.br\/rest\/wp\/v2\/comments?post=9734"}],"version-history":[{"count":0,"href":"https:\/\/psol50.org.br\/rest\/wp\/v2\/posts\/9734\/revisions"}],"wp:attachment":[{"href":"https:\/\/psol50.org.br\/rest\/wp\/v2\/media?parent=9734"}],"wp:term":[{"taxonomy":"category","embeddable":true,"href":"https:\/\/psol50.org.br\/rest\/wp\/v2\/categories?post=9734"},{"taxonomy":"post_tag","embeddable":true,"href":"https:\/\/psol50.org.br\/rest\/wp\/v2\/tags?post=9734"}],"curies":[{"name":"wp","href":"https:\/\/api.w.org\/{rel}","templated":true}]}}