{"id":974,"date":"2012-01-11T00:00:00","date_gmt":"2012-01-11T00:00:00","guid":{"rendered":"http:\/\/psol50.org.br\/arquivo\/2012\/01\/11\/manifestacoes-em-vitoria-es-contra-reajuste-das-passagens-dos-onibus\/"},"modified":"2012-01-11T00:00:00","modified_gmt":"2012-01-11T00:00:00","slug":"manifestacoes-em-vitoria-es-contra-reajuste-das-passagens-dos-onibus","status":"publish","type":"post","link":"https:\/\/psol50.org.br\/manifestacoes-em-vitoria-es-contra-reajuste-das-passagens-dos-onibus\/","title":{"rendered":"Manifesta\u00e7\u00f5es em Vit\u00f3ria (ES) contra reajuste das passagens dos \u00f4nibus"},"content":{"rendered":"<p style=\"text-align: justify\"><a href=\"http:\/\/psol50.org.br\/blog\/2012\/01\/11\/manifestacoes-em-vitoria-es-contra-reajuste-das-passagens-dos-onibus\/tarifavitoriaes\/\" rel=\"attachment wp-att-13116\"><img loading=\"lazy\" decoding=\"async\" class=\"aligncenter size-full wp-image-13116\" src=\"http:\/\/psol50.org.br\/files\/2012\/01\/TarifaVit%C3%B3riaES.jpg\" alt=\"\" width=\"400\" height=\"305\" \/><\/a>Ap\u00f3s as duas manifesta\u00e7\u00f5es dos estudantes contra o aumento da passagem, realizadas durante esta quarta-feira (11), eles prometem que v\u00e3o continuar com as mobiliza\u00e7\u00f5es no decorrer da semana. Os integrantes do movimento garantem que nesta quinta-feira (12) tudo vai ser diferente. O protesto ser\u00e1 de forma pac\u00edfica e para informar a popula\u00e7\u00e3o, como garante o estudante Erick Tavares.<\/p>\n<p>&#8220;Vai ter mais ato essa semana. Amanh\u00e3 a gente j\u00e1 tem uma outra programa\u00e7\u00e3o mais light. Vai ser uma passeata para explicar \u00e0 popula\u00e7\u00e3o as causas do movimento, a bandeira de luta e porque a gente fecha as ruas. Hoje j\u00e1 foi tudo encerrado mesmo, o que a gente organizou foi cumprido&#8221;, falou Tavares.<\/p>\n<p>Nesta quarta-feira (11), tudo come\u00e7ou por volta das 7 horas da manh\u00e3. Os estudantes fecharam as Avenidas Jer\u00f4nimo Monteiro e Get\u00falio Vargas, no Centro da capital capixaba, em frente ao Pal\u00e1cio do Governo do Estado, em forma de protesto contra o aumento das tarifas de \u00f4nibus. Um coletivo do sistema Transcol foi incendiado.<\/p>\n<p>Os manifestantes entraram em confronto com policiais militares da cavalaria e do Batalh\u00e3o de Miss\u00f5es Especiais (BME), que usaram bombas de efeito moral. Ap\u00f3s a dispers\u00e3o, a pista foi liberada para os ve\u00edculos nos dois sentidos. Os estudantes resolveram se dirigir \u00e1 Ufes para definir novos rumos para o movimento<\/p>\n<p>Exatamente \u00e0s 14h45, eles fecharam uma das pistas da Avenida Fernando Ferrari no sentido Serra para Vit\u00f3ria. Por alguns minutos a Pol\u00edcia Militar tentou a negocia\u00e7\u00e3o, mas em v\u00e3o. De acordo com o manifestante Gustavo de Biase, os manifestantes reivindicam alguns pontos que foram acordados para suspens\u00e3o do movimento no ano passado n\u00e3o foram cumpridas.<\/p>\n<p>&#8220;O Governo fez alguns compromissos com os estudantes e n\u00e3o cumpriu. Eles s\u00e3o a instala\u00e7\u00e3o do aquavi\u00e1rio, que seria j\u00e1 neste ano e vimos na m\u00eddia que ser\u00e1 ano que vem e tamb\u00e9m n\u00e3o fomos inclu\u00eddos na comiss\u00e3o tarif\u00e1ria. Al\u00e9m disso, n\u00e3o fomos consultados sobre o aumento tarif\u00e1rio deste ano&#8221;, disse de Biase.<\/p>\n<p>A Pol\u00edcia Militar mostrou intelig\u00eancia dessa vez e resolveu n\u00e3o agir com viol\u00eancia. O tr\u00e2nsito da Avenida Fernando Ferrari foi desviado e os motoristas estavam passando por vias alternativas nos bairros Jardim da Penha e Avenida Adalberto Sim\u00e3o Nader, em Goiabeiras. Com isso o protesto perdeu o sentido, j\u00e1 que n\u00e3o havia mais fluxo de carros na via.<\/p>\n<p>Os manifestantes retiraram os peda\u00e7os de madeira que estavam na pista e se dirigiram para o interior da universidade, onde discutiram o passo posterior, sempre observados pela pol\u00edcia. Ap\u00f3s uma assembleia que durou aproximadamente uma hora, eles decidiram encerrar as manifesta\u00e7\u00f5es do dia.<\/p>\n<p>De acordo com a Secretaria de Estado dos Transportes e Obras P\u00fablicas (Setop), todos os compromissos acordados com os estudantes em 2011 foram ou ser\u00e3o cumpridos ao longo desse ano. Em rela\u00e7\u00e3o \u00e0 situa\u00e7\u00e3o do aquavi\u00e1rio, estudos foram viabilizados e outros est\u00e3o em andamento para a reativa\u00e7\u00e3o do terminal.<\/p>\n<p><a href=\"http:\/\/www.folhavitoria.com.br\/geral\/noticia\/2012\/01\/manifestacoes-terminam-mas-estudantes-prometem-novos-protestos-durante-a-semana-na-gv.html\"><strong>*Com informa\u00e7\u00f5es da Folha Vit\u00f3ria<\/strong><\/a><\/p>\n","protected":false},"excerpt":{"rendered":"<p>Ap\u00f3s as duas manifesta\u00e7\u00f5es dos estudantes contra o aumento da passagem, realizadas durante esta quarta-feira (11), eles prometem que v\u00e3o continuar com as mobiliza\u00e7\u00f5es no decorrer da semana. Os integrantes do movimento garantem que nesta quinta-feira (12) tudo vai ser diferente. O protesto ser\u00e1 de forma pac\u00edfica e para informar a popula\u00e7\u00e3o, como garante o [&hellip;]<\/p>\n","protected":false},"author":2,"featured_media":0,"comment_status":"open","ping_status":"open","sticky":false,"template":"","format":"standard","meta":{"_acf_changed":false,"footnotes":""},"categories":[4766],"tags":[],"class_list":{"0":"post-974","1":"post","2":"type-post","3":"status-publish","4":"format-standard","6":"category-arquivo"},"acf":[],"yoast_head":"<!-- This site is optimized with the Yoast SEO plugin v26.5 - https:\/\/yoast.com\/wordpress\/plugins\/seo\/ -->\n<title>Manifesta\u00e7\u00f5es em Vit\u00f3ria (ES) contra reajuste das passagens dos \u00f4nibus - PSOL 50<\/title>\n<meta name=\"robots\" content=\"index, follow, max-snippet:-1, max-image-preview:large, max-video-preview:-1\" \/>\n<link rel=\"canonical\" href=\"https:\/\/psol50.org.br\/manifestacoes-em-vitoria-es-contra-reajuste-das-passagens-dos-onibus\/\" \/>\n<meta property=\"og:locale\" content=\"pt_BR\" \/>\n<meta property=\"og:type\" content=\"article\" \/>\n<meta property=\"og:title\" content=\"Manifesta\u00e7\u00f5es em Vit\u00f3ria (ES) contra reajuste das passagens dos \u00f4nibus - PSOL 50\" \/>\n<meta property=\"og:description\" content=\"Ap\u00f3s as duas manifesta\u00e7\u00f5es dos estudantes contra o aumento da passagem, realizadas durante esta quarta-feira (11), eles prometem que v\u00e3o continuar com as mobiliza\u00e7\u00f5es no decorrer da semana. Os integrantes do movimento garantem que nesta quinta-feira (12) tudo vai ser diferente. O protesto ser\u00e1 de forma pac\u00edfica e para informar a popula\u00e7\u00e3o, como garante o [&hellip;]\" \/>\n<meta property=\"og:url\" content=\"https:\/\/psol50.org.br\/manifestacoes-em-vitoria-es-contra-reajuste-das-passagens-dos-onibus\/\" \/>\n<meta property=\"og:site_name\" content=\"PSOL 50\" \/>\n<meta property=\"article:publisher\" content=\"https:\/\/www.facebook.com\/psol50\" \/>\n<meta property=\"article:published_time\" content=\"2012-01-11T00:00:00+00:00\" \/>\n<meta property=\"og:image\" content=\"http:\/\/psol50.org.br\/files\/2012\/01\/TarifaVit%C3%B3riaES.jpg\" \/>\n<meta name=\"author\" content=\"Comunica\u00e7\u00e3o PSOL\" \/>\n<meta name=\"twitter:card\" content=\"summary_large_image\" \/>\n<meta name=\"twitter:creator\" content=\"@psol50\" \/>\n<meta name=\"twitter:site\" content=\"@psol50\" \/>\n<meta name=\"twitter:label1\" content=\"Escrito por\" \/>\n\t<meta name=\"twitter:data1\" content=\"Comunica\u00e7\u00e3o PSOL\" \/>\n\t<meta name=\"twitter:label2\" content=\"Est. tempo de leitura\" \/>\n\t<meta name=\"twitter:data2\" content=\"3 minutos\" \/>\n<script type=\"application\/ld+json\" class=\"yoast-schema-graph\">{\"@context\":\"https:\/\/schema.org\",\"@graph\":[{\"@type\":\"Article\",\"@id\":\"https:\/\/psol50.org.br\/manifestacoes-em-vitoria-es-contra-reajuste-das-passagens-dos-onibus\/#article\",\"isPartOf\":{\"@id\":\"https:\/\/psol50.org.br\/manifestacoes-em-vitoria-es-contra-reajuste-das-passagens-dos-onibus\/\"},\"author\":{\"name\":\"Comunica\u00e7\u00e3o PSOL\",\"@id\":\"https:\/\/psol50.org.br\/#\/schema\/person\/475dfa57d0b815993c714c2e96491fcd\"},\"headline\":\"Manifesta\u00e7\u00f5es em Vit\u00f3ria (ES) contra reajuste das passagens dos \u00f4nibus\",\"datePublished\":\"2012-01-11T00:00:00+00:00\",\"mainEntityOfPage\":{\"@id\":\"https:\/\/psol50.org.br\/manifestacoes-em-vitoria-es-contra-reajuste-das-passagens-dos-onibus\/\"},\"wordCount\":538,\"commentCount\":0,\"publisher\":{\"@id\":\"https:\/\/psol50.org.br\/#organization\"},\"image\":{\"@id\":\"https:\/\/psol50.org.br\/manifestacoes-em-vitoria-es-contra-reajuste-das-passagens-dos-onibus\/#primaryimage\"},\"thumbnailUrl\":\"http:\/\/psol50.org.br\/files\/2012\/01\/TarifaVit%C3%B3riaES.jpg\",\"articleSection\":[\"Arquivo\"],\"inLanguage\":\"pt-BR\",\"potentialAction\":[{\"@type\":\"CommentAction\",\"name\":\"Comment\",\"target\":[\"https:\/\/psol50.org.br\/manifestacoes-em-vitoria-es-contra-reajuste-das-passagens-dos-onibus\/#respond\"]}]},{\"@type\":\"WebPage\",\"@id\":\"https:\/\/psol50.org.br\/manifestacoes-em-vitoria-es-contra-reajuste-das-passagens-dos-onibus\/\",\"url\":\"https:\/\/psol50.org.br\/manifestacoes-em-vitoria-es-contra-reajuste-das-passagens-dos-onibus\/\",\"name\":\"Manifesta\u00e7\u00f5es em Vit\u00f3ria (ES) contra reajuste das passagens dos \u00f4nibus - PSOL 50\",\"isPartOf\":{\"@id\":\"https:\/\/psol50.org.br\/#website\"},\"primaryImageOfPage\":{\"@id\":\"https:\/\/psol50.org.br\/manifestacoes-em-vitoria-es-contra-reajuste-das-passagens-dos-onibus\/#primaryimage\"},\"image\":{\"@id\":\"https:\/\/psol50.org.br\/manifestacoes-em-vitoria-es-contra-reajuste-das-passagens-dos-onibus\/#primaryimage\"},\"thumbnailUrl\":\"http:\/\/psol50.org.br\/files\/2012\/01\/TarifaVit%C3%B3riaES.jpg\",\"datePublished\":\"2012-01-11T00:00:00+00:00\",\"breadcrumb\":{\"@id\":\"https:\/\/psol50.org.br\/manifestacoes-em-vitoria-es-contra-reajuste-das-passagens-dos-onibus\/#breadcrumb\"},\"inLanguage\":\"pt-BR\",\"potentialAction\":[{\"@type\":\"ReadAction\",\"target\":[\"https:\/\/psol50.org.br\/manifestacoes-em-vitoria-es-contra-reajuste-das-passagens-dos-onibus\/\"]}]},{\"@type\":\"ImageObject\",\"inLanguage\":\"pt-BR\",\"@id\":\"https:\/\/psol50.org.br\/manifestacoes-em-vitoria-es-contra-reajuste-das-passagens-dos-onibus\/#primaryimage\",\"url\":\"http:\/\/psol50.org.br\/files\/2012\/01\/TarifaVit%C3%B3riaES.jpg\",\"contentUrl\":\"http:\/\/psol50.org.br\/files\/2012\/01\/TarifaVit%C3%B3riaES.jpg\"},{\"@type\":\"BreadcrumbList\",\"@id\":\"https:\/\/psol50.org.br\/manifestacoes-em-vitoria-es-contra-reajuste-das-passagens-dos-onibus\/#breadcrumb\",\"itemListElement\":[{\"@type\":\"ListItem\",\"position\":1,\"name\":\"In\u00edcio\",\"item\":\"https:\/\/psol50.org.br\/\"},{\"@type\":\"ListItem\",\"position\":2,\"name\":\"Manifesta\u00e7\u00f5es em Vit\u00f3ria (ES) contra reajuste das passagens dos \u00f4nibus\"}]},{\"@type\":\"WebSite\",\"@id\":\"https:\/\/psol50.org.br\/#website\",\"url\":\"https:\/\/psol50.org.br\/\",\"name\":\"PSOL 50\",\"description\":\"Site oficial do Partido Socialismo e Liberdade\",\"publisher\":{\"@id\":\"https:\/\/psol50.org.br\/#organization\"},\"alternateName\":\"PSOL50\",\"potentialAction\":[{\"@type\":\"SearchAction\",\"target\":{\"@type\":\"EntryPoint\",\"urlTemplate\":\"https:\/\/psol50.org.br\/?s={search_term_string}\"},\"query-input\":{\"@type\":\"PropertyValueSpecification\",\"valueRequired\":true,\"valueName\":\"search_term_string\"}}],\"inLanguage\":\"pt-BR\"},{\"@type\":\"Organization\",\"@id\":\"https:\/\/psol50.org.br\/#organization\",\"name\":\"PSOL 50\",\"alternateName\":\"PSOL 50\",\"url\":\"https:\/\/psol50.org.br\/\",\"logo\":{\"@type\":\"ImageObject\",\"inLanguage\":\"pt-BR\",\"@id\":\"https:\/\/psol50.org.br\/#\/schema\/logo\/image\/\",\"url\":\"https:\/\/psol50.org.br\/inc\/uploads\/2018\/07\/capa.png\",\"contentUrl\":\"https:\/\/psol50.org.br\/inc\/uploads\/2018\/07\/capa.png\",\"width\":1350,\"height\":900,\"caption\":\"PSOL 50\"},\"image\":{\"@id\":\"https:\/\/psol50.org.br\/#\/schema\/logo\/image\/\"},\"sameAs\":[\"https:\/\/www.facebook.com\/psol50\",\"https:\/\/x.com\/psol50\",\"https:\/\/www.instagram.com\/psol50\/\",\"https:\/\/www.youtube.com\/channel\/UC7SnJS5o1os7a6CaiNabzcg\"]},{\"@type\":\"Person\",\"@id\":\"https:\/\/psol50.org.br\/#\/schema\/person\/475dfa57d0b815993c714c2e96491fcd\",\"name\":\"Comunica\u00e7\u00e3o PSOL\",\"image\":{\"@type\":\"ImageObject\",\"inLanguage\":\"pt-BR\",\"@id\":\"https:\/\/psol50.org.br\/#\/schema\/person\/image\/\",\"url\":\"https:\/\/secure.gravatar.com\/avatar\/b34fc4f4e468a4e51785917065a3db57b841f5c95dba6ad8c73aaf8f66f8f9bf?s=96&d=mm&r=g\",\"contentUrl\":\"https:\/\/secure.gravatar.com\/avatar\/b34fc4f4e468a4e51785917065a3db57b841f5c95dba6ad8c73aaf8f66f8f9bf?s=96&d=mm&r=g\",\"caption\":\"Comunica\u00e7\u00e3o PSOL\"}}]}<\/script>\n<!-- \/ Yoast SEO plugin. -->","yoast_head_json":{"title":"Manifesta\u00e7\u00f5es em Vit\u00f3ria (ES) contra reajuste das passagens dos \u00f4nibus - PSOL 50","robots":{"index":"index","follow":"follow","max-snippet":"max-snippet:-1","max-image-preview":"max-image-preview:large","max-video-preview":"max-video-preview:-1"},"canonical":"https:\/\/psol50.org.br\/manifestacoes-em-vitoria-es-contra-reajuste-das-passagens-dos-onibus\/","og_locale":"pt_BR","og_type":"article","og_title":"Manifesta\u00e7\u00f5es em Vit\u00f3ria (ES) contra reajuste das passagens dos \u00f4nibus - PSOL 50","og_description":"Ap\u00f3s as duas manifesta\u00e7\u00f5es dos estudantes contra o aumento da passagem, realizadas durante esta quarta-feira (11), eles prometem que v\u00e3o continuar com as mobiliza\u00e7\u00f5es no decorrer da semana. Os integrantes do movimento garantem que nesta quinta-feira (12) tudo vai ser diferente. O protesto ser\u00e1 de forma pac\u00edfica e para informar a popula\u00e7\u00e3o, como garante o [&hellip;]","og_url":"https:\/\/psol50.org.br\/manifestacoes-em-vitoria-es-contra-reajuste-das-passagens-dos-onibus\/","og_site_name":"PSOL 50","article_publisher":"https:\/\/www.facebook.com\/psol50","article_published_time":"2012-01-11T00:00:00+00:00","og_image":[{"url":"http:\/\/psol50.org.br\/files\/2012\/01\/TarifaVit%C3%B3riaES.jpg","type":"","width":"","height":""}],"author":"Comunica\u00e7\u00e3o PSOL","twitter_card":"summary_large_image","twitter_creator":"@psol50","twitter_site":"@psol50","twitter_misc":{"Escrito por":"Comunica\u00e7\u00e3o PSOL","Est. tempo de leitura":"3 minutos"},"schema":{"@context":"https:\/\/schema.org","@graph":[{"@type":"Article","@id":"https:\/\/psol50.org.br\/manifestacoes-em-vitoria-es-contra-reajuste-das-passagens-dos-onibus\/#article","isPartOf":{"@id":"https:\/\/psol50.org.br\/manifestacoes-em-vitoria-es-contra-reajuste-das-passagens-dos-onibus\/"},"author":{"name":"Comunica\u00e7\u00e3o PSOL","@id":"https:\/\/psol50.org.br\/#\/schema\/person\/475dfa57d0b815993c714c2e96491fcd"},"headline":"Manifesta\u00e7\u00f5es em Vit\u00f3ria (ES) contra reajuste das passagens dos \u00f4nibus","datePublished":"2012-01-11T00:00:00+00:00","mainEntityOfPage":{"@id":"https:\/\/psol50.org.br\/manifestacoes-em-vitoria-es-contra-reajuste-das-passagens-dos-onibus\/"},"wordCount":538,"commentCount":0,"publisher":{"@id":"https:\/\/psol50.org.br\/#organization"},"image":{"@id":"https:\/\/psol50.org.br\/manifestacoes-em-vitoria-es-contra-reajuste-das-passagens-dos-onibus\/#primaryimage"},"thumbnailUrl":"http:\/\/psol50.org.br\/files\/2012\/01\/TarifaVit%C3%B3riaES.jpg","articleSection":["Arquivo"],"inLanguage":"pt-BR","potentialAction":[{"@type":"CommentAction","name":"Comment","target":["https:\/\/psol50.org.br\/manifestacoes-em-vitoria-es-contra-reajuste-das-passagens-dos-onibus\/#respond"]}]},{"@type":"WebPage","@id":"https:\/\/psol50.org.br\/manifestacoes-em-vitoria-es-contra-reajuste-das-passagens-dos-onibus\/","url":"https:\/\/psol50.org.br\/manifestacoes-em-vitoria-es-contra-reajuste-das-passagens-dos-onibus\/","name":"Manifesta\u00e7\u00f5es em Vit\u00f3ria (ES) contra reajuste das passagens dos \u00f4nibus - PSOL 50","isPartOf":{"@id":"https:\/\/psol50.org.br\/#website"},"primaryImageOfPage":{"@id":"https:\/\/psol50.org.br\/manifestacoes-em-vitoria-es-contra-reajuste-das-passagens-dos-onibus\/#primaryimage"},"image":{"@id":"https:\/\/psol50.org.br\/manifestacoes-em-vitoria-es-contra-reajuste-das-passagens-dos-onibus\/#primaryimage"},"thumbnailUrl":"http:\/\/psol50.org.br\/files\/2012\/01\/TarifaVit%C3%B3riaES.jpg","datePublished":"2012-01-11T00:00:00+00:00","breadcrumb":{"@id":"https:\/\/psol50.org.br\/manifestacoes-em-vitoria-es-contra-reajuste-das-passagens-dos-onibus\/#breadcrumb"},"inLanguage":"pt-BR","potentialAction":[{"@type":"ReadAction","target":["https:\/\/psol50.org.br\/manifestacoes-em-vitoria-es-contra-reajuste-das-passagens-dos-onibus\/"]}]},{"@type":"ImageObject","inLanguage":"pt-BR","@id":"https:\/\/psol50.org.br\/manifestacoes-em-vitoria-es-contra-reajuste-das-passagens-dos-onibus\/#primaryimage","url":"http:\/\/psol50.org.br\/files\/2012\/01\/TarifaVit%C3%B3riaES.jpg","contentUrl":"http:\/\/psol50.org.br\/files\/2012\/01\/TarifaVit%C3%B3riaES.jpg"},{"@type":"BreadcrumbList","@id":"https:\/\/psol50.org.br\/manifestacoes-em-vitoria-es-contra-reajuste-das-passagens-dos-onibus\/#breadcrumb","itemListElement":[{"@type":"ListItem","position":1,"name":"In\u00edcio","item":"https:\/\/psol50.org.br\/"},{"@type":"ListItem","position":2,"name":"Manifesta\u00e7\u00f5es em Vit\u00f3ria (ES) contra reajuste das passagens dos \u00f4nibus"}]},{"@type":"WebSite","@id":"https:\/\/psol50.org.br\/#website","url":"https:\/\/psol50.org.br\/","name":"PSOL 50","description":"Site oficial do Partido Socialismo e Liberdade","publisher":{"@id":"https:\/\/psol50.org.br\/#organization"},"alternateName":"PSOL50","potentialAction":[{"@type":"SearchAction","target":{"@type":"EntryPoint","urlTemplate":"https:\/\/psol50.org.br\/?s={search_term_string}"},"query-input":{"@type":"PropertyValueSpecification","valueRequired":true,"valueName":"search_term_string"}}],"inLanguage":"pt-BR"},{"@type":"Organization","@id":"https:\/\/psol50.org.br\/#organization","name":"PSOL 50","alternateName":"PSOL 50","url":"https:\/\/psol50.org.br\/","logo":{"@type":"ImageObject","inLanguage":"pt-BR","@id":"https:\/\/psol50.org.br\/#\/schema\/logo\/image\/","url":"https:\/\/psol50.org.br\/inc\/uploads\/2018\/07\/capa.png","contentUrl":"https:\/\/psol50.org.br\/inc\/uploads\/2018\/07\/capa.png","width":1350,"height":900,"caption":"PSOL 50"},"image":{"@id":"https:\/\/psol50.org.br\/#\/schema\/logo\/image\/"},"sameAs":["https:\/\/www.facebook.com\/psol50","https:\/\/x.com\/psol50","https:\/\/www.instagram.com\/psol50\/","https:\/\/www.youtube.com\/channel\/UC7SnJS5o1os7a6CaiNabzcg"]},{"@type":"Person","@id":"https:\/\/psol50.org.br\/#\/schema\/person\/475dfa57d0b815993c714c2e96491fcd","name":"Comunica\u00e7\u00e3o PSOL","image":{"@type":"ImageObject","inLanguage":"pt-BR","@id":"https:\/\/psol50.org.br\/#\/schema\/person\/image\/","url":"https:\/\/secure.gravatar.com\/avatar\/b34fc4f4e468a4e51785917065a3db57b841f5c95dba6ad8c73aaf8f66f8f9bf?s=96&d=mm&r=g","contentUrl":"https:\/\/secure.gravatar.com\/avatar\/b34fc4f4e468a4e51785917065a3db57b841f5c95dba6ad8c73aaf8f66f8f9bf?s=96&d=mm&r=g","caption":"Comunica\u00e7\u00e3o PSOL"}}]}},"_links":{"self":[{"href":"https:\/\/psol50.org.br\/rest\/wp\/v2\/posts\/974","targetHints":{"allow":["GET"]}}],"collection":[{"href":"https:\/\/psol50.org.br\/rest\/wp\/v2\/posts"}],"about":[{"href":"https:\/\/psol50.org.br\/rest\/wp\/v2\/types\/post"}],"author":[{"embeddable":true,"href":"https:\/\/psol50.org.br\/rest\/wp\/v2\/users\/2"}],"replies":[{"embeddable":true,"href":"https:\/\/psol50.org.br\/rest\/wp\/v2\/comments?post=974"}],"version-history":[{"count":0,"href":"https:\/\/psol50.org.br\/rest\/wp\/v2\/posts\/974\/revisions"}],"wp:attachment":[{"href":"https:\/\/psol50.org.br\/rest\/wp\/v2\/media?parent=974"}],"wp:term":[{"taxonomy":"category","embeddable":true,"href":"https:\/\/psol50.org.br\/rest\/wp\/v2\/categories?post=974"},{"taxonomy":"post_tag","embeddable":true,"href":"https:\/\/psol50.org.br\/rest\/wp\/v2\/tags?post=974"}],"curies":[{"name":"wp","href":"https:\/\/api.w.org\/{rel}","templated":true}]}}