{"id":9745,"date":"2014-12-11T00:00:00","date_gmt":"2014-12-11T00:00:00","guid":{"rendered":"http:\/\/psol50.org.br\/arquivo\/2014\/12\/11\/a-verdade-nao-pode-mais-ser-ignorada\/"},"modified":"2014-12-11T00:00:00","modified_gmt":"2014-12-11T00:00:00","slug":"a-verdade-nao-pode-mais-ser-ignorada","status":"publish","type":"post","link":"https:\/\/psol50.org.br\/a-verdade-nao-pode-mais-ser-ignorada\/","title":{"rendered":"A verdade n\u00e3o pode mais ser ignorada"},"content":{"rendered":"<p style=\"text-align: justify;\">\n\t<span style=\"font-family:arial,helvetica,sans-serif;\"><span style=\"font-size: 12px;\">O relat\u00f3rio apresentado ontem (10) pela Comiss\u00e3o Nacional da Verdade (CNV) \u00e9 um marco na Justi\u00e7a de Transi\u00e7\u00e3o no Brasil. Suas conclus\u00f5es, embora j\u00e1 conhecidas por quem estuda o tema, s\u00e3o muito importantes pelo car\u00e1ter oficial que adquirem: a comprova\u00e7\u00e3o das graves viola\u00e7\u00f5es dos direitos humanos e do car\u00e1ter sistem\u00e1tico e generalizado destas viola\u00e7\u00f5es, caracterizando a ocorr\u00eancia de crimes contra a humanidade durante a ditadura civil-militar e a persist\u00eancia destes crimes agora, na democracia, tendo por alvo n\u00e3o mais prisioneiros pol\u00edticos. O relat\u00f3rio da CNV aponta que as torturas, execu\u00e7\u00f5es e desaparecimentos promovidos por agentes p\u00fablicos continuam.<\/p>\n<p>\tAs recomenda\u00e7\u00f5es da CNV s\u00e3o ainda mais relevantes para os debates pol\u00edticos atuais. A mais importante delas \u00e9 a responsabiliza\u00e7\u00e3o jur\u00eddica dos agentes p\u00fablicos que promoveram as viola\u00e7\u00f5es, afastando a aplica\u00e7\u00e3o da Lei da Anistia nestes casos. \u00c9 bom lembrar que o Brasil foi condenado na Corte Interamericana de Direitos Humanos por abrigar crimes contra a humanidade e crimes permanentes sob o manto da Lei da Anistia. Escrevi sobre isso no livro \u201cDireitos humanos, o Brasil no banco dos r\u00e9us\u201d, da editora LTR.<br \/>\n\t&nbsp;<br \/>\n\tO STF chancelou esta interpreta\u00e7\u00e3o da Lei da Anistia, o que tem barrado os processos que o Minist\u00e9rio P\u00fablico Federal segue insistindo em propor, buscando a responsabiliza\u00e7\u00e3o dos criminosos. Mas esta decis\u00e3o do STF contraria toda a legisla\u00e7\u00e3o internacional, \u00e0 qual o Brasil aderiu por livre e espont\u00e2nea vontade, assinando e ratificando v\u00e1rios Tratados Internacionais.<br \/>\n\t&nbsp;<br \/>\n\tNa raiz da impunidade est\u00e1 o tipo de transi\u00e7\u00e3o ocorrida no Brasil, controlada pelas elites dominantes. Esta transi\u00e7\u00e3o foi t\u00e3o controlada que possibilitou, inclusive, a reciclagem de figuras-chave do regime militar, cujo exemplo mais eloquente, mas que est\u00e1 longe de ser um caso isolado, \u00e9 Jos\u00e9 Sarney. N\u00e3o s\u00e3o, portanto, apenas os que cometeram diretamente as viola\u00e7\u00f5es aos Direitos Humanos que est\u00e3o sendo protegidos pela Lei da Anistia. Os principais benefici\u00e1rios s\u00e3o os pol\u00edticos, empres\u00e1rios, banqueiros, os grupos pol\u00edticos e econ\u00f4micos que deram sustenta\u00e7\u00e3o ao regime, respons\u00e1veis \u00faltimos por todas as barbaridades cometidas na defesa de seus interesses. O que explica a for\u00e7a contr\u00e1ria a uma interpreta\u00e7\u00e3o da Lei da Anistia que possibilite a persecu\u00e7\u00e3o penal dos respons\u00e1veis pelas execu\u00e7\u00f5es, desaparecimentos, mortes e torturas \u00e9 que os mentores e sustent\u00e1culos daquele regime seguem presentes nas diversas inst\u00e2ncias do Poder Executivo, Legislativo e Judici\u00e1rio, e continuam no controle da economia do pa\u00eds.<br \/>\n\t&nbsp;<br \/>\n\tOs governos petistas n\u00e3o alteraram esta realidade. Ao contr\u00e1rio, ajudaram a garantir o sucesso desta manobra. A impunidade dos violadores do passado \u00e9 o lastro para a impunidade dos violadores do presente. O ciclo de viol\u00eancia n\u00e3o acabou e nem vai acabar enquanto s\u00f3 mudem os algozes e as v\u00edtimas, mas n\u00e3o se transformem as estruturas. Por isso, outras recomenda\u00e7\u00f5es da CNV tamb\u00e9m s\u00e3o de extrema relev\u00e2ncia: desmilitariza\u00e7\u00e3o das pol\u00edcias estaduais, modifica\u00e7\u00e3o do conte\u00fado curricular das academias militares e policiais para promo\u00e7\u00e3o da democracia e dos Direitos Humanos, proibi\u00e7\u00e3o de comemora\u00e7\u00f5es oficiais do dia do golpe, extin\u00e7\u00e3o da Justi\u00e7a Militar estadual, supress\u00e3o de refer\u00eancias discriminat\u00f3rias das homossexualidades no C\u00f3digo Penal Militar, elimina\u00e7\u00e3o da figura do auto de resist\u00eancia \u00e0 pris\u00e3o, fim da Lei de Seguran\u00e7a Nacional, dignidade no tratamento aos presos, dentre outras.<br \/>\n\t&nbsp;<br \/>\n\tResta saber agora se a presidenta Dilma, ela mesma uma ex-presa pol\u00edtica que foi torturada, e o Supremo Tribunal Federal, v\u00e3o ignorar as recomenda\u00e7\u00f5es da Comiss\u00e3o Nacional da Verdade da mesma forma que ignoraram as recomenda\u00e7\u00f5es da Corte Internacional de Direitos Humanos.<br \/>\n\t&nbsp;<\/span><\/span><\/p>\n","protected":false},"excerpt":{"rendered":"<p>O relat\u00f3rio apresentado ontem (10) pela Comiss\u00e3o Nacional da Verdade (CNV) \u00e9 um marco na Justi\u00e7a de Transi\u00e7\u00e3o no Brasil. Suas conclus\u00f5es, embora j\u00e1 conhecidas por quem estuda o tema, s\u00e3o muito importantes pelo car\u00e1ter oficial que adquirem: a comprova\u00e7\u00e3o das graves viola\u00e7\u00f5es dos direitos humanos e do car\u00e1ter sistem\u00e1tico e generalizado destas viola\u00e7\u00f5es, caracterizando [&hellip;]<\/p>\n","protected":false},"author":2,"featured_media":0,"comment_status":"open","ping_status":"open","sticky":false,"template":"","format":"standard","meta":{"_acf_changed":false,"footnotes":""},"categories":[3],"tags":[2174],"class_list":{"0":"post-9745","1":"post","2":"type-post","3":"status-publish","4":"format-standard","6":"category-artigos-e-entrevistas","7":"tag-luciana-genro"},"acf":[],"yoast_head":"<!-- This site is optimized with the Yoast SEO plugin v26.5 - https:\/\/yoast.com\/wordpress\/plugins\/seo\/ -->\n<title>A verdade n\u00e3o pode mais ser ignorada - PSOL 50<\/title>\n<meta name=\"robots\" content=\"index, follow, max-snippet:-1, max-image-preview:large, max-video-preview:-1\" \/>\n<link rel=\"canonical\" href=\"https:\/\/psol50.org.br\/a-verdade-nao-pode-mais-ser-ignorada\/\" \/>\n<meta property=\"og:locale\" content=\"pt_BR\" \/>\n<meta property=\"og:type\" content=\"article\" \/>\n<meta property=\"og:title\" content=\"A verdade n\u00e3o pode mais ser ignorada - PSOL 50\" \/>\n<meta property=\"og:description\" content=\"O relat\u00f3rio apresentado ontem (10) pela Comiss\u00e3o Nacional da Verdade (CNV) \u00e9 um marco na Justi\u00e7a de Transi\u00e7\u00e3o no Brasil. Suas conclus\u00f5es, embora j\u00e1 conhecidas por quem estuda o tema, s\u00e3o muito importantes pelo car\u00e1ter oficial que adquirem: a comprova\u00e7\u00e3o das graves viola\u00e7\u00f5es dos direitos humanos e do car\u00e1ter sistem\u00e1tico e generalizado destas viola\u00e7\u00f5es, caracterizando [&hellip;]\" \/>\n<meta property=\"og:url\" content=\"https:\/\/psol50.org.br\/a-verdade-nao-pode-mais-ser-ignorada\/\" \/>\n<meta property=\"og:site_name\" content=\"PSOL 50\" \/>\n<meta property=\"article:publisher\" content=\"https:\/\/www.facebook.com\/psol50\" \/>\n<meta property=\"article:published_time\" content=\"2014-12-11T00:00:00+00:00\" \/>\n<meta property=\"og:image\" content=\"https:\/\/psol50.org.br\/inc\/uploads\/2018\/07\/capa.png\" \/>\n\t<meta property=\"og:image:width\" content=\"1350\" \/>\n\t<meta property=\"og:image:height\" content=\"900\" \/>\n\t<meta property=\"og:image:type\" content=\"image\/png\" \/>\n<meta name=\"author\" content=\"Comunica\u00e7\u00e3o PSOL\" \/>\n<meta name=\"twitter:card\" content=\"summary_large_image\" \/>\n<meta name=\"twitter:creator\" content=\"@psol50\" \/>\n<meta name=\"twitter:site\" content=\"@psol50\" \/>\n<meta name=\"twitter:label1\" content=\"Escrito por\" \/>\n\t<meta name=\"twitter:data1\" content=\"Comunica\u00e7\u00e3o PSOL\" \/>\n\t<meta name=\"twitter:label2\" content=\"Est. tempo de leitura\" \/>\n\t<meta name=\"twitter:data2\" content=\"3 minutos\" \/>\n<script type=\"application\/ld+json\" class=\"yoast-schema-graph\">{\"@context\":\"https:\/\/schema.org\",\"@graph\":[{\"@type\":\"Article\",\"@id\":\"https:\/\/psol50.org.br\/a-verdade-nao-pode-mais-ser-ignorada\/#article\",\"isPartOf\":{\"@id\":\"https:\/\/psol50.org.br\/a-verdade-nao-pode-mais-ser-ignorada\/\"},\"author\":{\"name\":\"Comunica\u00e7\u00e3o PSOL\",\"@id\":\"https:\/\/psol50.org.br\/#\/schema\/person\/475dfa57d0b815993c714c2e96491fcd\"},\"headline\":\"A verdade n\u00e3o pode mais ser ignorada\",\"datePublished\":\"2014-12-11T00:00:00+00:00\",\"mainEntityOfPage\":{\"@id\":\"https:\/\/psol50.org.br\/a-verdade-nao-pode-mais-ser-ignorada\/\"},\"wordCount\":658,\"commentCount\":0,\"publisher\":{\"@id\":\"https:\/\/psol50.org.br\/#organization\"},\"keywords\":[\"Luciana Genro\"],\"articleSection\":[\"Artigos\"],\"inLanguage\":\"pt-BR\",\"potentialAction\":[{\"@type\":\"CommentAction\",\"name\":\"Comment\",\"target\":[\"https:\/\/psol50.org.br\/a-verdade-nao-pode-mais-ser-ignorada\/#respond\"]}]},{\"@type\":\"WebPage\",\"@id\":\"https:\/\/psol50.org.br\/a-verdade-nao-pode-mais-ser-ignorada\/\",\"url\":\"https:\/\/psol50.org.br\/a-verdade-nao-pode-mais-ser-ignorada\/\",\"name\":\"A verdade n\u00e3o pode mais ser ignorada - PSOL 50\",\"isPartOf\":{\"@id\":\"https:\/\/psol50.org.br\/#website\"},\"datePublished\":\"2014-12-11T00:00:00+00:00\",\"breadcrumb\":{\"@id\":\"https:\/\/psol50.org.br\/a-verdade-nao-pode-mais-ser-ignorada\/#breadcrumb\"},\"inLanguage\":\"pt-BR\",\"potentialAction\":[{\"@type\":\"ReadAction\",\"target\":[\"https:\/\/psol50.org.br\/a-verdade-nao-pode-mais-ser-ignorada\/\"]}]},{\"@type\":\"BreadcrumbList\",\"@id\":\"https:\/\/psol50.org.br\/a-verdade-nao-pode-mais-ser-ignorada\/#breadcrumb\",\"itemListElement\":[{\"@type\":\"ListItem\",\"position\":1,\"name\":\"In\u00edcio\",\"item\":\"https:\/\/psol50.org.br\/\"},{\"@type\":\"ListItem\",\"position\":2,\"name\":\"A verdade n\u00e3o pode mais ser ignorada\"}]},{\"@type\":\"WebSite\",\"@id\":\"https:\/\/psol50.org.br\/#website\",\"url\":\"https:\/\/psol50.org.br\/\",\"name\":\"PSOL 50\",\"description\":\"Site oficial do Partido Socialismo e Liberdade\",\"publisher\":{\"@id\":\"https:\/\/psol50.org.br\/#organization\"},\"alternateName\":\"PSOL50\",\"potentialAction\":[{\"@type\":\"SearchAction\",\"target\":{\"@type\":\"EntryPoint\",\"urlTemplate\":\"https:\/\/psol50.org.br\/?s={search_term_string}\"},\"query-input\":{\"@type\":\"PropertyValueSpecification\",\"valueRequired\":true,\"valueName\":\"search_term_string\"}}],\"inLanguage\":\"pt-BR\"},{\"@type\":\"Organization\",\"@id\":\"https:\/\/psol50.org.br\/#organization\",\"name\":\"PSOL 50\",\"alternateName\":\"PSOL 50\",\"url\":\"https:\/\/psol50.org.br\/\",\"logo\":{\"@type\":\"ImageObject\",\"inLanguage\":\"pt-BR\",\"@id\":\"https:\/\/psol50.org.br\/#\/schema\/logo\/image\/\",\"url\":\"https:\/\/psol50.org.br\/inc\/uploads\/2018\/07\/capa.png\",\"contentUrl\":\"https:\/\/psol50.org.br\/inc\/uploads\/2018\/07\/capa.png\",\"width\":1350,\"height\":900,\"caption\":\"PSOL 50\"},\"image\":{\"@id\":\"https:\/\/psol50.org.br\/#\/schema\/logo\/image\/\"},\"sameAs\":[\"https:\/\/www.facebook.com\/psol50\",\"https:\/\/x.com\/psol50\",\"https:\/\/www.instagram.com\/psol50\/\",\"https:\/\/www.youtube.com\/channel\/UC7SnJS5o1os7a6CaiNabzcg\"]},{\"@type\":\"Person\",\"@id\":\"https:\/\/psol50.org.br\/#\/schema\/person\/475dfa57d0b815993c714c2e96491fcd\",\"name\":\"Comunica\u00e7\u00e3o PSOL\",\"image\":{\"@type\":\"ImageObject\",\"inLanguage\":\"pt-BR\",\"@id\":\"https:\/\/psol50.org.br\/#\/schema\/person\/image\/\",\"url\":\"https:\/\/secure.gravatar.com\/avatar\/b34fc4f4e468a4e51785917065a3db57b841f5c95dba6ad8c73aaf8f66f8f9bf?s=96&d=mm&r=g\",\"contentUrl\":\"https:\/\/secure.gravatar.com\/avatar\/b34fc4f4e468a4e51785917065a3db57b841f5c95dba6ad8c73aaf8f66f8f9bf?s=96&d=mm&r=g\",\"caption\":\"Comunica\u00e7\u00e3o PSOL\"}}]}<\/script>\n<!-- \/ Yoast SEO plugin. -->","yoast_head_json":{"title":"A verdade n\u00e3o pode mais ser ignorada - PSOL 50","robots":{"index":"index","follow":"follow","max-snippet":"max-snippet:-1","max-image-preview":"max-image-preview:large","max-video-preview":"max-video-preview:-1"},"canonical":"https:\/\/psol50.org.br\/a-verdade-nao-pode-mais-ser-ignorada\/","og_locale":"pt_BR","og_type":"article","og_title":"A verdade n\u00e3o pode mais ser ignorada - PSOL 50","og_description":"O relat\u00f3rio apresentado ontem (10) pela Comiss\u00e3o Nacional da Verdade (CNV) \u00e9 um marco na Justi\u00e7a de Transi\u00e7\u00e3o no Brasil. Suas conclus\u00f5es, embora j\u00e1 conhecidas por quem estuda o tema, s\u00e3o muito importantes pelo car\u00e1ter oficial que adquirem: a comprova\u00e7\u00e3o das graves viola\u00e7\u00f5es dos direitos humanos e do car\u00e1ter sistem\u00e1tico e generalizado destas viola\u00e7\u00f5es, caracterizando [&hellip;]","og_url":"https:\/\/psol50.org.br\/a-verdade-nao-pode-mais-ser-ignorada\/","og_site_name":"PSOL 50","article_publisher":"https:\/\/www.facebook.com\/psol50","article_published_time":"2014-12-11T00:00:00+00:00","og_image":[{"width":1350,"height":900,"url":"https:\/\/psol50.org.br\/inc\/uploads\/2018\/07\/capa.png","type":"image\/png"}],"author":"Comunica\u00e7\u00e3o PSOL","twitter_card":"summary_large_image","twitter_creator":"@psol50","twitter_site":"@psol50","twitter_misc":{"Escrito por":"Comunica\u00e7\u00e3o PSOL","Est. tempo de leitura":"3 minutos"},"schema":{"@context":"https:\/\/schema.org","@graph":[{"@type":"Article","@id":"https:\/\/psol50.org.br\/a-verdade-nao-pode-mais-ser-ignorada\/#article","isPartOf":{"@id":"https:\/\/psol50.org.br\/a-verdade-nao-pode-mais-ser-ignorada\/"},"author":{"name":"Comunica\u00e7\u00e3o PSOL","@id":"https:\/\/psol50.org.br\/#\/schema\/person\/475dfa57d0b815993c714c2e96491fcd"},"headline":"A verdade n\u00e3o pode mais ser ignorada","datePublished":"2014-12-11T00:00:00+00:00","mainEntityOfPage":{"@id":"https:\/\/psol50.org.br\/a-verdade-nao-pode-mais-ser-ignorada\/"},"wordCount":658,"commentCount":0,"publisher":{"@id":"https:\/\/psol50.org.br\/#organization"},"keywords":["Luciana Genro"],"articleSection":["Artigos"],"inLanguage":"pt-BR","potentialAction":[{"@type":"CommentAction","name":"Comment","target":["https:\/\/psol50.org.br\/a-verdade-nao-pode-mais-ser-ignorada\/#respond"]}]},{"@type":"WebPage","@id":"https:\/\/psol50.org.br\/a-verdade-nao-pode-mais-ser-ignorada\/","url":"https:\/\/psol50.org.br\/a-verdade-nao-pode-mais-ser-ignorada\/","name":"A verdade n\u00e3o pode mais ser ignorada - PSOL 50","isPartOf":{"@id":"https:\/\/psol50.org.br\/#website"},"datePublished":"2014-12-11T00:00:00+00:00","breadcrumb":{"@id":"https:\/\/psol50.org.br\/a-verdade-nao-pode-mais-ser-ignorada\/#breadcrumb"},"inLanguage":"pt-BR","potentialAction":[{"@type":"ReadAction","target":["https:\/\/psol50.org.br\/a-verdade-nao-pode-mais-ser-ignorada\/"]}]},{"@type":"BreadcrumbList","@id":"https:\/\/psol50.org.br\/a-verdade-nao-pode-mais-ser-ignorada\/#breadcrumb","itemListElement":[{"@type":"ListItem","position":1,"name":"In\u00edcio","item":"https:\/\/psol50.org.br\/"},{"@type":"ListItem","position":2,"name":"A verdade n\u00e3o pode mais ser ignorada"}]},{"@type":"WebSite","@id":"https:\/\/psol50.org.br\/#website","url":"https:\/\/psol50.org.br\/","name":"PSOL 50","description":"Site oficial do Partido Socialismo e Liberdade","publisher":{"@id":"https:\/\/psol50.org.br\/#organization"},"alternateName":"PSOL50","potentialAction":[{"@type":"SearchAction","target":{"@type":"EntryPoint","urlTemplate":"https:\/\/psol50.org.br\/?s={search_term_string}"},"query-input":{"@type":"PropertyValueSpecification","valueRequired":true,"valueName":"search_term_string"}}],"inLanguage":"pt-BR"},{"@type":"Organization","@id":"https:\/\/psol50.org.br\/#organization","name":"PSOL 50","alternateName":"PSOL 50","url":"https:\/\/psol50.org.br\/","logo":{"@type":"ImageObject","inLanguage":"pt-BR","@id":"https:\/\/psol50.org.br\/#\/schema\/logo\/image\/","url":"https:\/\/psol50.org.br\/inc\/uploads\/2018\/07\/capa.png","contentUrl":"https:\/\/psol50.org.br\/inc\/uploads\/2018\/07\/capa.png","width":1350,"height":900,"caption":"PSOL 50"},"image":{"@id":"https:\/\/psol50.org.br\/#\/schema\/logo\/image\/"},"sameAs":["https:\/\/www.facebook.com\/psol50","https:\/\/x.com\/psol50","https:\/\/www.instagram.com\/psol50\/","https:\/\/www.youtube.com\/channel\/UC7SnJS5o1os7a6CaiNabzcg"]},{"@type":"Person","@id":"https:\/\/psol50.org.br\/#\/schema\/person\/475dfa57d0b815993c714c2e96491fcd","name":"Comunica\u00e7\u00e3o PSOL","image":{"@type":"ImageObject","inLanguage":"pt-BR","@id":"https:\/\/psol50.org.br\/#\/schema\/person\/image\/","url":"https:\/\/secure.gravatar.com\/avatar\/b34fc4f4e468a4e51785917065a3db57b841f5c95dba6ad8c73aaf8f66f8f9bf?s=96&d=mm&r=g","contentUrl":"https:\/\/secure.gravatar.com\/avatar\/b34fc4f4e468a4e51785917065a3db57b841f5c95dba6ad8c73aaf8f66f8f9bf?s=96&d=mm&r=g","caption":"Comunica\u00e7\u00e3o PSOL"}}]}},"_links":{"self":[{"href":"https:\/\/psol50.org.br\/rest\/wp\/v2\/posts\/9745","targetHints":{"allow":["GET"]}}],"collection":[{"href":"https:\/\/psol50.org.br\/rest\/wp\/v2\/posts"}],"about":[{"href":"https:\/\/psol50.org.br\/rest\/wp\/v2\/types\/post"}],"author":[{"embeddable":true,"href":"https:\/\/psol50.org.br\/rest\/wp\/v2\/users\/2"}],"replies":[{"embeddable":true,"href":"https:\/\/psol50.org.br\/rest\/wp\/v2\/comments?post=9745"}],"version-history":[{"count":0,"href":"https:\/\/psol50.org.br\/rest\/wp\/v2\/posts\/9745\/revisions"}],"wp:attachment":[{"href":"https:\/\/psol50.org.br\/rest\/wp\/v2\/media?parent=9745"}],"wp:term":[{"taxonomy":"category","embeddable":true,"href":"https:\/\/psol50.org.br\/rest\/wp\/v2\/categories?post=9745"},{"taxonomy":"post_tag","embeddable":true,"href":"https:\/\/psol50.org.br\/rest\/wp\/v2\/tags?post=9745"}],"curies":[{"name":"wp","href":"https:\/\/api.w.org\/{rel}","templated":true}]}}