{"id":9748,"date":"2014-12-16T00:00:00","date_gmt":"2014-12-16T00:00:00","guid":{"rendered":"http:\/\/psol50.org.br\/arquivo\/2014\/12\/16\/paulo-camara-novo-governo-velha-politica\/"},"modified":"2014-12-16T00:00:00","modified_gmt":"2014-12-16T00:00:00","slug":"paulo-camara-novo-governo-velha-politica","status":"publish","type":"post","link":"https:\/\/psol50.org.br\/paulo-camara-novo-governo-velha-politica\/","title":{"rendered":"Paulo C\u00e2mara: novo governo, velha pol\u00edtica"},"content":{"rendered":"<p style=\"text-align: justify;\">\n\t<span style=\"font-family:arial,helvetica,sans-serif;\"><span style=\"font-size: 12px;\">O governador eleito em Pernambuco, Paulo C\u00e2mara, anunciou seu secretariado. Os nomes e os m\u00e9todos reafirmam o que j\u00e1 alert\u00e1vamos desde os tempos em que o atual prefeito do Recife teve sua candidatura lan\u00e7ada, l\u00e1 em 2012. O discurso de colocar t\u00e9cnicos para gerir o Estado \u00e9 um artif\u00edcio ret\u00f3rico que traz na sua ess\u00eancia algo que \u00e9 pior do que a velha pol\u00edtica: a velha pol\u00edtica maquiada, com retoques pl\u00e1sticos, em que a dissimula\u00e7\u00e3o toma o centro da a\u00e7\u00e3o pol\u00edtica, com o objetivo primeiro de assaltar a democracia.<br \/>\n\t&nbsp;<br \/>\n\tQue l\u00f3gica obedeceu o preenchimento dos cargos do primeiro escal\u00e3o? A camada mais aparente mostra nitidamente a preocupa\u00e7\u00e3o com o loteamento da gest\u00e3o a partir da l\u00f3gica da perpetua\u00e7\u00e3o do poder e n\u00e3o com o objetivo de montar uma equipe para fazer uma gest\u00e3o p\u00fablica transparente, inovadora, com participa\u00e7\u00e3o popular de fato e de direito, e que se poderia chamar de nova pr\u00e1tica ou pol\u00edtica.<br \/>\n\t&nbsp;<br \/>\n\tPe\u00e7as foram movidas para desidratar a oposi\u00e7\u00e3o ao aliado Geraldo Julio na C\u00e2mara do Recife, assim como para tentar conter entre coligados rebeldes o \u00edmpeto pela disputa da sucess\u00e3o do mesmo Geraldo Julio daqui a um ano e meio. O PSDB ter\u00e1 duas secretarias e mais um deputado estadual, tornando-se devedor de uma fatura que ser\u00e1 cobrada na hora certa.<br \/>\n\t&nbsp;<br \/>\n\tO desprest\u00edgio do senador rec\u00e9m eleito, que inclusive lan\u00e7ou nota p\u00fablica a respeito, \u00e9 prova disso tamb\u00e9m. A l\u00f3gica n\u00e3o foi de privilegiar pontes mais s\u00f3lidas com Bras\u00edlia, dialogando com o \u00fanico senador de dentro das hostes do Pal\u00e1cio do Campo das Princesas, diante de um sabido per\u00edodo de vacas magras que se avizinha e diante de uma rela\u00e7\u00e3o conflituosa e ainda n\u00e3o cicatrizada com a presidenta rec\u00e9m reeleita. A l\u00f3gica foi a do c\u00e1lculo do poder de curt\u00edssimo prazo. Nada mais velho na pol\u00edtica.<br \/>\n\t&nbsp;<br \/>\n\tA indica\u00e7\u00e3o apressada do seu l\u00edder de Governo na Assembleia Legislativa de Pernambuco (Alepe), conjugada com a presen\u00e7a do atual presidente da mesma Alepe na solenidade que apresentou o secretariado, n\u00e3o deixa espa\u00e7os para outra interpreta\u00e7\u00e3o que n\u00e3o a de que o caminho est\u00e1 aberto para uma quarta reelei\u00e7\u00e3o consecutiva do atual presidente da Mesa Diretora da Assembleia Legislativa de Pernambuco, anunciando indiretamente que este caminho \u00e9 o que leva a Casa de Joaquim Nabuco a n\u00e3o cumprir seu papel de fiscalizar o Poder Executivo, de novo, no pr\u00f3ximo per\u00edodo.<br \/>\n\t&nbsp;<br \/>\n\tL\u00f3gica n\u00e3o menos perversa \u00e9 percebida no conceito que percorre toda a espinha dorsal do novo governo que se avizinha. Esporte foi agregado com Turismo e Lazer, e ser\u00e1 gerenciado por um empres\u00e1rio de casa de shows. \u00c1gua e saneamento b\u00e1sico (Compesa) continuam sendo tratados como mercadoria e n\u00e3o como direito social. A Educa\u00e7\u00e3o n\u00e3o ter\u00e1 um educador dando norte \u00e0 pasta, mas um especialista em gest\u00e3o fiscal e em neg\u00f3cios de petr\u00f3leo e g\u00e1s. Ou seja, esporte \u00e9 um penduricalho que est\u00e1 a cada dia mais distante de educa\u00e7\u00e3o e sa\u00fade; \u00e1gua e saneamento n\u00e3o s\u00e3o pra gerar lucro social, mas financeiro; educa\u00e7\u00e3o n\u00e3o \u00e9 investimento no presente e no futuro, mas algo com que n\u00e3o se pode gastar muito. E pronto.<br \/>\n\t&nbsp;<br \/>\n\tA sociedade pernambucana, sobretudo os movimentos sociais, a sociedade civil organizada, as m\u00eddias independentes, precisam estar alertas para as futuras a\u00e7\u00f5es deste governo. Ser\u00e1 preciso forte fiscaliza\u00e7\u00e3o, press\u00e3o social, para que o or\u00e7amento p\u00fablico seja voltado para os melhores interesses da nossa popula\u00e7\u00e3o e para que a gest\u00e3o do que \u00e9 p\u00fablico seja realmente democr\u00e1tica. Da Assembleia Legislativa, na condi\u00e7\u00e3o de deputado estadual, estaremos fazendo a nossa parte, no campo da oposi\u00e7\u00e3o. Fiscalizar este governo com lupas e colocar nosso mandato como um instrumento a servi\u00e7o da sociedade e suas justas demandas \u00e9 a nossa tarefa a partir de 1\u00ba de fevereiro de 2015.<\/span><\/span><br \/>\n\t&nbsp;<\/p>\n<p>&nbsp;<\/p>\n","protected":false},"excerpt":{"rendered":"<p>O governador eleito em Pernambuco, Paulo C\u00e2mara, anunciou seu secretariado. Os nomes e os m\u00e9todos reafirmam o que j\u00e1 alert\u00e1vamos desde os tempos em que o atual prefeito do Recife teve sua candidatura lan\u00e7ada, l\u00e1 em 2012. O discurso de colocar t\u00e9cnicos para gerir o Estado \u00e9 um artif\u00edcio ret\u00f3rico que traz na sua ess\u00eancia [&hellip;]<\/p>\n","protected":false},"author":2,"featured_media":0,"comment_status":"open","ping_status":"open","sticky":false,"template":"","format":"standard","meta":{"_acf_changed":false,"footnotes":""},"categories":[3],"tags":[],"class_list":{"0":"post-9748","1":"post","2":"type-post","3":"status-publish","4":"format-standard","6":"category-artigos-e-entrevistas"},"acf":[],"yoast_head":"<!-- This site is optimized with the Yoast SEO plugin v26.5 - https:\/\/yoast.com\/wordpress\/plugins\/seo\/ -->\n<title>Paulo C\u00e2mara: novo governo, velha pol\u00edtica - PSOL 50<\/title>\n<meta name=\"robots\" content=\"index, follow, max-snippet:-1, max-image-preview:large, max-video-preview:-1\" \/>\n<link rel=\"canonical\" href=\"https:\/\/psol50.org.br\/paulo-camara-novo-governo-velha-politica\/\" \/>\n<meta property=\"og:locale\" content=\"pt_BR\" \/>\n<meta property=\"og:type\" content=\"article\" \/>\n<meta property=\"og:title\" content=\"Paulo C\u00e2mara: novo governo, velha pol\u00edtica - PSOL 50\" \/>\n<meta property=\"og:description\" content=\"O governador eleito em Pernambuco, Paulo C\u00e2mara, anunciou seu secretariado. Os nomes e os m\u00e9todos reafirmam o que j\u00e1 alert\u00e1vamos desde os tempos em que o atual prefeito do Recife teve sua candidatura lan\u00e7ada, l\u00e1 em 2012. O discurso de colocar t\u00e9cnicos para gerir o Estado \u00e9 um artif\u00edcio ret\u00f3rico que traz na sua ess\u00eancia [&hellip;]\" \/>\n<meta property=\"og:url\" content=\"https:\/\/psol50.org.br\/paulo-camara-novo-governo-velha-politica\/\" \/>\n<meta property=\"og:site_name\" content=\"PSOL 50\" \/>\n<meta property=\"article:publisher\" content=\"https:\/\/www.facebook.com\/psol50\" \/>\n<meta property=\"article:published_time\" content=\"2014-12-16T00:00:00+00:00\" \/>\n<meta property=\"og:image\" content=\"https:\/\/psol50.org.br\/inc\/uploads\/2018\/07\/capa.png\" \/>\n\t<meta property=\"og:image:width\" content=\"1350\" \/>\n\t<meta property=\"og:image:height\" content=\"900\" \/>\n\t<meta property=\"og:image:type\" content=\"image\/png\" \/>\n<meta name=\"author\" content=\"Comunica\u00e7\u00e3o PSOL\" \/>\n<meta name=\"twitter:card\" content=\"summary_large_image\" \/>\n<meta name=\"twitter:creator\" content=\"@psol50\" \/>\n<meta name=\"twitter:site\" content=\"@psol50\" \/>\n<meta name=\"twitter:label1\" content=\"Escrito por\" \/>\n\t<meta name=\"twitter:data1\" content=\"Comunica\u00e7\u00e3o PSOL\" \/>\n\t<meta name=\"twitter:label2\" content=\"Est. tempo de leitura\" \/>\n\t<meta name=\"twitter:data2\" content=\"4 minutos\" \/>\n<script type=\"application\/ld+json\" class=\"yoast-schema-graph\">{\"@context\":\"https:\/\/schema.org\",\"@graph\":[{\"@type\":\"Article\",\"@id\":\"https:\/\/psol50.org.br\/paulo-camara-novo-governo-velha-politica\/#article\",\"isPartOf\":{\"@id\":\"https:\/\/psol50.org.br\/paulo-camara-novo-governo-velha-politica\/\"},\"author\":{\"name\":\"Comunica\u00e7\u00e3o PSOL\",\"@id\":\"https:\/\/psol50.org.br\/#\/schema\/person\/475dfa57d0b815993c714c2e96491fcd\"},\"headline\":\"Paulo C\u00e2mara: novo governo, velha pol\u00edtica\",\"datePublished\":\"2014-12-16T00:00:00+00:00\",\"mainEntityOfPage\":{\"@id\":\"https:\/\/psol50.org.br\/paulo-camara-novo-governo-velha-politica\/\"},\"wordCount\":709,\"commentCount\":0,\"publisher\":{\"@id\":\"https:\/\/psol50.org.br\/#organization\"},\"articleSection\":[\"Artigos\"],\"inLanguage\":\"pt-BR\",\"potentialAction\":[{\"@type\":\"CommentAction\",\"name\":\"Comment\",\"target\":[\"https:\/\/psol50.org.br\/paulo-camara-novo-governo-velha-politica\/#respond\"]}]},{\"@type\":\"WebPage\",\"@id\":\"https:\/\/psol50.org.br\/paulo-camara-novo-governo-velha-politica\/\",\"url\":\"https:\/\/psol50.org.br\/paulo-camara-novo-governo-velha-politica\/\",\"name\":\"Paulo C\u00e2mara: novo governo, velha pol\u00edtica - PSOL 50\",\"isPartOf\":{\"@id\":\"https:\/\/psol50.org.br\/#website\"},\"datePublished\":\"2014-12-16T00:00:00+00:00\",\"breadcrumb\":{\"@id\":\"https:\/\/psol50.org.br\/paulo-camara-novo-governo-velha-politica\/#breadcrumb\"},\"inLanguage\":\"pt-BR\",\"potentialAction\":[{\"@type\":\"ReadAction\",\"target\":[\"https:\/\/psol50.org.br\/paulo-camara-novo-governo-velha-politica\/\"]}]},{\"@type\":\"BreadcrumbList\",\"@id\":\"https:\/\/psol50.org.br\/paulo-camara-novo-governo-velha-politica\/#breadcrumb\",\"itemListElement\":[{\"@type\":\"ListItem\",\"position\":1,\"name\":\"In\u00edcio\",\"item\":\"https:\/\/psol50.org.br\/\"},{\"@type\":\"ListItem\",\"position\":2,\"name\":\"Paulo C\u00e2mara: novo governo, velha pol\u00edtica\"}]},{\"@type\":\"WebSite\",\"@id\":\"https:\/\/psol50.org.br\/#website\",\"url\":\"https:\/\/psol50.org.br\/\",\"name\":\"PSOL 50\",\"description\":\"Site oficial do Partido Socialismo e Liberdade\",\"publisher\":{\"@id\":\"https:\/\/psol50.org.br\/#organization\"},\"alternateName\":\"PSOL50\",\"potentialAction\":[{\"@type\":\"SearchAction\",\"target\":{\"@type\":\"EntryPoint\",\"urlTemplate\":\"https:\/\/psol50.org.br\/?s={search_term_string}\"},\"query-input\":{\"@type\":\"PropertyValueSpecification\",\"valueRequired\":true,\"valueName\":\"search_term_string\"}}],\"inLanguage\":\"pt-BR\"},{\"@type\":\"Organization\",\"@id\":\"https:\/\/psol50.org.br\/#organization\",\"name\":\"PSOL 50\",\"alternateName\":\"PSOL 50\",\"url\":\"https:\/\/psol50.org.br\/\",\"logo\":{\"@type\":\"ImageObject\",\"inLanguage\":\"pt-BR\",\"@id\":\"https:\/\/psol50.org.br\/#\/schema\/logo\/image\/\",\"url\":\"https:\/\/psol50.org.br\/inc\/uploads\/2018\/07\/capa.png\",\"contentUrl\":\"https:\/\/psol50.org.br\/inc\/uploads\/2018\/07\/capa.png\",\"width\":1350,\"height\":900,\"caption\":\"PSOL 50\"},\"image\":{\"@id\":\"https:\/\/psol50.org.br\/#\/schema\/logo\/image\/\"},\"sameAs\":[\"https:\/\/www.facebook.com\/psol50\",\"https:\/\/x.com\/psol50\",\"https:\/\/www.instagram.com\/psol50\/\",\"https:\/\/www.youtube.com\/channel\/UC7SnJS5o1os7a6CaiNabzcg\"]},{\"@type\":\"Person\",\"@id\":\"https:\/\/psol50.org.br\/#\/schema\/person\/475dfa57d0b815993c714c2e96491fcd\",\"name\":\"Comunica\u00e7\u00e3o PSOL\",\"image\":{\"@type\":\"ImageObject\",\"inLanguage\":\"pt-BR\",\"@id\":\"https:\/\/psol50.org.br\/#\/schema\/person\/image\/\",\"url\":\"https:\/\/secure.gravatar.com\/avatar\/b34fc4f4e468a4e51785917065a3db57b841f5c95dba6ad8c73aaf8f66f8f9bf?s=96&d=mm&r=g\",\"contentUrl\":\"https:\/\/secure.gravatar.com\/avatar\/b34fc4f4e468a4e51785917065a3db57b841f5c95dba6ad8c73aaf8f66f8f9bf?s=96&d=mm&r=g\",\"caption\":\"Comunica\u00e7\u00e3o PSOL\"}}]}<\/script>\n<!-- \/ Yoast SEO plugin. -->","yoast_head_json":{"title":"Paulo C\u00e2mara: novo governo, velha pol\u00edtica - PSOL 50","robots":{"index":"index","follow":"follow","max-snippet":"max-snippet:-1","max-image-preview":"max-image-preview:large","max-video-preview":"max-video-preview:-1"},"canonical":"https:\/\/psol50.org.br\/paulo-camara-novo-governo-velha-politica\/","og_locale":"pt_BR","og_type":"article","og_title":"Paulo C\u00e2mara: novo governo, velha pol\u00edtica - PSOL 50","og_description":"O governador eleito em Pernambuco, Paulo C\u00e2mara, anunciou seu secretariado. Os nomes e os m\u00e9todos reafirmam o que j\u00e1 alert\u00e1vamos desde os tempos em que o atual prefeito do Recife teve sua candidatura lan\u00e7ada, l\u00e1 em 2012. O discurso de colocar t\u00e9cnicos para gerir o Estado \u00e9 um artif\u00edcio ret\u00f3rico que traz na sua ess\u00eancia [&hellip;]","og_url":"https:\/\/psol50.org.br\/paulo-camara-novo-governo-velha-politica\/","og_site_name":"PSOL 50","article_publisher":"https:\/\/www.facebook.com\/psol50","article_published_time":"2014-12-16T00:00:00+00:00","og_image":[{"width":1350,"height":900,"url":"https:\/\/psol50.org.br\/inc\/uploads\/2018\/07\/capa.png","type":"image\/png"}],"author":"Comunica\u00e7\u00e3o PSOL","twitter_card":"summary_large_image","twitter_creator":"@psol50","twitter_site":"@psol50","twitter_misc":{"Escrito por":"Comunica\u00e7\u00e3o PSOL","Est. tempo de leitura":"4 minutos"},"schema":{"@context":"https:\/\/schema.org","@graph":[{"@type":"Article","@id":"https:\/\/psol50.org.br\/paulo-camara-novo-governo-velha-politica\/#article","isPartOf":{"@id":"https:\/\/psol50.org.br\/paulo-camara-novo-governo-velha-politica\/"},"author":{"name":"Comunica\u00e7\u00e3o PSOL","@id":"https:\/\/psol50.org.br\/#\/schema\/person\/475dfa57d0b815993c714c2e96491fcd"},"headline":"Paulo C\u00e2mara: novo governo, velha pol\u00edtica","datePublished":"2014-12-16T00:00:00+00:00","mainEntityOfPage":{"@id":"https:\/\/psol50.org.br\/paulo-camara-novo-governo-velha-politica\/"},"wordCount":709,"commentCount":0,"publisher":{"@id":"https:\/\/psol50.org.br\/#organization"},"articleSection":["Artigos"],"inLanguage":"pt-BR","potentialAction":[{"@type":"CommentAction","name":"Comment","target":["https:\/\/psol50.org.br\/paulo-camara-novo-governo-velha-politica\/#respond"]}]},{"@type":"WebPage","@id":"https:\/\/psol50.org.br\/paulo-camara-novo-governo-velha-politica\/","url":"https:\/\/psol50.org.br\/paulo-camara-novo-governo-velha-politica\/","name":"Paulo C\u00e2mara: novo governo, velha pol\u00edtica - PSOL 50","isPartOf":{"@id":"https:\/\/psol50.org.br\/#website"},"datePublished":"2014-12-16T00:00:00+00:00","breadcrumb":{"@id":"https:\/\/psol50.org.br\/paulo-camara-novo-governo-velha-politica\/#breadcrumb"},"inLanguage":"pt-BR","potentialAction":[{"@type":"ReadAction","target":["https:\/\/psol50.org.br\/paulo-camara-novo-governo-velha-politica\/"]}]},{"@type":"BreadcrumbList","@id":"https:\/\/psol50.org.br\/paulo-camara-novo-governo-velha-politica\/#breadcrumb","itemListElement":[{"@type":"ListItem","position":1,"name":"In\u00edcio","item":"https:\/\/psol50.org.br\/"},{"@type":"ListItem","position":2,"name":"Paulo C\u00e2mara: novo governo, velha pol\u00edtica"}]},{"@type":"WebSite","@id":"https:\/\/psol50.org.br\/#website","url":"https:\/\/psol50.org.br\/","name":"PSOL 50","description":"Site oficial do Partido Socialismo e Liberdade","publisher":{"@id":"https:\/\/psol50.org.br\/#organization"},"alternateName":"PSOL50","potentialAction":[{"@type":"SearchAction","target":{"@type":"EntryPoint","urlTemplate":"https:\/\/psol50.org.br\/?s={search_term_string}"},"query-input":{"@type":"PropertyValueSpecification","valueRequired":true,"valueName":"search_term_string"}}],"inLanguage":"pt-BR"},{"@type":"Organization","@id":"https:\/\/psol50.org.br\/#organization","name":"PSOL 50","alternateName":"PSOL 50","url":"https:\/\/psol50.org.br\/","logo":{"@type":"ImageObject","inLanguage":"pt-BR","@id":"https:\/\/psol50.org.br\/#\/schema\/logo\/image\/","url":"https:\/\/psol50.org.br\/inc\/uploads\/2018\/07\/capa.png","contentUrl":"https:\/\/psol50.org.br\/inc\/uploads\/2018\/07\/capa.png","width":1350,"height":900,"caption":"PSOL 50"},"image":{"@id":"https:\/\/psol50.org.br\/#\/schema\/logo\/image\/"},"sameAs":["https:\/\/www.facebook.com\/psol50","https:\/\/x.com\/psol50","https:\/\/www.instagram.com\/psol50\/","https:\/\/www.youtube.com\/channel\/UC7SnJS5o1os7a6CaiNabzcg"]},{"@type":"Person","@id":"https:\/\/psol50.org.br\/#\/schema\/person\/475dfa57d0b815993c714c2e96491fcd","name":"Comunica\u00e7\u00e3o PSOL","image":{"@type":"ImageObject","inLanguage":"pt-BR","@id":"https:\/\/psol50.org.br\/#\/schema\/person\/image\/","url":"https:\/\/secure.gravatar.com\/avatar\/b34fc4f4e468a4e51785917065a3db57b841f5c95dba6ad8c73aaf8f66f8f9bf?s=96&d=mm&r=g","contentUrl":"https:\/\/secure.gravatar.com\/avatar\/b34fc4f4e468a4e51785917065a3db57b841f5c95dba6ad8c73aaf8f66f8f9bf?s=96&d=mm&r=g","caption":"Comunica\u00e7\u00e3o PSOL"}}]}},"_links":{"self":[{"href":"https:\/\/psol50.org.br\/rest\/wp\/v2\/posts\/9748","targetHints":{"allow":["GET"]}}],"collection":[{"href":"https:\/\/psol50.org.br\/rest\/wp\/v2\/posts"}],"about":[{"href":"https:\/\/psol50.org.br\/rest\/wp\/v2\/types\/post"}],"author":[{"embeddable":true,"href":"https:\/\/psol50.org.br\/rest\/wp\/v2\/users\/2"}],"replies":[{"embeddable":true,"href":"https:\/\/psol50.org.br\/rest\/wp\/v2\/comments?post=9748"}],"version-history":[{"count":0,"href":"https:\/\/psol50.org.br\/rest\/wp\/v2\/posts\/9748\/revisions"}],"wp:attachment":[{"href":"https:\/\/psol50.org.br\/rest\/wp\/v2\/media?parent=9748"}],"wp:term":[{"taxonomy":"category","embeddable":true,"href":"https:\/\/psol50.org.br\/rest\/wp\/v2\/categories?post=9748"},{"taxonomy":"post_tag","embeddable":true,"href":"https:\/\/psol50.org.br\/rest\/wp\/v2\/tags?post=9748"}],"curies":[{"name":"wp","href":"https:\/\/api.w.org\/{rel}","templated":true}]}}