{"id":9756,"date":"2015-01-27T00:00:00","date_gmt":"2015-01-27T00:00:00","guid":{"rendered":"http:\/\/psol50.org.br\/arquivo\/2015\/01\/27\/carta-ao-primeiro-ministro-da-grecia-alexis-tsipras\/"},"modified":"2015-01-27T00:00:00","modified_gmt":"2015-01-27T00:00:00","slug":"carta-ao-primeiro-ministro-da-grecia-alexis-tsipras","status":"publish","type":"post","link":"https:\/\/psol50.org.br\/carta-ao-primeiro-ministro-da-grecia-alexis-tsipras\/","title":{"rendered":"Carta ao primeiro-ministro da Gr\u00e9cia, Alexis Tsipras*"},"content":{"rendered":"<p style=\"text-align: right;\">\n\t<span style=\"font-family:arial,helvetica,sans-serif;\"><span style=\"font-size: 12px;\">Porto Alegre, 26 de janeiro de 2015<br \/>\n\t&nbsp;<\/span><\/span><\/p>\n<p>\n\t<span style=\"font-family:arial,helvetica,sans-serif;\"><span style=\"font-size: 12px;\">&nbsp;<\/span><\/span><\/p>\n<p style=\"text-align: justify;\">\n\t<span style=\"font-family:arial,helvetica,sans-serif;\"><span style=\"font-size: 12px;\"><strong>Querido Tsipras<\/strong><br \/>\n\t&nbsp;<br \/>\n\t<strong>Sauda\u00e7\u00f5es!<\/strong><\/p>\n<p>\tEstamos todos aqui vibrando com a vit\u00f3ria da Syriza. Foi uma vit\u00f3ria da democracia contra a plutocracia, da for\u00e7a do povo contra a for\u00e7a do capital. \u00c9 simb\u00f3lico que este renascimento democr\u00e1tico comece justamente no lugar onde, h\u00e1 tantos s\u00e9culos, nasceu a ideia da democracia como o governo do povo.<br \/>\n\t&nbsp;<br \/>\n\tEsta foi uma vit\u00f3ria dos 99% contra o 1%, do direito \u00e0 dignidade contra a l\u00f3gica do capital, do direito \u00e0 vida acima do direito ao lucro, enfim, do povo contra os bancos. Podes ter certeza que esta vit\u00f3ria n\u00e3o \u00e9 s\u00f3 dos gregos e nem s\u00f3 da Syriza. Este caminho de mudan\u00e7a vai servir de exemplo para os europeus, em especial portugueses e espanh\u00f3is que tamb\u00e9m vivem a pol\u00edtica do ajuste, e com certeza veremos crescer o Podemos e o Bloco de Esquerda. Consideramos uma vit\u00f3ria nossa tamb\u00e9m, do PSOL. A Syriza irradia e alimenta a esperan\u00e7a dos lutadores por toda a Europa e por todo o mundo.<br \/>\n\t&nbsp;<br \/>\n\tQuero parabenizar a ti e a todos os demais dirigentes e militantes da Syriza pela capacidade de traduzir e representar o sentimento de revolta do povo grego e, ao mesmo tempo, por conseguir demonstrar que existe uma alternativa \u00e0 austeridade exigida pela Troika. Quero tamb\u00e9m saudar o povo grego pela coragem, por n\u00e3o se deixar intimidar pelas chantagens e amea\u00e7as perpetradas pela Troika e pela imprensa burguesa, por apostar na esperan\u00e7a.<br \/>\n\t&nbsp;<br \/>\n\tQuando estive a\u00ed em 2012 ainda eram poucos aqui no Brasil que acreditavam e apostavam na Syriza como a alternativa necess\u00e1ria para governar a Gr\u00e9cia. N\u00f3s do PSOL apoiamos e apostamos em voc\u00eas desde o in\u00edcio, pois travamos a mesma luta: defender os direitos do povo, seja contra a direita, seja contra uma velha esquerda que aplica os mesmos planos da direita. Este foi o embate vitorioso que fizeste a\u00ed. Eu, aqui, como candidata a presid\u00eancia do Brasil no ano passado, tamb\u00e9m enfrentei esta luta e \u00e9 o embate que o PSOL seguir\u00e1 travando junto com o povo e a juventude nas ruas do Brasil. Nossas ideias no Brasil ainda s\u00e3o minorit\u00e1rias, mas somos muito orgulhosos pelo fato do meu nome, representando o PSOL na disputa presidencial, ter recebido o voto de 1 milh\u00e3o e 600 mil brasileiros nas elei\u00e7\u00f5es de outubro passado.<br \/>\n\t&nbsp;<br \/>\n\tO governo Dilma, mesmo eleito com um discurso diferente, vem anunciando a aplica\u00e7\u00e3o do mesmo tipo de modelo econ\u00f4mico que levou o povo grego a esta situa\u00e7\u00e3o de crise humanit\u00e1ria. O caminho trilhado pelo PT, de ceder aos interesses do capital, o levou a ceder cada vez mais e a ficar cada vez mais parecido com o PASOK grego. Ainda n\u00e3o perdeu os votos como o PASOK, mas vai perder. Lutamos para que aqui n\u00e3o cheguemos \u00e0 mesma situa\u00e7\u00e3o calamitosa da Gr\u00e9cia antes que o povo acredite que existe outro caminho que n\u00e3o o do ajuste, e que a esquerda radical, isto \u00e9, coerente, chegue ao poder.<\/p>\n<p>\tO desafio para voc\u00eas agora \u00e9 imenso. As press\u00f5es da Troika para que a Syriza aceite apenas mudan\u00e7as superficiais ser\u00e3o intensas. Apostamos que a for\u00e7a do povo materializada nesta vit\u00f3ria contundente d\u00ea a voc\u00eas a determina\u00e7\u00e3o para n\u00e3o ceder. A esquerda radical do mundo inteiro acompanha esta experi\u00eancia cheia de esperan\u00e7a. Ser\u00e1 uma nova configura\u00e7\u00e3o na pol\u00edtica europeia e a possibilidade de uma nova pol\u00edtica econ\u00f4mica que influenciar\u00e1 o mundo todo. Contem conosco para construir este novo caminho.<br \/>\n\t&nbsp;<br \/>\n\tUm grande abra\u00e7o,<br \/>\n\t&nbsp;<br \/>\n\tLuciana Genro \u2013 PSOL\/Brasil.<br \/>\n\t&nbsp;<br \/>\n\t*<em>A carta de Luciana Genro foi entregue a Alexis Tsipras pelo militante do PSOL, Thiago Aguiar, que esteve na Gr\u00e9cia representando a Funda\u00e7\u00e3o Lauro Campos<\/em>.<\/span><\/span><\/p>\n<p>\t&nbsp;<\/p>\n","protected":false},"excerpt":{"rendered":"<p>Porto Alegre, 26 de janeiro de 2015 &nbsp; &nbsp; Querido Tsipras &nbsp; Sauda\u00e7\u00f5es! Estamos todos aqui vibrando com a vit\u00f3ria da Syriza. Foi uma vit\u00f3ria da democracia contra a plutocracia, da for\u00e7a do povo contra a for\u00e7a do capital. \u00c9 simb\u00f3lico que este renascimento democr\u00e1tico comece justamente no lugar onde, h\u00e1 tantos s\u00e9culos, nasceu a [&hellip;]<\/p>\n","protected":false},"author":2,"featured_media":0,"comment_status":"open","ping_status":"open","sticky":false,"template":"","format":"standard","meta":{"_acf_changed":false,"footnotes":""},"categories":[3,4764],"tags":[3993,2174],"class_list":{"0":"post-9756","1":"post","2":"type-post","3":"status-publish","4":"format-standard","6":"category-artigos-e-entrevistas","7":"category-grecia","8":"tag-grecia","9":"tag-luciana-genro"},"acf":[],"yoast_head":"<!-- This site is optimized with the Yoast SEO plugin v26.5 - https:\/\/yoast.com\/wordpress\/plugins\/seo\/ -->\n<title>Carta ao primeiro-ministro da Gr\u00e9cia, Alexis Tsipras* - PSOL 50<\/title>\n<meta name=\"robots\" content=\"index, follow, max-snippet:-1, max-image-preview:large, max-video-preview:-1\" \/>\n<link rel=\"canonical\" href=\"https:\/\/psol50.org.br\/carta-ao-primeiro-ministro-da-grecia-alexis-tsipras\/\" \/>\n<meta property=\"og:locale\" content=\"pt_BR\" \/>\n<meta property=\"og:type\" content=\"article\" \/>\n<meta property=\"og:title\" content=\"Carta ao primeiro-ministro da Gr\u00e9cia, Alexis Tsipras* - PSOL 50\" \/>\n<meta property=\"og:description\" content=\"Porto Alegre, 26 de janeiro de 2015 &nbsp; &nbsp; Querido Tsipras &nbsp; Sauda\u00e7\u00f5es! Estamos todos aqui vibrando com a vit\u00f3ria da Syriza. Foi uma vit\u00f3ria da democracia contra a plutocracia, da for\u00e7a do povo contra a for\u00e7a do capital. \u00c9 simb\u00f3lico que este renascimento democr\u00e1tico comece justamente no lugar onde, h\u00e1 tantos s\u00e9culos, nasceu a [&hellip;]\" \/>\n<meta property=\"og:url\" content=\"https:\/\/psol50.org.br\/carta-ao-primeiro-ministro-da-grecia-alexis-tsipras\/\" \/>\n<meta property=\"og:site_name\" content=\"PSOL 50\" \/>\n<meta property=\"article:publisher\" content=\"https:\/\/www.facebook.com\/psol50\" \/>\n<meta property=\"article:published_time\" content=\"2015-01-27T00:00:00+00:00\" \/>\n<meta property=\"og:image\" content=\"https:\/\/psol50.org.br\/inc\/uploads\/2018\/07\/capa.png\" \/>\n\t<meta property=\"og:image:width\" content=\"1350\" \/>\n\t<meta property=\"og:image:height\" content=\"900\" \/>\n\t<meta property=\"og:image:type\" content=\"image\/png\" \/>\n<meta name=\"author\" content=\"Comunica\u00e7\u00e3o PSOL\" \/>\n<meta name=\"twitter:card\" content=\"summary_large_image\" \/>\n<meta name=\"twitter:creator\" content=\"@psol50\" \/>\n<meta name=\"twitter:site\" content=\"@psol50\" \/>\n<meta name=\"twitter:label1\" content=\"Escrito por\" \/>\n\t<meta name=\"twitter:data1\" content=\"Comunica\u00e7\u00e3o PSOL\" \/>\n\t<meta name=\"twitter:label2\" content=\"Est. tempo de leitura\" \/>\n\t<meta name=\"twitter:data2\" content=\"3 minutos\" \/>\n<script type=\"application\/ld+json\" class=\"yoast-schema-graph\">{\"@context\":\"https:\/\/schema.org\",\"@graph\":[{\"@type\":\"Article\",\"@id\":\"https:\/\/psol50.org.br\/carta-ao-primeiro-ministro-da-grecia-alexis-tsipras\/#article\",\"isPartOf\":{\"@id\":\"https:\/\/psol50.org.br\/carta-ao-primeiro-ministro-da-grecia-alexis-tsipras\/\"},\"author\":{\"name\":\"Comunica\u00e7\u00e3o PSOL\",\"@id\":\"https:\/\/psol50.org.br\/#\/schema\/person\/475dfa57d0b815993c714c2e96491fcd\"},\"headline\":\"Carta ao primeiro-ministro da Gr\u00e9cia, Alexis Tsipras*\",\"datePublished\":\"2015-01-27T00:00:00+00:00\",\"mainEntityOfPage\":{\"@id\":\"https:\/\/psol50.org.br\/carta-ao-primeiro-ministro-da-grecia-alexis-tsipras\/\"},\"wordCount\":664,\"commentCount\":0,\"publisher\":{\"@id\":\"https:\/\/psol50.org.br\/#organization\"},\"keywords\":[\"Gr\u00e9cia\",\"Luciana Genro\"],\"articleSection\":[\"Artigos\",\"Gr\u00e9cia\"],\"inLanguage\":\"pt-BR\",\"potentialAction\":[{\"@type\":\"CommentAction\",\"name\":\"Comment\",\"target\":[\"https:\/\/psol50.org.br\/carta-ao-primeiro-ministro-da-grecia-alexis-tsipras\/#respond\"]}]},{\"@type\":\"WebPage\",\"@id\":\"https:\/\/psol50.org.br\/carta-ao-primeiro-ministro-da-grecia-alexis-tsipras\/\",\"url\":\"https:\/\/psol50.org.br\/carta-ao-primeiro-ministro-da-grecia-alexis-tsipras\/\",\"name\":\"Carta ao primeiro-ministro da Gr\u00e9cia, Alexis Tsipras* - PSOL 50\",\"isPartOf\":{\"@id\":\"https:\/\/psol50.org.br\/#website\"},\"datePublished\":\"2015-01-27T00:00:00+00:00\",\"breadcrumb\":{\"@id\":\"https:\/\/psol50.org.br\/carta-ao-primeiro-ministro-da-grecia-alexis-tsipras\/#breadcrumb\"},\"inLanguage\":\"pt-BR\",\"potentialAction\":[{\"@type\":\"ReadAction\",\"target\":[\"https:\/\/psol50.org.br\/carta-ao-primeiro-ministro-da-grecia-alexis-tsipras\/\"]}]},{\"@type\":\"BreadcrumbList\",\"@id\":\"https:\/\/psol50.org.br\/carta-ao-primeiro-ministro-da-grecia-alexis-tsipras\/#breadcrumb\",\"itemListElement\":[{\"@type\":\"ListItem\",\"position\":1,\"name\":\"In\u00edcio\",\"item\":\"https:\/\/psol50.org.br\/\"},{\"@type\":\"ListItem\",\"position\":2,\"name\":\"Carta ao primeiro-ministro da Gr\u00e9cia, Alexis Tsipras*\"}]},{\"@type\":\"WebSite\",\"@id\":\"https:\/\/psol50.org.br\/#website\",\"url\":\"https:\/\/psol50.org.br\/\",\"name\":\"PSOL 50\",\"description\":\"Site oficial do Partido Socialismo e Liberdade\",\"publisher\":{\"@id\":\"https:\/\/psol50.org.br\/#organization\"},\"alternateName\":\"PSOL50\",\"potentialAction\":[{\"@type\":\"SearchAction\",\"target\":{\"@type\":\"EntryPoint\",\"urlTemplate\":\"https:\/\/psol50.org.br\/?s={search_term_string}\"},\"query-input\":{\"@type\":\"PropertyValueSpecification\",\"valueRequired\":true,\"valueName\":\"search_term_string\"}}],\"inLanguage\":\"pt-BR\"},{\"@type\":\"Organization\",\"@id\":\"https:\/\/psol50.org.br\/#organization\",\"name\":\"PSOL 50\",\"alternateName\":\"PSOL 50\",\"url\":\"https:\/\/psol50.org.br\/\",\"logo\":{\"@type\":\"ImageObject\",\"inLanguage\":\"pt-BR\",\"@id\":\"https:\/\/psol50.org.br\/#\/schema\/logo\/image\/\",\"url\":\"https:\/\/psol50.org.br\/inc\/uploads\/2018\/07\/capa.png\",\"contentUrl\":\"https:\/\/psol50.org.br\/inc\/uploads\/2018\/07\/capa.png\",\"width\":1350,\"height\":900,\"caption\":\"PSOL 50\"},\"image\":{\"@id\":\"https:\/\/psol50.org.br\/#\/schema\/logo\/image\/\"},\"sameAs\":[\"https:\/\/www.facebook.com\/psol50\",\"https:\/\/x.com\/psol50\",\"https:\/\/www.instagram.com\/psol50\/\",\"https:\/\/www.youtube.com\/channel\/UC7SnJS5o1os7a6CaiNabzcg\"]},{\"@type\":\"Person\",\"@id\":\"https:\/\/psol50.org.br\/#\/schema\/person\/475dfa57d0b815993c714c2e96491fcd\",\"name\":\"Comunica\u00e7\u00e3o PSOL\",\"image\":{\"@type\":\"ImageObject\",\"inLanguage\":\"pt-BR\",\"@id\":\"https:\/\/psol50.org.br\/#\/schema\/person\/image\/\",\"url\":\"https:\/\/secure.gravatar.com\/avatar\/b34fc4f4e468a4e51785917065a3db57b841f5c95dba6ad8c73aaf8f66f8f9bf?s=96&d=mm&r=g\",\"contentUrl\":\"https:\/\/secure.gravatar.com\/avatar\/b34fc4f4e468a4e51785917065a3db57b841f5c95dba6ad8c73aaf8f66f8f9bf?s=96&d=mm&r=g\",\"caption\":\"Comunica\u00e7\u00e3o PSOL\"}}]}<\/script>\n<!-- \/ Yoast SEO plugin. -->","yoast_head_json":{"title":"Carta ao primeiro-ministro da Gr\u00e9cia, Alexis Tsipras* - PSOL 50","robots":{"index":"index","follow":"follow","max-snippet":"max-snippet:-1","max-image-preview":"max-image-preview:large","max-video-preview":"max-video-preview:-1"},"canonical":"https:\/\/psol50.org.br\/carta-ao-primeiro-ministro-da-grecia-alexis-tsipras\/","og_locale":"pt_BR","og_type":"article","og_title":"Carta ao primeiro-ministro da Gr\u00e9cia, Alexis Tsipras* - PSOL 50","og_description":"Porto Alegre, 26 de janeiro de 2015 &nbsp; &nbsp; Querido Tsipras &nbsp; Sauda\u00e7\u00f5es! Estamos todos aqui vibrando com a vit\u00f3ria da Syriza. Foi uma vit\u00f3ria da democracia contra a plutocracia, da for\u00e7a do povo contra a for\u00e7a do capital. \u00c9 simb\u00f3lico que este renascimento democr\u00e1tico comece justamente no lugar onde, h\u00e1 tantos s\u00e9culos, nasceu a [&hellip;]","og_url":"https:\/\/psol50.org.br\/carta-ao-primeiro-ministro-da-grecia-alexis-tsipras\/","og_site_name":"PSOL 50","article_publisher":"https:\/\/www.facebook.com\/psol50","article_published_time":"2015-01-27T00:00:00+00:00","og_image":[{"width":1350,"height":900,"url":"https:\/\/psol50.org.br\/inc\/uploads\/2018\/07\/capa.png","type":"image\/png"}],"author":"Comunica\u00e7\u00e3o PSOL","twitter_card":"summary_large_image","twitter_creator":"@psol50","twitter_site":"@psol50","twitter_misc":{"Escrito por":"Comunica\u00e7\u00e3o PSOL","Est. tempo de leitura":"3 minutos"},"schema":{"@context":"https:\/\/schema.org","@graph":[{"@type":"Article","@id":"https:\/\/psol50.org.br\/carta-ao-primeiro-ministro-da-grecia-alexis-tsipras\/#article","isPartOf":{"@id":"https:\/\/psol50.org.br\/carta-ao-primeiro-ministro-da-grecia-alexis-tsipras\/"},"author":{"name":"Comunica\u00e7\u00e3o PSOL","@id":"https:\/\/psol50.org.br\/#\/schema\/person\/475dfa57d0b815993c714c2e96491fcd"},"headline":"Carta ao primeiro-ministro da Gr\u00e9cia, Alexis Tsipras*","datePublished":"2015-01-27T00:00:00+00:00","mainEntityOfPage":{"@id":"https:\/\/psol50.org.br\/carta-ao-primeiro-ministro-da-grecia-alexis-tsipras\/"},"wordCount":664,"commentCount":0,"publisher":{"@id":"https:\/\/psol50.org.br\/#organization"},"keywords":["Gr\u00e9cia","Luciana Genro"],"articleSection":["Artigos","Gr\u00e9cia"],"inLanguage":"pt-BR","potentialAction":[{"@type":"CommentAction","name":"Comment","target":["https:\/\/psol50.org.br\/carta-ao-primeiro-ministro-da-grecia-alexis-tsipras\/#respond"]}]},{"@type":"WebPage","@id":"https:\/\/psol50.org.br\/carta-ao-primeiro-ministro-da-grecia-alexis-tsipras\/","url":"https:\/\/psol50.org.br\/carta-ao-primeiro-ministro-da-grecia-alexis-tsipras\/","name":"Carta ao primeiro-ministro da Gr\u00e9cia, Alexis Tsipras* - PSOL 50","isPartOf":{"@id":"https:\/\/psol50.org.br\/#website"},"datePublished":"2015-01-27T00:00:00+00:00","breadcrumb":{"@id":"https:\/\/psol50.org.br\/carta-ao-primeiro-ministro-da-grecia-alexis-tsipras\/#breadcrumb"},"inLanguage":"pt-BR","potentialAction":[{"@type":"ReadAction","target":["https:\/\/psol50.org.br\/carta-ao-primeiro-ministro-da-grecia-alexis-tsipras\/"]}]},{"@type":"BreadcrumbList","@id":"https:\/\/psol50.org.br\/carta-ao-primeiro-ministro-da-grecia-alexis-tsipras\/#breadcrumb","itemListElement":[{"@type":"ListItem","position":1,"name":"In\u00edcio","item":"https:\/\/psol50.org.br\/"},{"@type":"ListItem","position":2,"name":"Carta ao primeiro-ministro da Gr\u00e9cia, Alexis Tsipras*"}]},{"@type":"WebSite","@id":"https:\/\/psol50.org.br\/#website","url":"https:\/\/psol50.org.br\/","name":"PSOL 50","description":"Site oficial do Partido Socialismo e Liberdade","publisher":{"@id":"https:\/\/psol50.org.br\/#organization"},"alternateName":"PSOL50","potentialAction":[{"@type":"SearchAction","target":{"@type":"EntryPoint","urlTemplate":"https:\/\/psol50.org.br\/?s={search_term_string}"},"query-input":{"@type":"PropertyValueSpecification","valueRequired":true,"valueName":"search_term_string"}}],"inLanguage":"pt-BR"},{"@type":"Organization","@id":"https:\/\/psol50.org.br\/#organization","name":"PSOL 50","alternateName":"PSOL 50","url":"https:\/\/psol50.org.br\/","logo":{"@type":"ImageObject","inLanguage":"pt-BR","@id":"https:\/\/psol50.org.br\/#\/schema\/logo\/image\/","url":"https:\/\/psol50.org.br\/inc\/uploads\/2018\/07\/capa.png","contentUrl":"https:\/\/psol50.org.br\/inc\/uploads\/2018\/07\/capa.png","width":1350,"height":900,"caption":"PSOL 50"},"image":{"@id":"https:\/\/psol50.org.br\/#\/schema\/logo\/image\/"},"sameAs":["https:\/\/www.facebook.com\/psol50","https:\/\/x.com\/psol50","https:\/\/www.instagram.com\/psol50\/","https:\/\/www.youtube.com\/channel\/UC7SnJS5o1os7a6CaiNabzcg"]},{"@type":"Person","@id":"https:\/\/psol50.org.br\/#\/schema\/person\/475dfa57d0b815993c714c2e96491fcd","name":"Comunica\u00e7\u00e3o PSOL","image":{"@type":"ImageObject","inLanguage":"pt-BR","@id":"https:\/\/psol50.org.br\/#\/schema\/person\/image\/","url":"https:\/\/secure.gravatar.com\/avatar\/b34fc4f4e468a4e51785917065a3db57b841f5c95dba6ad8c73aaf8f66f8f9bf?s=96&d=mm&r=g","contentUrl":"https:\/\/secure.gravatar.com\/avatar\/b34fc4f4e468a4e51785917065a3db57b841f5c95dba6ad8c73aaf8f66f8f9bf?s=96&d=mm&r=g","caption":"Comunica\u00e7\u00e3o PSOL"}}]}},"_links":{"self":[{"href":"https:\/\/psol50.org.br\/rest\/wp\/v2\/posts\/9756","targetHints":{"allow":["GET"]}}],"collection":[{"href":"https:\/\/psol50.org.br\/rest\/wp\/v2\/posts"}],"about":[{"href":"https:\/\/psol50.org.br\/rest\/wp\/v2\/types\/post"}],"author":[{"embeddable":true,"href":"https:\/\/psol50.org.br\/rest\/wp\/v2\/users\/2"}],"replies":[{"embeddable":true,"href":"https:\/\/psol50.org.br\/rest\/wp\/v2\/comments?post=9756"}],"version-history":[{"count":0,"href":"https:\/\/psol50.org.br\/rest\/wp\/v2\/posts\/9756\/revisions"}],"wp:attachment":[{"href":"https:\/\/psol50.org.br\/rest\/wp\/v2\/media?parent=9756"}],"wp:term":[{"taxonomy":"category","embeddable":true,"href":"https:\/\/psol50.org.br\/rest\/wp\/v2\/categories?post=9756"},{"taxonomy":"post_tag","embeddable":true,"href":"https:\/\/psol50.org.br\/rest\/wp\/v2\/tags?post=9756"}],"curies":[{"name":"wp","href":"https:\/\/api.w.org\/{rel}","templated":true}]}}