{"id":976,"date":"2012-01-13T00:00:00","date_gmt":"2012-01-13T00:00:00","guid":{"rendered":"http:\/\/psol50.org.br\/arquivo\/2012\/01\/13\/comunidade-de-pinheirinho-resiste-a-reintegracao-de-posse\/"},"modified":"2012-01-13T00:00:00","modified_gmt":"2012-01-13T00:00:00","slug":"comunidade-de-pinheirinho-resiste-a-reintegracao-de-posse","status":"publish","type":"post","link":"https:\/\/psol50.org.br\/comunidade-de-pinheirinho-resiste-a-reintegracao-de-posse\/","title":{"rendered":"Comunidade de Pinheirinho resiste \u00e0 reintegra\u00e7\u00e3o de posse"},"content":{"rendered":"<p style=\"text-align: justify\"><a href=\"http:\/\/psol50.org.br\/blog\/2012\/01\/13\/comunidade-de-pinheirinho-resiste-a-reintegracao-de-posse\/pinheirinho\/\" rel=\"attachment wp-att-13157\"><img loading=\"lazy\" decoding=\"async\" class=\"aligncenter size-full wp-image-13157\" src=\"http:\/\/psol50.org.br\/files\/2012\/01\/Pinheirinho.jpg\" alt=\"\" width=\"400\" height=\"265\" \/><\/a>Um grupo de moradores da comunidade Pinheirinho, em S\u00e3o Jos\u00e9 dos Campos,\u00a0 no interior de S\u00e3o Paulo, fez uma manifesta\u00e7\u00e3o na manh\u00e3 desta sexta-feira, 13, contra a reintegra\u00e7\u00e3o de posse do terreno ocupado desde 2004. Equipados com capacetes e escudos improvisados, os moradores exibiram tamb\u00e9m paus e lan\u00e7as.<\/p>\n<p>Segundo a prefeitura,\u00a0 um cadastramento feito em 2010 mostra que cerca de 1.600 fam\u00edlias moram no acampamento. O terreno, afirma\u00a0 administra\u00e7\u00e3o, pertence \u00e0 massa falida da empresa Selecta, do grupo de Nagi Nahas, que entrou com o processo para a retirada das fam\u00edlias no momento da invas\u00e3o.<\/p>\n<p>A decis\u00e3o da Justi\u00e7a para a reintegra\u00e7\u00e3o foi tomada no fim do ano passado. A data determinada pela Pol\u00edcia Militar para a a\u00e7\u00e3o ainda n\u00e3o foi determinada.<\/p>\n<p>Na manh\u00e3 de hoje, um grupo com representantes do acampamento se reuniu com representantes da Ordem de Advogados do Brasil e de lideran\u00e7as sindicais para tentar definir o futuro dos moradores da \u00e1rea.<\/p>\n<p>Os l\u00edderes do movimento t\u00eam feito manifesta\u00e7\u00f5es contra a retomada do terreno, inclusive dentro do sagu\u00e3o da prefeitura. Hoje, participaram de um ato de solidariedade \u00e0 comunidade Pinheirinho, em frente a ocupa\u00e7\u00e3o, sindicatos, movimentos sociais, partidos pol\u00edticos e entidades estudantis, segundo o PSTU;\u00a0 cerca de 500 moradores tamb\u00e9m participaram da manifesta\u00e7\u00e3o.<\/p>\n<p>Adesivos. Al\u00e9m do ato de hoje, os sindicatos far\u00e3o mais a\u00e7\u00f5es de apoio, afirma o PSTU. Nesta sexta-feira, haver\u00e1 uma s\u00e9rie de obiliza\u00e7\u00f5es simult\u00e2neas nas f\u00e1bricas, para pedir apoio dos trabalhadores contra a desocupa\u00e7\u00e3o, e uma vig\u00edlia na OAB. No s\u00e1bado, haver\u00e1 uma agita\u00e7\u00e3o com panfletagem na Pra\u00e7a Afonso Pena. Foram confeccionados 20 mil adesivos e 50 mil panfletos em apoio \u00e0 resist\u00eancia do Pinheirinho.<\/p>\n<p>O PSOL manifesta total e incondicional solidariedade aos moradores e rep\u00fadio a quaisquer a\u00e7\u00f5es violentas da Pol\u00edcia Militar. Chega de criminaliza\u00e7\u00e3o do movimento social!<br \/>\n<a href=\"http:\/\/www.estadao.com.br\/noticias\/cidades,comunidade-de-sao-jose-dos-campos-%28sp%29-reage-a-reintegracao-de-posse,822288,0.htm\"><br \/>\n<strong>*Com informa\u00e7\u00e3o de O Estado de S.Paulo<\/strong><\/a><\/p>\n","protected":false},"excerpt":{"rendered":"<p>Um grupo de moradores da comunidade Pinheirinho, em S\u00e3o Jos\u00e9 dos Campos,\u00a0 no interior de S\u00e3o Paulo, fez uma manifesta\u00e7\u00e3o na manh\u00e3 desta sexta-feira, 13, contra a reintegra\u00e7\u00e3o de posse do terreno ocupado desde 2004. Equipados com capacetes e escudos improvisados, os moradores exibiram tamb\u00e9m paus e lan\u00e7as. Segundo a prefeitura,\u00a0 um cadastramento feito em [&hellip;]<\/p>\n","protected":false},"author":2,"featured_media":0,"comment_status":"open","ping_status":"open","sticky":false,"template":"","format":"standard","meta":{"_acf_changed":false,"footnotes":""},"categories":[4766],"tags":[],"class_list":{"0":"post-976","1":"post","2":"type-post","3":"status-publish","4":"format-standard","6":"category-arquivo"},"acf":[],"yoast_head":"<!-- This site is optimized with the Yoast SEO plugin v26.5 - https:\/\/yoast.com\/wordpress\/plugins\/seo\/ -->\n<title>Comunidade de Pinheirinho resiste \u00e0 reintegra\u00e7\u00e3o de posse - PSOL 50<\/title>\n<meta name=\"robots\" content=\"index, follow, max-snippet:-1, max-image-preview:large, max-video-preview:-1\" \/>\n<link rel=\"canonical\" href=\"https:\/\/psol50.org.br\/comunidade-de-pinheirinho-resiste-a-reintegracao-de-posse\/\" \/>\n<meta property=\"og:locale\" content=\"pt_BR\" \/>\n<meta property=\"og:type\" content=\"article\" \/>\n<meta property=\"og:title\" content=\"Comunidade de Pinheirinho resiste \u00e0 reintegra\u00e7\u00e3o de posse - PSOL 50\" \/>\n<meta property=\"og:description\" content=\"Um grupo de moradores da comunidade Pinheirinho, em S\u00e3o Jos\u00e9 dos Campos,\u00a0 no interior de S\u00e3o Paulo, fez uma manifesta\u00e7\u00e3o na manh\u00e3 desta sexta-feira, 13, contra a reintegra\u00e7\u00e3o de posse do terreno ocupado desde 2004. Equipados com capacetes e escudos improvisados, os moradores exibiram tamb\u00e9m paus e lan\u00e7as. Segundo a prefeitura,\u00a0 um cadastramento feito em [&hellip;]\" \/>\n<meta property=\"og:url\" content=\"https:\/\/psol50.org.br\/comunidade-de-pinheirinho-resiste-a-reintegracao-de-posse\/\" \/>\n<meta property=\"og:site_name\" content=\"PSOL 50\" \/>\n<meta property=\"article:publisher\" content=\"https:\/\/www.facebook.com\/psol50\" \/>\n<meta property=\"article:published_time\" content=\"2012-01-13T00:00:00+00:00\" \/>\n<meta property=\"og:image\" content=\"http:\/\/psol50.org.br\/files\/2012\/01\/Pinheirinho.jpg\" \/>\n<meta name=\"author\" content=\"Comunica\u00e7\u00e3o PSOL\" \/>\n<meta name=\"twitter:card\" content=\"summary_large_image\" \/>\n<meta name=\"twitter:creator\" content=\"@psol50\" \/>\n<meta name=\"twitter:site\" content=\"@psol50\" \/>\n<meta name=\"twitter:label1\" content=\"Escrito por\" \/>\n\t<meta name=\"twitter:data1\" content=\"Comunica\u00e7\u00e3o PSOL\" \/>\n\t<meta name=\"twitter:label2\" content=\"Est. tempo de leitura\" \/>\n\t<meta name=\"twitter:data2\" content=\"2 minutos\" \/>\n<script type=\"application\/ld+json\" class=\"yoast-schema-graph\">{\"@context\":\"https:\/\/schema.org\",\"@graph\":[{\"@type\":\"Article\",\"@id\":\"https:\/\/psol50.org.br\/comunidade-de-pinheirinho-resiste-a-reintegracao-de-posse\/#article\",\"isPartOf\":{\"@id\":\"https:\/\/psol50.org.br\/comunidade-de-pinheirinho-resiste-a-reintegracao-de-posse\/\"},\"author\":{\"name\":\"Comunica\u00e7\u00e3o PSOL\",\"@id\":\"https:\/\/psol50.org.br\/#\/schema\/person\/475dfa57d0b815993c714c2e96491fcd\"},\"headline\":\"Comunidade de Pinheirinho resiste \u00e0 reintegra\u00e7\u00e3o de posse\",\"datePublished\":\"2012-01-13T00:00:00+00:00\",\"mainEntityOfPage\":{\"@id\":\"https:\/\/psol50.org.br\/comunidade-de-pinheirinho-resiste-a-reintegracao-de-posse\/\"},\"wordCount\":344,\"commentCount\":0,\"publisher\":{\"@id\":\"https:\/\/psol50.org.br\/#organization\"},\"image\":{\"@id\":\"https:\/\/psol50.org.br\/comunidade-de-pinheirinho-resiste-a-reintegracao-de-posse\/#primaryimage\"},\"thumbnailUrl\":\"http:\/\/psol50.org.br\/files\/2012\/01\/Pinheirinho.jpg\",\"articleSection\":[\"Arquivo\"],\"inLanguage\":\"pt-BR\",\"potentialAction\":[{\"@type\":\"CommentAction\",\"name\":\"Comment\",\"target\":[\"https:\/\/psol50.org.br\/comunidade-de-pinheirinho-resiste-a-reintegracao-de-posse\/#respond\"]}]},{\"@type\":\"WebPage\",\"@id\":\"https:\/\/psol50.org.br\/comunidade-de-pinheirinho-resiste-a-reintegracao-de-posse\/\",\"url\":\"https:\/\/psol50.org.br\/comunidade-de-pinheirinho-resiste-a-reintegracao-de-posse\/\",\"name\":\"Comunidade de Pinheirinho resiste \u00e0 reintegra\u00e7\u00e3o de posse - PSOL 50\",\"isPartOf\":{\"@id\":\"https:\/\/psol50.org.br\/#website\"},\"primaryImageOfPage\":{\"@id\":\"https:\/\/psol50.org.br\/comunidade-de-pinheirinho-resiste-a-reintegracao-de-posse\/#primaryimage\"},\"image\":{\"@id\":\"https:\/\/psol50.org.br\/comunidade-de-pinheirinho-resiste-a-reintegracao-de-posse\/#primaryimage\"},\"thumbnailUrl\":\"http:\/\/psol50.org.br\/files\/2012\/01\/Pinheirinho.jpg\",\"datePublished\":\"2012-01-13T00:00:00+00:00\",\"breadcrumb\":{\"@id\":\"https:\/\/psol50.org.br\/comunidade-de-pinheirinho-resiste-a-reintegracao-de-posse\/#breadcrumb\"},\"inLanguage\":\"pt-BR\",\"potentialAction\":[{\"@type\":\"ReadAction\",\"target\":[\"https:\/\/psol50.org.br\/comunidade-de-pinheirinho-resiste-a-reintegracao-de-posse\/\"]}]},{\"@type\":\"ImageObject\",\"inLanguage\":\"pt-BR\",\"@id\":\"https:\/\/psol50.org.br\/comunidade-de-pinheirinho-resiste-a-reintegracao-de-posse\/#primaryimage\",\"url\":\"http:\/\/psol50.org.br\/files\/2012\/01\/Pinheirinho.jpg\",\"contentUrl\":\"http:\/\/psol50.org.br\/files\/2012\/01\/Pinheirinho.jpg\"},{\"@type\":\"BreadcrumbList\",\"@id\":\"https:\/\/psol50.org.br\/comunidade-de-pinheirinho-resiste-a-reintegracao-de-posse\/#breadcrumb\",\"itemListElement\":[{\"@type\":\"ListItem\",\"position\":1,\"name\":\"In\u00edcio\",\"item\":\"https:\/\/psol50.org.br\/\"},{\"@type\":\"ListItem\",\"position\":2,\"name\":\"Comunidade de Pinheirinho resiste \u00e0 reintegra\u00e7\u00e3o de posse\"}]},{\"@type\":\"WebSite\",\"@id\":\"https:\/\/psol50.org.br\/#website\",\"url\":\"https:\/\/psol50.org.br\/\",\"name\":\"PSOL 50\",\"description\":\"Site oficial do Partido Socialismo e Liberdade\",\"publisher\":{\"@id\":\"https:\/\/psol50.org.br\/#organization\"},\"alternateName\":\"PSOL50\",\"potentialAction\":[{\"@type\":\"SearchAction\",\"target\":{\"@type\":\"EntryPoint\",\"urlTemplate\":\"https:\/\/psol50.org.br\/?s={search_term_string}\"},\"query-input\":{\"@type\":\"PropertyValueSpecification\",\"valueRequired\":true,\"valueName\":\"search_term_string\"}}],\"inLanguage\":\"pt-BR\"},{\"@type\":\"Organization\",\"@id\":\"https:\/\/psol50.org.br\/#organization\",\"name\":\"PSOL 50\",\"alternateName\":\"PSOL 50\",\"url\":\"https:\/\/psol50.org.br\/\",\"logo\":{\"@type\":\"ImageObject\",\"inLanguage\":\"pt-BR\",\"@id\":\"https:\/\/psol50.org.br\/#\/schema\/logo\/image\/\",\"url\":\"https:\/\/psol50.org.br\/inc\/uploads\/2018\/07\/capa.png\",\"contentUrl\":\"https:\/\/psol50.org.br\/inc\/uploads\/2018\/07\/capa.png\",\"width\":1350,\"height\":900,\"caption\":\"PSOL 50\"},\"image\":{\"@id\":\"https:\/\/psol50.org.br\/#\/schema\/logo\/image\/\"},\"sameAs\":[\"https:\/\/www.facebook.com\/psol50\",\"https:\/\/x.com\/psol50\",\"https:\/\/www.instagram.com\/psol50\/\",\"https:\/\/www.youtube.com\/channel\/UC7SnJS5o1os7a6CaiNabzcg\"]},{\"@type\":\"Person\",\"@id\":\"https:\/\/psol50.org.br\/#\/schema\/person\/475dfa57d0b815993c714c2e96491fcd\",\"name\":\"Comunica\u00e7\u00e3o PSOL\",\"image\":{\"@type\":\"ImageObject\",\"inLanguage\":\"pt-BR\",\"@id\":\"https:\/\/psol50.org.br\/#\/schema\/person\/image\/\",\"url\":\"https:\/\/secure.gravatar.com\/avatar\/b34fc4f4e468a4e51785917065a3db57b841f5c95dba6ad8c73aaf8f66f8f9bf?s=96&d=mm&r=g\",\"contentUrl\":\"https:\/\/secure.gravatar.com\/avatar\/b34fc4f4e468a4e51785917065a3db57b841f5c95dba6ad8c73aaf8f66f8f9bf?s=96&d=mm&r=g\",\"caption\":\"Comunica\u00e7\u00e3o PSOL\"}}]}<\/script>\n<!-- \/ Yoast SEO plugin. -->","yoast_head_json":{"title":"Comunidade de Pinheirinho resiste \u00e0 reintegra\u00e7\u00e3o de posse - PSOL 50","robots":{"index":"index","follow":"follow","max-snippet":"max-snippet:-1","max-image-preview":"max-image-preview:large","max-video-preview":"max-video-preview:-1"},"canonical":"https:\/\/psol50.org.br\/comunidade-de-pinheirinho-resiste-a-reintegracao-de-posse\/","og_locale":"pt_BR","og_type":"article","og_title":"Comunidade de Pinheirinho resiste \u00e0 reintegra\u00e7\u00e3o de posse - PSOL 50","og_description":"Um grupo de moradores da comunidade Pinheirinho, em S\u00e3o Jos\u00e9 dos Campos,\u00a0 no interior de S\u00e3o Paulo, fez uma manifesta\u00e7\u00e3o na manh\u00e3 desta sexta-feira, 13, contra a reintegra\u00e7\u00e3o de posse do terreno ocupado desde 2004. Equipados com capacetes e escudos improvisados, os moradores exibiram tamb\u00e9m paus e lan\u00e7as. Segundo a prefeitura,\u00a0 um cadastramento feito em [&hellip;]","og_url":"https:\/\/psol50.org.br\/comunidade-de-pinheirinho-resiste-a-reintegracao-de-posse\/","og_site_name":"PSOL 50","article_publisher":"https:\/\/www.facebook.com\/psol50","article_published_time":"2012-01-13T00:00:00+00:00","og_image":[{"url":"http:\/\/psol50.org.br\/files\/2012\/01\/Pinheirinho.jpg","type":"","width":"","height":""}],"author":"Comunica\u00e7\u00e3o PSOL","twitter_card":"summary_large_image","twitter_creator":"@psol50","twitter_site":"@psol50","twitter_misc":{"Escrito por":"Comunica\u00e7\u00e3o PSOL","Est. tempo de leitura":"2 minutos"},"schema":{"@context":"https:\/\/schema.org","@graph":[{"@type":"Article","@id":"https:\/\/psol50.org.br\/comunidade-de-pinheirinho-resiste-a-reintegracao-de-posse\/#article","isPartOf":{"@id":"https:\/\/psol50.org.br\/comunidade-de-pinheirinho-resiste-a-reintegracao-de-posse\/"},"author":{"name":"Comunica\u00e7\u00e3o PSOL","@id":"https:\/\/psol50.org.br\/#\/schema\/person\/475dfa57d0b815993c714c2e96491fcd"},"headline":"Comunidade de Pinheirinho resiste \u00e0 reintegra\u00e7\u00e3o de posse","datePublished":"2012-01-13T00:00:00+00:00","mainEntityOfPage":{"@id":"https:\/\/psol50.org.br\/comunidade-de-pinheirinho-resiste-a-reintegracao-de-posse\/"},"wordCount":344,"commentCount":0,"publisher":{"@id":"https:\/\/psol50.org.br\/#organization"},"image":{"@id":"https:\/\/psol50.org.br\/comunidade-de-pinheirinho-resiste-a-reintegracao-de-posse\/#primaryimage"},"thumbnailUrl":"http:\/\/psol50.org.br\/files\/2012\/01\/Pinheirinho.jpg","articleSection":["Arquivo"],"inLanguage":"pt-BR","potentialAction":[{"@type":"CommentAction","name":"Comment","target":["https:\/\/psol50.org.br\/comunidade-de-pinheirinho-resiste-a-reintegracao-de-posse\/#respond"]}]},{"@type":"WebPage","@id":"https:\/\/psol50.org.br\/comunidade-de-pinheirinho-resiste-a-reintegracao-de-posse\/","url":"https:\/\/psol50.org.br\/comunidade-de-pinheirinho-resiste-a-reintegracao-de-posse\/","name":"Comunidade de Pinheirinho resiste \u00e0 reintegra\u00e7\u00e3o de posse - PSOL 50","isPartOf":{"@id":"https:\/\/psol50.org.br\/#website"},"primaryImageOfPage":{"@id":"https:\/\/psol50.org.br\/comunidade-de-pinheirinho-resiste-a-reintegracao-de-posse\/#primaryimage"},"image":{"@id":"https:\/\/psol50.org.br\/comunidade-de-pinheirinho-resiste-a-reintegracao-de-posse\/#primaryimage"},"thumbnailUrl":"http:\/\/psol50.org.br\/files\/2012\/01\/Pinheirinho.jpg","datePublished":"2012-01-13T00:00:00+00:00","breadcrumb":{"@id":"https:\/\/psol50.org.br\/comunidade-de-pinheirinho-resiste-a-reintegracao-de-posse\/#breadcrumb"},"inLanguage":"pt-BR","potentialAction":[{"@type":"ReadAction","target":["https:\/\/psol50.org.br\/comunidade-de-pinheirinho-resiste-a-reintegracao-de-posse\/"]}]},{"@type":"ImageObject","inLanguage":"pt-BR","@id":"https:\/\/psol50.org.br\/comunidade-de-pinheirinho-resiste-a-reintegracao-de-posse\/#primaryimage","url":"http:\/\/psol50.org.br\/files\/2012\/01\/Pinheirinho.jpg","contentUrl":"http:\/\/psol50.org.br\/files\/2012\/01\/Pinheirinho.jpg"},{"@type":"BreadcrumbList","@id":"https:\/\/psol50.org.br\/comunidade-de-pinheirinho-resiste-a-reintegracao-de-posse\/#breadcrumb","itemListElement":[{"@type":"ListItem","position":1,"name":"In\u00edcio","item":"https:\/\/psol50.org.br\/"},{"@type":"ListItem","position":2,"name":"Comunidade de Pinheirinho resiste \u00e0 reintegra\u00e7\u00e3o de posse"}]},{"@type":"WebSite","@id":"https:\/\/psol50.org.br\/#website","url":"https:\/\/psol50.org.br\/","name":"PSOL 50","description":"Site oficial do Partido Socialismo e Liberdade","publisher":{"@id":"https:\/\/psol50.org.br\/#organization"},"alternateName":"PSOL50","potentialAction":[{"@type":"SearchAction","target":{"@type":"EntryPoint","urlTemplate":"https:\/\/psol50.org.br\/?s={search_term_string}"},"query-input":{"@type":"PropertyValueSpecification","valueRequired":true,"valueName":"search_term_string"}}],"inLanguage":"pt-BR"},{"@type":"Organization","@id":"https:\/\/psol50.org.br\/#organization","name":"PSOL 50","alternateName":"PSOL 50","url":"https:\/\/psol50.org.br\/","logo":{"@type":"ImageObject","inLanguage":"pt-BR","@id":"https:\/\/psol50.org.br\/#\/schema\/logo\/image\/","url":"https:\/\/psol50.org.br\/inc\/uploads\/2018\/07\/capa.png","contentUrl":"https:\/\/psol50.org.br\/inc\/uploads\/2018\/07\/capa.png","width":1350,"height":900,"caption":"PSOL 50"},"image":{"@id":"https:\/\/psol50.org.br\/#\/schema\/logo\/image\/"},"sameAs":["https:\/\/www.facebook.com\/psol50","https:\/\/x.com\/psol50","https:\/\/www.instagram.com\/psol50\/","https:\/\/www.youtube.com\/channel\/UC7SnJS5o1os7a6CaiNabzcg"]},{"@type":"Person","@id":"https:\/\/psol50.org.br\/#\/schema\/person\/475dfa57d0b815993c714c2e96491fcd","name":"Comunica\u00e7\u00e3o PSOL","image":{"@type":"ImageObject","inLanguage":"pt-BR","@id":"https:\/\/psol50.org.br\/#\/schema\/person\/image\/","url":"https:\/\/secure.gravatar.com\/avatar\/b34fc4f4e468a4e51785917065a3db57b841f5c95dba6ad8c73aaf8f66f8f9bf?s=96&d=mm&r=g","contentUrl":"https:\/\/secure.gravatar.com\/avatar\/b34fc4f4e468a4e51785917065a3db57b841f5c95dba6ad8c73aaf8f66f8f9bf?s=96&d=mm&r=g","caption":"Comunica\u00e7\u00e3o PSOL"}}]}},"_links":{"self":[{"href":"https:\/\/psol50.org.br\/rest\/wp\/v2\/posts\/976","targetHints":{"allow":["GET"]}}],"collection":[{"href":"https:\/\/psol50.org.br\/rest\/wp\/v2\/posts"}],"about":[{"href":"https:\/\/psol50.org.br\/rest\/wp\/v2\/types\/post"}],"author":[{"embeddable":true,"href":"https:\/\/psol50.org.br\/rest\/wp\/v2\/users\/2"}],"replies":[{"embeddable":true,"href":"https:\/\/psol50.org.br\/rest\/wp\/v2\/comments?post=976"}],"version-history":[{"count":0,"href":"https:\/\/psol50.org.br\/rest\/wp\/v2\/posts\/976\/revisions"}],"wp:attachment":[{"href":"https:\/\/psol50.org.br\/rest\/wp\/v2\/media?parent=976"}],"wp:term":[{"taxonomy":"category","embeddable":true,"href":"https:\/\/psol50.org.br\/rest\/wp\/v2\/categories?post=976"},{"taxonomy":"post_tag","embeddable":true,"href":"https:\/\/psol50.org.br\/rest\/wp\/v2\/tags?post=976"}],"curies":[{"name":"wp","href":"https:\/\/api.w.org\/{rel}","templated":true}]}}