{"id":9760,"date":"2015-01-30T00:00:00","date_gmt":"2015-01-30T00:00:00","guid":{"rendered":"http:\/\/psol50.org.br\/arquivo\/2015\/01\/30\/os-direitos-humanos-e-o-capital\/"},"modified":"2015-01-30T00:00:00","modified_gmt":"2015-01-30T00:00:00","slug":"os-direitos-humanos-e-o-capital","status":"publish","type":"post","link":"https:\/\/psol50.org.br\/os-direitos-humanos-e-o-capital\/","title":{"rendered":"Os Direitos Humanos e o Capital"},"content":{"rendered":"<p style=\"text-align: justify;\">\n\t<span style=\"font-family:arial,helvetica,sans-serif;\"><span style=\"font-size: 12px;\">A divulga\u00e7\u00e3o do relat\u00f3rio anual da organiza\u00e7\u00e3o Human Rights Watch (HRW) de 2015 traz novamente dados preocupantes, mas esperados, sobre a realidade de viola\u00e7\u00f5es contra os direitos humanos, praticamente banalizados no Brasil e em outras partes do mundo.<br \/>\n\t&nbsp;<br \/>\n\tA 25\u00aa edi\u00e7\u00e3o do extenso relat\u00f3rio, de 656 p\u00e1ginas, aponta um crescimento nos casos de tortura e execu\u00e7\u00f5es em escala global. Ao falarmos de execu\u00e7\u00e3o e torturas certamente vir\u00e1 \u00e0 mente de muitas pessoas, associa\u00e7\u00f5es com o Estado Isl\u00e2mico, Indon\u00e9sia, Boko Haram e outros. Entretanto, um dos destaques do documento \u00e9 o cap\u00edtulo brasileiro.<br \/>\n\t&nbsp;<br \/>\n\tA indigna\u00e7\u00e3o seletiva, que gera revolta com a morte e sofrimento de uns (geralmente brancos e pertencentes \u00e0s camadas ricas e m\u00e9dias da sociedade) faz um sil\u00eancio perturbador com as execu\u00e7\u00f5es e torturas praticadas pelo Estado brasileiro. O numero de mortes por interven\u00e7\u00e3o policial aumentou drasticamente em 2014 (40% no RJ e mais de 90% em SP).<br \/>\n\t&nbsp;<br \/>\n\tA repress\u00e3o violenta aos protestos populares tamb\u00e9m tem destaque, como as viola\u00e7\u00f5es cometidas nas manifesta\u00e7\u00f5es contra os gastos absurdos para a realiza\u00e7\u00e3o da Copa do Mundo de 2014. Al\u00e9m de reprimir e sabotar a democracia, o Estado brasileiro se qualificou na repress\u00e3o, com novos equipamentos e t\u00e1ticas de enfrentamento para cercear a realiza\u00e7\u00e3o de manifesta\u00e7\u00f5es legitimas.<br \/>\n\t&nbsp;<br \/>\n\tA tortura \u00e9 citada no texto da HRW como \u201cum problema cr\u00f4nico em delegacias de pol\u00edcia e centros de deten\u00e7\u00e3o\u201d. O relat\u00f3rio aponta ainda a grave situa\u00e7\u00e3o dos pres\u00eddios brasileiros, superlotados em 37% acima da capacidade segundo dados do HRW, o que acarreta em epis\u00f3dios de extrema viol\u00eancia como as decapita\u00e7\u00f5es de detentos em Pedrinhas (MA) no final de 2013. Viola\u00e7\u00f5es por motivo de orienta\u00e7\u00e3o sexual e identidade de g\u00eanero tamb\u00e9m s\u00e3o apontadas, al\u00e9m de diversos outros tipos de abusos.<br \/>\n\t&nbsp;<br \/>\n\tSe dados levantados por relat\u00f3rios de organiza\u00e7\u00f5es internacionais preocupam, certamente a realidade \u00e9 ainda mais grave, pois sabemos que grande parte de crimes e viola\u00e7\u00f5es de toda a esp\u00e9cie n\u00e3o chegam a ser registrados. Execu\u00e7\u00f5es, torturas e outras viol\u00eancias ocorrem cotidianamente e silenciosamente, e em muitas \u00e1reas que sequer foram abordadas pelo documento.<br \/>\n\t&nbsp;<br \/>\n\tDisso tudo uma li\u00e7\u00e3o: a l\u00f3gica do capital e a efetiva\u00e7\u00e3o dos direitos humanos s\u00e3o antagonistas. Nosso sistema de mercadorias precisa da sempre crescente concentra\u00e7\u00e3o de renda, guerras permanentes, controle pol\u00edtico e social repressivo.<br \/>\n\t&nbsp;<br \/>\n\tDeste modo vivemos em supostas democracias que s\u00e3o meramente uma formalidade, e as leis e constitui\u00e7\u00f5es nacionais, no que possuem de teor progressista ou igualit\u00e1rio, s\u00e3o apenas textos, fabulas que se tornam at\u00e9 ironias. A realidade brasileira favorece a repress\u00e3o, concentra\u00e7\u00e3o de renda e desigualdade social.<br \/>\n\t&nbsp;<br \/>\n\tAo contrario do que se pode deduzir, as viola\u00e7\u00f5es aos direitos humanos n\u00e3o s\u00e3o meros desvios de condutas ou erros de agentes do Estado. Na verdade elas s\u00e3o atrativas para empresas e governos numa l\u00f3gica comercial global. Com as viola\u00e7\u00f5es controlam-se mais os povos, sufocando suas rebeli\u00f5es e revoltas, levando ao fortalecimento dos governos gestores do capital e dando estabilidade pol\u00edtica aos grupos econ\u00f4micos.<br \/>\n\t&nbsp;<br \/>\n\tTamb\u00e9m se lucra mais nas empresas nacionais e transacionais com a inexist\u00eancia de direitos trabalhistas e o trabalho an\u00e1logo ao escravo, igualmente lucram muito no tr\u00e1fico de pessoas, auferem benef\u00edcios ao executar lideran\u00e7as populares e exterminar povos ind\u00edgenas, podendo deste modo, aumentar a produ\u00e7\u00e3o e competitividade de madeireiras, da ind\u00fastria da carne e do agroneg\u00f3cio como um todo.<br \/>\n\t&nbsp;<br \/>\n\tCompreender a viola\u00e7\u00e3o dos direitos humanos numa perspectiva liberal nos leva sempre ao engano, afinal, como bem caracteriza o filosofo Istvan Meszaros, vivemos numa <em>\u201cpoderosa estrutura \u2018totalizadora\u2019 de controle \u00e0 qual tudo o mais, inclusive seres humanos, deve-se ajustar, e assim provar sua \u2018viabilidade produtiva\u2019, ou perecer, caso n\u00e3o consiga se adaptar\u201d.<\/em><br \/>\n\t&nbsp;<br \/>\n\tA an\u00e1lise de Meszaros prossegue, afinal,<em> \u201cn\u00e3o se pode imaginar um sistema de controle mais inexoravelmente absorvente \u2013 e, neste importante sentido, \u2018totalit\u00e1rio\u2019 \u2013 do que o sistema do capital globalmente dominante, que sujeita cegamente aos mesmos imperativos a quest\u00e3o da sa\u00fade e a do com\u00e9rcio, a educa\u00e7\u00e3o e a agricultura, a arte e a ind\u00fastria manufatureira, que implacavelmente sobrep\u00f5e a tudo seus pr\u00f3prios crit\u00e9rios de viabilidade, desde as menores unidades de seu \u2018microcosmo\u2019 at\u00e9 as mais gigantescas empresas transnacionais, desde as mais \u00edntimas rela\u00e7\u00f5es pessoais aos mais complexos processos de tomada de decis\u00e3o dos vastos monop\u00f3lios industriais, sempre a favor dos fortes e contra os fracos\u201d <\/em>(Para al\u00e9m do capital: rumo a uma teoria da transi\u00e7\u00e3o. S\u00e3o Paulo: Boitempo, 2002, p. 96).<br \/>\n\t&nbsp;<br \/>\n\tSomente com a devida caracteriza\u00e7\u00e3o do que representam as viola\u00e7\u00f5es aos direitos humanos, conseguiremos criar uma base sist\u00eamica para a supera\u00e7\u00e3o das mesmas. A crise do capital aprofunda e amplia o ataque a todos os direitos dos oprimidos, a luta contra o capital \u00e9 uma luta em defesa dos direitos humanos.<br \/>\n\t&nbsp;<br \/>\n\tLeia o relat\u00f3rio do HRW em: <a href=\"http:\/\/www.hrw.org\/sites\/default\/files\/wr2015_web.pdf\" target=\"_blank\" rel=\"noopener\">http:\/\/www.hrw.org\/sites\/default\/files\/wr2015_web.pdf<\/a>.<br \/>\n\t&nbsp;<\/span><\/span><\/p>\n","protected":false},"excerpt":{"rendered":"<p>A divulga\u00e7\u00e3o do relat\u00f3rio anual da organiza\u00e7\u00e3o Human Rights Watch (HRW) de 2015 traz novamente dados preocupantes, mas esperados, sobre a realidade de viola\u00e7\u00f5es contra os direitos humanos, praticamente banalizados no Brasil e em outras partes do mundo. &nbsp; A 25\u00aa edi\u00e7\u00e3o do extenso relat\u00f3rio, de 656 p\u00e1ginas, aponta um crescimento nos casos de tortura [&hellip;]<\/p>\n","protected":false},"author":2,"featured_media":0,"comment_status":"open","ping_status":"open","sticky":false,"template":"","format":"standard","meta":{"_acf_changed":false,"footnotes":""},"categories":[3,1104],"tags":[534,4771],"class_list":{"0":"post-9760","1":"post","2":"type-post","3":"status-publish","4":"format-standard","6":"category-artigos-e-entrevistas","7":"category-movimento","8":"tag-direitos-humanos","9":"tag-gilson-amaro"},"acf":[],"yoast_head":"<!-- This site is optimized with the Yoast SEO plugin v26.5 - https:\/\/yoast.com\/wordpress\/plugins\/seo\/ -->\n<title>Os Direitos Humanos e o Capital - PSOL 50<\/title>\n<meta name=\"robots\" content=\"index, follow, max-snippet:-1, max-image-preview:large, max-video-preview:-1\" \/>\n<link rel=\"canonical\" href=\"https:\/\/psol50.org.br\/os-direitos-humanos-e-o-capital\/\" \/>\n<meta property=\"og:locale\" content=\"pt_BR\" \/>\n<meta property=\"og:type\" content=\"article\" \/>\n<meta property=\"og:title\" content=\"Os Direitos Humanos e o Capital - PSOL 50\" \/>\n<meta property=\"og:description\" content=\"A divulga\u00e7\u00e3o do relat\u00f3rio anual da organiza\u00e7\u00e3o Human Rights Watch (HRW) de 2015 traz novamente dados preocupantes, mas esperados, sobre a realidade de viola\u00e7\u00f5es contra os direitos humanos, praticamente banalizados no Brasil e em outras partes do mundo. &nbsp; A 25\u00aa edi\u00e7\u00e3o do extenso relat\u00f3rio, de 656 p\u00e1ginas, aponta um crescimento nos casos de tortura [&hellip;]\" \/>\n<meta property=\"og:url\" content=\"https:\/\/psol50.org.br\/os-direitos-humanos-e-o-capital\/\" \/>\n<meta property=\"og:site_name\" content=\"PSOL 50\" \/>\n<meta property=\"article:publisher\" content=\"https:\/\/www.facebook.com\/psol50\" \/>\n<meta property=\"article:published_time\" content=\"2015-01-30T00:00:00+00:00\" \/>\n<meta property=\"og:image\" content=\"https:\/\/psol50.org.br\/inc\/uploads\/2018\/07\/capa.png\" \/>\n\t<meta property=\"og:image:width\" content=\"1350\" \/>\n\t<meta property=\"og:image:height\" content=\"900\" \/>\n\t<meta property=\"og:image:type\" content=\"image\/png\" \/>\n<meta name=\"author\" content=\"Comunica\u00e7\u00e3o PSOL\" \/>\n<meta name=\"twitter:card\" content=\"summary_large_image\" \/>\n<meta name=\"twitter:creator\" content=\"@psol50\" \/>\n<meta name=\"twitter:site\" content=\"@psol50\" \/>\n<meta name=\"twitter:label1\" content=\"Escrito por\" \/>\n\t<meta name=\"twitter:data1\" content=\"Comunica\u00e7\u00e3o PSOL\" \/>\n\t<meta name=\"twitter:label2\" content=\"Est. tempo de leitura\" \/>\n\t<meta name=\"twitter:data2\" content=\"4 minutos\" \/>\n<script type=\"application\/ld+json\" class=\"yoast-schema-graph\">{\"@context\":\"https:\/\/schema.org\",\"@graph\":[{\"@type\":\"Article\",\"@id\":\"https:\/\/psol50.org.br\/os-direitos-humanos-e-o-capital\/#article\",\"isPartOf\":{\"@id\":\"https:\/\/psol50.org.br\/os-direitos-humanos-e-o-capital\/\"},\"author\":{\"name\":\"Comunica\u00e7\u00e3o PSOL\",\"@id\":\"https:\/\/psol50.org.br\/#\/schema\/person\/475dfa57d0b815993c714c2e96491fcd\"},\"headline\":\"Os Direitos Humanos e o Capital\",\"datePublished\":\"2015-01-30T00:00:00+00:00\",\"mainEntityOfPage\":{\"@id\":\"https:\/\/psol50.org.br\/os-direitos-humanos-e-o-capital\/\"},\"wordCount\":888,\"commentCount\":0,\"publisher\":{\"@id\":\"https:\/\/psol50.org.br\/#organization\"},\"keywords\":[\"direitos humanos\",\"Gilson Amaro\"],\"articleSection\":[\"Artigos\",\"Movimento\"],\"inLanguage\":\"pt-BR\",\"potentialAction\":[{\"@type\":\"CommentAction\",\"name\":\"Comment\",\"target\":[\"https:\/\/psol50.org.br\/os-direitos-humanos-e-o-capital\/#respond\"]}]},{\"@type\":\"WebPage\",\"@id\":\"https:\/\/psol50.org.br\/os-direitos-humanos-e-o-capital\/\",\"url\":\"https:\/\/psol50.org.br\/os-direitos-humanos-e-o-capital\/\",\"name\":\"Os Direitos Humanos e o Capital - PSOL 50\",\"isPartOf\":{\"@id\":\"https:\/\/psol50.org.br\/#website\"},\"datePublished\":\"2015-01-30T00:00:00+00:00\",\"breadcrumb\":{\"@id\":\"https:\/\/psol50.org.br\/os-direitos-humanos-e-o-capital\/#breadcrumb\"},\"inLanguage\":\"pt-BR\",\"potentialAction\":[{\"@type\":\"ReadAction\",\"target\":[\"https:\/\/psol50.org.br\/os-direitos-humanos-e-o-capital\/\"]}]},{\"@type\":\"BreadcrumbList\",\"@id\":\"https:\/\/psol50.org.br\/os-direitos-humanos-e-o-capital\/#breadcrumb\",\"itemListElement\":[{\"@type\":\"ListItem\",\"position\":1,\"name\":\"In\u00edcio\",\"item\":\"https:\/\/psol50.org.br\/\"},{\"@type\":\"ListItem\",\"position\":2,\"name\":\"Os Direitos Humanos e o Capital\"}]},{\"@type\":\"WebSite\",\"@id\":\"https:\/\/psol50.org.br\/#website\",\"url\":\"https:\/\/psol50.org.br\/\",\"name\":\"PSOL 50\",\"description\":\"Site oficial do Partido Socialismo e Liberdade\",\"publisher\":{\"@id\":\"https:\/\/psol50.org.br\/#organization\"},\"alternateName\":\"PSOL50\",\"potentialAction\":[{\"@type\":\"SearchAction\",\"target\":{\"@type\":\"EntryPoint\",\"urlTemplate\":\"https:\/\/psol50.org.br\/?s={search_term_string}\"},\"query-input\":{\"@type\":\"PropertyValueSpecification\",\"valueRequired\":true,\"valueName\":\"search_term_string\"}}],\"inLanguage\":\"pt-BR\"},{\"@type\":\"Organization\",\"@id\":\"https:\/\/psol50.org.br\/#organization\",\"name\":\"PSOL 50\",\"alternateName\":\"PSOL 50\",\"url\":\"https:\/\/psol50.org.br\/\",\"logo\":{\"@type\":\"ImageObject\",\"inLanguage\":\"pt-BR\",\"@id\":\"https:\/\/psol50.org.br\/#\/schema\/logo\/image\/\",\"url\":\"https:\/\/psol50.org.br\/inc\/uploads\/2018\/07\/capa.png\",\"contentUrl\":\"https:\/\/psol50.org.br\/inc\/uploads\/2018\/07\/capa.png\",\"width\":1350,\"height\":900,\"caption\":\"PSOL 50\"},\"image\":{\"@id\":\"https:\/\/psol50.org.br\/#\/schema\/logo\/image\/\"},\"sameAs\":[\"https:\/\/www.facebook.com\/psol50\",\"https:\/\/x.com\/psol50\",\"https:\/\/www.instagram.com\/psol50\/\",\"https:\/\/www.youtube.com\/channel\/UC7SnJS5o1os7a6CaiNabzcg\"]},{\"@type\":\"Person\",\"@id\":\"https:\/\/psol50.org.br\/#\/schema\/person\/475dfa57d0b815993c714c2e96491fcd\",\"name\":\"Comunica\u00e7\u00e3o PSOL\",\"image\":{\"@type\":\"ImageObject\",\"inLanguage\":\"pt-BR\",\"@id\":\"https:\/\/psol50.org.br\/#\/schema\/person\/image\/\",\"url\":\"https:\/\/secure.gravatar.com\/avatar\/b34fc4f4e468a4e51785917065a3db57b841f5c95dba6ad8c73aaf8f66f8f9bf?s=96&d=mm&r=g\",\"contentUrl\":\"https:\/\/secure.gravatar.com\/avatar\/b34fc4f4e468a4e51785917065a3db57b841f5c95dba6ad8c73aaf8f66f8f9bf?s=96&d=mm&r=g\",\"caption\":\"Comunica\u00e7\u00e3o PSOL\"}}]}<\/script>\n<!-- \/ Yoast SEO plugin. -->","yoast_head_json":{"title":"Os Direitos Humanos e o Capital - PSOL 50","robots":{"index":"index","follow":"follow","max-snippet":"max-snippet:-1","max-image-preview":"max-image-preview:large","max-video-preview":"max-video-preview:-1"},"canonical":"https:\/\/psol50.org.br\/os-direitos-humanos-e-o-capital\/","og_locale":"pt_BR","og_type":"article","og_title":"Os Direitos Humanos e o Capital - PSOL 50","og_description":"A divulga\u00e7\u00e3o do relat\u00f3rio anual da organiza\u00e7\u00e3o Human Rights Watch (HRW) de 2015 traz novamente dados preocupantes, mas esperados, sobre a realidade de viola\u00e7\u00f5es contra os direitos humanos, praticamente banalizados no Brasil e em outras partes do mundo. &nbsp; A 25\u00aa edi\u00e7\u00e3o do extenso relat\u00f3rio, de 656 p\u00e1ginas, aponta um crescimento nos casos de tortura [&hellip;]","og_url":"https:\/\/psol50.org.br\/os-direitos-humanos-e-o-capital\/","og_site_name":"PSOL 50","article_publisher":"https:\/\/www.facebook.com\/psol50","article_published_time":"2015-01-30T00:00:00+00:00","og_image":[{"width":1350,"height":900,"url":"https:\/\/psol50.org.br\/inc\/uploads\/2018\/07\/capa.png","type":"image\/png"}],"author":"Comunica\u00e7\u00e3o PSOL","twitter_card":"summary_large_image","twitter_creator":"@psol50","twitter_site":"@psol50","twitter_misc":{"Escrito por":"Comunica\u00e7\u00e3o PSOL","Est. tempo de leitura":"4 minutos"},"schema":{"@context":"https:\/\/schema.org","@graph":[{"@type":"Article","@id":"https:\/\/psol50.org.br\/os-direitos-humanos-e-o-capital\/#article","isPartOf":{"@id":"https:\/\/psol50.org.br\/os-direitos-humanos-e-o-capital\/"},"author":{"name":"Comunica\u00e7\u00e3o PSOL","@id":"https:\/\/psol50.org.br\/#\/schema\/person\/475dfa57d0b815993c714c2e96491fcd"},"headline":"Os Direitos Humanos e o Capital","datePublished":"2015-01-30T00:00:00+00:00","mainEntityOfPage":{"@id":"https:\/\/psol50.org.br\/os-direitos-humanos-e-o-capital\/"},"wordCount":888,"commentCount":0,"publisher":{"@id":"https:\/\/psol50.org.br\/#organization"},"keywords":["direitos humanos","Gilson Amaro"],"articleSection":["Artigos","Movimento"],"inLanguage":"pt-BR","potentialAction":[{"@type":"CommentAction","name":"Comment","target":["https:\/\/psol50.org.br\/os-direitos-humanos-e-o-capital\/#respond"]}]},{"@type":"WebPage","@id":"https:\/\/psol50.org.br\/os-direitos-humanos-e-o-capital\/","url":"https:\/\/psol50.org.br\/os-direitos-humanos-e-o-capital\/","name":"Os Direitos Humanos e o Capital - PSOL 50","isPartOf":{"@id":"https:\/\/psol50.org.br\/#website"},"datePublished":"2015-01-30T00:00:00+00:00","breadcrumb":{"@id":"https:\/\/psol50.org.br\/os-direitos-humanos-e-o-capital\/#breadcrumb"},"inLanguage":"pt-BR","potentialAction":[{"@type":"ReadAction","target":["https:\/\/psol50.org.br\/os-direitos-humanos-e-o-capital\/"]}]},{"@type":"BreadcrumbList","@id":"https:\/\/psol50.org.br\/os-direitos-humanos-e-o-capital\/#breadcrumb","itemListElement":[{"@type":"ListItem","position":1,"name":"In\u00edcio","item":"https:\/\/psol50.org.br\/"},{"@type":"ListItem","position":2,"name":"Os Direitos Humanos e o Capital"}]},{"@type":"WebSite","@id":"https:\/\/psol50.org.br\/#website","url":"https:\/\/psol50.org.br\/","name":"PSOL 50","description":"Site oficial do Partido Socialismo e Liberdade","publisher":{"@id":"https:\/\/psol50.org.br\/#organization"},"alternateName":"PSOL50","potentialAction":[{"@type":"SearchAction","target":{"@type":"EntryPoint","urlTemplate":"https:\/\/psol50.org.br\/?s={search_term_string}"},"query-input":{"@type":"PropertyValueSpecification","valueRequired":true,"valueName":"search_term_string"}}],"inLanguage":"pt-BR"},{"@type":"Organization","@id":"https:\/\/psol50.org.br\/#organization","name":"PSOL 50","alternateName":"PSOL 50","url":"https:\/\/psol50.org.br\/","logo":{"@type":"ImageObject","inLanguage":"pt-BR","@id":"https:\/\/psol50.org.br\/#\/schema\/logo\/image\/","url":"https:\/\/psol50.org.br\/inc\/uploads\/2018\/07\/capa.png","contentUrl":"https:\/\/psol50.org.br\/inc\/uploads\/2018\/07\/capa.png","width":1350,"height":900,"caption":"PSOL 50"},"image":{"@id":"https:\/\/psol50.org.br\/#\/schema\/logo\/image\/"},"sameAs":["https:\/\/www.facebook.com\/psol50","https:\/\/x.com\/psol50","https:\/\/www.instagram.com\/psol50\/","https:\/\/www.youtube.com\/channel\/UC7SnJS5o1os7a6CaiNabzcg"]},{"@type":"Person","@id":"https:\/\/psol50.org.br\/#\/schema\/person\/475dfa57d0b815993c714c2e96491fcd","name":"Comunica\u00e7\u00e3o PSOL","image":{"@type":"ImageObject","inLanguage":"pt-BR","@id":"https:\/\/psol50.org.br\/#\/schema\/person\/image\/","url":"https:\/\/secure.gravatar.com\/avatar\/b34fc4f4e468a4e51785917065a3db57b841f5c95dba6ad8c73aaf8f66f8f9bf?s=96&d=mm&r=g","contentUrl":"https:\/\/secure.gravatar.com\/avatar\/b34fc4f4e468a4e51785917065a3db57b841f5c95dba6ad8c73aaf8f66f8f9bf?s=96&d=mm&r=g","caption":"Comunica\u00e7\u00e3o PSOL"}}]}},"_links":{"self":[{"href":"https:\/\/psol50.org.br\/rest\/wp\/v2\/posts\/9760","targetHints":{"allow":["GET"]}}],"collection":[{"href":"https:\/\/psol50.org.br\/rest\/wp\/v2\/posts"}],"about":[{"href":"https:\/\/psol50.org.br\/rest\/wp\/v2\/types\/post"}],"author":[{"embeddable":true,"href":"https:\/\/psol50.org.br\/rest\/wp\/v2\/users\/2"}],"replies":[{"embeddable":true,"href":"https:\/\/psol50.org.br\/rest\/wp\/v2\/comments?post=9760"}],"version-history":[{"count":0,"href":"https:\/\/psol50.org.br\/rest\/wp\/v2\/posts\/9760\/revisions"}],"wp:attachment":[{"href":"https:\/\/psol50.org.br\/rest\/wp\/v2\/media?parent=9760"}],"wp:term":[{"taxonomy":"category","embeddable":true,"href":"https:\/\/psol50.org.br\/rest\/wp\/v2\/categories?post=9760"},{"taxonomy":"post_tag","embeddable":true,"href":"https:\/\/psol50.org.br\/rest\/wp\/v2\/tags?post=9760"}],"curies":[{"name":"wp","href":"https:\/\/api.w.org\/{rel}","templated":true}]}}