{"id":9761,"date":"2015-02-05T00:00:00","date_gmt":"2015-02-05T00:00:00","guid":{"rendered":"http:\/\/psol50.org.br\/arquivo\/2015\/02\/05\/existe-alternativa-a-esse-modelo\/"},"modified":"2015-02-05T00:00:00","modified_gmt":"2015-02-05T00:00:00","slug":"existe-alternativa-a-esse-modelo","status":"publish","type":"post","link":"https:\/\/psol50.org.br\/existe-alternativa-a-esse-modelo\/","title":{"rendered":"Existe alternativa a esse modelo*"},"content":{"rendered":"<p style=\"text-align: justify;\">\n\t<span style=\"font-family:arial,helvetica,sans-serif;\"><span style=\"font-size:12px;\">Poucos meses ap\u00f3s uma vit\u00f3ria apertada, a Presidenta da Rep\u00fablica e o PT tomam decis\u00f5es que levam o pa\u00eds a uma encruzilhada. A nomea\u00e7\u00e3o de ministros da \u00e1rea econ\u00f4mica, tendo Joaquim Levy \u00e0 frente, com sua ortodoxia louvada pelos banqueiros e pela grande m\u00eddia; a indica\u00e7\u00e3o de K\u00e1tia Abreu na Agricultura, simbolizando a rendi\u00e7\u00e3o ao agroneg\u00f3cio e \u00e0 motosserra; e a composi\u00e7\u00e3o de um minist\u00e9rio montado em grande parte \u00e0 base da coopta\u00e7\u00e3o e do fisiologismo, para manter a maioria parlamentar e governabilidade, s\u00e3o sinaliza\u00e7\u00f5es de como o governo est\u00e1 acuado pela oposi\u00e7\u00e3o de direita, que saiu fortalecida das urnas. Encurralado pelo discurso conservador da m\u00eddia e pelas press\u00f5es do capital financeiro, a sensa\u00e7\u00e3o de estar no <em>corner<\/em> \u00e9 agravada pela corros\u00e3o de sua credibilidade pelo esc\u00e2ndalo de corrup\u00e7\u00e3o na Petrobras. Nestas condi\u00e7\u00f5es, a l\u00f3gica \u00e9 romper compromissos de campanha, gerando cobran\u00e7a de coer\u00eancia dos que a elegeram. Se for para diminuir press\u00e3o sobre o governo, ser\u00e1 cumprida a agenda da candidatura derrotada.<br \/>\n\t&nbsp;<br \/>\n\tAgora, com a piora das condi\u00e7\u00f5es econ\u00f4micas e numa correla\u00e7\u00e3o de for\u00e7as muito mais complicada, a desmobiliza\u00e7\u00e3o da for\u00e7a social de mudan\u00e7a, efetuada j\u00e1 no governo Lula, vai resultar num pre\u00e7o alto. A op\u00e7\u00e3o do lulopetismo foi apostar numa pol\u00edtica em que os ricos ganham muito e sempre, e os \u201cde baixo\u201d ganham, tamb\u00e9m, alguma coisa. Mas como todos ganham, ningu\u00e9m reclama. Por outro lado, garantia-se uma governabilidade sem participa\u00e7\u00e3o popular, lastreada num presidencialismo de coaliz\u00e3o marcado pelo fisiologismo e pela corrup\u00e7\u00e3o.<br \/>\n\t&nbsp;<br \/>\n\tCertamente esta f\u00f3rmula funcionou baseada em pressupostos e situa\u00e7\u00f5es conjunturais que n\u00e3o se repetem agora. Por isso, na pr\u00e1tica, est\u00e1 esgotada \u2013 algo que o governo e o petismo parecem n\u00e3o querer acreditar.<br \/>\n\t&nbsp;<br \/>\n\t<strong>Um ciclo que caminha para o esgotamento<\/strong><br \/>\n\tQuando o PT ganhou as elei\u00e7\u00f5es de 2002, j\u00e1 beijando a m\u00e3o do mercado financeiro, trocou o projeto de reformas profundas contidas no Programa Democr\u00e1tico e Popular pela \u201cCarta aos Brasileiros\u201d. Havia ainda, entretanto, muita representatividade e confian\u00e7a popular, \u201cgordura para queimar\u201d e segurar expectativas. Palloci na Fazenda e Levy no Tesouro puderam subir juros e seguir a cartilha exigida pelo FMI, dando continuidade \u00e0 pol\u00edtica de FHC.<br \/>\n\t&nbsp;<br \/>\n\tNum contexto bastante diverso, a mesma pol\u00edtica se mant\u00e9m hoje com Dilma, assumindo como sagrado o trip\u00e9 econ\u00f4mico super\u00e1vit prim\u00e1rio; regimes de metas da infla\u00e7\u00e3o, com a \u00fanica receita dos juros siderais e a consequente restri\u00e7\u00e3o de investimento produtivo, risco de recess\u00e3o e aumento do desemprego; e c\u00e2mbio flutuante, supervalorizado e em conson\u00e2ncia com os juros altos.<br \/>\n\t&nbsp;<br \/>\n\tCom a crise agu\u00e7ada, recome\u00e7a a grita pela redu\u00e7\u00e3o do \u201cCusto Brasil\u201d \u2013 leia-se flexibiliza\u00e7\u00e3o das leis trabalhistas e mais terceiriza\u00e7\u00f5es; maior abertura da economia, que resulta num processo continuado de desindustrializa\u00e7\u00e3o; mais desregulamenta\u00e7\u00e3o do fluxo de capitais; e maior depend\u00eancia de exporta\u00e7\u00e3o de bens prim\u00e1rios. Tudo concorrendo para o aumento da depend\u00eancia e maior vulnerabilidade da economia.<br \/>\n\t&nbsp;<br \/>\n\tO modelo que possibilitou a incorpora\u00e7\u00e3o de milh\u00f5es de brasileiros no mercado de consumo, mesmo adiando pol\u00edticas de redu\u00e7\u00e3o dr\u00e1stica das desigualdades, foi, no entanto, levado a cabo numa conjuntura de condi\u00e7\u00f5es internas e internacionais favor\u00e1veis que agora mostra certa fadiga.<br \/>\n\t&nbsp;<br \/>\n\tPrimeiro, porque a situa\u00e7\u00e3o da economia mundial, particularmente nos pa\u00edses adquirentes de bens prim\u00e1rios, sinaliza uma redu\u00e7\u00e3o do crescimento. Em segundo lugar, este modelo reprimarizador do pa\u00eds, adotado pelo agroneg\u00f3cio, extensivo e predador da natureza, vai mostrando seus efeitos perversos relacionados tamb\u00e9m \u00e0 atual crise h\u00eddrica e energ\u00e9tica. Terceiro, porque o pr\u00f3prio modelo de consumo gerou irracionalidades e limites, cujo exemplo simb\u00f3lico \u00e9 o incentivo ao transporte individual, que engorda o lucro de montadoras com milion\u00e1rias isen\u00e7\u00f5es fiscais em detrimento do transporte p\u00fablico de massas, tornando explosiva a quest\u00e3o da mobilidade urbana. Em quarto lugar, o maior aperto fiscal exigido pelo mercado e por setores conservadores, atendidos por Dilma apesar do estelionato eleitoral, vai se materializar na redu\u00e7\u00e3o do papel do Estado e corte nos gastos p\u00fablicos. Em nome do combate \u00e0 infla\u00e7\u00e3o, veremos arrocho de sal\u00e1rios, aumento do desemprego, menos investimentos no atendimento \u00e0 sa\u00fade, moradia, educa\u00e7\u00e3o, etc e redu\u00e7\u00e3o de direitos sociais, trabalhistas e previdenci\u00e1rios, como visto nas recentes maldades perpetuadas com o seguro desemprego, aux\u00edlio-doen\u00e7a e abono salarial.<br \/>\n\t&nbsp;<br \/>\n\tAl\u00e9m disso, a ascens\u00e3o de milh\u00f5es de brasileiros a outros patamares de renda estimulou o consumo privado, mas n\u00e3o foi acompanhada da conquista de direitos sociais. A melhoria da capacidade de consumo tendeu, muitas vezes, a reproduzir padr\u00f5es e valores de classe, inclusive \u00e9ticos e comportamentais, mais conservadores. Em vez de exigir educa\u00e7\u00e3o e sa\u00fade p\u00fablica de qualidade, busca-se muitas vezes, ilusoriamente, planos de sa\u00fade ou a escola privada como alternativa. As sa\u00eddas s\u00e3o individuais e n\u00e3o coletivas. O aumento do consumo levou, tamb\u00e9m, a novas demandas, exig\u00eancias e descontentamentos. E o petismo sabe que perdeu parcela consider\u00e1vel deste eleitorado que n\u00e3o deixa de ser popular.<br \/>\n\t&nbsp;<br \/>\n\t<strong>Existe uma onda conservadora?<\/strong><br \/>\n\tUm certo avan\u00e7o do pensamento conservador pode ser constatado em escala mundial. Na Am\u00e9rica Latina, prossegue o ataque do neoliberalismo e da grande m\u00eddia \u00e0s iniciativas dos pa\u00edses que optaram pelo enfrentamento ao imperialismo americano, como Venezuela, Equador e Bol\u00edvia. Na Europa, o crescimento de partidos xen\u00f3fobos, bastante agravado com os atentados na Fran\u00e7a, traz o centro do debate para a luta antiterrorista, com refor\u00e7o \u00e0 islamofobia, e acaba enevoando o debate sobre o papel do capital financeiro e o poder concentrado de megaempresas, inclusive sobre a soberania dos pa\u00edses.<br \/>\n\t&nbsp;<br \/>\n\t\u00c9 inspirador o que vem acontecendo em pa\u00edses como Gr\u00e9cia e Espanha, onde o cansa\u00e7o da austeridade fiscal e a fadiga de partidos que tradicionalmente hegemonizam os rumos pol\u00edticos t\u00eam levado ao aparecimento de novas propostas, com a viabilidade de chegar ao poder. \u00c9 o caso do Syriza na Gr\u00e9cia e do Podemos na Espanha, que mant\u00e9m amplos la\u00e7os com os movimentos sociais e combatem a pol\u00edtica da Troika (FMI, BCE,CE) de impor tenebrosos ajustes fiscais, com sacrif\u00edcios de milh\u00f5es. Estes partidos, que ponteiam as pesquisas e tem baixa rejei\u00e7\u00e3o, apavoram os mercados e se preparam para vencer e enfrentar a resist\u00eancia dos que capitaneiam a pol\u00edtica neoliberal na Europa. Tanto na Am\u00e9rica Latina como na Europa \u00e9 poss\u00edvel ver importantes espa\u00e7os pol\u00edticos que podem ser ocupados por projetos de esquerda.<br \/>\n\t&nbsp;<br \/>\n\tMas aqui no Brasil, por exemplo, o fato de o PT e aliados terem se deslocado para o centro e para a direita, frustrando expectativas de mudan\u00e7a e adotando aspectos cruciais da agenda de direita, levou o pr\u00f3prio PSDB para uma posi\u00e7\u00e3o ainda mais reacion\u00e1ria. J\u00e1 em 2013, as grandes manifesta\u00e7\u00f5es, que come\u00e7aram com uma marca de esquerda, contra o aumento das tarifas, e levaram ao desejo de ganhar as ruas contestando o poder constitu\u00eddo, tamb\u00e9m abarcaram ideologias de direita camufladas na luta contra a corrup\u00e7\u00e3o e antipartidos. Setores conservadores ganharam gosto pelas ruas e, ativos nas redes sociais, mais tarde canalizariam energias para a candidatura tucana \u00e0 Presid\u00eancia.<br \/>\n\t&nbsp;<br \/>\n\tH\u00e1 que se considerar, ainda, o crescimento do conservadorismo org\u00e2nico no Congresso Nacional. Bancadas tem\u00e1ticas, com pautas ultrarreacion\u00e1rias, se fortaleceram: a ruralista, a da bala, a do fundamentalismo religioso. Querem aprovar a qualquer custo emendas constitucionais ou projetos que representam brutais retrocessos. \u00c9 o caso da PEC 215, que acaba na pr\u00e1tica com as terras ind\u00edgenas; do PL que revoga o estatuto do desarmamento; do Estatuto da fam\u00edlia e do nascituro. Estas bancadas t\u00eam atua\u00e7\u00e3o articulada, sin\u00e9rgica e suprapartid\u00e1ria, e j\u00e1 tem candidato \u00e0 Presid\u00eancia da C\u00e2mara.<br \/>\n\t&nbsp;<br \/>\n\tMas seu reacionarismo, e de grande do parlamento, n\u00e3o se at\u00e9m apenas a essas tem\u00e1ticas. O predom\u00ednio do pensamento conservador est\u00e1 na aceita\u00e7\u00e3o da l\u00f3gica da ortodoxia econ\u00f4mica, da necessidade de corte de gastos p\u00fablicos para os que mais precisam, e na total concord\u00e2ncia em entregar a banqueiros e rentistas R$ 910 bilh\u00f5es do or\u00e7amento para pagar juros, amortiza\u00e7\u00f5es e rolagem da d\u00edvida p\u00fablica. N\u00e3o \u00e0 toa chegamos ao c\u00famulo de ter \u201cmovimentos\u201d apoiados pela oposi\u00e7\u00e3o de direita nas galerias exigindo o cumprimento da Lei de Responsabilidade Fiscal.<br \/>\n\t&nbsp;<br \/>\n\t<strong>A falsa polariza\u00e7\u00e3o<\/strong><br \/>\n\t\u00c9 preciso ressaltar, contudo, que h\u00e1 uma falsa polariza\u00e7\u00e3o partid\u00e1ria (PT x PSDB), que se materializou de forma exacerbada nas \u00faltimas elei\u00e7\u00f5es, como se, para al\u00e9m da disputa de poder, houvesse diferen\u00e7as estruturais de projetos, particularmente na macroeconomia. N\u00e3o h\u00e1. A governabilidade conservadora \u00e9 outro ponto de encontro desta polariza\u00e7\u00e3o, onde o s\u00edndico muito disputado \u00e9 o PMDB.<br \/>\n\t&nbsp;<br \/>\n\tMais duas quest\u00f5es merecem aten\u00e7\u00e3o na exacerba\u00e7\u00e3o da polariza\u00e7\u00e3o partid\u00e1ria. A primeira \u00e9 a signific\u00e2ncia que adquiriu o tema da corrup\u00e7\u00e3o na disputa pol\u00edtica, num processo que vem desde o esquema do mensal\u00e3o, agora potencializado pelo saque&nbsp; contra o patrim\u00f4nio da Petrobras. Um esc\u00e2ndalo de grandes propor\u00e7\u00f5es, que envolve praticamente todos os grandes partidos, mas encontra destaque no partido do governo e em sua base aliada, com maior for\u00e7a. A verdade \u00e9 que o PT deu asas e recebeu o carimbo do envolvimento com a corrup\u00e7\u00e3o, o que resultou numa rejei\u00e7\u00e3o de parcela significativa do eleitorado, se estendendo al\u00e9m das classes m\u00e9dias. Este desgaste de um partido e governo antes identificados como de esquerda deu musculatura ao conservadorismo, manifestado na agressividade ret\u00f3rica e no flerte da oposi\u00e7\u00e3o de direita at\u00e9 com setores golpistas.<br \/>\n\t&nbsp;<br \/>\n\tE aqui se coloca a segunda quest\u00e3o vital para nossa democracia: o papel pol\u00edtico da chamada grande m\u00eddia, suas pautas priorit\u00e1rias e seletivas. A super cobertura do tema da corrup\u00e7\u00e3o o traz para o centro da pol\u00edtica sem, evidentemente, colocar o dedo na ferida da corrup\u00e7\u00e3o: a privatiza\u00e7\u00e3o da pol\u00edtica atrav\u00e9s do financiamento privado das campanhas. Combate-se, na pr\u00e1tica, uma profunda Reforma Pol\u00edtica. O que se v\u00ea, ent\u00e3o, \u00e9 um governo encurralado, acovardado, atendendo \u00e0 agenda conservadora e fugindo da real democratiza\u00e7\u00e3o dos meios de comunica\u00e7\u00e3o.<br \/>\n\t&nbsp;<br \/>\n\t<strong>Por onde caminhar<\/strong><br \/>\n\t\u00c9 neste cen\u00e1rio de enfrentamento ao crescimento das ideias e a\u00e7\u00f5es conservadoras e, ao mesmo tempo, de v\u00e1cuo pol\u00edtico, que se dar\u00e1 a disputa. \u00c9 nesta conjuntura agu\u00e7ada por crises, mas com tend\u00eancia de acelera\u00e7\u00e3o das lutas sociais, onde se manifestam com for\u00e7a greves e protestos de rua, que socialistas, democratas e progressistas devem se mover e ocupar espa\u00e7os \u00e0 esquerda. Setores que tem compromisso com a mudan\u00e7a n\u00e3o podem deixar de apostar na mobiliza\u00e7\u00e3o popular contra a agenda conservadora, num movimento de baixo para cima, baseado numa plataforma m\u00ednima de mudan\u00e7as.<br \/>\n\t&nbsp;<br \/>\n\tEm rela\u00e7\u00e3o ao conjunto de reivindica\u00e7\u00f5es unit\u00e1rias, \u00e9 preciso destacar um n\u00facleo de quest\u00f5es urgentes e estrat\u00e9gicas e, ao mesmo tempo, capazes de galvanizar o interesse popular. Isto ser\u00e1 feito com rigor e unidade nos instrumentos coletivos de a\u00e7\u00e3o. Mas fazemos aqui algumas considera\u00e7\u00f5es vitais para o sucesso dessa empreitada.<br \/>\n\t&nbsp;<br \/>\n\tEm primeiro lugar, recolocar no centro da pol\u00edtica a quest\u00e3o macroecon\u00f4mica. Quebrar o consenso neoliberal. N\u00e3o aceitar que 40% da arrecada\u00e7\u00e3o de impostos se destinem a remunerar o capital financeiro. A quest\u00e3o da auditoria da d\u00edvida e sua renegocia\u00e7\u00e3o precisam ganhar as ruas e os cartazes, na contraface da exig\u00eancia de direitos sociais.<br \/>\n\t&nbsp;<br \/>\n\tOutra quest\u00e3o \u00e9 atacar a concentra\u00e7\u00e3o de renda, que resulta na espetacular desigualdade social do pa\u00eds. Para isto, deve ter prioridade uma profunda Reforma Tribut\u00e1ria, progressiva, taxando prioritariamente a propriedade e a riqueza, e n\u00e3o o consumo e a renda assalariada, como hoje. Aqui \u00e9 preciso destacar a simbologia da taxa\u00e7\u00e3o das grandes fortunas, por seu apelo e den\u00fancia de que o Brasil \u00e9 um dos pa\u00edses campe\u00f5es de concentra\u00e7\u00e3o de renda.<br \/>\n\t&nbsp;<br \/>\n\tTamb\u00e9m n\u00e3o haver\u00e1 democracia de verdade sem a quebra do monop\u00f3lio dos meios de comunica\u00e7\u00e3o, que produz o consenso dos \u201cde cima\u201d e pratica o pensamento \u00fanico. O movimento social precisa assumir claramente a bandeira da democratiza\u00e7\u00e3o da m\u00eddia. Duas exig\u00eancias devem ser o fim da propriedade cruzada dos meios de comunica\u00e7\u00e3o e o fim das outorgas de r\u00e1dio e TV para pol\u00edticos, como prev\u00ea o artigo 54 da Constitui\u00e7\u00e3o.<br \/>\n\t&nbsp;<br \/>\n\tFrente \u00e0 p\u00e9ssima qualidade dos servi\u00e7os p\u00fablicos e ao n\u00e3o atendimento de demandas b\u00e1sicas, tamb\u00e9m urge manifestar apoio ostensivo aos movimentos pelo direito constitucional \u00e0 locomo\u00e7\u00e3o (tarifa zero) e \u00e0 luta por moradia digna, n\u00e3o acoplada aos interesses de empreiteiras. Tampouco acreditamos em \u201cp\u00e1tria educadora\u201d com sal\u00e1rios indignos para o magist\u00e9rio e transfer\u00eancias brutais de recursos p\u00fablicos para os grandes neg\u00f3cios da educa\u00e7\u00e3o universit\u00e1ria. Nossa luta \u00e9 pela defesa de uma escola p\u00fablica, gratuita, de qualidade, universal e laica. O mesmo vale para a sa\u00fade p\u00fablica.<br \/>\n\t&nbsp;<br \/>\n\tO reacionarismo da proposta do agroneg\u00f3cio e seus aliados madeireiros e mineradoras impede a Reforma Agr\u00e1ria, aumenta a viol\u00eancia no campo e ataca os direitos ind\u00edgenas e quilombolas. A virul\u00eancia das propostas e a\u00e7\u00f5es da bancada ruralista tamb\u00e9m precisa ser denunciada. A Reforma Agr\u00e1ria caminha junto com a Reforma Urbana; a demarca\u00e7\u00e3o das terras ind\u00edgenas, junto com a defesa do meio ambiente. A derrubada da PEC 215 e a Reforma Agr\u00e1ria devem ser encampadas pelas mobiliza\u00e7\u00f5es.<br \/>\n\t&nbsp;<br \/>\n\tOutra quest\u00e3o que n\u00e3o pode faltar \u00e9 a defesa dos direitos humanos e a desmilitariza\u00e7\u00e3o das pol\u00edcias.<br \/>\n\t&nbsp;<br \/>\n\tPor fim, a bandeira da \u00e9tica na pol\u00edtica n\u00e3o pode ficar nas m\u00e3os da direita e \u00e0 merc\u00ea da manipula\u00e7\u00e3o da m\u00eddia. Os in\u00fameros casos de corrup\u00e7\u00e3o, do esc\u00e2ndalo da Petrobras ao trensal\u00e3o dos governos tucanos, devem ser apurados e punidos com rigor, com a responsabiliza\u00e7\u00e3o de corruptos e corruptores. Aqui \u00e9 preciso atacar a raiz da corrup\u00e7\u00e3o, item central da Reforma Pol\u00edtica, que s\u00f3 vir\u00e1 com press\u00e3o popular: o fim do financiamento privado de campanha. A centralidade desta quest\u00e3o exige inclusive coer\u00eancia dos lutadores pelo n\u00e3o recebimento de financiamento empresarial. Propomos que seja encampado imediatamente o #devolveGilmar, em refer\u00eancia \u00e0 ADI da OAB, que j\u00e1 tem maioria no STF e segue protelada por Gilmar Mendes.<br \/>\n\t&nbsp;<br \/>\n\tUma plataforma plaus\u00edvel e incidente, que consiga dar corpo a movimentos pol\u00edticos transformadores e \u00e0 urg\u00eancia da mobiliza\u00e7\u00e3o social, \u00e9 o que deve dar sentido \u00e0 constru\u00e7\u00e3o da unidade das for\u00e7as populares e lutadores sociais para forjar instrumentos coletivos. Uma frente de movimentos e organiza\u00e7\u00f5es pol\u00edticas deve cuidar de barrar o sectarismo e o isolacionismo de um lado, mas n\u00e3o dar tr\u00e9gua ou fazer concess\u00f5es \u00e0queles que, no governo e na oposi\u00e7\u00e3o de direita, trabalham para dar f\u00f4lego ao projeto neoliberal e \u00e0 governabilidade conservadora. S\u00f3 assim ser\u00e1 poss\u00edvel canalizar o descontentamento e a indigna\u00e7\u00e3o com a injusti\u00e7a e a desigualdade social e a desilus\u00e3o com a pol\u00edtica, impedindo um retrocesso ainda maior. O espa\u00e7o \u00e0 esquerda est\u00e1 colocado. \u00c9 preciso ter capacidade para ocup\u00e1-lo.<\/p>\n<p>\t*<em>Artigo publicado originalmente no jornal <a href=\"http:\/\/www.diplomatique.org.br\/\">Le Monde Diplomatique<\/a><\/em>.<\/span><\/span><\/p>\n<p>\t&nbsp;<\/p>\n<p>&nbsp;<\/p>\n","protected":false},"excerpt":{"rendered":"<p>Poucos meses ap\u00f3s uma vit\u00f3ria apertada, a Presidenta da Rep\u00fablica e o PT tomam decis\u00f5es que levam o pa\u00eds a uma encruzilhada. A nomea\u00e7\u00e3o de ministros da \u00e1rea econ\u00f4mica, tendo Joaquim Levy \u00e0 frente, com sua ortodoxia louvada pelos banqueiros e pela grande m\u00eddia; a indica\u00e7\u00e3o de K\u00e1tia Abreu na Agricultura, simbolizando a rendi\u00e7\u00e3o ao [&hellip;]<\/p>\n","protected":false},"author":2,"featured_media":0,"comment_status":"open","ping_status":"open","sticky":false,"template":"","format":"standard","meta":{"_acf_changed":false,"footnotes":""},"categories":[3],"tags":[],"class_list":{"0":"post-9761","1":"post","2":"type-post","3":"status-publish","4":"format-standard","6":"category-artigos-e-entrevistas"},"acf":[],"yoast_head":"<!-- This site is optimized with the Yoast SEO plugin v26.5 - https:\/\/yoast.com\/wordpress\/plugins\/seo\/ -->\n<title>Existe alternativa a esse modelo* - PSOL 50<\/title>\n<meta name=\"robots\" content=\"index, follow, max-snippet:-1, max-image-preview:large, max-video-preview:-1\" \/>\n<link rel=\"canonical\" href=\"https:\/\/psol50.org.br\/existe-alternativa-a-esse-modelo\/\" \/>\n<meta property=\"og:locale\" content=\"pt_BR\" \/>\n<meta property=\"og:type\" content=\"article\" \/>\n<meta property=\"og:title\" content=\"Existe alternativa a esse modelo* - PSOL 50\" \/>\n<meta property=\"og:description\" content=\"Poucos meses ap\u00f3s uma vit\u00f3ria apertada, a Presidenta da Rep\u00fablica e o PT tomam decis\u00f5es que levam o pa\u00eds a uma encruzilhada. A nomea\u00e7\u00e3o de ministros da \u00e1rea econ\u00f4mica, tendo Joaquim Levy \u00e0 frente, com sua ortodoxia louvada pelos banqueiros e pela grande m\u00eddia; a indica\u00e7\u00e3o de K\u00e1tia Abreu na Agricultura, simbolizando a rendi\u00e7\u00e3o ao [&hellip;]\" \/>\n<meta property=\"og:url\" content=\"https:\/\/psol50.org.br\/existe-alternativa-a-esse-modelo\/\" \/>\n<meta property=\"og:site_name\" content=\"PSOL 50\" \/>\n<meta property=\"article:publisher\" content=\"https:\/\/www.facebook.com\/psol50\" \/>\n<meta property=\"article:published_time\" content=\"2015-02-05T00:00:00+00:00\" \/>\n<meta property=\"og:image\" content=\"https:\/\/psol50.org.br\/inc\/uploads\/2018\/07\/capa.png\" \/>\n\t<meta property=\"og:image:width\" content=\"1350\" \/>\n\t<meta property=\"og:image:height\" content=\"900\" \/>\n\t<meta property=\"og:image:type\" content=\"image\/png\" \/>\n<meta name=\"author\" content=\"Comunica\u00e7\u00e3o PSOL\" \/>\n<meta name=\"twitter:card\" content=\"summary_large_image\" \/>\n<meta name=\"twitter:creator\" content=\"@psol50\" \/>\n<meta name=\"twitter:site\" content=\"@psol50\" \/>\n<meta name=\"twitter:label1\" content=\"Escrito por\" \/>\n\t<meta name=\"twitter:data1\" content=\"Comunica\u00e7\u00e3o PSOL\" \/>\n\t<meta name=\"twitter:label2\" content=\"Est. tempo de leitura\" \/>\n\t<meta name=\"twitter:data2\" content=\"13 minutos\" \/>\n<script type=\"application\/ld+json\" class=\"yoast-schema-graph\">{\"@context\":\"https:\/\/schema.org\",\"@graph\":[{\"@type\":\"Article\",\"@id\":\"https:\/\/psol50.org.br\/existe-alternativa-a-esse-modelo\/#article\",\"isPartOf\":{\"@id\":\"https:\/\/psol50.org.br\/existe-alternativa-a-esse-modelo\/\"},\"author\":{\"name\":\"Comunica\u00e7\u00e3o PSOL\",\"@id\":\"https:\/\/psol50.org.br\/#\/schema\/person\/475dfa57d0b815993c714c2e96491fcd\"},\"headline\":\"Existe alternativa a esse modelo*\",\"datePublished\":\"2015-02-05T00:00:00+00:00\",\"mainEntityOfPage\":{\"@id\":\"https:\/\/psol50.org.br\/existe-alternativa-a-esse-modelo\/\"},\"wordCount\":2679,\"commentCount\":0,\"publisher\":{\"@id\":\"https:\/\/psol50.org.br\/#organization\"},\"articleSection\":[\"Artigos\"],\"inLanguage\":\"pt-BR\",\"potentialAction\":[{\"@type\":\"CommentAction\",\"name\":\"Comment\",\"target\":[\"https:\/\/psol50.org.br\/existe-alternativa-a-esse-modelo\/#respond\"]}]},{\"@type\":\"WebPage\",\"@id\":\"https:\/\/psol50.org.br\/existe-alternativa-a-esse-modelo\/\",\"url\":\"https:\/\/psol50.org.br\/existe-alternativa-a-esse-modelo\/\",\"name\":\"Existe alternativa a esse modelo* - PSOL 50\",\"isPartOf\":{\"@id\":\"https:\/\/psol50.org.br\/#website\"},\"datePublished\":\"2015-02-05T00:00:00+00:00\",\"breadcrumb\":{\"@id\":\"https:\/\/psol50.org.br\/existe-alternativa-a-esse-modelo\/#breadcrumb\"},\"inLanguage\":\"pt-BR\",\"potentialAction\":[{\"@type\":\"ReadAction\",\"target\":[\"https:\/\/psol50.org.br\/existe-alternativa-a-esse-modelo\/\"]}]},{\"@type\":\"BreadcrumbList\",\"@id\":\"https:\/\/psol50.org.br\/existe-alternativa-a-esse-modelo\/#breadcrumb\",\"itemListElement\":[{\"@type\":\"ListItem\",\"position\":1,\"name\":\"In\u00edcio\",\"item\":\"https:\/\/psol50.org.br\/\"},{\"@type\":\"ListItem\",\"position\":2,\"name\":\"Existe alternativa a esse modelo*\"}]},{\"@type\":\"WebSite\",\"@id\":\"https:\/\/psol50.org.br\/#website\",\"url\":\"https:\/\/psol50.org.br\/\",\"name\":\"PSOL 50\",\"description\":\"Site oficial do Partido Socialismo e Liberdade\",\"publisher\":{\"@id\":\"https:\/\/psol50.org.br\/#organization\"},\"alternateName\":\"PSOL50\",\"potentialAction\":[{\"@type\":\"SearchAction\",\"target\":{\"@type\":\"EntryPoint\",\"urlTemplate\":\"https:\/\/psol50.org.br\/?s={search_term_string}\"},\"query-input\":{\"@type\":\"PropertyValueSpecification\",\"valueRequired\":true,\"valueName\":\"search_term_string\"}}],\"inLanguage\":\"pt-BR\"},{\"@type\":\"Organization\",\"@id\":\"https:\/\/psol50.org.br\/#organization\",\"name\":\"PSOL 50\",\"alternateName\":\"PSOL 50\",\"url\":\"https:\/\/psol50.org.br\/\",\"logo\":{\"@type\":\"ImageObject\",\"inLanguage\":\"pt-BR\",\"@id\":\"https:\/\/psol50.org.br\/#\/schema\/logo\/image\/\",\"url\":\"https:\/\/psol50.org.br\/inc\/uploads\/2018\/07\/capa.png\",\"contentUrl\":\"https:\/\/psol50.org.br\/inc\/uploads\/2018\/07\/capa.png\",\"width\":1350,\"height\":900,\"caption\":\"PSOL 50\"},\"image\":{\"@id\":\"https:\/\/psol50.org.br\/#\/schema\/logo\/image\/\"},\"sameAs\":[\"https:\/\/www.facebook.com\/psol50\",\"https:\/\/x.com\/psol50\",\"https:\/\/www.instagram.com\/psol50\/\",\"https:\/\/www.youtube.com\/channel\/UC7SnJS5o1os7a6CaiNabzcg\"]},{\"@type\":\"Person\",\"@id\":\"https:\/\/psol50.org.br\/#\/schema\/person\/475dfa57d0b815993c714c2e96491fcd\",\"name\":\"Comunica\u00e7\u00e3o PSOL\",\"image\":{\"@type\":\"ImageObject\",\"inLanguage\":\"pt-BR\",\"@id\":\"https:\/\/psol50.org.br\/#\/schema\/person\/image\/\",\"url\":\"https:\/\/secure.gravatar.com\/avatar\/b34fc4f4e468a4e51785917065a3db57b841f5c95dba6ad8c73aaf8f66f8f9bf?s=96&d=mm&r=g\",\"contentUrl\":\"https:\/\/secure.gravatar.com\/avatar\/b34fc4f4e468a4e51785917065a3db57b841f5c95dba6ad8c73aaf8f66f8f9bf?s=96&d=mm&r=g\",\"caption\":\"Comunica\u00e7\u00e3o PSOL\"}}]}<\/script>\n<!-- \/ Yoast SEO plugin. -->","yoast_head_json":{"title":"Existe alternativa a esse modelo* - PSOL 50","robots":{"index":"index","follow":"follow","max-snippet":"max-snippet:-1","max-image-preview":"max-image-preview:large","max-video-preview":"max-video-preview:-1"},"canonical":"https:\/\/psol50.org.br\/existe-alternativa-a-esse-modelo\/","og_locale":"pt_BR","og_type":"article","og_title":"Existe alternativa a esse modelo* - PSOL 50","og_description":"Poucos meses ap\u00f3s uma vit\u00f3ria apertada, a Presidenta da Rep\u00fablica e o PT tomam decis\u00f5es que levam o pa\u00eds a uma encruzilhada. A nomea\u00e7\u00e3o de ministros da \u00e1rea econ\u00f4mica, tendo Joaquim Levy \u00e0 frente, com sua ortodoxia louvada pelos banqueiros e pela grande m\u00eddia; a indica\u00e7\u00e3o de K\u00e1tia Abreu na Agricultura, simbolizando a rendi\u00e7\u00e3o ao [&hellip;]","og_url":"https:\/\/psol50.org.br\/existe-alternativa-a-esse-modelo\/","og_site_name":"PSOL 50","article_publisher":"https:\/\/www.facebook.com\/psol50","article_published_time":"2015-02-05T00:00:00+00:00","og_image":[{"width":1350,"height":900,"url":"https:\/\/psol50.org.br\/inc\/uploads\/2018\/07\/capa.png","type":"image\/png"}],"author":"Comunica\u00e7\u00e3o PSOL","twitter_card":"summary_large_image","twitter_creator":"@psol50","twitter_site":"@psol50","twitter_misc":{"Escrito por":"Comunica\u00e7\u00e3o PSOL","Est. tempo de leitura":"13 minutos"},"schema":{"@context":"https:\/\/schema.org","@graph":[{"@type":"Article","@id":"https:\/\/psol50.org.br\/existe-alternativa-a-esse-modelo\/#article","isPartOf":{"@id":"https:\/\/psol50.org.br\/existe-alternativa-a-esse-modelo\/"},"author":{"name":"Comunica\u00e7\u00e3o PSOL","@id":"https:\/\/psol50.org.br\/#\/schema\/person\/475dfa57d0b815993c714c2e96491fcd"},"headline":"Existe alternativa a esse modelo*","datePublished":"2015-02-05T00:00:00+00:00","mainEntityOfPage":{"@id":"https:\/\/psol50.org.br\/existe-alternativa-a-esse-modelo\/"},"wordCount":2679,"commentCount":0,"publisher":{"@id":"https:\/\/psol50.org.br\/#organization"},"articleSection":["Artigos"],"inLanguage":"pt-BR","potentialAction":[{"@type":"CommentAction","name":"Comment","target":["https:\/\/psol50.org.br\/existe-alternativa-a-esse-modelo\/#respond"]}]},{"@type":"WebPage","@id":"https:\/\/psol50.org.br\/existe-alternativa-a-esse-modelo\/","url":"https:\/\/psol50.org.br\/existe-alternativa-a-esse-modelo\/","name":"Existe alternativa a esse modelo* - PSOL 50","isPartOf":{"@id":"https:\/\/psol50.org.br\/#website"},"datePublished":"2015-02-05T00:00:00+00:00","breadcrumb":{"@id":"https:\/\/psol50.org.br\/existe-alternativa-a-esse-modelo\/#breadcrumb"},"inLanguage":"pt-BR","potentialAction":[{"@type":"ReadAction","target":["https:\/\/psol50.org.br\/existe-alternativa-a-esse-modelo\/"]}]},{"@type":"BreadcrumbList","@id":"https:\/\/psol50.org.br\/existe-alternativa-a-esse-modelo\/#breadcrumb","itemListElement":[{"@type":"ListItem","position":1,"name":"In\u00edcio","item":"https:\/\/psol50.org.br\/"},{"@type":"ListItem","position":2,"name":"Existe alternativa a esse modelo*"}]},{"@type":"WebSite","@id":"https:\/\/psol50.org.br\/#website","url":"https:\/\/psol50.org.br\/","name":"PSOL 50","description":"Site oficial do Partido Socialismo e Liberdade","publisher":{"@id":"https:\/\/psol50.org.br\/#organization"},"alternateName":"PSOL50","potentialAction":[{"@type":"SearchAction","target":{"@type":"EntryPoint","urlTemplate":"https:\/\/psol50.org.br\/?s={search_term_string}"},"query-input":{"@type":"PropertyValueSpecification","valueRequired":true,"valueName":"search_term_string"}}],"inLanguage":"pt-BR"},{"@type":"Organization","@id":"https:\/\/psol50.org.br\/#organization","name":"PSOL 50","alternateName":"PSOL 50","url":"https:\/\/psol50.org.br\/","logo":{"@type":"ImageObject","inLanguage":"pt-BR","@id":"https:\/\/psol50.org.br\/#\/schema\/logo\/image\/","url":"https:\/\/psol50.org.br\/inc\/uploads\/2018\/07\/capa.png","contentUrl":"https:\/\/psol50.org.br\/inc\/uploads\/2018\/07\/capa.png","width":1350,"height":900,"caption":"PSOL 50"},"image":{"@id":"https:\/\/psol50.org.br\/#\/schema\/logo\/image\/"},"sameAs":["https:\/\/www.facebook.com\/psol50","https:\/\/x.com\/psol50","https:\/\/www.instagram.com\/psol50\/","https:\/\/www.youtube.com\/channel\/UC7SnJS5o1os7a6CaiNabzcg"]},{"@type":"Person","@id":"https:\/\/psol50.org.br\/#\/schema\/person\/475dfa57d0b815993c714c2e96491fcd","name":"Comunica\u00e7\u00e3o PSOL","image":{"@type":"ImageObject","inLanguage":"pt-BR","@id":"https:\/\/psol50.org.br\/#\/schema\/person\/image\/","url":"https:\/\/secure.gravatar.com\/avatar\/b34fc4f4e468a4e51785917065a3db57b841f5c95dba6ad8c73aaf8f66f8f9bf?s=96&d=mm&r=g","contentUrl":"https:\/\/secure.gravatar.com\/avatar\/b34fc4f4e468a4e51785917065a3db57b841f5c95dba6ad8c73aaf8f66f8f9bf?s=96&d=mm&r=g","caption":"Comunica\u00e7\u00e3o PSOL"}}]}},"_links":{"self":[{"href":"https:\/\/psol50.org.br\/rest\/wp\/v2\/posts\/9761","targetHints":{"allow":["GET"]}}],"collection":[{"href":"https:\/\/psol50.org.br\/rest\/wp\/v2\/posts"}],"about":[{"href":"https:\/\/psol50.org.br\/rest\/wp\/v2\/types\/post"}],"author":[{"embeddable":true,"href":"https:\/\/psol50.org.br\/rest\/wp\/v2\/users\/2"}],"replies":[{"embeddable":true,"href":"https:\/\/psol50.org.br\/rest\/wp\/v2\/comments?post=9761"}],"version-history":[{"count":0,"href":"https:\/\/psol50.org.br\/rest\/wp\/v2\/posts\/9761\/revisions"}],"wp:attachment":[{"href":"https:\/\/psol50.org.br\/rest\/wp\/v2\/media?parent=9761"}],"wp:term":[{"taxonomy":"category","embeddable":true,"href":"https:\/\/psol50.org.br\/rest\/wp\/v2\/categories?post=9761"},{"taxonomy":"post_tag","embeddable":true,"href":"https:\/\/psol50.org.br\/rest\/wp\/v2\/tags?post=9761"}],"curies":[{"name":"wp","href":"https:\/\/api.w.org\/{rel}","templated":true}]}}