{"id":9769,"date":"2015-03-09T00:00:00","date_gmt":"2015-03-09T00:00:00","guid":{"rendered":"http:\/\/psol50.org.br\/arquivo\/2015\/03\/09\/pedir-paciencia-e-muito-pouco\/"},"modified":"2015-03-09T00:00:00","modified_gmt":"2015-03-09T00:00:00","slug":"pedir-paciencia-e-muito-pouco","status":"publish","type":"post","link":"https:\/\/psol50.org.br\/pedir-paciencia-e-muito-pouco\/","title":{"rendered":"Pedir paci\u00eancia \u00e9 muito pouco"},"content":{"rendered":"<div style=\"text-align: justify;\">\n\tConfesso que n\u00e3o assisti o pronunciamento da presidenta Dilma (estava preparando minhas aulas da UnB), mas ouvi o panela\u00e7o feito pela classe m\u00e9dia do meu bairro. Li atentamente o pronunciamento e apresento algumas reflex\u00f5es.<br \/>\n\t&nbsp;<br \/>\n\tO pronunciamento foi uma tentativa de sair do \u201c<em>corner pol\u00edtico<\/em>\u201d em que o governo se encontra. Foi constru\u00eddo para dialogar com os segmentos sociais que continuam aprovando o governo e evitar uma perda ainda maior de densidade. O alvo n\u00e3o foi a classe m\u00e9dia revoltada e que votou no A\u00e9cio, mas certamente foram os setores mais pobres.<br \/>\n\t&nbsp;<br \/>\n\tA presidenta, entretanto, perdeu uma bela oportunidade de anunciar mudan\u00e7as de rumo em seu segundo mandato, que breve em termos de dias, parece um governo bastante envelhecido e sem rumo. O eixo foi a explica\u00e7\u00e3o do inexplic\u00e1vel, ou seja, justificar que defendeu um rumo no segundo turno da campanha e est\u00e1 fazendo outra coisa ap\u00f3s a vit\u00f3ria apertada que teve.<br \/>\n\t&nbsp;<br \/>\n\tEm primeiro lugar, n\u00e3o \u00e9 verdade que n\u00e3o era poss\u00edvel prever que a crise iria durar tanto tempo. A presidenta disse que \u201cn\u00e3o havia como prever que a crise internacional duraria tanto\u201d. N\u00e3o \u00e9 verdade e o governo disse v\u00e1rias vezes que hav\u00edamos passado inc\u00f3lumes pela crise mundial, fato vendido como grande m\u00e9rito do segundo mandato de Lula e primeiro de Dilma. \u00c9 verdade que temos algo sazonal (crise clim\u00e1tica), mas essa tamb\u00e9m poderia ter sido evitada ou pelo menos minimizada nos seus efeitos. E mesmo admitindo a gravidade da crise, a presidenta continuou querendo enrolar o povo, dizendo que \u201cpassamos por problemas conjunturais, mas nossos fundamentos continuam s\u00f3lidos\u201d.<br \/>\n\t&nbsp;<br \/>\n\tEm segundo lugar, n\u00e3o \u00e9 verdade que os efeitos da crise est\u00e3o sendo divididos igualitariamente, quando fala de \u201csacrif\u00edcios tempor\u00e1rios para todos\u201d. Os ajustes fiscais atingem de forma mais violenta os mais pobres, justamente os que n\u00e3o possuem meios para proteger seus recursos dos ataques governamentais. Os grandes empres\u00e1rios sempre conseguem se defender, mas aqueles que vivem do trabalho possuem poucos meios para isso. E existem setores diretamente beneficiados pelo ajuste, basta ver a situa\u00e7\u00e3o dos bancos e dos credores de nossa d\u00edvida p\u00fablica.<br \/>\n\t&nbsp;<br \/>\n\tEm terceiro lugar, Dilma afirmou que \u201cnosso povo est\u00e1 protegido naquilo que \u00e9 mais importante: sua capacidade de produzir, ganhar sua renda e de proteger sua fam\u00edlia\u201d. \u00c9 \u00f3bvio que isso tamb\u00e9m n\u00e3o \u00e9 verdade. O aumento das tarifas p\u00fablicas e dos servi\u00e7os impacta os pre\u00e7os dos produtos e aumenta os gastos mensais das fam\u00edlias brasileiras. A paralisia na economia torna mais dif\u00edcil a corre\u00e7\u00e3o dos sal\u00e1rios dos trabalhadores e os cortes or\u00e7ament\u00e1rios afetam a expans\u00e3o e a qualidade dos servi\u00e7os p\u00fablicos. Soa falso afirmar que fazendo os pacotes de austeridade o governo est\u00e1 \u201cprotegendo de forma especial as classes trabalhadoras, as classes m\u00e9dias e os setores mais vulner\u00e1veis\u201d.<br \/>\n\t&nbsp;<br \/>\n\tEm quarto lugar, em um dos pontos mais sens\u00edveis das cr\u00edticas ao seu governo, que \u00e9 o esc\u00e2ndalo da Petrobr\u00e1s, a presidenta foi gen\u00e9rica, como se nada tivesse a ver com a forma de se governar, com as alian\u00e7as, com o acobertamento do toma-l\u00e1-d\u00e1-c\u00e1 vigente na pol\u00edtica brasileira. Verdade que a corrup\u00e7\u00e3o n\u00e3o come\u00e7ou com o PT (n\u00e3o podemos ser injustos com os governos anteriores, inclusive dos \u201c\u00e9ticos\u201d tucanos), mas se esperava que a \u201cfaxina\u201d anunciada no in\u00edcio do seu primeiro mandato tivesse surtido algum efeito. Apenas disse que est\u00e1 sendo aplicada \u201cduramente a m\u00e3o da justi\u00e7a contra os corruptos\u201d. Mas quem s\u00e3o os corruptos? O que o governo (que est\u00e1 h\u00e1 doze anos no poder) fez para desmontar os esquemas? E, sabendo dos mesmos, que provid\u00eancias estruturais decidiu tomar?<br \/>\n\t&nbsp;<br \/>\n\tE, n\u00e3o menos importante do que os itens acima comentados, a presidenta, numa atitude claramente defensiva, reconheceu que o povo \u201ctem todo direito de se irritar e de se preocupar\u201d, mas pediu \u201cpaci\u00eancia e compreens\u00e3o porque esta situa\u00e7\u00e3o \u00e9 passageira\u201d. E foi al\u00e9m, pediu para o povo brasileiro que confie \u201cna condu\u00e7\u00e3o deste processo pelo governo e pelo Congresso\u201d.<br \/>\n\t&nbsp;<br \/>\n\tExiste um clima de insatisfa\u00e7\u00e3o contra o governo. De um lado, temos o rescaldo da polariza\u00e7\u00e3o eleitoral, de um voto anti-petista de classe m\u00e9dia, o que poderia apenas em parte o panela\u00e7o que ocorreu durante o pronunciamento presidencial. Por\u00e9m, seria absurdo achar que os \u201cirritados e preocupados\u201d se resumem aos que ficaram frustrados com o resultado da elei\u00e7\u00e3o. As medidas econ\u00f4micas do governo, todas tomadas ap\u00f3s as elei\u00e7\u00f5es e contradit\u00f3rias com o discurso eleitoral, afetam diretamente a vida das pessoas.<br \/>\n\t&nbsp;<br \/>\n\tPor que o povo brasileiro deveria ter \u201cpaci\u00eancia e compreens\u00e3o\u201d? Nada indica que a situa\u00e7\u00e3o seja passageira, nada indica que o governo desta vez esteja falando a verdade, nada indica que os sal\u00e1rios ser\u00e3o protegidos, nada indica que a corrup\u00e7\u00e3o ser\u00e1 combatida e expurgada do <em>modus operandi<\/em> governamental. E pedir para confiar na condu\u00e7\u00e3o do governo \u00e9 algo temer\u00e1rio, sem falar de que confiar no Congresso, dias ap\u00f3s a divulga\u00e7\u00e3o da pequena lista de parlamentares envolvidos no esc\u00e2ndalo da Petrobras, foi uma p\u00e9ssima ideia.<br \/>\n\t&nbsp;<br \/>\n\t\u00c9 claro que diante de um sentimento conservador, somados a um governo perdido e fazendo maldades, a direita tenha muita capacidade de capitalizar a insatisfa\u00e7\u00e3o. O panela\u00e7o restrito aos bairros de classe m\u00e9dia indica que o governo ainda tem apoio de parcela da popula\u00e7\u00e3o. Por\u00e9m, o que esta parcela recebeu da presidenta para que continuasse a apoi\u00e1-la? Um pedido de paci\u00eancia, uma promessa de que a crise \u00e9 passageira e uma afirma\u00e7\u00e3o mentirosa de que seu bolso ser\u00e1 protegido. \u00c9 pouco para sair do \u201c<em>corner<\/em>\u201d, \u00e9 pouco para evitar o crescimento da direita.<br \/>\n\t&nbsp;<br \/>\n\tMudan\u00e7as de rumo \u00e0 esquerda s\u00e3o necess\u00e1rias, mas ficou evidente de que somente uma forte e vigorosa press\u00e3o social pode derrotar o pacote de maldades e exigir novo caminho do governo. Convocar ato em favor do governo \u00e9 o pior servi\u00e7o que os movimentos sociais podem fazer para que a direita n\u00e3o tome a dianteira e exija o impeachment da presidenta. Tais atos somente teriam credibilidade se o governo estivesse claramente fazendo uma op\u00e7\u00e3o por proteger os mais desfavorecidos no combate \u00e0 crise, o que n\u00e3o \u00e9 o caso. Os grandes est\u00e3o protegidos, mas querem mais, querem um governo fraco e dependente de seus interesses, cada vez mais.<\/div>\n<p>&nbsp;<\/p>\n","protected":false},"excerpt":{"rendered":"<p>Confesso que n\u00e3o assisti o pronunciamento da presidenta Dilma (estava preparando minhas aulas da UnB), mas ouvi o panela\u00e7o feito pela classe m\u00e9dia do meu bairro. Li atentamente o pronunciamento e apresento algumas reflex\u00f5es. &nbsp; O pronunciamento foi uma tentativa de sair do \u201ccorner pol\u00edtico\u201d em que o governo se encontra. Foi constru\u00eddo para dialogar [&hellip;]<\/p>\n","protected":false},"author":2,"featured_media":0,"comment_status":"open","ping_status":"open","sticky":false,"template":"","format":"standard","meta":{"_acf_changed":false,"footnotes":""},"categories":[3],"tags":[],"class_list":{"0":"post-9769","1":"post","2":"type-post","3":"status-publish","4":"format-standard","6":"category-artigos-e-entrevistas"},"acf":[],"yoast_head":"<!-- This site is optimized with the Yoast SEO plugin v26.5 - https:\/\/yoast.com\/wordpress\/plugins\/seo\/ -->\n<title>Pedir paci\u00eancia \u00e9 muito pouco - PSOL 50<\/title>\n<meta name=\"robots\" content=\"index, follow, max-snippet:-1, max-image-preview:large, max-video-preview:-1\" \/>\n<link rel=\"canonical\" href=\"https:\/\/psol50.org.br\/pedir-paciencia-e-muito-pouco\/\" \/>\n<meta property=\"og:locale\" content=\"pt_BR\" \/>\n<meta property=\"og:type\" content=\"article\" \/>\n<meta property=\"og:title\" content=\"Pedir paci\u00eancia \u00e9 muito pouco - PSOL 50\" \/>\n<meta property=\"og:description\" content=\"Confesso que n\u00e3o assisti o pronunciamento da presidenta Dilma (estava preparando minhas aulas da UnB), mas ouvi o panela\u00e7o feito pela classe m\u00e9dia do meu bairro. Li atentamente o pronunciamento e apresento algumas reflex\u00f5es. &nbsp; O pronunciamento foi uma tentativa de sair do \u201ccorner pol\u00edtico\u201d em que o governo se encontra. Foi constru\u00eddo para dialogar [&hellip;]\" \/>\n<meta property=\"og:url\" content=\"https:\/\/psol50.org.br\/pedir-paciencia-e-muito-pouco\/\" \/>\n<meta property=\"og:site_name\" content=\"PSOL 50\" \/>\n<meta property=\"article:publisher\" content=\"https:\/\/www.facebook.com\/psol50\" \/>\n<meta property=\"article:published_time\" content=\"2015-03-09T00:00:00+00:00\" \/>\n<meta property=\"og:image\" content=\"https:\/\/psol50.org.br\/inc\/uploads\/2018\/07\/capa.png\" \/>\n\t<meta property=\"og:image:width\" content=\"1350\" \/>\n\t<meta property=\"og:image:height\" content=\"900\" \/>\n\t<meta property=\"og:image:type\" content=\"image\/png\" \/>\n<meta name=\"author\" content=\"Comunica\u00e7\u00e3o PSOL\" \/>\n<meta name=\"twitter:card\" content=\"summary_large_image\" \/>\n<meta name=\"twitter:creator\" content=\"@psol50\" \/>\n<meta name=\"twitter:site\" content=\"@psol50\" \/>\n<meta name=\"twitter:label1\" content=\"Escrito por\" \/>\n\t<meta name=\"twitter:data1\" content=\"Comunica\u00e7\u00e3o PSOL\" \/>\n\t<meta name=\"twitter:label2\" content=\"Est. tempo de leitura\" \/>\n\t<meta name=\"twitter:data2\" content=\"6 minutos\" \/>\n<script type=\"application\/ld+json\" class=\"yoast-schema-graph\">{\"@context\":\"https:\/\/schema.org\",\"@graph\":[{\"@type\":\"Article\",\"@id\":\"https:\/\/psol50.org.br\/pedir-paciencia-e-muito-pouco\/#article\",\"isPartOf\":{\"@id\":\"https:\/\/psol50.org.br\/pedir-paciencia-e-muito-pouco\/\"},\"author\":{\"name\":\"Comunica\u00e7\u00e3o PSOL\",\"@id\":\"https:\/\/psol50.org.br\/#\/schema\/person\/475dfa57d0b815993c714c2e96491fcd\"},\"headline\":\"Pedir paci\u00eancia \u00e9 muito pouco\",\"datePublished\":\"2015-03-09T00:00:00+00:00\",\"mainEntityOfPage\":{\"@id\":\"https:\/\/psol50.org.br\/pedir-paciencia-e-muito-pouco\/\"},\"wordCount\":1121,\"commentCount\":0,\"publisher\":{\"@id\":\"https:\/\/psol50.org.br\/#organization\"},\"articleSection\":[\"Artigos\"],\"inLanguage\":\"pt-BR\",\"potentialAction\":[{\"@type\":\"CommentAction\",\"name\":\"Comment\",\"target\":[\"https:\/\/psol50.org.br\/pedir-paciencia-e-muito-pouco\/#respond\"]}]},{\"@type\":\"WebPage\",\"@id\":\"https:\/\/psol50.org.br\/pedir-paciencia-e-muito-pouco\/\",\"url\":\"https:\/\/psol50.org.br\/pedir-paciencia-e-muito-pouco\/\",\"name\":\"Pedir paci\u00eancia \u00e9 muito pouco - PSOL 50\",\"isPartOf\":{\"@id\":\"https:\/\/psol50.org.br\/#website\"},\"datePublished\":\"2015-03-09T00:00:00+00:00\",\"breadcrumb\":{\"@id\":\"https:\/\/psol50.org.br\/pedir-paciencia-e-muito-pouco\/#breadcrumb\"},\"inLanguage\":\"pt-BR\",\"potentialAction\":[{\"@type\":\"ReadAction\",\"target\":[\"https:\/\/psol50.org.br\/pedir-paciencia-e-muito-pouco\/\"]}]},{\"@type\":\"BreadcrumbList\",\"@id\":\"https:\/\/psol50.org.br\/pedir-paciencia-e-muito-pouco\/#breadcrumb\",\"itemListElement\":[{\"@type\":\"ListItem\",\"position\":1,\"name\":\"In\u00edcio\",\"item\":\"https:\/\/psol50.org.br\/\"},{\"@type\":\"ListItem\",\"position\":2,\"name\":\"Pedir paci\u00eancia \u00e9 muito pouco\"}]},{\"@type\":\"WebSite\",\"@id\":\"https:\/\/psol50.org.br\/#website\",\"url\":\"https:\/\/psol50.org.br\/\",\"name\":\"PSOL 50\",\"description\":\"Site oficial do Partido Socialismo e Liberdade\",\"publisher\":{\"@id\":\"https:\/\/psol50.org.br\/#organization\"},\"alternateName\":\"PSOL50\",\"potentialAction\":[{\"@type\":\"SearchAction\",\"target\":{\"@type\":\"EntryPoint\",\"urlTemplate\":\"https:\/\/psol50.org.br\/?s={search_term_string}\"},\"query-input\":{\"@type\":\"PropertyValueSpecification\",\"valueRequired\":true,\"valueName\":\"search_term_string\"}}],\"inLanguage\":\"pt-BR\"},{\"@type\":\"Organization\",\"@id\":\"https:\/\/psol50.org.br\/#organization\",\"name\":\"PSOL 50\",\"alternateName\":\"PSOL 50\",\"url\":\"https:\/\/psol50.org.br\/\",\"logo\":{\"@type\":\"ImageObject\",\"inLanguage\":\"pt-BR\",\"@id\":\"https:\/\/psol50.org.br\/#\/schema\/logo\/image\/\",\"url\":\"https:\/\/psol50.org.br\/inc\/uploads\/2018\/07\/capa.png\",\"contentUrl\":\"https:\/\/psol50.org.br\/inc\/uploads\/2018\/07\/capa.png\",\"width\":1350,\"height\":900,\"caption\":\"PSOL 50\"},\"image\":{\"@id\":\"https:\/\/psol50.org.br\/#\/schema\/logo\/image\/\"},\"sameAs\":[\"https:\/\/www.facebook.com\/psol50\",\"https:\/\/x.com\/psol50\",\"https:\/\/www.instagram.com\/psol50\/\",\"https:\/\/www.youtube.com\/channel\/UC7SnJS5o1os7a6CaiNabzcg\"]},{\"@type\":\"Person\",\"@id\":\"https:\/\/psol50.org.br\/#\/schema\/person\/475dfa57d0b815993c714c2e96491fcd\",\"name\":\"Comunica\u00e7\u00e3o PSOL\",\"image\":{\"@type\":\"ImageObject\",\"inLanguage\":\"pt-BR\",\"@id\":\"https:\/\/psol50.org.br\/#\/schema\/person\/image\/\",\"url\":\"https:\/\/secure.gravatar.com\/avatar\/b34fc4f4e468a4e51785917065a3db57b841f5c95dba6ad8c73aaf8f66f8f9bf?s=96&d=mm&r=g\",\"contentUrl\":\"https:\/\/secure.gravatar.com\/avatar\/b34fc4f4e468a4e51785917065a3db57b841f5c95dba6ad8c73aaf8f66f8f9bf?s=96&d=mm&r=g\",\"caption\":\"Comunica\u00e7\u00e3o PSOL\"}}]}<\/script>\n<!-- \/ Yoast SEO plugin. -->","yoast_head_json":{"title":"Pedir paci\u00eancia \u00e9 muito pouco - PSOL 50","robots":{"index":"index","follow":"follow","max-snippet":"max-snippet:-1","max-image-preview":"max-image-preview:large","max-video-preview":"max-video-preview:-1"},"canonical":"https:\/\/psol50.org.br\/pedir-paciencia-e-muito-pouco\/","og_locale":"pt_BR","og_type":"article","og_title":"Pedir paci\u00eancia \u00e9 muito pouco - PSOL 50","og_description":"Confesso que n\u00e3o assisti o pronunciamento da presidenta Dilma (estava preparando minhas aulas da UnB), mas ouvi o panela\u00e7o feito pela classe m\u00e9dia do meu bairro. Li atentamente o pronunciamento e apresento algumas reflex\u00f5es. &nbsp; O pronunciamento foi uma tentativa de sair do \u201ccorner pol\u00edtico\u201d em que o governo se encontra. Foi constru\u00eddo para dialogar [&hellip;]","og_url":"https:\/\/psol50.org.br\/pedir-paciencia-e-muito-pouco\/","og_site_name":"PSOL 50","article_publisher":"https:\/\/www.facebook.com\/psol50","article_published_time":"2015-03-09T00:00:00+00:00","og_image":[{"width":1350,"height":900,"url":"https:\/\/psol50.org.br\/inc\/uploads\/2018\/07\/capa.png","type":"image\/png"}],"author":"Comunica\u00e7\u00e3o PSOL","twitter_card":"summary_large_image","twitter_creator":"@psol50","twitter_site":"@psol50","twitter_misc":{"Escrito por":"Comunica\u00e7\u00e3o PSOL","Est. tempo de leitura":"6 minutos"},"schema":{"@context":"https:\/\/schema.org","@graph":[{"@type":"Article","@id":"https:\/\/psol50.org.br\/pedir-paciencia-e-muito-pouco\/#article","isPartOf":{"@id":"https:\/\/psol50.org.br\/pedir-paciencia-e-muito-pouco\/"},"author":{"name":"Comunica\u00e7\u00e3o PSOL","@id":"https:\/\/psol50.org.br\/#\/schema\/person\/475dfa57d0b815993c714c2e96491fcd"},"headline":"Pedir paci\u00eancia \u00e9 muito pouco","datePublished":"2015-03-09T00:00:00+00:00","mainEntityOfPage":{"@id":"https:\/\/psol50.org.br\/pedir-paciencia-e-muito-pouco\/"},"wordCount":1121,"commentCount":0,"publisher":{"@id":"https:\/\/psol50.org.br\/#organization"},"articleSection":["Artigos"],"inLanguage":"pt-BR","potentialAction":[{"@type":"CommentAction","name":"Comment","target":["https:\/\/psol50.org.br\/pedir-paciencia-e-muito-pouco\/#respond"]}]},{"@type":"WebPage","@id":"https:\/\/psol50.org.br\/pedir-paciencia-e-muito-pouco\/","url":"https:\/\/psol50.org.br\/pedir-paciencia-e-muito-pouco\/","name":"Pedir paci\u00eancia \u00e9 muito pouco - PSOL 50","isPartOf":{"@id":"https:\/\/psol50.org.br\/#website"},"datePublished":"2015-03-09T00:00:00+00:00","breadcrumb":{"@id":"https:\/\/psol50.org.br\/pedir-paciencia-e-muito-pouco\/#breadcrumb"},"inLanguage":"pt-BR","potentialAction":[{"@type":"ReadAction","target":["https:\/\/psol50.org.br\/pedir-paciencia-e-muito-pouco\/"]}]},{"@type":"BreadcrumbList","@id":"https:\/\/psol50.org.br\/pedir-paciencia-e-muito-pouco\/#breadcrumb","itemListElement":[{"@type":"ListItem","position":1,"name":"In\u00edcio","item":"https:\/\/psol50.org.br\/"},{"@type":"ListItem","position":2,"name":"Pedir paci\u00eancia \u00e9 muito pouco"}]},{"@type":"WebSite","@id":"https:\/\/psol50.org.br\/#website","url":"https:\/\/psol50.org.br\/","name":"PSOL 50","description":"Site oficial do Partido Socialismo e Liberdade","publisher":{"@id":"https:\/\/psol50.org.br\/#organization"},"alternateName":"PSOL50","potentialAction":[{"@type":"SearchAction","target":{"@type":"EntryPoint","urlTemplate":"https:\/\/psol50.org.br\/?s={search_term_string}"},"query-input":{"@type":"PropertyValueSpecification","valueRequired":true,"valueName":"search_term_string"}}],"inLanguage":"pt-BR"},{"@type":"Organization","@id":"https:\/\/psol50.org.br\/#organization","name":"PSOL 50","alternateName":"PSOL 50","url":"https:\/\/psol50.org.br\/","logo":{"@type":"ImageObject","inLanguage":"pt-BR","@id":"https:\/\/psol50.org.br\/#\/schema\/logo\/image\/","url":"https:\/\/psol50.org.br\/inc\/uploads\/2018\/07\/capa.png","contentUrl":"https:\/\/psol50.org.br\/inc\/uploads\/2018\/07\/capa.png","width":1350,"height":900,"caption":"PSOL 50"},"image":{"@id":"https:\/\/psol50.org.br\/#\/schema\/logo\/image\/"},"sameAs":["https:\/\/www.facebook.com\/psol50","https:\/\/x.com\/psol50","https:\/\/www.instagram.com\/psol50\/","https:\/\/www.youtube.com\/channel\/UC7SnJS5o1os7a6CaiNabzcg"]},{"@type":"Person","@id":"https:\/\/psol50.org.br\/#\/schema\/person\/475dfa57d0b815993c714c2e96491fcd","name":"Comunica\u00e7\u00e3o PSOL","image":{"@type":"ImageObject","inLanguage":"pt-BR","@id":"https:\/\/psol50.org.br\/#\/schema\/person\/image\/","url":"https:\/\/secure.gravatar.com\/avatar\/b34fc4f4e468a4e51785917065a3db57b841f5c95dba6ad8c73aaf8f66f8f9bf?s=96&d=mm&r=g","contentUrl":"https:\/\/secure.gravatar.com\/avatar\/b34fc4f4e468a4e51785917065a3db57b841f5c95dba6ad8c73aaf8f66f8f9bf?s=96&d=mm&r=g","caption":"Comunica\u00e7\u00e3o PSOL"}}]}},"_links":{"self":[{"href":"https:\/\/psol50.org.br\/rest\/wp\/v2\/posts\/9769","targetHints":{"allow":["GET"]}}],"collection":[{"href":"https:\/\/psol50.org.br\/rest\/wp\/v2\/posts"}],"about":[{"href":"https:\/\/psol50.org.br\/rest\/wp\/v2\/types\/post"}],"author":[{"embeddable":true,"href":"https:\/\/psol50.org.br\/rest\/wp\/v2\/users\/2"}],"replies":[{"embeddable":true,"href":"https:\/\/psol50.org.br\/rest\/wp\/v2\/comments?post=9769"}],"version-history":[{"count":0,"href":"https:\/\/psol50.org.br\/rest\/wp\/v2\/posts\/9769\/revisions"}],"wp:attachment":[{"href":"https:\/\/psol50.org.br\/rest\/wp\/v2\/media?parent=9769"}],"wp:term":[{"taxonomy":"category","embeddable":true,"href":"https:\/\/psol50.org.br\/rest\/wp\/v2\/categories?post=9769"},{"taxonomy":"post_tag","embeddable":true,"href":"https:\/\/psol50.org.br\/rest\/wp\/v2\/tags?post=9769"}],"curies":[{"name":"wp","href":"https:\/\/api.w.org\/{rel}","templated":true}]}}