{"id":977,"date":"2012-01-13T00:00:00","date_gmt":"2012-01-13T00:00:00","guid":{"rendered":"http:\/\/psol50.org.br\/arquivo\/2012\/01\/13\/divulgue-manifesto-chega-de-dor-e-sofrimento-na-luz\/"},"modified":"2012-01-13T00:00:00","modified_gmt":"2012-01-13T00:00:00","slug":"divulgue-manifesto-chega-de-dor-e-sofrimento-na-luz","status":"publish","type":"post","link":"https:\/\/psol50.org.br\/divulgue-manifesto-chega-de-dor-e-sofrimento-na-luz\/","title":{"rendered":"Divulgue: Manifesto \u2013 Chega de dor e sofrimento na Luz"},"content":{"rendered":"<p style=\"text-align: justify\"><a href=\"http:\/\/psol50.org.br\/blog\/2012\/01\/13\/divulgue-manifesto-%e2%80%93-chega-de-dor-e-sofrimento-na-luz\/cracolandia_sp-2\/\" rel=\"attachment wp-att-13165\"><img loading=\"lazy\" decoding=\"async\" class=\"alignleft size-full wp-image-13165\" src=\"http:\/\/psol50.org.br\/files\/2012\/01\/Cracolandia_SP1.jpg\" alt=\"\" width=\"308\" height=\"228\" \/><\/a>Desde o dia 3 de janeiro, a regi\u00e3o da Luz no centro de S\u00e3o Paulo, conhecida como \u201ccracol\u00e2ndia\u201d, vem sendo palco de uma ostensiva ocupa\u00e7\u00e3o militar com quase 300 PMs, dos quais 152 s\u00e3o da Rota (tropa de elite), 12 bombeiros, helic\u00f3ptero, 117 carros, 26 motos, 12 c\u00e3es farejadores e 40 cavalos. O aparato de guerra tem abertamente o intuito de reprimir uma popula\u00e7\u00e3o pobre, em parte consumidora de crack, majoritariamente formada por moradores de rua ou pessoas em situa\u00e7\u00e3o de rua.<\/p>\n<p style=\"text-align: justify\">A \u201cguerra \u00e0s drogas\u201d, ou nesse caso mais especificamente a \u201cguerra ao crack\u201d \u2013 como se fosse poss\u00edvel guerrear contra uma subst\u00e2ncia e n\u00e3o contra pessoas \u2013 tem servido como pretexto para os governos estadual de Geraldo Alckmin (PSDB) e municipal de Gilberto Kassab (PSD) implementarem o processo violento de higieniza\u00e7\u00e3o e criminaliza\u00e7\u00e3o da pobreza. A denominada A\u00e7\u00e3o Integrada Centro Legal, ou \u201cOpera\u00e7\u00e3o Sufoco\u201d, orquestrada pela prefeitura com o governo do estado, j\u00e1 conta com in\u00fameras den\u00fancias de abuso de autoridade, racismo, viola\u00e7\u00e3o de direitos humanos e tortura, e infelizmente ainda n\u00e3o foi questionada com veem\u00eancia pelo governo federal.<\/p>\n<p style=\"text-align: justify\">Se a opera\u00e7\u00e3o militar por si s\u00f3 j\u00e1 \u00e9 motivo para recha\u00e7o e indigna\u00e7\u00e3o, por militarizar seletivamente quest\u00f5es sociais e de sa\u00fade, os interesses por tr\u00e1s de sua sustenta\u00e7\u00e3o s\u00e3o capazes de piorar ainda mais o quadro. Pouco importa o que ser\u00e1 dos que ali vivem ou frequentam. Se existisse essa preocupa\u00e7\u00e3o a abordagem n\u00e3o s\u00f3 n\u00e3o seria policial e violenta, mas por meio de assistentes sociais e agentes de sa\u00fade, como n\u00e3o poderia trazer como resultado a total dispers\u00e3o daqueles a quem supostamente se quereria alcan\u00e7ar. Se as autoridades afirmam que o crack \u00e9 quest\u00e3o de sa\u00fade p\u00fablica, a pr\u00e1tica evidencia o contr\u00e1rio. Se publicamente alegam que a a\u00e7\u00e3o \u00e9 para combater o tr\u00e1fico, fica vis\u00edvel que a repress\u00e3o est\u00e1 voltada para o usu\u00e1rio, atingindo no m\u00e1ximo o que se chama de \u201cpeixe pequeno\u201d (vide a apreens\u00e3o de apenas meio quilo de crack), aquele que em grande maioria recorre ao com\u00e9rcio ilegal para sustentar seu pr\u00f3prio consumo, e est\u00e1 longe do estere\u00f3tipo perigoso que a pol\u00edcia usa para justificar sua viol\u00eancia.<\/p>\n<p style=\"text-align: justify\">A pol\u00edtica de causar \u201cdor e sofrimento\u201d, nas palavras do pr\u00f3prio coordenador de Pol\u00edticas sobre Drogas do governo, Luiz Alberto Chaves de Oliveira, tem o claro objetivo de \u201climpar\u201d aquelas pessoas dali de modo a abrir espa\u00e7o para a implementa\u00e7\u00e3o do projeto Nova Luz, que prev\u00ea a demoli\u00e7\u00e3o de um ter\u00e7o das constru\u00e7\u00f5es da regi\u00e3o para a reconstru\u00e7\u00e3o e valoriza\u00e7\u00e3o do espa\u00e7o com vistas ao lucro da especula\u00e7\u00e3o imobili\u00e1ria \u2013 financiadora esta dos pol\u00edticos que ocupam o poder.<\/p>\n<p style=\"text-align: justify\">A interna\u00e7\u00e3o compuls\u00f3ria \u2013 dispositivo no qual pessoas em condi\u00e7\u00e3o de consumo de crack s\u00e3o internadas \u00e0 for\u00e7a sob ordem judicial em cl\u00ednicas sem a menor regulamenta\u00e7\u00e3o ou qualidade \u2013 tampouco tem como objetivo o cuidado com as pessoas, j\u00e1 que pesquisas patrocinadas pela ONU como apresentou o PROAD (Programa de Orienta\u00e7\u00e3o e Atendimento a Dependentes) indicam que a efic\u00e1cia de interna\u00e7\u00f5es contra a vontade \u00e9 de apenas 2%. Legitimadas pela demoniza\u00e7\u00e3o do crack e por um imagin\u00e1rio social mais baseado em medo do que em informa\u00e7\u00f5es (estimuladas pela grande m\u00eddia e pelos discursos de nossos pol\u00edticos), medidas de terrorismo de Estado como essa v\u00eam se tornando mais frequentes, n\u00e3o por acaso \u00e0 medida em que se aproximam a Copa do Mundo e as Olimp\u00edadas no Brasil.<\/p>\n<p style=\"text-align: justify\">O crack na regi\u00e3o da Luz aparece como o sintoma de um problema infinitamente maior. O consumo abusivo desta droga nestes contextos n\u00e3o \u00e9 a causa, mas sim a consequ\u00eancia de falta de moradia, emprego, sa\u00fade, educa\u00e7\u00e3o, enfim, condi\u00e7\u00f5es dignas de vida \u00e0s quais todos temos direito.<\/p>\n<p style=\"text-align: justify\">Nesse sentido, nos articulamos no intuito de denunciar e enfrentar a a\u00e7\u00e3o militar impetrada por nossos governantes, e reivindicar condi\u00e7\u00f5es dignas a todos aqueles que est\u00e3o marginalizados de seus direitos m\u00ednimos. No caso do uso problem\u00e1tico do crack ou qualquer outra droga, defendemos um tratamento de sa\u00fade que tenha como base a autonomia e o respeito ao indiv\u00edduo, com o fortalecimento e amplia\u00e7\u00e3o da rede inter-setorial de aten\u00e7\u00e3o psicossocial.<\/p>\n<p style=\"text-align: justify\"><strong>Janeiro de 2012.<\/strong><\/p>\n<p>Para assinar, envie email para <a href=\"mailto:luzlivre2012@gmail.com\">luzlivre2012@gmail.com<\/a><\/p>\n<p>Assinam:<br \/>\nA\u00e7\u00e3o dos Crist\u00e3os para a Aboli\u00e7\u00e3o da Tortura (ACAT-Brasil)<br \/>\nA\u00e7\u00e3o e Cidadania Planeta 21<br \/>\nAssocia\u00e7\u00e3o Brasileira de Sa\u00fade Mental (Abrasmesp)<br \/>\nAssocia\u00e7\u00e3o de Moradores e amigos da Santa Ifg\u00eania e Luz (AMOALUZ)<br \/>\nAssocia\u00e7\u00e3o Pr\u00f3 Fals\u00eamicos (Aprofe)<br \/>\nAssocia\u00e7\u00e3o Sem Teto da cidade de S\u00e3o Paulo (ASTC-SP)<br \/>\nAvoa n\u00facleo art\u00edstico<br \/>\nBarricadas Abrem Caminhos<br \/>\nBloco do Saci do Bixiga<br \/>\nCampo Debate Socialista<br \/>\nCedeca Interlagos<br \/>\nCentral de Movimentos Populares (CMP)<br \/>\nCentro de Conviv\u00eancia \u00c9 de Lei<br \/>\nCentro Franciscano Ch\u00e1 do Padre (Sefras)<br \/>\nCentro Gaspar Garcia de Direitos Humanos<br \/>\nCiranda Internacional de Comunica\u00e7\u00e3o Compartilhada<br \/>\nColetivo Desentorpecendo A Raz\u00e3o (DAR)<br \/>\nComit\u00ea para a Democratiza\u00e7\u00e3o da Inform\u00e1tica \u2013 SP<br \/>\nComit\u00ea Paulista pela Mem\u00f3ria, Verdade e Justi\u00e7a<br \/>\nConselho Estadual de Defesa dos Direitos da Pessoa Humana (CONDEPE-SP)<br \/>\nConselho Regional de Psicologia (CRP) de S\u00e3o Paulo<br \/>\nConselho Regional de Servi\u00e7o Social do Estado de S\u00e3o Paulo<br \/>\nContraponto<br \/>\nEspa\u00e7o Cultural Latino-americano (ECLA)<br \/>\nForum Regional de Defesa do Direito da Crian\u00e7a e do Adolescente \u2013 S\u00e9<br \/>\nFrente Estadual Antimanicomial de S\u00e3o Paulo<br \/>\nFrente de Luta por Moradia (FLM)<br \/>\nGrupo de Estudos Pangi\u00e1 Cal\u00f3geras (GEPEC)<br \/>\nInstituto Cultural Lyndolpho Silva (ICLS)<br \/>\nInstituto Pr\u00e1xis de Direitos Humanos<br \/>\nJuventude Libre<br \/>\nMandato Deputado Estadual Adriano Diogo (PT)<br \/>\nMandato Deputado Estadual Carlos Giannazi (PSOL)<br \/>\nMandato Deputado Federal Ivan Valente (PSOL)<br \/>\nMandato Vereador \u00cdtalo Cardoso (PT)<br \/>\nMarcha da Maconha \u2013 SP<br \/>\nMarcha Mundial das Mulheres<br \/>\nMilit\u00e2ncia em Ambientes Virtuais do PT \u2013 (MAUPTSP)<br \/>\nMovimento \u00c1gua Branca<br \/>\nMovimento de Moradia da Regi\u00e3o Central \u2013 MMRC<br \/>\nMovimento Nacional de Direitos Humanos (MNDH)<br \/>\nMovimento Passe Livre \u2013 MPL-SP<br \/>\nMovimento Sem Teto do Centro (MSTC)<br \/>\nNEILS (N\u00facleo de Ideologias e Lutas Sociais da PUC)<br \/>\nN\u00facleo de Direito \u00e0 Cidade da Faculdade de Direito da USP<br \/>\nN\u00facleo de Estudos Interdisciplinares sobre Psicoativos (NEIP)<br \/>\nOcupa Sampa<br \/>\nPromotora Legal Popular<br \/>\n<strong>PSOL-SP<\/strong><br \/>\nSindicato dos Guardas Civis de S\u00e3o Paulo \u2013 Sindguardas<br \/>\nUni\u00e3o de Movimentos de Moradia \u2013 UMM-SP<br \/>\nUnidos Pra Lutar!<\/p>\n","protected":false},"excerpt":{"rendered":"<p>Desde o dia 3 de janeiro, a regi\u00e3o da Luz no centro de S\u00e3o Paulo, conhecida como \u201ccracol\u00e2ndia\u201d, vem sendo palco de uma ostensiva ocupa\u00e7\u00e3o militar com quase 300 PMs, dos quais 152 s\u00e3o da Rota (tropa de elite), 12 bombeiros, helic\u00f3ptero, 117 carros, 26 motos, 12 c\u00e3es farejadores e 40 cavalos. O aparato de [&hellip;]<\/p>\n","protected":false},"author":2,"featured_media":0,"comment_status":"open","ping_status":"open","sticky":false,"template":"","format":"standard","meta":{"_acf_changed":false,"footnotes":""},"categories":[4766],"tags":[],"class_list":{"0":"post-977","1":"post","2":"type-post","3":"status-publish","4":"format-standard","6":"category-arquivo"},"acf":[],"yoast_head":"<!-- This site is optimized with the Yoast SEO plugin v26.5 - https:\/\/yoast.com\/wordpress\/plugins\/seo\/ -->\n<title>Divulgue: Manifesto \u2013 Chega de dor e sofrimento na Luz - PSOL 50<\/title>\n<meta name=\"robots\" content=\"index, follow, max-snippet:-1, max-image-preview:large, max-video-preview:-1\" \/>\n<link rel=\"canonical\" href=\"https:\/\/psol50.org.br\/divulgue-manifesto-chega-de-dor-e-sofrimento-na-luz\/\" \/>\n<meta property=\"og:locale\" content=\"pt_BR\" \/>\n<meta property=\"og:type\" content=\"article\" \/>\n<meta property=\"og:title\" content=\"Divulgue: Manifesto \u2013 Chega de dor e sofrimento na Luz - PSOL 50\" \/>\n<meta property=\"og:description\" content=\"Desde o dia 3 de janeiro, a regi\u00e3o da Luz no centro de S\u00e3o Paulo, conhecida como \u201ccracol\u00e2ndia\u201d, vem sendo palco de uma ostensiva ocupa\u00e7\u00e3o militar com quase 300 PMs, dos quais 152 s\u00e3o da Rota (tropa de elite), 12 bombeiros, helic\u00f3ptero, 117 carros, 26 motos, 12 c\u00e3es farejadores e 40 cavalos. O aparato de [&hellip;]\" \/>\n<meta property=\"og:url\" content=\"https:\/\/psol50.org.br\/divulgue-manifesto-chega-de-dor-e-sofrimento-na-luz\/\" \/>\n<meta property=\"og:site_name\" content=\"PSOL 50\" \/>\n<meta property=\"article:publisher\" content=\"https:\/\/www.facebook.com\/psol50\" \/>\n<meta property=\"article:published_time\" content=\"2012-01-13T00:00:00+00:00\" \/>\n<meta property=\"og:image\" content=\"http:\/\/psol50.org.br\/files\/2012\/01\/Cracolandia_SP1.jpg\" \/>\n<meta name=\"author\" content=\"Comunica\u00e7\u00e3o PSOL\" \/>\n<meta name=\"twitter:card\" content=\"summary_large_image\" \/>\n<meta name=\"twitter:creator\" content=\"@psol50\" \/>\n<meta name=\"twitter:site\" content=\"@psol50\" \/>\n<meta name=\"twitter:label1\" content=\"Escrito por\" \/>\n\t<meta name=\"twitter:data1\" content=\"Comunica\u00e7\u00e3o PSOL\" \/>\n\t<meta name=\"twitter:label2\" content=\"Est. tempo de leitura\" \/>\n\t<meta name=\"twitter:data2\" content=\"5 minutos\" \/>\n<script type=\"application\/ld+json\" class=\"yoast-schema-graph\">{\"@context\":\"https:\/\/schema.org\",\"@graph\":[{\"@type\":\"Article\",\"@id\":\"https:\/\/psol50.org.br\/divulgue-manifesto-chega-de-dor-e-sofrimento-na-luz\/#article\",\"isPartOf\":{\"@id\":\"https:\/\/psol50.org.br\/divulgue-manifesto-chega-de-dor-e-sofrimento-na-luz\/\"},\"author\":{\"name\":\"Comunica\u00e7\u00e3o PSOL\",\"@id\":\"https:\/\/psol50.org.br\/#\/schema\/person\/475dfa57d0b815993c714c2e96491fcd\"},\"headline\":\"Divulgue: Manifesto \u2013 Chega de dor e sofrimento na Luz\",\"datePublished\":\"2012-01-13T00:00:00+00:00\",\"mainEntityOfPage\":{\"@id\":\"https:\/\/psol50.org.br\/divulgue-manifesto-chega-de-dor-e-sofrimento-na-luz\/\"},\"wordCount\":1103,\"commentCount\":0,\"publisher\":{\"@id\":\"https:\/\/psol50.org.br\/#organization\"},\"image\":{\"@id\":\"https:\/\/psol50.org.br\/divulgue-manifesto-chega-de-dor-e-sofrimento-na-luz\/#primaryimage\"},\"thumbnailUrl\":\"http:\/\/psol50.org.br\/files\/2012\/01\/Cracolandia_SP1.jpg\",\"articleSection\":[\"Arquivo\"],\"inLanguage\":\"pt-BR\",\"potentialAction\":[{\"@type\":\"CommentAction\",\"name\":\"Comment\",\"target\":[\"https:\/\/psol50.org.br\/divulgue-manifesto-chega-de-dor-e-sofrimento-na-luz\/#respond\"]}]},{\"@type\":\"WebPage\",\"@id\":\"https:\/\/psol50.org.br\/divulgue-manifesto-chega-de-dor-e-sofrimento-na-luz\/\",\"url\":\"https:\/\/psol50.org.br\/divulgue-manifesto-chega-de-dor-e-sofrimento-na-luz\/\",\"name\":\"Divulgue: Manifesto \u2013 Chega de dor e sofrimento na Luz - PSOL 50\",\"isPartOf\":{\"@id\":\"https:\/\/psol50.org.br\/#website\"},\"primaryImageOfPage\":{\"@id\":\"https:\/\/psol50.org.br\/divulgue-manifesto-chega-de-dor-e-sofrimento-na-luz\/#primaryimage\"},\"image\":{\"@id\":\"https:\/\/psol50.org.br\/divulgue-manifesto-chega-de-dor-e-sofrimento-na-luz\/#primaryimage\"},\"thumbnailUrl\":\"http:\/\/psol50.org.br\/files\/2012\/01\/Cracolandia_SP1.jpg\",\"datePublished\":\"2012-01-13T00:00:00+00:00\",\"breadcrumb\":{\"@id\":\"https:\/\/psol50.org.br\/divulgue-manifesto-chega-de-dor-e-sofrimento-na-luz\/#breadcrumb\"},\"inLanguage\":\"pt-BR\",\"potentialAction\":[{\"@type\":\"ReadAction\",\"target\":[\"https:\/\/psol50.org.br\/divulgue-manifesto-chega-de-dor-e-sofrimento-na-luz\/\"]}]},{\"@type\":\"ImageObject\",\"inLanguage\":\"pt-BR\",\"@id\":\"https:\/\/psol50.org.br\/divulgue-manifesto-chega-de-dor-e-sofrimento-na-luz\/#primaryimage\",\"url\":\"http:\/\/psol50.org.br\/files\/2012\/01\/Cracolandia_SP1.jpg\",\"contentUrl\":\"http:\/\/psol50.org.br\/files\/2012\/01\/Cracolandia_SP1.jpg\"},{\"@type\":\"BreadcrumbList\",\"@id\":\"https:\/\/psol50.org.br\/divulgue-manifesto-chega-de-dor-e-sofrimento-na-luz\/#breadcrumb\",\"itemListElement\":[{\"@type\":\"ListItem\",\"position\":1,\"name\":\"In\u00edcio\",\"item\":\"https:\/\/psol50.org.br\/\"},{\"@type\":\"ListItem\",\"position\":2,\"name\":\"Divulgue: Manifesto \u2013 Chega de dor e sofrimento na Luz\"}]},{\"@type\":\"WebSite\",\"@id\":\"https:\/\/psol50.org.br\/#website\",\"url\":\"https:\/\/psol50.org.br\/\",\"name\":\"PSOL 50\",\"description\":\"Site oficial do Partido Socialismo e Liberdade\",\"publisher\":{\"@id\":\"https:\/\/psol50.org.br\/#organization\"},\"alternateName\":\"PSOL50\",\"potentialAction\":[{\"@type\":\"SearchAction\",\"target\":{\"@type\":\"EntryPoint\",\"urlTemplate\":\"https:\/\/psol50.org.br\/?s={search_term_string}\"},\"query-input\":{\"@type\":\"PropertyValueSpecification\",\"valueRequired\":true,\"valueName\":\"search_term_string\"}}],\"inLanguage\":\"pt-BR\"},{\"@type\":\"Organization\",\"@id\":\"https:\/\/psol50.org.br\/#organization\",\"name\":\"PSOL 50\",\"alternateName\":\"PSOL 50\",\"url\":\"https:\/\/psol50.org.br\/\",\"logo\":{\"@type\":\"ImageObject\",\"inLanguage\":\"pt-BR\",\"@id\":\"https:\/\/psol50.org.br\/#\/schema\/logo\/image\/\",\"url\":\"https:\/\/psol50.org.br\/inc\/uploads\/2018\/07\/capa.png\",\"contentUrl\":\"https:\/\/psol50.org.br\/inc\/uploads\/2018\/07\/capa.png\",\"width\":1350,\"height\":900,\"caption\":\"PSOL 50\"},\"image\":{\"@id\":\"https:\/\/psol50.org.br\/#\/schema\/logo\/image\/\"},\"sameAs\":[\"https:\/\/www.facebook.com\/psol50\",\"https:\/\/x.com\/psol50\",\"https:\/\/www.instagram.com\/psol50\/\",\"https:\/\/www.youtube.com\/channel\/UC7SnJS5o1os7a6CaiNabzcg\"]},{\"@type\":\"Person\",\"@id\":\"https:\/\/psol50.org.br\/#\/schema\/person\/475dfa57d0b815993c714c2e96491fcd\",\"name\":\"Comunica\u00e7\u00e3o PSOL\",\"image\":{\"@type\":\"ImageObject\",\"inLanguage\":\"pt-BR\",\"@id\":\"https:\/\/psol50.org.br\/#\/schema\/person\/image\/\",\"url\":\"https:\/\/secure.gravatar.com\/avatar\/b34fc4f4e468a4e51785917065a3db57b841f5c95dba6ad8c73aaf8f66f8f9bf?s=96&d=mm&r=g\",\"contentUrl\":\"https:\/\/secure.gravatar.com\/avatar\/b34fc4f4e468a4e51785917065a3db57b841f5c95dba6ad8c73aaf8f66f8f9bf?s=96&d=mm&r=g\",\"caption\":\"Comunica\u00e7\u00e3o PSOL\"}}]}<\/script>\n<!-- \/ Yoast SEO plugin. -->","yoast_head_json":{"title":"Divulgue: Manifesto \u2013 Chega de dor e sofrimento na Luz - PSOL 50","robots":{"index":"index","follow":"follow","max-snippet":"max-snippet:-1","max-image-preview":"max-image-preview:large","max-video-preview":"max-video-preview:-1"},"canonical":"https:\/\/psol50.org.br\/divulgue-manifesto-chega-de-dor-e-sofrimento-na-luz\/","og_locale":"pt_BR","og_type":"article","og_title":"Divulgue: Manifesto \u2013 Chega de dor e sofrimento na Luz - PSOL 50","og_description":"Desde o dia 3 de janeiro, a regi\u00e3o da Luz no centro de S\u00e3o Paulo, conhecida como \u201ccracol\u00e2ndia\u201d, vem sendo palco de uma ostensiva ocupa\u00e7\u00e3o militar com quase 300 PMs, dos quais 152 s\u00e3o da Rota (tropa de elite), 12 bombeiros, helic\u00f3ptero, 117 carros, 26 motos, 12 c\u00e3es farejadores e 40 cavalos. O aparato de [&hellip;]","og_url":"https:\/\/psol50.org.br\/divulgue-manifesto-chega-de-dor-e-sofrimento-na-luz\/","og_site_name":"PSOL 50","article_publisher":"https:\/\/www.facebook.com\/psol50","article_published_time":"2012-01-13T00:00:00+00:00","og_image":[{"url":"http:\/\/psol50.org.br\/files\/2012\/01\/Cracolandia_SP1.jpg","type":"","width":"","height":""}],"author":"Comunica\u00e7\u00e3o PSOL","twitter_card":"summary_large_image","twitter_creator":"@psol50","twitter_site":"@psol50","twitter_misc":{"Escrito por":"Comunica\u00e7\u00e3o PSOL","Est. tempo de leitura":"5 minutos"},"schema":{"@context":"https:\/\/schema.org","@graph":[{"@type":"Article","@id":"https:\/\/psol50.org.br\/divulgue-manifesto-chega-de-dor-e-sofrimento-na-luz\/#article","isPartOf":{"@id":"https:\/\/psol50.org.br\/divulgue-manifesto-chega-de-dor-e-sofrimento-na-luz\/"},"author":{"name":"Comunica\u00e7\u00e3o PSOL","@id":"https:\/\/psol50.org.br\/#\/schema\/person\/475dfa57d0b815993c714c2e96491fcd"},"headline":"Divulgue: Manifesto \u2013 Chega de dor e sofrimento na Luz","datePublished":"2012-01-13T00:00:00+00:00","mainEntityOfPage":{"@id":"https:\/\/psol50.org.br\/divulgue-manifesto-chega-de-dor-e-sofrimento-na-luz\/"},"wordCount":1103,"commentCount":0,"publisher":{"@id":"https:\/\/psol50.org.br\/#organization"},"image":{"@id":"https:\/\/psol50.org.br\/divulgue-manifesto-chega-de-dor-e-sofrimento-na-luz\/#primaryimage"},"thumbnailUrl":"http:\/\/psol50.org.br\/files\/2012\/01\/Cracolandia_SP1.jpg","articleSection":["Arquivo"],"inLanguage":"pt-BR","potentialAction":[{"@type":"CommentAction","name":"Comment","target":["https:\/\/psol50.org.br\/divulgue-manifesto-chega-de-dor-e-sofrimento-na-luz\/#respond"]}]},{"@type":"WebPage","@id":"https:\/\/psol50.org.br\/divulgue-manifesto-chega-de-dor-e-sofrimento-na-luz\/","url":"https:\/\/psol50.org.br\/divulgue-manifesto-chega-de-dor-e-sofrimento-na-luz\/","name":"Divulgue: Manifesto \u2013 Chega de dor e sofrimento na Luz - PSOL 50","isPartOf":{"@id":"https:\/\/psol50.org.br\/#website"},"primaryImageOfPage":{"@id":"https:\/\/psol50.org.br\/divulgue-manifesto-chega-de-dor-e-sofrimento-na-luz\/#primaryimage"},"image":{"@id":"https:\/\/psol50.org.br\/divulgue-manifesto-chega-de-dor-e-sofrimento-na-luz\/#primaryimage"},"thumbnailUrl":"http:\/\/psol50.org.br\/files\/2012\/01\/Cracolandia_SP1.jpg","datePublished":"2012-01-13T00:00:00+00:00","breadcrumb":{"@id":"https:\/\/psol50.org.br\/divulgue-manifesto-chega-de-dor-e-sofrimento-na-luz\/#breadcrumb"},"inLanguage":"pt-BR","potentialAction":[{"@type":"ReadAction","target":["https:\/\/psol50.org.br\/divulgue-manifesto-chega-de-dor-e-sofrimento-na-luz\/"]}]},{"@type":"ImageObject","inLanguage":"pt-BR","@id":"https:\/\/psol50.org.br\/divulgue-manifesto-chega-de-dor-e-sofrimento-na-luz\/#primaryimage","url":"http:\/\/psol50.org.br\/files\/2012\/01\/Cracolandia_SP1.jpg","contentUrl":"http:\/\/psol50.org.br\/files\/2012\/01\/Cracolandia_SP1.jpg"},{"@type":"BreadcrumbList","@id":"https:\/\/psol50.org.br\/divulgue-manifesto-chega-de-dor-e-sofrimento-na-luz\/#breadcrumb","itemListElement":[{"@type":"ListItem","position":1,"name":"In\u00edcio","item":"https:\/\/psol50.org.br\/"},{"@type":"ListItem","position":2,"name":"Divulgue: Manifesto \u2013 Chega de dor e sofrimento na Luz"}]},{"@type":"WebSite","@id":"https:\/\/psol50.org.br\/#website","url":"https:\/\/psol50.org.br\/","name":"PSOL 50","description":"Site oficial do Partido Socialismo e Liberdade","publisher":{"@id":"https:\/\/psol50.org.br\/#organization"},"alternateName":"PSOL50","potentialAction":[{"@type":"SearchAction","target":{"@type":"EntryPoint","urlTemplate":"https:\/\/psol50.org.br\/?s={search_term_string}"},"query-input":{"@type":"PropertyValueSpecification","valueRequired":true,"valueName":"search_term_string"}}],"inLanguage":"pt-BR"},{"@type":"Organization","@id":"https:\/\/psol50.org.br\/#organization","name":"PSOL 50","alternateName":"PSOL 50","url":"https:\/\/psol50.org.br\/","logo":{"@type":"ImageObject","inLanguage":"pt-BR","@id":"https:\/\/psol50.org.br\/#\/schema\/logo\/image\/","url":"https:\/\/psol50.org.br\/inc\/uploads\/2018\/07\/capa.png","contentUrl":"https:\/\/psol50.org.br\/inc\/uploads\/2018\/07\/capa.png","width":1350,"height":900,"caption":"PSOL 50"},"image":{"@id":"https:\/\/psol50.org.br\/#\/schema\/logo\/image\/"},"sameAs":["https:\/\/www.facebook.com\/psol50","https:\/\/x.com\/psol50","https:\/\/www.instagram.com\/psol50\/","https:\/\/www.youtube.com\/channel\/UC7SnJS5o1os7a6CaiNabzcg"]},{"@type":"Person","@id":"https:\/\/psol50.org.br\/#\/schema\/person\/475dfa57d0b815993c714c2e96491fcd","name":"Comunica\u00e7\u00e3o PSOL","image":{"@type":"ImageObject","inLanguage":"pt-BR","@id":"https:\/\/psol50.org.br\/#\/schema\/person\/image\/","url":"https:\/\/secure.gravatar.com\/avatar\/b34fc4f4e468a4e51785917065a3db57b841f5c95dba6ad8c73aaf8f66f8f9bf?s=96&d=mm&r=g","contentUrl":"https:\/\/secure.gravatar.com\/avatar\/b34fc4f4e468a4e51785917065a3db57b841f5c95dba6ad8c73aaf8f66f8f9bf?s=96&d=mm&r=g","caption":"Comunica\u00e7\u00e3o PSOL"}}]}},"_links":{"self":[{"href":"https:\/\/psol50.org.br\/rest\/wp\/v2\/posts\/977","targetHints":{"allow":["GET"]}}],"collection":[{"href":"https:\/\/psol50.org.br\/rest\/wp\/v2\/posts"}],"about":[{"href":"https:\/\/psol50.org.br\/rest\/wp\/v2\/types\/post"}],"author":[{"embeddable":true,"href":"https:\/\/psol50.org.br\/rest\/wp\/v2\/users\/2"}],"replies":[{"embeddable":true,"href":"https:\/\/psol50.org.br\/rest\/wp\/v2\/comments?post=977"}],"version-history":[{"count":0,"href":"https:\/\/psol50.org.br\/rest\/wp\/v2\/posts\/977\/revisions"}],"wp:attachment":[{"href":"https:\/\/psol50.org.br\/rest\/wp\/v2\/media?parent=977"}],"wp:term":[{"taxonomy":"category","embeddable":true,"href":"https:\/\/psol50.org.br\/rest\/wp\/v2\/categories?post=977"},{"taxonomy":"post_tag","embeddable":true,"href":"https:\/\/psol50.org.br\/rest\/wp\/v2\/tags?post=977"}],"curies":[{"name":"wp","href":"https:\/\/api.w.org\/{rel}","templated":true}]}}