{"id":9770,"date":"2015-03-11T00:00:00","date_gmt":"2015-03-11T00:00:00","guid":{"rendered":"http:\/\/psol50.org.br\/arquivo\/2015\/03\/11\/manifestacao-das-elites\/"},"modified":"2015-03-11T00:00:00","modified_gmt":"2015-03-11T00:00:00","slug":"manifestacao-das-elites","status":"publish","type":"post","link":"https:\/\/psol50.org.br\/manifestacao-das-elites\/","title":{"rendered":"Manifesta\u00e7\u00e3o &quot;das elites\u201d?"},"content":{"rendered":"<p>\n\t<span style=\"font-size:12px;\"><span style=\"font-family: arial,helvetica,sans-serif;\">\u00c9 pregui\u00e7osa e rasteira as an\u00e1lises que correm para taxar de &#8220;elites&#8221; os descontentes com Dilma e com o governo.&nbsp;<br \/>\n\t&nbsp;<br \/>\n\tSegundo pesquisa DataFolha, apenas 23% da popula\u00e7\u00e3o aprova a presidenta. 44% acham seu governo ruim ou p\u00e9ssimo, 33% regular. Trata-se de um dos piores \u00edndices de aprova\u00e7\u00e3o desde FHC. N\u00e3o me parece cr\u00edvel pensar em mais da metade da popula\u00e7\u00e3o brasileira como &#8220;fascistas&#8221;.<br \/>\n\t&nbsp;<br \/>\n\tApesar de n\u00e3o estarem apenas &#8220;nas elites&#8221;, \u00e9 preciso reconhecer, \u00e9 verdade, que os descontentes n\u00e3o pedem &#8220;reformas estruturais&#8221; ou &#8220;a defesa dos direitos dos trabalhadores&#8221;. O que eles querem, previsivelmente, \u00e9 continuar consumindo. N\u00e3o foi esse, afinal, o sin\u00f4nimo de desenvolvimento e progresso vendido nos \u00faltimos 12 anos pelo governo com o patroc\u00ednio, a\u00ed sim, das elites dirigentes? Acontece que o endividamento chegou e aquele entusiasmo com o Brasil murchou, como era de se esperar. O limite do modelo est\u00e1 posto. Como &#8220;seguir avan\u00e7ando&#8221; quando a sa\u00fade p\u00fablica \u00e9 um caos, o plano \u00e9 ruim e caro e a educa\u00e7\u00e3o privada n\u00e3o garante as oportunidades esperadas? Como seguir lotando os shopping centers aos finais de semana com todos os pre\u00e7os subindo? Como comprar im\u00f3veis com o cr\u00e9dito rareando?<br \/>\n\t&nbsp;<br \/>\n\tEm parte das esquerdas, as vinculadas ao governo, a coopta\u00e7\u00e3o, a burocratiza\u00e7\u00e3o, deram o tom do sil\u00eancio nos \u00faltimos anos. L\u00e1 como c\u00e1, limitaram-se a defender o atual pacto de governabilidade, seja como a melhor ou a &#8220;menos pior&#8221; das op\u00e7\u00f5es. Sem politiza\u00e7\u00e3o cotidiana, sem uma gram\u00e1tica pol\u00edtica para manifestar objetivamente sua revolta, os brasileiros entregam-se \u00e0 agenda conservadora. S\u00f3 restou bradar contra a corrup\u00e7\u00e3o, como se o problema fosse unicamente moral. J\u00e1 conhecemos essa hist\u00f3ria.<br \/>\n\t&nbsp;<br \/>\n\tA elite &#8220;de fato&#8221; se aproveita do momento porque aprendeu que \u00e9 nas crises em que se abrem as melhores oportunidades pol\u00edticas. Para o seu n\u00facleo duro, engolir o PT foi sempre uma necessidade, nunca uma escolha entusiasmada.<\/p>\n<p>\tEm 2013 o PT perdeu as ruas. Em 2014\/15 perdeu o Congresso. Est\u00e1 ficando patente que, ao sacrificar os trabalhadores\/as e capital produtivo em nome da finan\u00e7a (o dito 1%), Dilma trai seu programa eleito nas urnas, e desagrada \u00e0s maiorias, sobretudo \u00e0s classes m\u00e9dias que, sim, carregam bastante em seus ombros (os pequenos neg\u00f3cios s\u00e3o os que mais empregam, mais pagam impostos e menos recebem incentivos no Brasil). \u00c9 verdade que \u00e9 dessa for\u00e7a vital, sobretudo, que se alimentam as elites com sede de poder. Mas n\u00e3o nos enganemos. O descontentamento \u00e9 &#8220;popular e de massas&#8221;. Atinge os trabalhadores\/as, os precarizados\/as, a base da pir\u00e2mide.&nbsp;<br \/>\n\t&nbsp;<br \/>\n\tO regime todo est\u00e1 podre, mas seja isso justo ou n\u00e3o, o alvo prim\u00e1rio n\u00e3o poderia ser outro. Como deus <em>ex machina<\/em> da pol\u00edtica brasileira, a Presid\u00eancia historicamente \u00e9 respons\u00e1vel por tudo o que acontece no pa\u00eds \u2013 de bom ou ruim.<br \/>\n\t&nbsp;<br \/>\n\tLogo depois das elei\u00e7\u00f5es, escrevi no Congresso em Foco (link &#8211;&nbsp;<a href=\"http:\/\/congressoemfoco.uol.com.br\/noticias\/outros-destaques\/sem-meio-termo-na-economia\/\" target=\"_blank\" rel=\"noopener\">http:\/\/congressoemfoco.uol.com.br\/noticias\/outros-destaques\/sem-meio-termo-na-economia\/<\/a>) sobre n\u00e3o haver meio termo para Dilma e o PT. Ou assumiam o combate por uma outra agenda popular e realmente democr\u00e1tica, ou estariam superados como alternativa pol\u00edtica. A aposta, no entanto, foi pela agenda do austeric\u00eddio, que dirige o pa\u00eds rumo ao desastre da recess\u00e3o e do desemprego.<br \/>\n\tEstamos, pois, justamente a v\u00ea-los pagar o pre\u00e7o por esse caminho. O Brasil est\u00e1 ficando pior. E est\u00e1 ficando pior para as maiorias. O atoleiro econ\u00f4mico, pol\u00edtico e social parece n\u00e3o ter fim, mas est\u00e1 apenas come\u00e7ando.<br \/>\n\t&nbsp;<br \/>\n\tSair em defesa do governo e do PT, esse morto-vivo sem programa e dire\u00e7\u00e3o pol\u00edtica, no entanto, \u00e9 o pior que a esquerda &#8220;de fato&#8221; pode fazer agora. Porque, dessa forma, afundar\u00e1 junto dele aos olhos da popula\u00e7\u00e3o descontente. Sob pena de nunca construirmos uma alternativa progressista real e de f\u00f4lego ao atual arranjo, a hora \u00e9, como temos defendido, de puxar a corda para a esquerda, mais e mais. Apresentar solu\u00e7\u00f5es concretas e sa\u00eddas pr\u00f3prias para esse dilema.<br \/>\n\t&nbsp;<br \/>\n\tEm rela\u00e7\u00e3o \u00e0 crise pol\u00edtica atual, \u00e9 certo que a situa\u00e7\u00e3o se degrada e pode, sim, redundar numa crise institucional ainda mais densa, mas poucas compara\u00e7\u00f5es s\u00e3o mais esdr\u00faxulas do que com as tentativas de golpe no Chile de Allende ou na Venezuela de Ch\u00e1vez. Ao que consta, n\u00e3o era um Chicago Boy, ex-FMI, que ocupava o minist\u00e9rio da fazenda chileno \u00e0 \u00e9poca; e Ch\u00e1vez tampouco havia atacado o direito dos trabalhadores\/as em 2001 \u00e0s v\u00e9speras de tentar ser derrubado pela elite venezuelana sediada em Miami.&nbsp;<br \/>\n\t&nbsp;<br \/>\n\tTalvez a chapa esquente e o oportunismo das elites pol\u00edticas e das oposi\u00e7\u00f5es se manifeste em apostas mais arriscadas. Mas parece ingenuidade, nesse quadro, acreditar que o povo sair\u00e1 em defesa de Dilma e do PT por puro legalismo. Ele pedir\u00e1 mais do que isso, muito mais, para sair \u00e0s ruas em nome de um governo que parece ter-lhe virado as costas. Talvez seja tarde demais.<\/p>\n<p>\tO governo, no entanto, sabe exatamente o que precisa ser feito. Ter\u00e1 possibilidades, ou melhor, coragem e disposi\u00e7\u00e3o pol\u00edtica para isso?<\/span><\/span><\/p>\n<p>\t&nbsp;<\/p>\n","protected":false},"excerpt":{"rendered":"<p>\u00c9 pregui\u00e7osa e rasteira as an\u00e1lises que correm para taxar de &#8220;elites&#8221; os descontentes com Dilma e com o governo.&nbsp; &nbsp; Segundo pesquisa DataFolha, apenas 23% da popula\u00e7\u00e3o aprova a presidenta. 44% acham seu governo ruim ou p\u00e9ssimo, 33% regular. Trata-se de um dos piores \u00edndices de aprova\u00e7\u00e3o desde FHC. N\u00e3o me parece cr\u00edvel pensar [&hellip;]<\/p>\n","protected":false},"author":2,"featured_media":0,"comment_status":"open","ping_status":"open","sticky":false,"template":"","format":"standard","meta":{"_acf_changed":false,"footnotes":""},"categories":[3],"tags":[],"class_list":{"0":"post-9770","1":"post","2":"type-post","3":"status-publish","4":"format-standard","6":"category-artigos-e-entrevistas"},"acf":[],"yoast_head":"<!-- This site is optimized with the Yoast SEO plugin v26.5 - https:\/\/yoast.com\/wordpress\/plugins\/seo\/ -->\n<title>Manifesta\u00e7\u00e3o &quot;das elites\u201d? - PSOL 50<\/title>\n<meta name=\"robots\" content=\"index, follow, max-snippet:-1, max-image-preview:large, max-video-preview:-1\" \/>\n<link rel=\"canonical\" href=\"https:\/\/psol50.org.br\/manifestacao-das-elites\/\" \/>\n<meta property=\"og:locale\" content=\"pt_BR\" \/>\n<meta property=\"og:type\" content=\"article\" \/>\n<meta property=\"og:title\" content=\"Manifesta\u00e7\u00e3o &quot;das elites\u201d? - PSOL 50\" \/>\n<meta property=\"og:description\" content=\"\u00c9 pregui\u00e7osa e rasteira as an\u00e1lises que correm para taxar de &#8220;elites&#8221; os descontentes com Dilma e com o governo.&nbsp; &nbsp; Segundo pesquisa DataFolha, apenas 23% da popula\u00e7\u00e3o aprova a presidenta. 44% acham seu governo ruim ou p\u00e9ssimo, 33% regular. Trata-se de um dos piores \u00edndices de aprova\u00e7\u00e3o desde FHC. N\u00e3o me parece cr\u00edvel pensar [&hellip;]\" \/>\n<meta property=\"og:url\" content=\"https:\/\/psol50.org.br\/manifestacao-das-elites\/\" \/>\n<meta property=\"og:site_name\" content=\"PSOL 50\" \/>\n<meta property=\"article:publisher\" content=\"https:\/\/www.facebook.com\/psol50\" \/>\n<meta property=\"article:published_time\" content=\"2015-03-11T00:00:00+00:00\" \/>\n<meta property=\"og:image\" content=\"https:\/\/psol50.org.br\/inc\/uploads\/2018\/07\/capa.png\" \/>\n\t<meta property=\"og:image:width\" content=\"1350\" \/>\n\t<meta property=\"og:image:height\" content=\"900\" \/>\n\t<meta property=\"og:image:type\" content=\"image\/png\" \/>\n<meta name=\"author\" content=\"Comunica\u00e7\u00e3o PSOL\" \/>\n<meta name=\"twitter:card\" content=\"summary_large_image\" \/>\n<meta name=\"twitter:creator\" content=\"@psol50\" \/>\n<meta name=\"twitter:site\" content=\"@psol50\" \/>\n<meta name=\"twitter:label1\" content=\"Escrito por\" \/>\n\t<meta name=\"twitter:data1\" content=\"Comunica\u00e7\u00e3o PSOL\" \/>\n\t<meta name=\"twitter:label2\" content=\"Est. tempo de leitura\" \/>\n\t<meta name=\"twitter:data2\" content=\"4 minutos\" \/>\n<script type=\"application\/ld+json\" class=\"yoast-schema-graph\">{\"@context\":\"https:\/\/schema.org\",\"@graph\":[{\"@type\":\"Article\",\"@id\":\"https:\/\/psol50.org.br\/manifestacao-das-elites\/#article\",\"isPartOf\":{\"@id\":\"https:\/\/psol50.org.br\/manifestacao-das-elites\/\"},\"author\":{\"name\":\"Comunica\u00e7\u00e3o PSOL\",\"@id\":\"https:\/\/psol50.org.br\/#\/schema\/person\/475dfa57d0b815993c714c2e96491fcd\"},\"headline\":\"Manifesta\u00e7\u00e3o &quot;das elites\u201d?\",\"datePublished\":\"2015-03-11T00:00:00+00:00\",\"mainEntityOfPage\":{\"@id\":\"https:\/\/psol50.org.br\/manifestacao-das-elites\/\"},\"wordCount\":889,\"commentCount\":0,\"publisher\":{\"@id\":\"https:\/\/psol50.org.br\/#organization\"},\"articleSection\":[\"Artigos\"],\"inLanguage\":\"pt-BR\",\"potentialAction\":[{\"@type\":\"CommentAction\",\"name\":\"Comment\",\"target\":[\"https:\/\/psol50.org.br\/manifestacao-das-elites\/#respond\"]}]},{\"@type\":\"WebPage\",\"@id\":\"https:\/\/psol50.org.br\/manifestacao-das-elites\/\",\"url\":\"https:\/\/psol50.org.br\/manifestacao-das-elites\/\",\"name\":\"Manifesta\u00e7\u00e3o &quot;das elites\u201d? - PSOL 50\",\"isPartOf\":{\"@id\":\"https:\/\/psol50.org.br\/#website\"},\"datePublished\":\"2015-03-11T00:00:00+00:00\",\"breadcrumb\":{\"@id\":\"https:\/\/psol50.org.br\/manifestacao-das-elites\/#breadcrumb\"},\"inLanguage\":\"pt-BR\",\"potentialAction\":[{\"@type\":\"ReadAction\",\"target\":[\"https:\/\/psol50.org.br\/manifestacao-das-elites\/\"]}]},{\"@type\":\"BreadcrumbList\",\"@id\":\"https:\/\/psol50.org.br\/manifestacao-das-elites\/#breadcrumb\",\"itemListElement\":[{\"@type\":\"ListItem\",\"position\":1,\"name\":\"In\u00edcio\",\"item\":\"https:\/\/psol50.org.br\/\"},{\"@type\":\"ListItem\",\"position\":2,\"name\":\"Manifesta\u00e7\u00e3o &quot;das elites\u201d?\"}]},{\"@type\":\"WebSite\",\"@id\":\"https:\/\/psol50.org.br\/#website\",\"url\":\"https:\/\/psol50.org.br\/\",\"name\":\"PSOL 50\",\"description\":\"Site oficial do Partido Socialismo e Liberdade\",\"publisher\":{\"@id\":\"https:\/\/psol50.org.br\/#organization\"},\"alternateName\":\"PSOL50\",\"potentialAction\":[{\"@type\":\"SearchAction\",\"target\":{\"@type\":\"EntryPoint\",\"urlTemplate\":\"https:\/\/psol50.org.br\/?s={search_term_string}\"},\"query-input\":{\"@type\":\"PropertyValueSpecification\",\"valueRequired\":true,\"valueName\":\"search_term_string\"}}],\"inLanguage\":\"pt-BR\"},{\"@type\":\"Organization\",\"@id\":\"https:\/\/psol50.org.br\/#organization\",\"name\":\"PSOL 50\",\"alternateName\":\"PSOL 50\",\"url\":\"https:\/\/psol50.org.br\/\",\"logo\":{\"@type\":\"ImageObject\",\"inLanguage\":\"pt-BR\",\"@id\":\"https:\/\/psol50.org.br\/#\/schema\/logo\/image\/\",\"url\":\"https:\/\/psol50.org.br\/inc\/uploads\/2018\/07\/capa.png\",\"contentUrl\":\"https:\/\/psol50.org.br\/inc\/uploads\/2018\/07\/capa.png\",\"width\":1350,\"height\":900,\"caption\":\"PSOL 50\"},\"image\":{\"@id\":\"https:\/\/psol50.org.br\/#\/schema\/logo\/image\/\"},\"sameAs\":[\"https:\/\/www.facebook.com\/psol50\",\"https:\/\/x.com\/psol50\",\"https:\/\/www.instagram.com\/psol50\/\",\"https:\/\/www.youtube.com\/channel\/UC7SnJS5o1os7a6CaiNabzcg\"]},{\"@type\":\"Person\",\"@id\":\"https:\/\/psol50.org.br\/#\/schema\/person\/475dfa57d0b815993c714c2e96491fcd\",\"name\":\"Comunica\u00e7\u00e3o PSOL\",\"image\":{\"@type\":\"ImageObject\",\"inLanguage\":\"pt-BR\",\"@id\":\"https:\/\/psol50.org.br\/#\/schema\/person\/image\/\",\"url\":\"https:\/\/secure.gravatar.com\/avatar\/b34fc4f4e468a4e51785917065a3db57b841f5c95dba6ad8c73aaf8f66f8f9bf?s=96&d=mm&r=g\",\"contentUrl\":\"https:\/\/secure.gravatar.com\/avatar\/b34fc4f4e468a4e51785917065a3db57b841f5c95dba6ad8c73aaf8f66f8f9bf?s=96&d=mm&r=g\",\"caption\":\"Comunica\u00e7\u00e3o PSOL\"}}]}<\/script>\n<!-- \/ Yoast SEO plugin. -->","yoast_head_json":{"title":"Manifesta\u00e7\u00e3o &quot;das elites\u201d? - PSOL 50","robots":{"index":"index","follow":"follow","max-snippet":"max-snippet:-1","max-image-preview":"max-image-preview:large","max-video-preview":"max-video-preview:-1"},"canonical":"https:\/\/psol50.org.br\/manifestacao-das-elites\/","og_locale":"pt_BR","og_type":"article","og_title":"Manifesta\u00e7\u00e3o &quot;das elites\u201d? - PSOL 50","og_description":"\u00c9 pregui\u00e7osa e rasteira as an\u00e1lises que correm para taxar de &#8220;elites&#8221; os descontentes com Dilma e com o governo.&nbsp; &nbsp; Segundo pesquisa DataFolha, apenas 23% da popula\u00e7\u00e3o aprova a presidenta. 44% acham seu governo ruim ou p\u00e9ssimo, 33% regular. Trata-se de um dos piores \u00edndices de aprova\u00e7\u00e3o desde FHC. N\u00e3o me parece cr\u00edvel pensar [&hellip;]","og_url":"https:\/\/psol50.org.br\/manifestacao-das-elites\/","og_site_name":"PSOL 50","article_publisher":"https:\/\/www.facebook.com\/psol50","article_published_time":"2015-03-11T00:00:00+00:00","og_image":[{"width":1350,"height":900,"url":"https:\/\/psol50.org.br\/inc\/uploads\/2018\/07\/capa.png","type":"image\/png"}],"author":"Comunica\u00e7\u00e3o PSOL","twitter_card":"summary_large_image","twitter_creator":"@psol50","twitter_site":"@psol50","twitter_misc":{"Escrito por":"Comunica\u00e7\u00e3o PSOL","Est. tempo de leitura":"4 minutos"},"schema":{"@context":"https:\/\/schema.org","@graph":[{"@type":"Article","@id":"https:\/\/psol50.org.br\/manifestacao-das-elites\/#article","isPartOf":{"@id":"https:\/\/psol50.org.br\/manifestacao-das-elites\/"},"author":{"name":"Comunica\u00e7\u00e3o PSOL","@id":"https:\/\/psol50.org.br\/#\/schema\/person\/475dfa57d0b815993c714c2e96491fcd"},"headline":"Manifesta\u00e7\u00e3o &quot;das elites\u201d?","datePublished":"2015-03-11T00:00:00+00:00","mainEntityOfPage":{"@id":"https:\/\/psol50.org.br\/manifestacao-das-elites\/"},"wordCount":889,"commentCount":0,"publisher":{"@id":"https:\/\/psol50.org.br\/#organization"},"articleSection":["Artigos"],"inLanguage":"pt-BR","potentialAction":[{"@type":"CommentAction","name":"Comment","target":["https:\/\/psol50.org.br\/manifestacao-das-elites\/#respond"]}]},{"@type":"WebPage","@id":"https:\/\/psol50.org.br\/manifestacao-das-elites\/","url":"https:\/\/psol50.org.br\/manifestacao-das-elites\/","name":"Manifesta\u00e7\u00e3o &quot;das elites\u201d? - PSOL 50","isPartOf":{"@id":"https:\/\/psol50.org.br\/#website"},"datePublished":"2015-03-11T00:00:00+00:00","breadcrumb":{"@id":"https:\/\/psol50.org.br\/manifestacao-das-elites\/#breadcrumb"},"inLanguage":"pt-BR","potentialAction":[{"@type":"ReadAction","target":["https:\/\/psol50.org.br\/manifestacao-das-elites\/"]}]},{"@type":"BreadcrumbList","@id":"https:\/\/psol50.org.br\/manifestacao-das-elites\/#breadcrumb","itemListElement":[{"@type":"ListItem","position":1,"name":"In\u00edcio","item":"https:\/\/psol50.org.br\/"},{"@type":"ListItem","position":2,"name":"Manifesta\u00e7\u00e3o &quot;das elites\u201d?"}]},{"@type":"WebSite","@id":"https:\/\/psol50.org.br\/#website","url":"https:\/\/psol50.org.br\/","name":"PSOL 50","description":"Site oficial do Partido Socialismo e Liberdade","publisher":{"@id":"https:\/\/psol50.org.br\/#organization"},"alternateName":"PSOL50","potentialAction":[{"@type":"SearchAction","target":{"@type":"EntryPoint","urlTemplate":"https:\/\/psol50.org.br\/?s={search_term_string}"},"query-input":{"@type":"PropertyValueSpecification","valueRequired":true,"valueName":"search_term_string"}}],"inLanguage":"pt-BR"},{"@type":"Organization","@id":"https:\/\/psol50.org.br\/#organization","name":"PSOL 50","alternateName":"PSOL 50","url":"https:\/\/psol50.org.br\/","logo":{"@type":"ImageObject","inLanguage":"pt-BR","@id":"https:\/\/psol50.org.br\/#\/schema\/logo\/image\/","url":"https:\/\/psol50.org.br\/inc\/uploads\/2018\/07\/capa.png","contentUrl":"https:\/\/psol50.org.br\/inc\/uploads\/2018\/07\/capa.png","width":1350,"height":900,"caption":"PSOL 50"},"image":{"@id":"https:\/\/psol50.org.br\/#\/schema\/logo\/image\/"},"sameAs":["https:\/\/www.facebook.com\/psol50","https:\/\/x.com\/psol50","https:\/\/www.instagram.com\/psol50\/","https:\/\/www.youtube.com\/channel\/UC7SnJS5o1os7a6CaiNabzcg"]},{"@type":"Person","@id":"https:\/\/psol50.org.br\/#\/schema\/person\/475dfa57d0b815993c714c2e96491fcd","name":"Comunica\u00e7\u00e3o PSOL","image":{"@type":"ImageObject","inLanguage":"pt-BR","@id":"https:\/\/psol50.org.br\/#\/schema\/person\/image\/","url":"https:\/\/secure.gravatar.com\/avatar\/b34fc4f4e468a4e51785917065a3db57b841f5c95dba6ad8c73aaf8f66f8f9bf?s=96&d=mm&r=g","contentUrl":"https:\/\/secure.gravatar.com\/avatar\/b34fc4f4e468a4e51785917065a3db57b841f5c95dba6ad8c73aaf8f66f8f9bf?s=96&d=mm&r=g","caption":"Comunica\u00e7\u00e3o PSOL"}}]}},"_links":{"self":[{"href":"https:\/\/psol50.org.br\/rest\/wp\/v2\/posts\/9770","targetHints":{"allow":["GET"]}}],"collection":[{"href":"https:\/\/psol50.org.br\/rest\/wp\/v2\/posts"}],"about":[{"href":"https:\/\/psol50.org.br\/rest\/wp\/v2\/types\/post"}],"author":[{"embeddable":true,"href":"https:\/\/psol50.org.br\/rest\/wp\/v2\/users\/2"}],"replies":[{"embeddable":true,"href":"https:\/\/psol50.org.br\/rest\/wp\/v2\/comments?post=9770"}],"version-history":[{"count":0,"href":"https:\/\/psol50.org.br\/rest\/wp\/v2\/posts\/9770\/revisions"}],"wp:attachment":[{"href":"https:\/\/psol50.org.br\/rest\/wp\/v2\/media?parent=9770"}],"wp:term":[{"taxonomy":"category","embeddable":true,"href":"https:\/\/psol50.org.br\/rest\/wp\/v2\/categories?post=9770"},{"taxonomy":"post_tag","embeddable":true,"href":"https:\/\/psol50.org.br\/rest\/wp\/v2\/tags?post=9770"}],"curies":[{"name":"wp","href":"https:\/\/api.w.org\/{rel}","templated":true}]}}