{"id":9778,"date":"2015-03-23T00:00:00","date_gmt":"2015-03-23T00:00:00","guid":{"rendered":"http:\/\/psol50.org.br\/arquivo\/2015\/03\/23\/a-inexplicavel-virtude-da-ignorancia\/"},"modified":"2015-03-23T00:00:00","modified_gmt":"2015-03-23T00:00:00","slug":"a-inexplicavel-virtude-da-ignorancia","status":"publish","type":"post","link":"https:\/\/psol50.org.br\/a-inexplicavel-virtude-da-ignorancia\/","title":{"rendered":"A inexplic\u00e1vel virtude da ignor\u00e2ncia"},"content":{"rendered":"<p style=\"text-align: justify;\">\n\t<span style=\"font-family:arial,helvetica,sans-serif;\"><span style=\"font-size:12px;\">Quando procuramos no dicion\u00e1rio o significado da palavra \u201cIGNOR\u00c2NCIA\u201d, encontramos algumas defini\u00e7\u00f5es: 1. Falta de conhecimento ou saber; 2. Falta de instru\u00e7\u00e3o.<br \/>\n\t&nbsp;<br \/>\n\tE \u00e9 exatamente a \u201cignor\u00e2ncia\u201d em seu significado mais concreto que permeou o comportamento de v\u00e1rios segmentos nos atos do dia 15 de mar\u00e7o, em faixas pedindo a volta da Ditadura Militar e no \u201cnacionalismo\u201d exacerbado que em muitos casos, faixas, falas e atos, beirou ao fascismo.<br \/>\n\t&nbsp;<br \/>\n\tE em meio \u00e0 confus\u00e3o de pautas controversas, de um emaranhado de sentimentos conservadores e cheios de \u201cfalta de conhecimento ou saber\u201d, a m\u00eddia (mais especificamente a TV Globo), fez quest\u00e3o de potencializar 3: O combate \u00e0 Corru\u00e7\u00e3o; impeachment e o Fora PT, que na verdade \u00e9 uma tentativa de desmoralizar e execrar toda a esquerda brasileira.<br \/>\n\t&nbsp;<br \/>\n\tO primeiro aspecto a se destacar \u00e9 que essa \u201cfalta de instru\u00e7\u00e3o\u201d e m\u00e1 f\u00e9 da m\u00eddia brasileira leva o povo a crer que o poss\u00edvel impeachment da presidente da Rep\u00fablica resolver\u00e1 o problema da corrup\u00e7\u00e3o. N\u00e3o resolver\u00e1! Precisamos entender que, e t\u00e1 a\u00ed o esc\u00e2ndalo da Petrobras para provar, o problema da corrup\u00e7\u00e3o est\u00e1 diretamente atrelada ao sistema pol\u00edtico arcaico e paternalista, onde o patroc\u00ednio de empreiteiras e multinacionais \u00e9 decisivo no resultado eleitoral. Sem resolver essa equa\u00e7\u00e3o, sem Reforma Pol\u00edtica, sem acabar com o financiamento privado de campanha, estaremos fadados a conviver, seja qual for o governo, com o aspecto sinistro da corrup\u00e7\u00e3o.<br \/>\n\t&nbsp;<br \/>\n\tJ\u00e1 o governo est\u00e1 totalmente nas cordas sem saber como reagir, e quando o faz \u00e9 de forma equivocada. Quem acompanhou a coletiva desastrosa dos porta-vozes do governo na noite p\u00f3s-manifesta\u00e7\u00f5es, teve a impress\u00e3o de que o governo perdeu a total capacidade de avaliar e entender o momento pol\u00edtico por que passa o pa\u00eds, ao mesmo tempo em que dava respostas vagas e sem profundidade, tentava desqualificar e deslegitimar o ato, afirmando que foram as pessoas que votaram no A\u00e9cio, inconscientemente ou n\u00e3o, fortalecendo ainda mais a malfadada \u201coposi\u00e7\u00e3o\u201d de direita, A\u00e9cio e, principalmente, ati\u00e7ando ainda mais a ira dos j\u00e1 raivosos manifestantes.<br \/>\n\t&nbsp;<br \/>\n\tO fato \u00e9 que a sa\u00edda que parte da esquerda defende, inclusive o autor deste texto, pela esquerda, n\u00e3o parece um cen\u00e1rio que tenha muita audi\u00eancia entre os manifestantes, pois o que se viu no domingo 15, entre a revolta e falta de coer\u00eancia que levaram as pessoas a pedir o fim da corrup\u00e7\u00e3o vestidos com a camisa da CBF, uma das institui\u00e7\u00f5es mais corruptas do pa\u00eds, foi cr\u00f4nica de um pa\u00eds que nos \u00faltimos anos avan\u00e7ou em algumas conquistas sociais, mas que involuiu na forma\u00e7\u00e3o pol\u00edtica, na educa\u00e7\u00e3o e principalmente no conceito de sociedade e democracia, n\u00e3o sabendo sequer o que significam.<br \/>\n\t&nbsp;<br \/>\n\tO governo petista perdeu o time da rea\u00e7\u00e3o h\u00e1 muito tempo, quando renovou todas as concess\u00f5es p\u00fablicas de comunica\u00e7\u00e3o, sem debater uma pol\u00edtica m\u00ednima de regula\u00e7\u00e3o e de cumprimento do papel social da m\u00eddia brasileira, quando resolveu tratar como aliados inimigos hist\u00f3ricos, quando abriu m\u00e3o de fazer a reforma pol\u00edtica, quando imobilizou os movimentos sociais, quando se assemelhou, nas pr\u00e1ticas e nas alian\u00e7as, \u00e0s velhas oligarquias que dominam o pa\u00eds desde 1500 e, o mais importante, quando abriu m\u00e3o de disputar a hegemonia. Mesmo com programas sociais importantes de distribui\u00e7\u00e3o de renda para as camadas mais pobres da sociedade, n\u00e3o conseguiu construir uma retaguarda pol\u00edtica e social que pudesse tomar as ruas agora em defesa dessas \u201cconquistas\u201d. Pelo contr\u00e1rio, o que se viu no dia 13 de mar\u00e7o, foi uma tentativa frustrada e desmoralizante de defesa do governo por representa\u00e7\u00f5es sindicais desacreditadas e enfraquecidas pelo imobilismo pol\u00edtico desses 12 anos de governo PT, que agora \u00e9 ref\u00e9m de suas escolhas e paga um pre\u00e7o alto por isso.<br \/>\n\t&nbsp;<br \/>\n\tO fato \u00e9 que n\u00e3o podemos ser ref\u00e9ns da \u201cignor\u00e2ncia\u201d, ser\u00e3o tempos dif\u00edceis e a hora \u00e9 de contrariar a l\u00f3gica da deseduca\u00e7\u00e3o e desinforma\u00e7\u00e3o, reafirmando que o caminho \u00e9 e sempre ser\u00e1 pela esquerda, defender pautas amargas e que a m\u00eddia tornar\u00e1 impopular, como a regula\u00e7\u00e3o da m\u00eddia, a reforma pol\u00edtica e a taxa\u00e7\u00e3o das grandes fortunas. \u00c9 hora de combater a propaga\u00e7\u00e3o das pautas conservadoras, que se disseminam na \u201cfalta de conhecimento\u201d da popula\u00e7\u00e3o e na m\u00e1-f\u00e9 de quem informa a sociedade, de quem nos bombardeia de informa\u00e7\u00f5es manipuladas todos os dias e nos faz acreditar que ignor\u00e2ncia \u00e9 uma virtude.<br \/>\n\t&nbsp;<\/span><\/span><\/p>\n","protected":false},"excerpt":{"rendered":"<p>Quando procuramos no dicion\u00e1rio o significado da palavra \u201cIGNOR\u00c2NCIA\u201d, encontramos algumas defini\u00e7\u00f5es: 1. Falta de conhecimento ou saber; 2. Falta de instru\u00e7\u00e3o. &nbsp; E \u00e9 exatamente a \u201cignor\u00e2ncia\u201d em seu significado mais concreto que permeou o comportamento de v\u00e1rios segmentos nos atos do dia 15 de mar\u00e7o, em faixas pedindo a volta da Ditadura Militar [&hellip;]<\/p>\n","protected":false},"author":2,"featured_media":0,"comment_status":"open","ping_status":"open","sticky":false,"template":"","format":"standard","meta":{"_acf_changed":false,"footnotes":""},"categories":[3],"tags":[2439],"class_list":{"0":"post-9778","1":"post","2":"type-post","3":"status-publish","4":"format-standard","6":"category-artigos-e-entrevistas","7":"tag-maykom-magalhaes"},"acf":[],"yoast_head":"<!-- This site is optimized with the Yoast SEO plugin v26.5 - https:\/\/yoast.com\/wordpress\/plugins\/seo\/ -->\n<title>A inexplic\u00e1vel virtude da ignor\u00e2ncia - PSOL 50<\/title>\n<meta name=\"robots\" content=\"index, follow, max-snippet:-1, max-image-preview:large, max-video-preview:-1\" \/>\n<link rel=\"canonical\" href=\"https:\/\/psol50.org.br\/a-inexplicavel-virtude-da-ignorancia\/\" \/>\n<meta property=\"og:locale\" content=\"pt_BR\" \/>\n<meta property=\"og:type\" content=\"article\" \/>\n<meta property=\"og:title\" content=\"A inexplic\u00e1vel virtude da ignor\u00e2ncia - PSOL 50\" \/>\n<meta property=\"og:description\" content=\"Quando procuramos no dicion\u00e1rio o significado da palavra \u201cIGNOR\u00c2NCIA\u201d, encontramos algumas defini\u00e7\u00f5es: 1. Falta de conhecimento ou saber; 2. Falta de instru\u00e7\u00e3o. &nbsp; E \u00e9 exatamente a \u201cignor\u00e2ncia\u201d em seu significado mais concreto que permeou o comportamento de v\u00e1rios segmentos nos atos do dia 15 de mar\u00e7o, em faixas pedindo a volta da Ditadura Militar [&hellip;]\" \/>\n<meta property=\"og:url\" content=\"https:\/\/psol50.org.br\/a-inexplicavel-virtude-da-ignorancia\/\" \/>\n<meta property=\"og:site_name\" content=\"PSOL 50\" \/>\n<meta property=\"article:publisher\" content=\"https:\/\/www.facebook.com\/psol50\" \/>\n<meta property=\"article:published_time\" content=\"2015-03-23T00:00:00+00:00\" \/>\n<meta property=\"og:image\" content=\"https:\/\/psol50.org.br\/inc\/uploads\/2018\/07\/capa.png\" \/>\n\t<meta property=\"og:image:width\" content=\"1350\" \/>\n\t<meta property=\"og:image:height\" content=\"900\" \/>\n\t<meta property=\"og:image:type\" content=\"image\/png\" \/>\n<meta name=\"author\" content=\"Comunica\u00e7\u00e3o PSOL\" \/>\n<meta name=\"twitter:card\" content=\"summary_large_image\" \/>\n<meta name=\"twitter:creator\" content=\"@psol50\" \/>\n<meta name=\"twitter:site\" content=\"@psol50\" \/>\n<meta name=\"twitter:label1\" content=\"Escrito por\" \/>\n\t<meta name=\"twitter:data1\" content=\"Comunica\u00e7\u00e3o PSOL\" \/>\n\t<meta name=\"twitter:label2\" content=\"Est. tempo de leitura\" \/>\n\t<meta name=\"twitter:data2\" content=\"4 minutos\" \/>\n<script type=\"application\/ld+json\" class=\"yoast-schema-graph\">{\"@context\":\"https:\/\/schema.org\",\"@graph\":[{\"@type\":\"Article\",\"@id\":\"https:\/\/psol50.org.br\/a-inexplicavel-virtude-da-ignorancia\/#article\",\"isPartOf\":{\"@id\":\"https:\/\/psol50.org.br\/a-inexplicavel-virtude-da-ignorancia\/\"},\"author\":{\"name\":\"Comunica\u00e7\u00e3o PSOL\",\"@id\":\"https:\/\/psol50.org.br\/#\/schema\/person\/475dfa57d0b815993c714c2e96491fcd\"},\"headline\":\"A inexplic\u00e1vel virtude da ignor\u00e2ncia\",\"datePublished\":\"2015-03-23T00:00:00+00:00\",\"mainEntityOfPage\":{\"@id\":\"https:\/\/psol50.org.br\/a-inexplicavel-virtude-da-ignorancia\/\"},\"wordCount\":791,\"commentCount\":0,\"publisher\":{\"@id\":\"https:\/\/psol50.org.br\/#organization\"},\"keywords\":[\"Maykom Magalh\u00e3es\"],\"articleSection\":[\"Artigos\"],\"inLanguage\":\"pt-BR\",\"potentialAction\":[{\"@type\":\"CommentAction\",\"name\":\"Comment\",\"target\":[\"https:\/\/psol50.org.br\/a-inexplicavel-virtude-da-ignorancia\/#respond\"]}]},{\"@type\":\"WebPage\",\"@id\":\"https:\/\/psol50.org.br\/a-inexplicavel-virtude-da-ignorancia\/\",\"url\":\"https:\/\/psol50.org.br\/a-inexplicavel-virtude-da-ignorancia\/\",\"name\":\"A inexplic\u00e1vel virtude da ignor\u00e2ncia - PSOL 50\",\"isPartOf\":{\"@id\":\"https:\/\/psol50.org.br\/#website\"},\"datePublished\":\"2015-03-23T00:00:00+00:00\",\"breadcrumb\":{\"@id\":\"https:\/\/psol50.org.br\/a-inexplicavel-virtude-da-ignorancia\/#breadcrumb\"},\"inLanguage\":\"pt-BR\",\"potentialAction\":[{\"@type\":\"ReadAction\",\"target\":[\"https:\/\/psol50.org.br\/a-inexplicavel-virtude-da-ignorancia\/\"]}]},{\"@type\":\"BreadcrumbList\",\"@id\":\"https:\/\/psol50.org.br\/a-inexplicavel-virtude-da-ignorancia\/#breadcrumb\",\"itemListElement\":[{\"@type\":\"ListItem\",\"position\":1,\"name\":\"In\u00edcio\",\"item\":\"https:\/\/psol50.org.br\/\"},{\"@type\":\"ListItem\",\"position\":2,\"name\":\"A inexplic\u00e1vel virtude da ignor\u00e2ncia\"}]},{\"@type\":\"WebSite\",\"@id\":\"https:\/\/psol50.org.br\/#website\",\"url\":\"https:\/\/psol50.org.br\/\",\"name\":\"PSOL 50\",\"description\":\"Site oficial do Partido Socialismo e Liberdade\",\"publisher\":{\"@id\":\"https:\/\/psol50.org.br\/#organization\"},\"alternateName\":\"PSOL50\",\"potentialAction\":[{\"@type\":\"SearchAction\",\"target\":{\"@type\":\"EntryPoint\",\"urlTemplate\":\"https:\/\/psol50.org.br\/?s={search_term_string}\"},\"query-input\":{\"@type\":\"PropertyValueSpecification\",\"valueRequired\":true,\"valueName\":\"search_term_string\"}}],\"inLanguage\":\"pt-BR\"},{\"@type\":\"Organization\",\"@id\":\"https:\/\/psol50.org.br\/#organization\",\"name\":\"PSOL 50\",\"alternateName\":\"PSOL 50\",\"url\":\"https:\/\/psol50.org.br\/\",\"logo\":{\"@type\":\"ImageObject\",\"inLanguage\":\"pt-BR\",\"@id\":\"https:\/\/psol50.org.br\/#\/schema\/logo\/image\/\",\"url\":\"https:\/\/psol50.org.br\/inc\/uploads\/2018\/07\/capa.png\",\"contentUrl\":\"https:\/\/psol50.org.br\/inc\/uploads\/2018\/07\/capa.png\",\"width\":1350,\"height\":900,\"caption\":\"PSOL 50\"},\"image\":{\"@id\":\"https:\/\/psol50.org.br\/#\/schema\/logo\/image\/\"},\"sameAs\":[\"https:\/\/www.facebook.com\/psol50\",\"https:\/\/x.com\/psol50\",\"https:\/\/www.instagram.com\/psol50\/\",\"https:\/\/www.youtube.com\/channel\/UC7SnJS5o1os7a6CaiNabzcg\"]},{\"@type\":\"Person\",\"@id\":\"https:\/\/psol50.org.br\/#\/schema\/person\/475dfa57d0b815993c714c2e96491fcd\",\"name\":\"Comunica\u00e7\u00e3o PSOL\",\"image\":{\"@type\":\"ImageObject\",\"inLanguage\":\"pt-BR\",\"@id\":\"https:\/\/psol50.org.br\/#\/schema\/person\/image\/\",\"url\":\"https:\/\/secure.gravatar.com\/avatar\/b34fc4f4e468a4e51785917065a3db57b841f5c95dba6ad8c73aaf8f66f8f9bf?s=96&d=mm&r=g\",\"contentUrl\":\"https:\/\/secure.gravatar.com\/avatar\/b34fc4f4e468a4e51785917065a3db57b841f5c95dba6ad8c73aaf8f66f8f9bf?s=96&d=mm&r=g\",\"caption\":\"Comunica\u00e7\u00e3o PSOL\"}}]}<\/script>\n<!-- \/ Yoast SEO plugin. -->","yoast_head_json":{"title":"A inexplic\u00e1vel virtude da ignor\u00e2ncia - PSOL 50","robots":{"index":"index","follow":"follow","max-snippet":"max-snippet:-1","max-image-preview":"max-image-preview:large","max-video-preview":"max-video-preview:-1"},"canonical":"https:\/\/psol50.org.br\/a-inexplicavel-virtude-da-ignorancia\/","og_locale":"pt_BR","og_type":"article","og_title":"A inexplic\u00e1vel virtude da ignor\u00e2ncia - PSOL 50","og_description":"Quando procuramos no dicion\u00e1rio o significado da palavra \u201cIGNOR\u00c2NCIA\u201d, encontramos algumas defini\u00e7\u00f5es: 1. Falta de conhecimento ou saber; 2. Falta de instru\u00e7\u00e3o. &nbsp; E \u00e9 exatamente a \u201cignor\u00e2ncia\u201d em seu significado mais concreto que permeou o comportamento de v\u00e1rios segmentos nos atos do dia 15 de mar\u00e7o, em faixas pedindo a volta da Ditadura Militar [&hellip;]","og_url":"https:\/\/psol50.org.br\/a-inexplicavel-virtude-da-ignorancia\/","og_site_name":"PSOL 50","article_publisher":"https:\/\/www.facebook.com\/psol50","article_published_time":"2015-03-23T00:00:00+00:00","og_image":[{"width":1350,"height":900,"url":"https:\/\/psol50.org.br\/inc\/uploads\/2018\/07\/capa.png","type":"image\/png"}],"author":"Comunica\u00e7\u00e3o PSOL","twitter_card":"summary_large_image","twitter_creator":"@psol50","twitter_site":"@psol50","twitter_misc":{"Escrito por":"Comunica\u00e7\u00e3o PSOL","Est. tempo de leitura":"4 minutos"},"schema":{"@context":"https:\/\/schema.org","@graph":[{"@type":"Article","@id":"https:\/\/psol50.org.br\/a-inexplicavel-virtude-da-ignorancia\/#article","isPartOf":{"@id":"https:\/\/psol50.org.br\/a-inexplicavel-virtude-da-ignorancia\/"},"author":{"name":"Comunica\u00e7\u00e3o PSOL","@id":"https:\/\/psol50.org.br\/#\/schema\/person\/475dfa57d0b815993c714c2e96491fcd"},"headline":"A inexplic\u00e1vel virtude da ignor\u00e2ncia","datePublished":"2015-03-23T00:00:00+00:00","mainEntityOfPage":{"@id":"https:\/\/psol50.org.br\/a-inexplicavel-virtude-da-ignorancia\/"},"wordCount":791,"commentCount":0,"publisher":{"@id":"https:\/\/psol50.org.br\/#organization"},"keywords":["Maykom Magalh\u00e3es"],"articleSection":["Artigos"],"inLanguage":"pt-BR","potentialAction":[{"@type":"CommentAction","name":"Comment","target":["https:\/\/psol50.org.br\/a-inexplicavel-virtude-da-ignorancia\/#respond"]}]},{"@type":"WebPage","@id":"https:\/\/psol50.org.br\/a-inexplicavel-virtude-da-ignorancia\/","url":"https:\/\/psol50.org.br\/a-inexplicavel-virtude-da-ignorancia\/","name":"A inexplic\u00e1vel virtude da ignor\u00e2ncia - PSOL 50","isPartOf":{"@id":"https:\/\/psol50.org.br\/#website"},"datePublished":"2015-03-23T00:00:00+00:00","breadcrumb":{"@id":"https:\/\/psol50.org.br\/a-inexplicavel-virtude-da-ignorancia\/#breadcrumb"},"inLanguage":"pt-BR","potentialAction":[{"@type":"ReadAction","target":["https:\/\/psol50.org.br\/a-inexplicavel-virtude-da-ignorancia\/"]}]},{"@type":"BreadcrumbList","@id":"https:\/\/psol50.org.br\/a-inexplicavel-virtude-da-ignorancia\/#breadcrumb","itemListElement":[{"@type":"ListItem","position":1,"name":"In\u00edcio","item":"https:\/\/psol50.org.br\/"},{"@type":"ListItem","position":2,"name":"A inexplic\u00e1vel virtude da ignor\u00e2ncia"}]},{"@type":"WebSite","@id":"https:\/\/psol50.org.br\/#website","url":"https:\/\/psol50.org.br\/","name":"PSOL 50","description":"Site oficial do Partido Socialismo e Liberdade","publisher":{"@id":"https:\/\/psol50.org.br\/#organization"},"alternateName":"PSOL50","potentialAction":[{"@type":"SearchAction","target":{"@type":"EntryPoint","urlTemplate":"https:\/\/psol50.org.br\/?s={search_term_string}"},"query-input":{"@type":"PropertyValueSpecification","valueRequired":true,"valueName":"search_term_string"}}],"inLanguage":"pt-BR"},{"@type":"Organization","@id":"https:\/\/psol50.org.br\/#organization","name":"PSOL 50","alternateName":"PSOL 50","url":"https:\/\/psol50.org.br\/","logo":{"@type":"ImageObject","inLanguage":"pt-BR","@id":"https:\/\/psol50.org.br\/#\/schema\/logo\/image\/","url":"https:\/\/psol50.org.br\/inc\/uploads\/2018\/07\/capa.png","contentUrl":"https:\/\/psol50.org.br\/inc\/uploads\/2018\/07\/capa.png","width":1350,"height":900,"caption":"PSOL 50"},"image":{"@id":"https:\/\/psol50.org.br\/#\/schema\/logo\/image\/"},"sameAs":["https:\/\/www.facebook.com\/psol50","https:\/\/x.com\/psol50","https:\/\/www.instagram.com\/psol50\/","https:\/\/www.youtube.com\/channel\/UC7SnJS5o1os7a6CaiNabzcg"]},{"@type":"Person","@id":"https:\/\/psol50.org.br\/#\/schema\/person\/475dfa57d0b815993c714c2e96491fcd","name":"Comunica\u00e7\u00e3o PSOL","image":{"@type":"ImageObject","inLanguage":"pt-BR","@id":"https:\/\/psol50.org.br\/#\/schema\/person\/image\/","url":"https:\/\/secure.gravatar.com\/avatar\/b34fc4f4e468a4e51785917065a3db57b841f5c95dba6ad8c73aaf8f66f8f9bf?s=96&d=mm&r=g","contentUrl":"https:\/\/secure.gravatar.com\/avatar\/b34fc4f4e468a4e51785917065a3db57b841f5c95dba6ad8c73aaf8f66f8f9bf?s=96&d=mm&r=g","caption":"Comunica\u00e7\u00e3o PSOL"}}]}},"_links":{"self":[{"href":"https:\/\/psol50.org.br\/rest\/wp\/v2\/posts\/9778","targetHints":{"allow":["GET"]}}],"collection":[{"href":"https:\/\/psol50.org.br\/rest\/wp\/v2\/posts"}],"about":[{"href":"https:\/\/psol50.org.br\/rest\/wp\/v2\/types\/post"}],"author":[{"embeddable":true,"href":"https:\/\/psol50.org.br\/rest\/wp\/v2\/users\/2"}],"replies":[{"embeddable":true,"href":"https:\/\/psol50.org.br\/rest\/wp\/v2\/comments?post=9778"}],"version-history":[{"count":0,"href":"https:\/\/psol50.org.br\/rest\/wp\/v2\/posts\/9778\/revisions"}],"wp:attachment":[{"href":"https:\/\/psol50.org.br\/rest\/wp\/v2\/media?parent=9778"}],"wp:term":[{"taxonomy":"category","embeddable":true,"href":"https:\/\/psol50.org.br\/rest\/wp\/v2\/categories?post=9778"},{"taxonomy":"post_tag","embeddable":true,"href":"https:\/\/psol50.org.br\/rest\/wp\/v2\/tags?post=9778"}],"curies":[{"name":"wp","href":"https:\/\/api.w.org\/{rel}","templated":true}]}}