{"id":9779,"date":"2015-03-24T00:00:00","date_gmt":"2015-03-24T00:00:00","guid":{"rendered":"http:\/\/psol50.org.br\/arquivo\/2015\/03\/24\/lula-o-cerberus-da-politica-brasileira\/"},"modified":"2015-03-24T00:00:00","modified_gmt":"2015-03-24T00:00:00","slug":"lula-o-cerberus-da-politica-brasileira","status":"publish","type":"post","link":"https:\/\/psol50.org.br\/lula-o-cerberus-da-politica-brasileira\/","title":{"rendered":"Lula, o cerberus da pol\u00edtica brasileira*"},"content":{"rendered":"<p align=\"JUSTIFY\" class=\"western\" style=\"margin-top: 0cm; margin-bottom: 0cm;\">\n\t<span style=\"font-size:12px;\"><font color=\"#000000\"><font face=\"Arial, sans-serif\">As crises, como soube demonstrar de modo did\u00e1tico o velho Marx, t\u00eam a tr\u00e1gica d\u00e1diva de separar o real do ilus\u00f3rio, trazendo \u00e0 superf\u00edcie o que estava encoberto sob a apar\u00eancia de normalidade. Se j\u00e1 n\u00e3o esteve suficientemente evidente ao longo de sua trajet\u00f3ria pol\u00edtica, em especial nos \u00faltimos 13 anos, o momento dif\u00edcil pelo qual passa o pa\u00eds atualmente, desnuda com especial clareza o papel de um importante ator na cena pol\u00edtica brasileira: Lula.<\/font><\/font><\/p>\n<p>\t<font color=\"#000000\"><font face=\"Arial, sans-serif\">Poucas d\u00favidas restam quanto \u00e0 sua disposi\u00e7\u00e3o para voltar ao centro da disputa eleitoral em 2018. E n\u00e3o se trata apenas de vontade pessoal. Seu partido n\u00e3o tem outra op\u00e7\u00e3o. Emparedado pela conjuntura, tendo de gestar a duras penas um pacto pol\u00edtico-social que desmorona; apenas assentado no incompar\u00e1vel carisma, influ\u00eancia e habilidade pol\u00edtica de seu l\u00edder hist\u00f3rico, o Partido dos Trabalhadores tem alguma chance de concorrer de modo competitivo \u00e0 Presid\u00eancia. Pudera. Em volta do ex-presidente nada, nenhuma alternativa real, pode de fato surgir e florescer no interior do PT. \u00c9 a pr\u00f3pria monumentalidade de Lula \u2013 como gestor habilidoso de interesses hegem\u00f4nicos \u2013 que tamb\u00e9m impede a produ\u00e7\u00e3o do novo em seu interior.<\/font><\/font><\/p>\n<p>\t<font color=\"#000000\"><font face=\"Arial, sans-serif\">Eis a maldi\u00e7\u00e3o do bonapartismo lulista: se \u00e9 verdade que o PT n\u00e3o pode ser concebido atualmente sem ele, \u00e9 igualmente verdadeiro que tudo em que o ex-presidente toca acaba por morrer cedo ou tarde. Em seu nome \u2013 que ao longo dos anos deixou de ser meio para se tornar o pr\u00f3prio fim da pol\u00edtica petista, como meton\u00edmia da busca pela manuten\u00e7\u00e3o do poder \u00e0 qualquer custo, tombaram quadros hist\u00f3ricos, e \u00e9 sobretudo em seu entorno que se articula a blindagem que ora assistimos no \u00e2mbito da Opera\u00e7\u00e3o Lava Jato. Aponta-se, dessa forma, uma amarga contradi\u00e7\u00e3o: como sin\u00f4nimo de sua salva\u00e7\u00e3o, Lula \u00e9 o maior agente da atual desgra\u00e7a petista.<\/font><\/font><\/p>\n<p>\t<font color=\"#000000\"><font face=\"Arial, sans-serif\">Nos \u00faltimos meses, sua condi\u00e7\u00e3o de cerberus da pol\u00edtica brasileira desnudou-se com eloqu\u00eancia. De modo veloz, quase ansioso, nas mil rota\u00e7\u00f5es por minuto que exigem a gest\u00e3o de qualquer crise, Lula se fez tric\u00e9falo. Como generoso agente da banca, enquanto silenciava sobre a criminosa evas\u00e3o de divisas de rica\u00e7os brasileiros no HSBC su\u00ed\u00e7o \u2013 muitos deles financiadores de campanhas eleitorais, \u201cenquadrou\u201d seu partido para que aceitasse, sem grita, as medidas de ajuste e austeridade levadas a cabo pelo \u201cChicago boy\u201d e ex-FMI Joaquim Levy. N\u00e3o \u00e9 demais lembrar que, nas \u00faltimas elei\u00e7\u00f5es, entre os agitadores do \u201cvolta Lula\u201d nos bastidores estiveram proeminentes representantes de grandes institui\u00e7\u00f5es financeiras. Igualmente, como interlocutor junto ao mais atrelado ao Estado dos setores da ind\u00fastria produtiva no Brasil, achegou-se das empreiteiras, em especial da Odebrecht, nos jatinhos de quem, sabemos, o ex-presidente \u00e9 presen\u00e7a cativa. Por fim, posou em abra\u00e7o com Guilherme Boulos do MTST na entrega de casas do programa Minha Casa Minha Vida, subiu em palanques com sindicalistas em \u201cdefesa\u201d da Petrobras e convocou o MST \u2013 o \u201cex\u00e9rcito de Jo\u00e3o Pedro St\u00e9dile\u201d \u2013 para a \u201cguerra\u201d.<\/font><\/font><\/p>\n<p>\t<font color=\"#000000\"><font face=\"Arial, sans-serif\">Em nome de quem combate o cerberus Lula? De que lado est\u00e1? Dos bancos, do capital produtivo e das empreiteiras, ou dos movimentos sociais? Talvez acredite, como antes, ser poss\u00edvel agradar a todos. H\u00e1, no entanto, evidentes contradi\u00e7\u00f5es de interesses entre tais setores, especialmente agora. Em tempos de aperto, de recrudescimento dos antagonismos econ\u00f4micos, pol\u00edticos e sociais, em quais sa\u00eddas apostar\u00e1 realmente? Qual de suas cabe\u00e7as diz a verdade, por meio de qual delas mente e confunde?<\/font><\/font><\/p>\n<p>\t<font color=\"#000000\"><font face=\"Arial, sans-serif\">Por mais curioso que pare\u00e7a, a resposta n\u00e3o pode ser outra: em todas e em nenhuma delas. \u00c9 justamente essa aparente \u201cambiguidade\u201d que faz de Lula e do PT o que s\u00e3o: o encantamento fatal, como um p\u00eandulo, do mito em torno da eterna e irremedi\u00e1vel \u201ccontradi\u00e7\u00e3o\u201d, da figura, do partido e do governo para sempre \u201cem disputa\u201d, ainda que mantendo, ao fim e ao cabo, e de modo indefinido, intocada a grave estrutura econ\u00f4mica e social do pa\u00eds. \u00c9, pois, falando, ao mesmo tempo, para todos esses setores e para nenhum deles que Lula habilmente mant\u00e9m-se como o coringa da pol\u00edtica brasileira, a carta na manga a ser utilizada no momento necess\u00e1rio.<\/font><\/font><\/p>\n<p>\t<font color=\"#000000\"><font face=\"Arial, sans-serif\">O plano, como meton\u00edmia da pr\u00f3pria trajet\u00f3ria dos governos petistas anteriores, est\u00e1 tra\u00e7ado: dois anos de duro ajuste econ\u00f4mico e concess\u00f5es \u00e0 banca, dois anos de acenos ao setor produtivo e movimentos sociais. Aumento de popularidade. Manuten\u00e7\u00e3o no poder. Tudo muda para permanecer exatamente como antes. Mas os tempos s\u00e3o outros. Nenhuma f\u00f3rmula \u00e9 eterna e o mar n\u00e3o est\u00e1 para peixe. Pouca coisa indica que tal aposta ser\u00e1 bem-sucedida novamente. Em tempos extremos, algu\u00e9m ter\u00e1 de ceder. \u00c9 tamb\u00e9m por isso que a cabe\u00e7a (ou as cabe\u00e7as) de Lula \u00e9 o pr\u00eamio mais desejado pela oposi\u00e7\u00e3o \u00e0 direita, t\u00e3o bem vocalizada nos microfones na m\u00eddia oligopolista. Por mais previs\u00edvel que a aposta pare\u00e7a a se julgar pelo passado recente, ningu\u00e9m quer aceitar mais o risco de pagar para ver. A verdade \u00e9 que, ainda que isso as tenha favorecido de modo not\u00e1vel, as elites brasileiras, em especial a financeira, cansaram-se de conversar com um bicho de tr\u00eas cabe\u00e7as, querem uma cabe\u00e7a s\u00f3: a sua pr\u00f3pria cabe\u00e7a.<\/font><\/font><\/p>\n<p>\t<font color=\"#000000\"><font face=\"Arial, sans-serif\">Diante desse emparedamento, algo parece claro: desejando-as genuinamente ou n\u00e3o, Lula e o PT j\u00e1 mostraram que est\u00e3o dispostos a sacrificar pouco ou quase nada pelas ditas \u201creformas estruturais\u201d, t\u00e3o necess\u00e1rias para superar o c\u00edrculo vicioso de depend\u00eancia, vulnerabilidade e subdesenvolvimento em que historicamente estamos aprisionados. A \u201cFrente de lutas pelas reformas estruturais\u201d, salutar iniciativa que ora se desenha com a participa\u00e7\u00e3o de partidos de esquerda, sindicados e movimentos sociais corre, portanto, s\u00e9rio risco de ser capturada, simb\u00f3lica ou faticamente, como trincheira de defesa de um governo desgastado ou como mais um palanque para promessas eleitorais vazias, novamente tra\u00eddas. \u00c9 o que quer o lulismo.<\/font><\/font><\/p>\n<p>\t<font color=\"#000000\"><font face=\"Arial, sans-serif\">Quanto aos rumos da esquerda de fato diante dessa eterna espera por Godot, o outro lado do Atl\u00e2ntico tem fornecido algumas boas dicas: \u201cque se vayan todos\u201d. J\u00e1 cruzamos o limite do absurdo. A direita neoliberal, e as velhas \u201cesquerdas\u201d que, no governo, aplicam de modo an\u00e1logo seu pacote de maldades devem ser tratadas igualmente e n\u00e3o como diferentes faces de um \u201cmal menor\u201d nas bordas do atual arranjo de poder. Precisamos, com di\u00e1logo verdadeiro e sem sectarismos, mostrar \u00e0 sociedade brasileira que h\u00e1 sa\u00eddas reais, concretas e s\u00f3lidas \u00e0 esquerda da ordem para o atoleiro em que estamos metidos, alternativas que coloquem as pessoas e as necessidades sociais em seu centro, que fa\u00e7am os que tem muito retornar o que obtiverem da sociedade em prol dos quem tem menos e que, ao contr\u00e1rio daqueles, sempre pagam a conta dos \u201cmomentos dif\u00edceis\u201d do pa\u00eds desde o seu in\u00edcio. Por mais que um suposto senso de \u201cresponsabilidade hist\u00f3rica\u201d tenha eventualmente nos colocado no mesmo palanque de cerberus quaisquer, neste momento a pol\u00edtica e a popula\u00e7\u00e3o brasileira pedem distin\u00e7\u00f5es claras. J\u00e1 passou da hora de sermos apenas uma voz, forte e un\u00edssona: a voz dissonante.<\/font><\/font><\/span><\/p>\n<p>\t<span style=\"font-size:12px;\"><font color=\"#000000\"><font face=\"Arial, sans-serif\">*<em>Artigo originalmente publicado no blog da <a href=\"http:\/\/blogdaboitempo.com.br\/2015\/03\/11\/lula-o-cerberus-da-politica-brasileira\/\">Boitempo<\/a><\/em>.<\/font><\/font><\/span><\/p>\n<p style=\"margin-bottom: 0cm\">\n\t&nbsp;<\/p>\n","protected":false},"excerpt":{"rendered":"<p>As crises, como soube demonstrar de modo did\u00e1tico o velho Marx, t\u00eam a tr\u00e1gica d\u00e1diva de separar o real do ilus\u00f3rio, trazendo \u00e0 superf\u00edcie o que estava encoberto sob a apar\u00eancia de normalidade. Se j\u00e1 n\u00e3o esteve suficientemente evidente ao longo de sua trajet\u00f3ria pol\u00edtica, em especial nos \u00faltimos 13 anos, o momento dif\u00edcil pelo [&hellip;]<\/p>\n","protected":false},"author":2,"featured_media":0,"comment_status":"open","ping_status":"open","sticky":false,"template":"","format":"standard","meta":{"_acf_changed":false,"footnotes":""},"categories":[3],"tags":[],"class_list":{"0":"post-9779","1":"post","2":"type-post","3":"status-publish","4":"format-standard","6":"category-artigos-e-entrevistas"},"acf":[],"yoast_head":"<!-- This site is optimized with the Yoast SEO plugin v26.5 - https:\/\/yoast.com\/wordpress\/plugins\/seo\/ -->\n<title>Lula, o cerberus da pol\u00edtica brasileira* - PSOL 50<\/title>\n<meta name=\"robots\" content=\"index, follow, max-snippet:-1, max-image-preview:large, max-video-preview:-1\" \/>\n<link rel=\"canonical\" href=\"https:\/\/psol50.org.br\/lula-o-cerberus-da-politica-brasileira\/\" \/>\n<meta property=\"og:locale\" content=\"pt_BR\" \/>\n<meta property=\"og:type\" content=\"article\" \/>\n<meta property=\"og:title\" content=\"Lula, o cerberus da pol\u00edtica brasileira* - PSOL 50\" \/>\n<meta property=\"og:description\" content=\"As crises, como soube demonstrar de modo did\u00e1tico o velho Marx, t\u00eam a tr\u00e1gica d\u00e1diva de separar o real do ilus\u00f3rio, trazendo \u00e0 superf\u00edcie o que estava encoberto sob a apar\u00eancia de normalidade. Se j\u00e1 n\u00e3o esteve suficientemente evidente ao longo de sua trajet\u00f3ria pol\u00edtica, em especial nos \u00faltimos 13 anos, o momento dif\u00edcil pelo [&hellip;]\" \/>\n<meta property=\"og:url\" content=\"https:\/\/psol50.org.br\/lula-o-cerberus-da-politica-brasileira\/\" \/>\n<meta property=\"og:site_name\" content=\"PSOL 50\" \/>\n<meta property=\"article:publisher\" content=\"https:\/\/www.facebook.com\/psol50\" \/>\n<meta property=\"article:published_time\" content=\"2015-03-24T00:00:00+00:00\" \/>\n<meta property=\"og:image\" content=\"https:\/\/psol50.org.br\/inc\/uploads\/2018\/07\/capa.png\" \/>\n\t<meta property=\"og:image:width\" content=\"1350\" \/>\n\t<meta property=\"og:image:height\" content=\"900\" \/>\n\t<meta property=\"og:image:type\" content=\"image\/png\" \/>\n<meta name=\"author\" content=\"Comunica\u00e7\u00e3o PSOL\" \/>\n<meta name=\"twitter:card\" content=\"summary_large_image\" \/>\n<meta name=\"twitter:creator\" content=\"@psol50\" \/>\n<meta name=\"twitter:site\" content=\"@psol50\" \/>\n<meta name=\"twitter:label1\" content=\"Escrito por\" \/>\n\t<meta name=\"twitter:data1\" content=\"Comunica\u00e7\u00e3o PSOL\" \/>\n\t<meta name=\"twitter:label2\" content=\"Est. tempo de leitura\" \/>\n\t<meta name=\"twitter:data2\" content=\"6 minutos\" \/>\n<script type=\"application\/ld+json\" class=\"yoast-schema-graph\">{\"@context\":\"https:\/\/schema.org\",\"@graph\":[{\"@type\":\"Article\",\"@id\":\"https:\/\/psol50.org.br\/lula-o-cerberus-da-politica-brasileira\/#article\",\"isPartOf\":{\"@id\":\"https:\/\/psol50.org.br\/lula-o-cerberus-da-politica-brasileira\/\"},\"author\":{\"name\":\"Comunica\u00e7\u00e3o PSOL\",\"@id\":\"https:\/\/psol50.org.br\/#\/schema\/person\/475dfa57d0b815993c714c2e96491fcd\"},\"headline\":\"Lula, o cerberus da pol\u00edtica brasileira*\",\"datePublished\":\"2015-03-24T00:00:00+00:00\",\"mainEntityOfPage\":{\"@id\":\"https:\/\/psol50.org.br\/lula-o-cerberus-da-politica-brasileira\/\"},\"wordCount\":1253,\"commentCount\":0,\"publisher\":{\"@id\":\"https:\/\/psol50.org.br\/#organization\"},\"articleSection\":[\"Artigos\"],\"inLanguage\":\"pt-BR\",\"potentialAction\":[{\"@type\":\"CommentAction\",\"name\":\"Comment\",\"target\":[\"https:\/\/psol50.org.br\/lula-o-cerberus-da-politica-brasileira\/#respond\"]}]},{\"@type\":\"WebPage\",\"@id\":\"https:\/\/psol50.org.br\/lula-o-cerberus-da-politica-brasileira\/\",\"url\":\"https:\/\/psol50.org.br\/lula-o-cerberus-da-politica-brasileira\/\",\"name\":\"Lula, o cerberus da pol\u00edtica brasileira* - PSOL 50\",\"isPartOf\":{\"@id\":\"https:\/\/psol50.org.br\/#website\"},\"datePublished\":\"2015-03-24T00:00:00+00:00\",\"breadcrumb\":{\"@id\":\"https:\/\/psol50.org.br\/lula-o-cerberus-da-politica-brasileira\/#breadcrumb\"},\"inLanguage\":\"pt-BR\",\"potentialAction\":[{\"@type\":\"ReadAction\",\"target\":[\"https:\/\/psol50.org.br\/lula-o-cerberus-da-politica-brasileira\/\"]}]},{\"@type\":\"BreadcrumbList\",\"@id\":\"https:\/\/psol50.org.br\/lula-o-cerberus-da-politica-brasileira\/#breadcrumb\",\"itemListElement\":[{\"@type\":\"ListItem\",\"position\":1,\"name\":\"In\u00edcio\",\"item\":\"https:\/\/psol50.org.br\/\"},{\"@type\":\"ListItem\",\"position\":2,\"name\":\"Lula, o cerberus da pol\u00edtica brasileira*\"}]},{\"@type\":\"WebSite\",\"@id\":\"https:\/\/psol50.org.br\/#website\",\"url\":\"https:\/\/psol50.org.br\/\",\"name\":\"PSOL 50\",\"description\":\"Site oficial do Partido Socialismo e Liberdade\",\"publisher\":{\"@id\":\"https:\/\/psol50.org.br\/#organization\"},\"alternateName\":\"PSOL50\",\"potentialAction\":[{\"@type\":\"SearchAction\",\"target\":{\"@type\":\"EntryPoint\",\"urlTemplate\":\"https:\/\/psol50.org.br\/?s={search_term_string}\"},\"query-input\":{\"@type\":\"PropertyValueSpecification\",\"valueRequired\":true,\"valueName\":\"search_term_string\"}}],\"inLanguage\":\"pt-BR\"},{\"@type\":\"Organization\",\"@id\":\"https:\/\/psol50.org.br\/#organization\",\"name\":\"PSOL 50\",\"alternateName\":\"PSOL 50\",\"url\":\"https:\/\/psol50.org.br\/\",\"logo\":{\"@type\":\"ImageObject\",\"inLanguage\":\"pt-BR\",\"@id\":\"https:\/\/psol50.org.br\/#\/schema\/logo\/image\/\",\"url\":\"https:\/\/psol50.org.br\/inc\/uploads\/2018\/07\/capa.png\",\"contentUrl\":\"https:\/\/psol50.org.br\/inc\/uploads\/2018\/07\/capa.png\",\"width\":1350,\"height\":900,\"caption\":\"PSOL 50\"},\"image\":{\"@id\":\"https:\/\/psol50.org.br\/#\/schema\/logo\/image\/\"},\"sameAs\":[\"https:\/\/www.facebook.com\/psol50\",\"https:\/\/x.com\/psol50\",\"https:\/\/www.instagram.com\/psol50\/\",\"https:\/\/www.youtube.com\/channel\/UC7SnJS5o1os7a6CaiNabzcg\"]},{\"@type\":\"Person\",\"@id\":\"https:\/\/psol50.org.br\/#\/schema\/person\/475dfa57d0b815993c714c2e96491fcd\",\"name\":\"Comunica\u00e7\u00e3o PSOL\",\"image\":{\"@type\":\"ImageObject\",\"inLanguage\":\"pt-BR\",\"@id\":\"https:\/\/psol50.org.br\/#\/schema\/person\/image\/\",\"url\":\"https:\/\/secure.gravatar.com\/avatar\/b34fc4f4e468a4e51785917065a3db57b841f5c95dba6ad8c73aaf8f66f8f9bf?s=96&d=mm&r=g\",\"contentUrl\":\"https:\/\/secure.gravatar.com\/avatar\/b34fc4f4e468a4e51785917065a3db57b841f5c95dba6ad8c73aaf8f66f8f9bf?s=96&d=mm&r=g\",\"caption\":\"Comunica\u00e7\u00e3o PSOL\"}}]}<\/script>\n<!-- \/ Yoast SEO plugin. -->","yoast_head_json":{"title":"Lula, o cerberus da pol\u00edtica brasileira* - PSOL 50","robots":{"index":"index","follow":"follow","max-snippet":"max-snippet:-1","max-image-preview":"max-image-preview:large","max-video-preview":"max-video-preview:-1"},"canonical":"https:\/\/psol50.org.br\/lula-o-cerberus-da-politica-brasileira\/","og_locale":"pt_BR","og_type":"article","og_title":"Lula, o cerberus da pol\u00edtica brasileira* - PSOL 50","og_description":"As crises, como soube demonstrar de modo did\u00e1tico o velho Marx, t\u00eam a tr\u00e1gica d\u00e1diva de separar o real do ilus\u00f3rio, trazendo \u00e0 superf\u00edcie o que estava encoberto sob a apar\u00eancia de normalidade. Se j\u00e1 n\u00e3o esteve suficientemente evidente ao longo de sua trajet\u00f3ria pol\u00edtica, em especial nos \u00faltimos 13 anos, o momento dif\u00edcil pelo [&hellip;]","og_url":"https:\/\/psol50.org.br\/lula-o-cerberus-da-politica-brasileira\/","og_site_name":"PSOL 50","article_publisher":"https:\/\/www.facebook.com\/psol50","article_published_time":"2015-03-24T00:00:00+00:00","og_image":[{"width":1350,"height":900,"url":"https:\/\/psol50.org.br\/inc\/uploads\/2018\/07\/capa.png","type":"image\/png"}],"author":"Comunica\u00e7\u00e3o PSOL","twitter_card":"summary_large_image","twitter_creator":"@psol50","twitter_site":"@psol50","twitter_misc":{"Escrito por":"Comunica\u00e7\u00e3o PSOL","Est. tempo de leitura":"6 minutos"},"schema":{"@context":"https:\/\/schema.org","@graph":[{"@type":"Article","@id":"https:\/\/psol50.org.br\/lula-o-cerberus-da-politica-brasileira\/#article","isPartOf":{"@id":"https:\/\/psol50.org.br\/lula-o-cerberus-da-politica-brasileira\/"},"author":{"name":"Comunica\u00e7\u00e3o PSOL","@id":"https:\/\/psol50.org.br\/#\/schema\/person\/475dfa57d0b815993c714c2e96491fcd"},"headline":"Lula, o cerberus da pol\u00edtica brasileira*","datePublished":"2015-03-24T00:00:00+00:00","mainEntityOfPage":{"@id":"https:\/\/psol50.org.br\/lula-o-cerberus-da-politica-brasileira\/"},"wordCount":1253,"commentCount":0,"publisher":{"@id":"https:\/\/psol50.org.br\/#organization"},"articleSection":["Artigos"],"inLanguage":"pt-BR","potentialAction":[{"@type":"CommentAction","name":"Comment","target":["https:\/\/psol50.org.br\/lula-o-cerberus-da-politica-brasileira\/#respond"]}]},{"@type":"WebPage","@id":"https:\/\/psol50.org.br\/lula-o-cerberus-da-politica-brasileira\/","url":"https:\/\/psol50.org.br\/lula-o-cerberus-da-politica-brasileira\/","name":"Lula, o cerberus da pol\u00edtica brasileira* - PSOL 50","isPartOf":{"@id":"https:\/\/psol50.org.br\/#website"},"datePublished":"2015-03-24T00:00:00+00:00","breadcrumb":{"@id":"https:\/\/psol50.org.br\/lula-o-cerberus-da-politica-brasileira\/#breadcrumb"},"inLanguage":"pt-BR","potentialAction":[{"@type":"ReadAction","target":["https:\/\/psol50.org.br\/lula-o-cerberus-da-politica-brasileira\/"]}]},{"@type":"BreadcrumbList","@id":"https:\/\/psol50.org.br\/lula-o-cerberus-da-politica-brasileira\/#breadcrumb","itemListElement":[{"@type":"ListItem","position":1,"name":"In\u00edcio","item":"https:\/\/psol50.org.br\/"},{"@type":"ListItem","position":2,"name":"Lula, o cerberus da pol\u00edtica brasileira*"}]},{"@type":"WebSite","@id":"https:\/\/psol50.org.br\/#website","url":"https:\/\/psol50.org.br\/","name":"PSOL 50","description":"Site oficial do Partido Socialismo e Liberdade","publisher":{"@id":"https:\/\/psol50.org.br\/#organization"},"alternateName":"PSOL50","potentialAction":[{"@type":"SearchAction","target":{"@type":"EntryPoint","urlTemplate":"https:\/\/psol50.org.br\/?s={search_term_string}"},"query-input":{"@type":"PropertyValueSpecification","valueRequired":true,"valueName":"search_term_string"}}],"inLanguage":"pt-BR"},{"@type":"Organization","@id":"https:\/\/psol50.org.br\/#organization","name":"PSOL 50","alternateName":"PSOL 50","url":"https:\/\/psol50.org.br\/","logo":{"@type":"ImageObject","inLanguage":"pt-BR","@id":"https:\/\/psol50.org.br\/#\/schema\/logo\/image\/","url":"https:\/\/psol50.org.br\/inc\/uploads\/2018\/07\/capa.png","contentUrl":"https:\/\/psol50.org.br\/inc\/uploads\/2018\/07\/capa.png","width":1350,"height":900,"caption":"PSOL 50"},"image":{"@id":"https:\/\/psol50.org.br\/#\/schema\/logo\/image\/"},"sameAs":["https:\/\/www.facebook.com\/psol50","https:\/\/x.com\/psol50","https:\/\/www.instagram.com\/psol50\/","https:\/\/www.youtube.com\/channel\/UC7SnJS5o1os7a6CaiNabzcg"]},{"@type":"Person","@id":"https:\/\/psol50.org.br\/#\/schema\/person\/475dfa57d0b815993c714c2e96491fcd","name":"Comunica\u00e7\u00e3o PSOL","image":{"@type":"ImageObject","inLanguage":"pt-BR","@id":"https:\/\/psol50.org.br\/#\/schema\/person\/image\/","url":"https:\/\/secure.gravatar.com\/avatar\/b34fc4f4e468a4e51785917065a3db57b841f5c95dba6ad8c73aaf8f66f8f9bf?s=96&d=mm&r=g","contentUrl":"https:\/\/secure.gravatar.com\/avatar\/b34fc4f4e468a4e51785917065a3db57b841f5c95dba6ad8c73aaf8f66f8f9bf?s=96&d=mm&r=g","caption":"Comunica\u00e7\u00e3o PSOL"}}]}},"_links":{"self":[{"href":"https:\/\/psol50.org.br\/rest\/wp\/v2\/posts\/9779","targetHints":{"allow":["GET"]}}],"collection":[{"href":"https:\/\/psol50.org.br\/rest\/wp\/v2\/posts"}],"about":[{"href":"https:\/\/psol50.org.br\/rest\/wp\/v2\/types\/post"}],"author":[{"embeddable":true,"href":"https:\/\/psol50.org.br\/rest\/wp\/v2\/users\/2"}],"replies":[{"embeddable":true,"href":"https:\/\/psol50.org.br\/rest\/wp\/v2\/comments?post=9779"}],"version-history":[{"count":0,"href":"https:\/\/psol50.org.br\/rest\/wp\/v2\/posts\/9779\/revisions"}],"wp:attachment":[{"href":"https:\/\/psol50.org.br\/rest\/wp\/v2\/media?parent=9779"}],"wp:term":[{"taxonomy":"category","embeddable":true,"href":"https:\/\/psol50.org.br\/rest\/wp\/v2\/categories?post=9779"},{"taxonomy":"post_tag","embeddable":true,"href":"https:\/\/psol50.org.br\/rest\/wp\/v2\/tags?post=9779"}],"curies":[{"name":"wp","href":"https:\/\/api.w.org\/{rel}","templated":true}]}}