{"id":9781,"date":"2015-04-02T00:00:00","date_gmt":"2015-04-02T00:00:00","guid":{"rendered":"http:\/\/psol50.org.br\/arquivo\/2015\/04\/02\/nao-ao-pl-433004-barrar-a-terceirizacao-e-a-precarizacao-do-trabalho\/"},"modified":"2015-04-02T00:00:00","modified_gmt":"2015-04-02T00:00:00","slug":"nao-ao-pl-433004-barrar-a-terceirizacao-e-a-precarizacao-do-trabalho","status":"publish","type":"post","link":"https:\/\/psol50.org.br\/nao-ao-pl-433004-barrar-a-terceirizacao-e-a-precarizacao-do-trabalho\/","title":{"rendered":"N\u00e3o ao PL 4330\/04: Barrar a terceiriza\u00e7\u00e3o e a precariza\u00e7\u00e3o do trabalho"},"content":{"rendered":"<p style=\"text-align: justify;\">\n\t<span style=\"font-family:arial,helvetica,sans-serif;\"><span style=\"font-size: 12px;\">O presidente da C\u00e2mara dos Deputados, Eduardo Cunha (PMDB-RJ), garante que o&nbsp;PL 4330\/2004 ser\u00e1 votado no pr\u00f3ximo dia 7 de abril. Isso significa que os trabalhadores e setores populares devem ampliar o debate e preparar a mobiliza\u00e7\u00e3o para barrar a ofensiva patronal que busca ampliar a explora\u00e7\u00e3o e a precariza\u00e7\u00e3o do trabalho no Brasil.<\/p>\n<p>\tSe aprovado, o PL 4330\/04 possibilitar\u00e1 a terceiriza\u00e7\u00e3o em praticamente todas as atividades econ\u00f4micas. No curto e m\u00e9dio prazo, milh\u00f5es de trabalhadores poder\u00e3o ser demitidos dos atuais empregos e serem recontratados por firmas terceirizadas com sal\u00e1rios e direitos ainda menores e jornadas mais extensas.<br \/>\n\t&nbsp;<br \/>\n\tAtualmente, 25% dos trabalhadores com carteira assinada s\u00e3o terceirizados. E esse n\u00famero s\u00f3 n\u00e3o \u00e9 maior porque as empresas n\u00e3o t\u00eam seguran\u00e7a jur\u00eddica para ampliar a terceiriza\u00e7\u00e3o, que em muitos casos \u00e9 ilegal. Com a aprova\u00e7\u00e3o do PL 4330, o que hoje \u00e9 fraude do contrato de trabalho ser\u00e1 legalizado.<br \/>\n\t&nbsp;<br \/>\n\tOs trabalhadores terceirizados recebem sal\u00e1rios inferiores, n\u00e3o t\u00eam os mesmos direitos que os trabalhadores diretamente contratados, possuem jornadas de trabalho maiores, n\u00e3o t\u00eam as mesmas garantias dos Acordos Coletivos, s\u00e3o as maiores v\u00edtimas de adoecimento no trabalho e da rotatividade no emprego. Al\u00e9m disso, os trabalhadores terceirizados dificilmente conseguem ter organiza\u00e7\u00e3o sindical forte, pois o processo de terceiriza\u00e7\u00e3o fragmenta e fragiliza a capacidade de organiza\u00e7\u00e3o.<br \/>\n\t&nbsp;<br \/>\n\tComo os terceirizados possuem jornadas maiores, a generaliza\u00e7\u00e3o da terceiriza\u00e7\u00e3o para todas as atividades econ\u00f4micas vai, com certeza, diminuir postos de trabalho e ampliar o desemprego.<br \/>\n\t&nbsp;<br \/>\n\tOu seja, a terceiriza\u00e7\u00e3o s\u00f3 interessa aos patr\u00f5es e governos. Para o conjunto dos trabalhadores, a terceiriza\u00e7\u00e3o significa precariza\u00e7\u00e3o das condi\u00e7\u00f5es de trabalho e redu\u00e7\u00e3o dr\u00e1stica de direitos e sal\u00e1rios.<br \/>\n\t&nbsp;<br \/>\n\tA aprova\u00e7\u00e3o desse projeto vai quebrar a espinha dorsal dos direitos trabalhistas e enfraquecer ainda mais a organiza\u00e7\u00e3o dos trabalhadores\/as. Com certeza, ser\u00e1 o maior ataque desferido contra os trabalhadores desde a cria\u00e7\u00e3o da CLT.<br \/>\n\t&nbsp;<br \/>\n\t\u00c9 necess\u00e1rio que o movimento sindical e popular, a esquerda e os setores progressistas da sociedade se mobilizem fortemente, pois do contr\u00e1rio, em pouco tempo, a classe trabalhadora descer\u00e1 escada abaixo da barbariza\u00e7\u00e3o das rela\u00e7\u00f5es de trabalho. Por isso, \u00e9 necess\u00e1rio impedir a aprova\u00e7\u00e3o desse projeto e barrar a trag\u00e9dia que significa a amplia\u00e7\u00e3o da terceiriza\u00e7\u00e3o no Brasil.<br \/>\n\t&nbsp;<\/span><\/span><\/p>\n","protected":false},"excerpt":{"rendered":"<p>O presidente da C\u00e2mara dos Deputados, Eduardo Cunha (PMDB-RJ), garante que o&nbsp;PL 4330\/2004 ser\u00e1 votado no pr\u00f3ximo dia 7 de abril. Isso significa que os trabalhadores e setores populares devem ampliar o debate e preparar a mobiliza\u00e7\u00e3o para barrar a ofensiva patronal que busca ampliar a explora\u00e7\u00e3o e a precariza\u00e7\u00e3o do trabalho no Brasil. Se [&hellip;]<\/p>\n","protected":false},"author":2,"featured_media":0,"comment_status":"open","ping_status":"open","sticky":false,"template":"","format":"standard","meta":{"_acf_changed":false,"footnotes":""},"categories":[3],"tags":[3082,4775,4776],"class_list":{"0":"post-9781","1":"post","2":"type-post","3":"status-publish","4":"format-standard","6":"category-artigos-e-entrevistas","7":"tag-edson-carneiro-indio","8":"tag-pl4330","9":"tag-sindical"},"acf":[],"yoast_head":"<!-- This site is optimized with the Yoast SEO plugin v26.5 - https:\/\/yoast.com\/wordpress\/plugins\/seo\/ -->\n<title>N\u00e3o ao PL 4330\/04: Barrar a terceiriza\u00e7\u00e3o e a precariza\u00e7\u00e3o do trabalho - PSOL 50<\/title>\n<meta name=\"robots\" content=\"index, follow, max-snippet:-1, max-image-preview:large, max-video-preview:-1\" \/>\n<link rel=\"canonical\" href=\"https:\/\/psol50.org.br\/nao-ao-pl-433004-barrar-a-terceirizacao-e-a-precarizacao-do-trabalho\/\" \/>\n<meta property=\"og:locale\" content=\"pt_BR\" \/>\n<meta property=\"og:type\" content=\"article\" \/>\n<meta property=\"og:title\" content=\"N\u00e3o ao PL 4330\/04: Barrar a terceiriza\u00e7\u00e3o e a precariza\u00e7\u00e3o do trabalho - PSOL 50\" \/>\n<meta property=\"og:description\" content=\"O presidente da C\u00e2mara dos Deputados, Eduardo Cunha (PMDB-RJ), garante que o&nbsp;PL 4330\/2004 ser\u00e1 votado no pr\u00f3ximo dia 7 de abril. Isso significa que os trabalhadores e setores populares devem ampliar o debate e preparar a mobiliza\u00e7\u00e3o para barrar a ofensiva patronal que busca ampliar a explora\u00e7\u00e3o e a precariza\u00e7\u00e3o do trabalho no Brasil. Se [&hellip;]\" \/>\n<meta property=\"og:url\" content=\"https:\/\/psol50.org.br\/nao-ao-pl-433004-barrar-a-terceirizacao-e-a-precarizacao-do-trabalho\/\" \/>\n<meta property=\"og:site_name\" content=\"PSOL 50\" \/>\n<meta property=\"article:publisher\" content=\"https:\/\/www.facebook.com\/psol50\" \/>\n<meta property=\"article:published_time\" content=\"2015-04-02T00:00:00+00:00\" \/>\n<meta property=\"og:image\" content=\"https:\/\/psol50.org.br\/inc\/uploads\/2018\/07\/capa.png\" \/>\n\t<meta property=\"og:image:width\" content=\"1350\" \/>\n\t<meta property=\"og:image:height\" content=\"900\" \/>\n\t<meta property=\"og:image:type\" content=\"image\/png\" \/>\n<meta name=\"author\" content=\"Comunica\u00e7\u00e3o PSOL\" \/>\n<meta name=\"twitter:card\" content=\"summary_large_image\" \/>\n<meta name=\"twitter:creator\" content=\"@psol50\" \/>\n<meta name=\"twitter:site\" content=\"@psol50\" \/>\n<meta name=\"twitter:label1\" content=\"Escrito por\" \/>\n\t<meta name=\"twitter:data1\" content=\"Comunica\u00e7\u00e3o PSOL\" \/>\n\t<meta name=\"twitter:label2\" content=\"Est. tempo de leitura\" \/>\n\t<meta name=\"twitter:data2\" content=\"2 minutos\" \/>\n<script type=\"application\/ld+json\" class=\"yoast-schema-graph\">{\"@context\":\"https:\/\/schema.org\",\"@graph\":[{\"@type\":\"Article\",\"@id\":\"https:\/\/psol50.org.br\/nao-ao-pl-433004-barrar-a-terceirizacao-e-a-precarizacao-do-trabalho\/#article\",\"isPartOf\":{\"@id\":\"https:\/\/psol50.org.br\/nao-ao-pl-433004-barrar-a-terceirizacao-e-a-precarizacao-do-trabalho\/\"},\"author\":{\"name\":\"Comunica\u00e7\u00e3o PSOL\",\"@id\":\"https:\/\/psol50.org.br\/#\/schema\/person\/475dfa57d0b815993c714c2e96491fcd\"},\"headline\":\"N\u00e3o ao PL 4330\/04: Barrar a terceiriza\u00e7\u00e3o e a precariza\u00e7\u00e3o do trabalho\",\"datePublished\":\"2015-04-02T00:00:00+00:00\",\"mainEntityOfPage\":{\"@id\":\"https:\/\/psol50.org.br\/nao-ao-pl-433004-barrar-a-terceirizacao-e-a-precarizacao-do-trabalho\/\"},\"wordCount\":430,\"commentCount\":0,\"publisher\":{\"@id\":\"https:\/\/psol50.org.br\/#organization\"},\"keywords\":[\"Edson Carneiro \u00cdndio\",\"PL4330\",\"sindical\"],\"articleSection\":[\"Artigos\"],\"inLanguage\":\"pt-BR\",\"potentialAction\":[{\"@type\":\"CommentAction\",\"name\":\"Comment\",\"target\":[\"https:\/\/psol50.org.br\/nao-ao-pl-433004-barrar-a-terceirizacao-e-a-precarizacao-do-trabalho\/#respond\"]}]},{\"@type\":\"WebPage\",\"@id\":\"https:\/\/psol50.org.br\/nao-ao-pl-433004-barrar-a-terceirizacao-e-a-precarizacao-do-trabalho\/\",\"url\":\"https:\/\/psol50.org.br\/nao-ao-pl-433004-barrar-a-terceirizacao-e-a-precarizacao-do-trabalho\/\",\"name\":\"N\u00e3o ao PL 4330\/04: Barrar a terceiriza\u00e7\u00e3o e a precariza\u00e7\u00e3o do trabalho - PSOL 50\",\"isPartOf\":{\"@id\":\"https:\/\/psol50.org.br\/#website\"},\"datePublished\":\"2015-04-02T00:00:00+00:00\",\"breadcrumb\":{\"@id\":\"https:\/\/psol50.org.br\/nao-ao-pl-433004-barrar-a-terceirizacao-e-a-precarizacao-do-trabalho\/#breadcrumb\"},\"inLanguage\":\"pt-BR\",\"potentialAction\":[{\"@type\":\"ReadAction\",\"target\":[\"https:\/\/psol50.org.br\/nao-ao-pl-433004-barrar-a-terceirizacao-e-a-precarizacao-do-trabalho\/\"]}]},{\"@type\":\"BreadcrumbList\",\"@id\":\"https:\/\/psol50.org.br\/nao-ao-pl-433004-barrar-a-terceirizacao-e-a-precarizacao-do-trabalho\/#breadcrumb\",\"itemListElement\":[{\"@type\":\"ListItem\",\"position\":1,\"name\":\"In\u00edcio\",\"item\":\"https:\/\/psol50.org.br\/\"},{\"@type\":\"ListItem\",\"position\":2,\"name\":\"N\u00e3o ao PL 4330\/04: Barrar a terceiriza\u00e7\u00e3o e a precariza\u00e7\u00e3o do trabalho\"}]},{\"@type\":\"WebSite\",\"@id\":\"https:\/\/psol50.org.br\/#website\",\"url\":\"https:\/\/psol50.org.br\/\",\"name\":\"PSOL 50\",\"description\":\"Site oficial do Partido Socialismo e Liberdade\",\"publisher\":{\"@id\":\"https:\/\/psol50.org.br\/#organization\"},\"alternateName\":\"PSOL50\",\"potentialAction\":[{\"@type\":\"SearchAction\",\"target\":{\"@type\":\"EntryPoint\",\"urlTemplate\":\"https:\/\/psol50.org.br\/?s={search_term_string}\"},\"query-input\":{\"@type\":\"PropertyValueSpecification\",\"valueRequired\":true,\"valueName\":\"search_term_string\"}}],\"inLanguage\":\"pt-BR\"},{\"@type\":\"Organization\",\"@id\":\"https:\/\/psol50.org.br\/#organization\",\"name\":\"PSOL 50\",\"alternateName\":\"PSOL 50\",\"url\":\"https:\/\/psol50.org.br\/\",\"logo\":{\"@type\":\"ImageObject\",\"inLanguage\":\"pt-BR\",\"@id\":\"https:\/\/psol50.org.br\/#\/schema\/logo\/image\/\",\"url\":\"https:\/\/psol50.org.br\/inc\/uploads\/2018\/07\/capa.png\",\"contentUrl\":\"https:\/\/psol50.org.br\/inc\/uploads\/2018\/07\/capa.png\",\"width\":1350,\"height\":900,\"caption\":\"PSOL 50\"},\"image\":{\"@id\":\"https:\/\/psol50.org.br\/#\/schema\/logo\/image\/\"},\"sameAs\":[\"https:\/\/www.facebook.com\/psol50\",\"https:\/\/x.com\/psol50\",\"https:\/\/www.instagram.com\/psol50\/\",\"https:\/\/www.youtube.com\/channel\/UC7SnJS5o1os7a6CaiNabzcg\"]},{\"@type\":\"Person\",\"@id\":\"https:\/\/psol50.org.br\/#\/schema\/person\/475dfa57d0b815993c714c2e96491fcd\",\"name\":\"Comunica\u00e7\u00e3o PSOL\",\"image\":{\"@type\":\"ImageObject\",\"inLanguage\":\"pt-BR\",\"@id\":\"https:\/\/psol50.org.br\/#\/schema\/person\/image\/\",\"url\":\"https:\/\/secure.gravatar.com\/avatar\/b34fc4f4e468a4e51785917065a3db57b841f5c95dba6ad8c73aaf8f66f8f9bf?s=96&d=mm&r=g\",\"contentUrl\":\"https:\/\/secure.gravatar.com\/avatar\/b34fc4f4e468a4e51785917065a3db57b841f5c95dba6ad8c73aaf8f66f8f9bf?s=96&d=mm&r=g\",\"caption\":\"Comunica\u00e7\u00e3o PSOL\"}}]}<\/script>\n<!-- \/ Yoast SEO plugin. -->","yoast_head_json":{"title":"N\u00e3o ao PL 4330\/04: Barrar a terceiriza\u00e7\u00e3o e a precariza\u00e7\u00e3o do trabalho - PSOL 50","robots":{"index":"index","follow":"follow","max-snippet":"max-snippet:-1","max-image-preview":"max-image-preview:large","max-video-preview":"max-video-preview:-1"},"canonical":"https:\/\/psol50.org.br\/nao-ao-pl-433004-barrar-a-terceirizacao-e-a-precarizacao-do-trabalho\/","og_locale":"pt_BR","og_type":"article","og_title":"N\u00e3o ao PL 4330\/04: Barrar a terceiriza\u00e7\u00e3o e a precariza\u00e7\u00e3o do trabalho - PSOL 50","og_description":"O presidente da C\u00e2mara dos Deputados, Eduardo Cunha (PMDB-RJ), garante que o&nbsp;PL 4330\/2004 ser\u00e1 votado no pr\u00f3ximo dia 7 de abril. Isso significa que os trabalhadores e setores populares devem ampliar o debate e preparar a mobiliza\u00e7\u00e3o para barrar a ofensiva patronal que busca ampliar a explora\u00e7\u00e3o e a precariza\u00e7\u00e3o do trabalho no Brasil. Se [&hellip;]","og_url":"https:\/\/psol50.org.br\/nao-ao-pl-433004-barrar-a-terceirizacao-e-a-precarizacao-do-trabalho\/","og_site_name":"PSOL 50","article_publisher":"https:\/\/www.facebook.com\/psol50","article_published_time":"2015-04-02T00:00:00+00:00","og_image":[{"width":1350,"height":900,"url":"https:\/\/psol50.org.br\/inc\/uploads\/2018\/07\/capa.png","type":"image\/png"}],"author":"Comunica\u00e7\u00e3o PSOL","twitter_card":"summary_large_image","twitter_creator":"@psol50","twitter_site":"@psol50","twitter_misc":{"Escrito por":"Comunica\u00e7\u00e3o PSOL","Est. tempo de leitura":"2 minutos"},"schema":{"@context":"https:\/\/schema.org","@graph":[{"@type":"Article","@id":"https:\/\/psol50.org.br\/nao-ao-pl-433004-barrar-a-terceirizacao-e-a-precarizacao-do-trabalho\/#article","isPartOf":{"@id":"https:\/\/psol50.org.br\/nao-ao-pl-433004-barrar-a-terceirizacao-e-a-precarizacao-do-trabalho\/"},"author":{"name":"Comunica\u00e7\u00e3o PSOL","@id":"https:\/\/psol50.org.br\/#\/schema\/person\/475dfa57d0b815993c714c2e96491fcd"},"headline":"N\u00e3o ao PL 4330\/04: Barrar a terceiriza\u00e7\u00e3o e a precariza\u00e7\u00e3o do trabalho","datePublished":"2015-04-02T00:00:00+00:00","mainEntityOfPage":{"@id":"https:\/\/psol50.org.br\/nao-ao-pl-433004-barrar-a-terceirizacao-e-a-precarizacao-do-trabalho\/"},"wordCount":430,"commentCount":0,"publisher":{"@id":"https:\/\/psol50.org.br\/#organization"},"keywords":["Edson Carneiro \u00cdndio","PL4330","sindical"],"articleSection":["Artigos"],"inLanguage":"pt-BR","potentialAction":[{"@type":"CommentAction","name":"Comment","target":["https:\/\/psol50.org.br\/nao-ao-pl-433004-barrar-a-terceirizacao-e-a-precarizacao-do-trabalho\/#respond"]}]},{"@type":"WebPage","@id":"https:\/\/psol50.org.br\/nao-ao-pl-433004-barrar-a-terceirizacao-e-a-precarizacao-do-trabalho\/","url":"https:\/\/psol50.org.br\/nao-ao-pl-433004-barrar-a-terceirizacao-e-a-precarizacao-do-trabalho\/","name":"N\u00e3o ao PL 4330\/04: Barrar a terceiriza\u00e7\u00e3o e a precariza\u00e7\u00e3o do trabalho - PSOL 50","isPartOf":{"@id":"https:\/\/psol50.org.br\/#website"},"datePublished":"2015-04-02T00:00:00+00:00","breadcrumb":{"@id":"https:\/\/psol50.org.br\/nao-ao-pl-433004-barrar-a-terceirizacao-e-a-precarizacao-do-trabalho\/#breadcrumb"},"inLanguage":"pt-BR","potentialAction":[{"@type":"ReadAction","target":["https:\/\/psol50.org.br\/nao-ao-pl-433004-barrar-a-terceirizacao-e-a-precarizacao-do-trabalho\/"]}]},{"@type":"BreadcrumbList","@id":"https:\/\/psol50.org.br\/nao-ao-pl-433004-barrar-a-terceirizacao-e-a-precarizacao-do-trabalho\/#breadcrumb","itemListElement":[{"@type":"ListItem","position":1,"name":"In\u00edcio","item":"https:\/\/psol50.org.br\/"},{"@type":"ListItem","position":2,"name":"N\u00e3o ao PL 4330\/04: Barrar a terceiriza\u00e7\u00e3o e a precariza\u00e7\u00e3o do trabalho"}]},{"@type":"WebSite","@id":"https:\/\/psol50.org.br\/#website","url":"https:\/\/psol50.org.br\/","name":"PSOL 50","description":"Site oficial do Partido Socialismo e Liberdade","publisher":{"@id":"https:\/\/psol50.org.br\/#organization"},"alternateName":"PSOL50","potentialAction":[{"@type":"SearchAction","target":{"@type":"EntryPoint","urlTemplate":"https:\/\/psol50.org.br\/?s={search_term_string}"},"query-input":{"@type":"PropertyValueSpecification","valueRequired":true,"valueName":"search_term_string"}}],"inLanguage":"pt-BR"},{"@type":"Organization","@id":"https:\/\/psol50.org.br\/#organization","name":"PSOL 50","alternateName":"PSOL 50","url":"https:\/\/psol50.org.br\/","logo":{"@type":"ImageObject","inLanguage":"pt-BR","@id":"https:\/\/psol50.org.br\/#\/schema\/logo\/image\/","url":"https:\/\/psol50.org.br\/inc\/uploads\/2018\/07\/capa.png","contentUrl":"https:\/\/psol50.org.br\/inc\/uploads\/2018\/07\/capa.png","width":1350,"height":900,"caption":"PSOL 50"},"image":{"@id":"https:\/\/psol50.org.br\/#\/schema\/logo\/image\/"},"sameAs":["https:\/\/www.facebook.com\/psol50","https:\/\/x.com\/psol50","https:\/\/www.instagram.com\/psol50\/","https:\/\/www.youtube.com\/channel\/UC7SnJS5o1os7a6CaiNabzcg"]},{"@type":"Person","@id":"https:\/\/psol50.org.br\/#\/schema\/person\/475dfa57d0b815993c714c2e96491fcd","name":"Comunica\u00e7\u00e3o PSOL","image":{"@type":"ImageObject","inLanguage":"pt-BR","@id":"https:\/\/psol50.org.br\/#\/schema\/person\/image\/","url":"https:\/\/secure.gravatar.com\/avatar\/b34fc4f4e468a4e51785917065a3db57b841f5c95dba6ad8c73aaf8f66f8f9bf?s=96&d=mm&r=g","contentUrl":"https:\/\/secure.gravatar.com\/avatar\/b34fc4f4e468a4e51785917065a3db57b841f5c95dba6ad8c73aaf8f66f8f9bf?s=96&d=mm&r=g","caption":"Comunica\u00e7\u00e3o PSOL"}}]}},"_links":{"self":[{"href":"https:\/\/psol50.org.br\/rest\/wp\/v2\/posts\/9781","targetHints":{"allow":["GET"]}}],"collection":[{"href":"https:\/\/psol50.org.br\/rest\/wp\/v2\/posts"}],"about":[{"href":"https:\/\/psol50.org.br\/rest\/wp\/v2\/types\/post"}],"author":[{"embeddable":true,"href":"https:\/\/psol50.org.br\/rest\/wp\/v2\/users\/2"}],"replies":[{"embeddable":true,"href":"https:\/\/psol50.org.br\/rest\/wp\/v2\/comments?post=9781"}],"version-history":[{"count":0,"href":"https:\/\/psol50.org.br\/rest\/wp\/v2\/posts\/9781\/revisions"}],"wp:attachment":[{"href":"https:\/\/psol50.org.br\/rest\/wp\/v2\/media?parent=9781"}],"wp:term":[{"taxonomy":"category","embeddable":true,"href":"https:\/\/psol50.org.br\/rest\/wp\/v2\/categories?post=9781"},{"taxonomy":"post_tag","embeddable":true,"href":"https:\/\/psol50.org.br\/rest\/wp\/v2\/tags?post=9781"}],"curies":[{"name":"wp","href":"https:\/\/api.w.org\/{rel}","templated":true}]}}