{"id":9797,"date":"2015-05-13T00:00:00","date_gmt":"2015-05-13T00:00:00","guid":{"rendered":"http:\/\/psol50.org.br\/arquivo\/2015\/05\/13\/a-luta-por-liberdade-persiste\/"},"modified":"2015-05-13T00:00:00","modified_gmt":"2015-05-13T00:00:00","slug":"a-luta-por-liberdade-persiste","status":"publish","type":"post","link":"https:\/\/psol50.org.br\/a-luta-por-liberdade-persiste\/","title":{"rendered":"A luta por liberdade persiste"},"content":{"rendered":"<p style=\"text-align: justify;\">\n\t<span style=\"font-family:arial,helvetica,sans-serif;\"><span style=\"font-size: 12px;\">O que ocorreu h\u00e1 exatos 127 anos est\u00e1 muito longe de ser uma benfeitoria do ent\u00e3o Imp\u00e9rio Brasileiro. A&nbsp;quilombagem,&nbsp;organiza\u00e7\u00e3o negra popular nas suas mais diversas formas, seja se embreando entre as matas para formar comunidades livres, seja nas greves, revoltas, assassinatos dos senhores, ou at\u00e9 mesmo atrav\u00e9s das leis, desde o primeiro africano e primeira africana que pisaram nessa terra, houve luta. Luta por liberdade, luta por melhores condi\u00e7\u00f5es de vida, luta para preservar uma identidade, uma raiz sistematicamente fragmentada.<br \/>\n\t&nbsp;<br \/>\n\tFoi essa luta e essa for\u00e7a que foram capazes de abolir a escravid\u00e3o em nosso pa\u00eds e manter viva a chama e o sonho da liberdade.<br \/>\n\t&nbsp;<br \/>\n\tO projeto abolicionista, orquestrado pela elite, foi milimetricamente pensado para n\u00e3o permitir a inclus\u00e3o das negras e dos negros na sociedade p\u00f3s-aboli\u00e7\u00e3o. Os africanos e afro-brasileiros eram vistos como um empecilho para o desenvolvimento do nosso pa\u00eds, portando precisavam ser sistematicamente eliminados, invisibilizados, desarticulados, exclu\u00eddos, removidos, ou ent\u00e3o misturados, base essa para a pol\u00edtica de branqueamento do pa\u00eds.<br \/>\n\t&nbsp;<br \/>\n\tEm outro dado momento, percebendo que n\u00e3o seria poss\u00edvel a sua completa elimina\u00e7\u00e3o, h\u00e1 uma mudan\u00e7a no discurso, que passa a incorporar elementos da cultura afro-brasileira como parte da identidade nacional. A capoeira \u00e9 um bom exemplo, pr\u00e1tica que inclusive por muito tempo foi proibida, al\u00e9m do samba, da feijoada, entre outras.<br \/>\n\t&nbsp;<br \/>\n\tPor\u00e9m, essa assimila\u00e7\u00e3o n\u00e3o significou uma inclus\u00e3o econ\u00f4mica e social dessa popula\u00e7\u00e3o. Pelo contr\u00e1rio, a popula\u00e7\u00e3o negra foi sistematicamente marginalizada e impossibilitada de acessar determinados espa\u00e7os como os bancos escolares, universit\u00e1rios e espa\u00e7os p\u00fablicos de poder.<br \/>\n\t&nbsp;<br \/>\n\tNestes 515 anos de coloniza\u00e7\u00e3o e 127 anos de falsa aboli\u00e7\u00e3o, o povo negro sempre conquistou o seu espa\u00e7o a partir da sua pr\u00f3pria for\u00e7a e trajet\u00f3ria, nenhum espa\u00e7o foi concedido, mas sim conquistado a duras penas.<br \/>\n\t&nbsp;<br \/>\n\t&#8220;Somos herdeiros de uma terra sagrada, qualquer periferia, qualquer quebrada \u00e9 um peda\u00e7o da \u00c1frica&#8221;, como disse Gaspar, do Z&#8217;\u00c1frica Brasil. Somos filhas e filhos dos quilombolas, capoeristas, sambistas, rappers, comunidades tradicionais, ativistas, movimento negro!<br \/>\n\t&nbsp;<br \/>\n\tN\u00e3o podemos retroceder! Exigimos mais direitos, exigimos mais espa\u00e7o, exigimos o direito \u00e0 vida, exigimos cidadania, exigimos respeito a nossa identidade e cultura.<br \/>\n\t&nbsp;<br \/>\n\tPor isso, nesse 13 de maio, o nosso lugar \u00e9 a rua, para denunciar e lutar contra o racismo! A nossa luta por&nbsp;liberdade&nbsp;persiste!<\/span><\/span><\/p>\n<p>&nbsp;<\/p>\n","protected":false},"excerpt":{"rendered":"<p>O que ocorreu h\u00e1 exatos 127 anos est\u00e1 muito longe de ser uma benfeitoria do ent\u00e3o Imp\u00e9rio Brasileiro. A&nbsp;quilombagem,&nbsp;organiza\u00e7\u00e3o negra popular nas suas mais diversas formas, seja se embreando entre as matas para formar comunidades livres, seja nas greves, revoltas, assassinatos dos senhores, ou at\u00e9 mesmo atrav\u00e9s das leis, desde o primeiro africano e primeira [&hellip;]<\/p>\n","protected":false},"author":2,"featured_media":0,"comment_status":"open","ping_status":"open","sticky":false,"template":"","format":"standard","meta":{"_acf_changed":false,"footnotes":""},"categories":[3,1104],"tags":[],"class_list":{"0":"post-9797","1":"post","2":"type-post","3":"status-publish","4":"format-standard","6":"category-artigos-e-entrevistas","7":"category-movimento"},"acf":[],"yoast_head":"<!-- This site is optimized with the Yoast SEO plugin v26.5 - https:\/\/yoast.com\/wordpress\/plugins\/seo\/ -->\n<title>A luta por liberdade persiste - PSOL 50<\/title>\n<meta name=\"robots\" content=\"index, follow, max-snippet:-1, max-image-preview:large, max-video-preview:-1\" \/>\n<link rel=\"canonical\" href=\"https:\/\/psol50.org.br\/a-luta-por-liberdade-persiste\/\" \/>\n<meta property=\"og:locale\" content=\"pt_BR\" \/>\n<meta property=\"og:type\" content=\"article\" \/>\n<meta property=\"og:title\" content=\"A luta por liberdade persiste - PSOL 50\" \/>\n<meta property=\"og:description\" content=\"O que ocorreu h\u00e1 exatos 127 anos est\u00e1 muito longe de ser uma benfeitoria do ent\u00e3o Imp\u00e9rio Brasileiro. A&nbsp;quilombagem,&nbsp;organiza\u00e7\u00e3o negra popular nas suas mais diversas formas, seja se embreando entre as matas para formar comunidades livres, seja nas greves, revoltas, assassinatos dos senhores, ou at\u00e9 mesmo atrav\u00e9s das leis, desde o primeiro africano e primeira [&hellip;]\" \/>\n<meta property=\"og:url\" content=\"https:\/\/psol50.org.br\/a-luta-por-liberdade-persiste\/\" \/>\n<meta property=\"og:site_name\" content=\"PSOL 50\" \/>\n<meta property=\"article:publisher\" content=\"https:\/\/www.facebook.com\/psol50\" \/>\n<meta property=\"article:published_time\" content=\"2015-05-13T00:00:00+00:00\" \/>\n<meta property=\"og:image\" content=\"https:\/\/psol50.org.br\/inc\/uploads\/2018\/07\/capa.png\" \/>\n\t<meta property=\"og:image:width\" content=\"1350\" \/>\n\t<meta property=\"og:image:height\" content=\"900\" \/>\n\t<meta property=\"og:image:type\" content=\"image\/png\" \/>\n<meta name=\"author\" content=\"Comunica\u00e7\u00e3o PSOL\" \/>\n<meta name=\"twitter:card\" content=\"summary_large_image\" \/>\n<meta name=\"twitter:creator\" content=\"@psol50\" \/>\n<meta name=\"twitter:site\" content=\"@psol50\" \/>\n<meta name=\"twitter:label1\" content=\"Escrito por\" \/>\n\t<meta name=\"twitter:data1\" content=\"Comunica\u00e7\u00e3o PSOL\" \/>\n\t<meta name=\"twitter:label2\" content=\"Est. tempo de leitura\" \/>\n\t<meta name=\"twitter:data2\" content=\"2 minutos\" \/>\n<script type=\"application\/ld+json\" class=\"yoast-schema-graph\">{\"@context\":\"https:\/\/schema.org\",\"@graph\":[{\"@type\":\"Article\",\"@id\":\"https:\/\/psol50.org.br\/a-luta-por-liberdade-persiste\/#article\",\"isPartOf\":{\"@id\":\"https:\/\/psol50.org.br\/a-luta-por-liberdade-persiste\/\"},\"author\":{\"name\":\"Comunica\u00e7\u00e3o PSOL\",\"@id\":\"https:\/\/psol50.org.br\/#\/schema\/person\/475dfa57d0b815993c714c2e96491fcd\"},\"headline\":\"A luta por liberdade persiste\",\"datePublished\":\"2015-05-13T00:00:00+00:00\",\"mainEntityOfPage\":{\"@id\":\"https:\/\/psol50.org.br\/a-luta-por-liberdade-persiste\/\"},\"wordCount\":430,\"commentCount\":0,\"publisher\":{\"@id\":\"https:\/\/psol50.org.br\/#organization\"},\"articleSection\":[\"Artigos\",\"Movimento\"],\"inLanguage\":\"pt-BR\",\"potentialAction\":[{\"@type\":\"CommentAction\",\"name\":\"Comment\",\"target\":[\"https:\/\/psol50.org.br\/a-luta-por-liberdade-persiste\/#respond\"]}]},{\"@type\":\"WebPage\",\"@id\":\"https:\/\/psol50.org.br\/a-luta-por-liberdade-persiste\/\",\"url\":\"https:\/\/psol50.org.br\/a-luta-por-liberdade-persiste\/\",\"name\":\"A luta por liberdade persiste - PSOL 50\",\"isPartOf\":{\"@id\":\"https:\/\/psol50.org.br\/#website\"},\"datePublished\":\"2015-05-13T00:00:00+00:00\",\"breadcrumb\":{\"@id\":\"https:\/\/psol50.org.br\/a-luta-por-liberdade-persiste\/#breadcrumb\"},\"inLanguage\":\"pt-BR\",\"potentialAction\":[{\"@type\":\"ReadAction\",\"target\":[\"https:\/\/psol50.org.br\/a-luta-por-liberdade-persiste\/\"]}]},{\"@type\":\"BreadcrumbList\",\"@id\":\"https:\/\/psol50.org.br\/a-luta-por-liberdade-persiste\/#breadcrumb\",\"itemListElement\":[{\"@type\":\"ListItem\",\"position\":1,\"name\":\"In\u00edcio\",\"item\":\"https:\/\/psol50.org.br\/\"},{\"@type\":\"ListItem\",\"position\":2,\"name\":\"A luta por liberdade persiste\"}]},{\"@type\":\"WebSite\",\"@id\":\"https:\/\/psol50.org.br\/#website\",\"url\":\"https:\/\/psol50.org.br\/\",\"name\":\"PSOL 50\",\"description\":\"Site oficial do Partido Socialismo e Liberdade\",\"publisher\":{\"@id\":\"https:\/\/psol50.org.br\/#organization\"},\"alternateName\":\"PSOL50\",\"potentialAction\":[{\"@type\":\"SearchAction\",\"target\":{\"@type\":\"EntryPoint\",\"urlTemplate\":\"https:\/\/psol50.org.br\/?s={search_term_string}\"},\"query-input\":{\"@type\":\"PropertyValueSpecification\",\"valueRequired\":true,\"valueName\":\"search_term_string\"}}],\"inLanguage\":\"pt-BR\"},{\"@type\":\"Organization\",\"@id\":\"https:\/\/psol50.org.br\/#organization\",\"name\":\"PSOL 50\",\"alternateName\":\"PSOL 50\",\"url\":\"https:\/\/psol50.org.br\/\",\"logo\":{\"@type\":\"ImageObject\",\"inLanguage\":\"pt-BR\",\"@id\":\"https:\/\/psol50.org.br\/#\/schema\/logo\/image\/\",\"url\":\"https:\/\/psol50.org.br\/inc\/uploads\/2018\/07\/capa.png\",\"contentUrl\":\"https:\/\/psol50.org.br\/inc\/uploads\/2018\/07\/capa.png\",\"width\":1350,\"height\":900,\"caption\":\"PSOL 50\"},\"image\":{\"@id\":\"https:\/\/psol50.org.br\/#\/schema\/logo\/image\/\"},\"sameAs\":[\"https:\/\/www.facebook.com\/psol50\",\"https:\/\/x.com\/psol50\",\"https:\/\/www.instagram.com\/psol50\/\",\"https:\/\/www.youtube.com\/channel\/UC7SnJS5o1os7a6CaiNabzcg\"]},{\"@type\":\"Person\",\"@id\":\"https:\/\/psol50.org.br\/#\/schema\/person\/475dfa57d0b815993c714c2e96491fcd\",\"name\":\"Comunica\u00e7\u00e3o PSOL\",\"image\":{\"@type\":\"ImageObject\",\"inLanguage\":\"pt-BR\",\"@id\":\"https:\/\/psol50.org.br\/#\/schema\/person\/image\/\",\"url\":\"https:\/\/secure.gravatar.com\/avatar\/b34fc4f4e468a4e51785917065a3db57b841f5c95dba6ad8c73aaf8f66f8f9bf?s=96&d=mm&r=g\",\"contentUrl\":\"https:\/\/secure.gravatar.com\/avatar\/b34fc4f4e468a4e51785917065a3db57b841f5c95dba6ad8c73aaf8f66f8f9bf?s=96&d=mm&r=g\",\"caption\":\"Comunica\u00e7\u00e3o PSOL\"}}]}<\/script>\n<!-- \/ Yoast SEO plugin. -->","yoast_head_json":{"title":"A luta por liberdade persiste - PSOL 50","robots":{"index":"index","follow":"follow","max-snippet":"max-snippet:-1","max-image-preview":"max-image-preview:large","max-video-preview":"max-video-preview:-1"},"canonical":"https:\/\/psol50.org.br\/a-luta-por-liberdade-persiste\/","og_locale":"pt_BR","og_type":"article","og_title":"A luta por liberdade persiste - PSOL 50","og_description":"O que ocorreu h\u00e1 exatos 127 anos est\u00e1 muito longe de ser uma benfeitoria do ent\u00e3o Imp\u00e9rio Brasileiro. A&nbsp;quilombagem,&nbsp;organiza\u00e7\u00e3o negra popular nas suas mais diversas formas, seja se embreando entre as matas para formar comunidades livres, seja nas greves, revoltas, assassinatos dos senhores, ou at\u00e9 mesmo atrav\u00e9s das leis, desde o primeiro africano e primeira [&hellip;]","og_url":"https:\/\/psol50.org.br\/a-luta-por-liberdade-persiste\/","og_site_name":"PSOL 50","article_publisher":"https:\/\/www.facebook.com\/psol50","article_published_time":"2015-05-13T00:00:00+00:00","og_image":[{"width":1350,"height":900,"url":"https:\/\/psol50.org.br\/inc\/uploads\/2018\/07\/capa.png","type":"image\/png"}],"author":"Comunica\u00e7\u00e3o PSOL","twitter_card":"summary_large_image","twitter_creator":"@psol50","twitter_site":"@psol50","twitter_misc":{"Escrito por":"Comunica\u00e7\u00e3o PSOL","Est. tempo de leitura":"2 minutos"},"schema":{"@context":"https:\/\/schema.org","@graph":[{"@type":"Article","@id":"https:\/\/psol50.org.br\/a-luta-por-liberdade-persiste\/#article","isPartOf":{"@id":"https:\/\/psol50.org.br\/a-luta-por-liberdade-persiste\/"},"author":{"name":"Comunica\u00e7\u00e3o PSOL","@id":"https:\/\/psol50.org.br\/#\/schema\/person\/475dfa57d0b815993c714c2e96491fcd"},"headline":"A luta por liberdade persiste","datePublished":"2015-05-13T00:00:00+00:00","mainEntityOfPage":{"@id":"https:\/\/psol50.org.br\/a-luta-por-liberdade-persiste\/"},"wordCount":430,"commentCount":0,"publisher":{"@id":"https:\/\/psol50.org.br\/#organization"},"articleSection":["Artigos","Movimento"],"inLanguage":"pt-BR","potentialAction":[{"@type":"CommentAction","name":"Comment","target":["https:\/\/psol50.org.br\/a-luta-por-liberdade-persiste\/#respond"]}]},{"@type":"WebPage","@id":"https:\/\/psol50.org.br\/a-luta-por-liberdade-persiste\/","url":"https:\/\/psol50.org.br\/a-luta-por-liberdade-persiste\/","name":"A luta por liberdade persiste - PSOL 50","isPartOf":{"@id":"https:\/\/psol50.org.br\/#website"},"datePublished":"2015-05-13T00:00:00+00:00","breadcrumb":{"@id":"https:\/\/psol50.org.br\/a-luta-por-liberdade-persiste\/#breadcrumb"},"inLanguage":"pt-BR","potentialAction":[{"@type":"ReadAction","target":["https:\/\/psol50.org.br\/a-luta-por-liberdade-persiste\/"]}]},{"@type":"BreadcrumbList","@id":"https:\/\/psol50.org.br\/a-luta-por-liberdade-persiste\/#breadcrumb","itemListElement":[{"@type":"ListItem","position":1,"name":"In\u00edcio","item":"https:\/\/psol50.org.br\/"},{"@type":"ListItem","position":2,"name":"A luta por liberdade persiste"}]},{"@type":"WebSite","@id":"https:\/\/psol50.org.br\/#website","url":"https:\/\/psol50.org.br\/","name":"PSOL 50","description":"Site oficial do Partido Socialismo e Liberdade","publisher":{"@id":"https:\/\/psol50.org.br\/#organization"},"alternateName":"PSOL50","potentialAction":[{"@type":"SearchAction","target":{"@type":"EntryPoint","urlTemplate":"https:\/\/psol50.org.br\/?s={search_term_string}"},"query-input":{"@type":"PropertyValueSpecification","valueRequired":true,"valueName":"search_term_string"}}],"inLanguage":"pt-BR"},{"@type":"Organization","@id":"https:\/\/psol50.org.br\/#organization","name":"PSOL 50","alternateName":"PSOL 50","url":"https:\/\/psol50.org.br\/","logo":{"@type":"ImageObject","inLanguage":"pt-BR","@id":"https:\/\/psol50.org.br\/#\/schema\/logo\/image\/","url":"https:\/\/psol50.org.br\/inc\/uploads\/2018\/07\/capa.png","contentUrl":"https:\/\/psol50.org.br\/inc\/uploads\/2018\/07\/capa.png","width":1350,"height":900,"caption":"PSOL 50"},"image":{"@id":"https:\/\/psol50.org.br\/#\/schema\/logo\/image\/"},"sameAs":["https:\/\/www.facebook.com\/psol50","https:\/\/x.com\/psol50","https:\/\/www.instagram.com\/psol50\/","https:\/\/www.youtube.com\/channel\/UC7SnJS5o1os7a6CaiNabzcg"]},{"@type":"Person","@id":"https:\/\/psol50.org.br\/#\/schema\/person\/475dfa57d0b815993c714c2e96491fcd","name":"Comunica\u00e7\u00e3o PSOL","image":{"@type":"ImageObject","inLanguage":"pt-BR","@id":"https:\/\/psol50.org.br\/#\/schema\/person\/image\/","url":"https:\/\/secure.gravatar.com\/avatar\/b34fc4f4e468a4e51785917065a3db57b841f5c95dba6ad8c73aaf8f66f8f9bf?s=96&d=mm&r=g","contentUrl":"https:\/\/secure.gravatar.com\/avatar\/b34fc4f4e468a4e51785917065a3db57b841f5c95dba6ad8c73aaf8f66f8f9bf?s=96&d=mm&r=g","caption":"Comunica\u00e7\u00e3o PSOL"}}]}},"_links":{"self":[{"href":"https:\/\/psol50.org.br\/rest\/wp\/v2\/posts\/9797","targetHints":{"allow":["GET"]}}],"collection":[{"href":"https:\/\/psol50.org.br\/rest\/wp\/v2\/posts"}],"about":[{"href":"https:\/\/psol50.org.br\/rest\/wp\/v2\/types\/post"}],"author":[{"embeddable":true,"href":"https:\/\/psol50.org.br\/rest\/wp\/v2\/users\/2"}],"replies":[{"embeddable":true,"href":"https:\/\/psol50.org.br\/rest\/wp\/v2\/comments?post=9797"}],"version-history":[{"count":0,"href":"https:\/\/psol50.org.br\/rest\/wp\/v2\/posts\/9797\/revisions"}],"wp:attachment":[{"href":"https:\/\/psol50.org.br\/rest\/wp\/v2\/media?parent=9797"}],"wp:term":[{"taxonomy":"category","embeddable":true,"href":"https:\/\/psol50.org.br\/rest\/wp\/v2\/categories?post=9797"},{"taxonomy":"post_tag","embeddable":true,"href":"https:\/\/psol50.org.br\/rest\/wp\/v2\/tags?post=9797"}],"curies":[{"name":"wp","href":"https:\/\/api.w.org\/{rel}","templated":true}]}}