{"id":9801,"date":"2015-05-22T00:00:00","date_gmt":"2015-05-22T00:00:00","guid":{"rendered":"http:\/\/psol50.org.br\/arquivo\/2015\/05\/22\/o-brasil-no-pendulo-das-elites-entre-liberalismo-submisso-e-desenvolvimentismo-autoritario\/"},"modified":"2015-05-22T00:00:00","modified_gmt":"2015-05-22T00:00:00","slug":"o-brasil-no-pendulo-das-elites-entre-liberalismo-submisso-e-desenvolvimentismo-autoritario","status":"publish","type":"post","link":"https:\/\/psol50.org.br\/o-brasil-no-pendulo-das-elites-entre-liberalismo-submisso-e-desenvolvimentismo-autoritario\/","title":{"rendered":"O Brasil no p\u00eandulo das elites: entre liberalismo submisso e desenvolvimentismo autorit\u00e1rio*"},"content":{"rendered":"<p style=\"text-align: justify;\">\n\t<span style=\"font-family:arial,helvetica,sans-serif;\"><span style=\"font-size: 12px;\">V\u00e1rias leituras da hist\u00f3ria brasileira no \u00faltimo s\u00e9culo, algumas delas j\u00e1 can\u00f4nicas entre n\u00f3s, adequadamente contextualizadas em termos da inseparabilidade dos grandes embates pol\u00edticos de seus respectivos contextos culturais e intelectuais, apontam para um antagonismo cl\u00e1ssico, que vive a nos assombrar de tempos em tempos: de um lado um suposto liberalismo cosmopolita, democr\u00e1tico e sustentado na prega\u00e7\u00e3o das liberdades individuais e de mercado; de outro certo estatismo nacionalista de tons positivistas, desenvolvimentista e voltado para os problemas da \u201corganiza\u00e7\u00e3o nacional\u201d. Em sua busca conjunta pela supera\u00e7\u00e3o do \u201catraso\u201d na luta prometeica por um \u201cBrasil moderno\u201d, ambos denunciam-se mutuamente como inimigos mortais: de um lado o anti-nacionalismo submisso, dependente, elitista e inaut\u00eantico; de outro o dirigismo populista, burocr\u00e1tico, corrupto e autorit\u00e1rio.<\/p>\n<p>\tAinda que seja absolutamente question\u00e1vel a pureza desses \u201ctipos-ideias\u201d quando se fala de gest\u00e3o do capitalismo aqui ou alhures, ler a disputa entre tais \u201cprojetos\u201d a partir de seus supostos antagonismos pode at\u00e9 ser \u00fatil do ponto de vista taxon\u00f4mico. Compreender a hist\u00f3ria pol\u00edtica do pa\u00eds no \u00faltimo s\u00e9culo a partir desta chave interpretativa, no entanto, \u00e9 o mesmo que tornar-se ref\u00e9m de uma meia verdade, simpl\u00f3ria e simplificadora em sua incompletude. \u00c9 que, dessa forma enquadrada, tal contraposi\u00e7\u00e3o esconde as flagrantes homologias entre tais (o)posi\u00e7\u00f5es por meio das quais um acordo t\u00e1cito fica nebulosamente encoberto: a manuten\u00e7\u00e3o das graves e intocadas estruturas de poder, controle e propriedade social no Brasil. Talvez seja mais adequado, alternativamente, caracterizar nossa hist\u00f3ria pol\u00edtica como um p\u00eandulo: um movimento previs\u00edvel que varia entre centraliza\u00e7\u00e3o e descentraliza\u00e7\u00e3o, liberalismo e estatismo, nacionalismo e cosmopolitismo, sustentado por um mesmo eixo de tens\u00e3o: nossa condi\u00e7\u00e3o dependente em termos da divis\u00e3o internacional do trabalho e escandalosamente desigual em termos de configura\u00e7\u00e3o interna.<\/p>\n<p>\tOs pontos de encontro a sustentar o eixo desse p\u00eandulo das elites s\u00e3o muitos: estadocentrismo pol\u00edtico, elitismo e ideologia anti-popular (seja pelo porrete, seja pela \u201cassist\u00eancia\u201d, as massas s\u00e3o vistas como submissas, perigosas ou incapazes), o racismo (impl\u00edcito e\/ou expl\u00edcito), a cren\u00e7a na for\u00e7a do \u201cimp\u00e9rio da lei\u201d como via para o controle social e manuten\u00e7\u00e3o da estrutura de desigualdades, de onde emana o compartilhamento de certo autoritarismo judicial e, por fim, a cren\u00e7a na tecnocracia meritocr\u00e1tica como sa\u00edda para o \u201catraso\u201d por ambos diagnosticado: a leitura, em suma, do pa\u00eds primitivo, do Estado sem sociedade, do capitalismo sem iniciativa, da revolu\u00e7\u00e3o sem proletariado.<\/p>\n<p>\tContemporaneamente, em especial a partir da Nova Rep\u00fablica, mas com ra\u00edzes mais profundas, o apego a um conceito vazio de democracia, bonito no papel e pavorosamente violento na pr\u00e1tica, reificado na estabilidade institucional e macroecon\u00f4mica (rentista e patrimonial) como rem\u00e9dio para todos os males de que padecemos, consubstancia-se num pacto nada silencioso dessas mesmas elites, que a cada quatro anos, no entanto, voltam a encenar para o grande p\u00fablico o grande espet\u00e1culo de seus viscerais desafetos.<\/p>\n<p>\t\u00c9 evidente, e sobretudo quando o gotejar desse copo cheio amea\u00e7a transbordar, que o povo em movimento e resist\u00eancia joga papel fundamental nas tens\u00f5es, arranjos e rearranjos de poder antes como hoje. Mais do que desconhecimento desse fator, o que h\u00e1 de parte de nossas elites dirigentes \u00e9 um medo inconfesso da raiva justa, encaminhado de forma c\u00ednica e brutal. Tudo somado, h\u00e1 entre Geisel e Dilma, Get\u00falio e Lula, JK e FHC, Beto Richa e Paulo Garcia menos diferen\u00e7as do que se sup\u00f5e: ruidosas na superf\u00edcie, talvez, mas quase impercept\u00edveis em suas profundezas. Eis algumas das origens do mal-estar atual: j\u00e1 \u00e9 passada a hora de desestabilizarmos de vez a \u201cm\u00e1quina\u201d pendular do poder no Brasil.<\/p>\n<p>\t*<em>Artigo publicado originalmente no <a href=\"http:\/\/blogdaboitempo.com.br\/2015\/05\/20\/o-brasil-no-pendulo-das-elites-entre-liberalismo-submisso-e-desenvolvimentismo-autoritario\/\">Blog da Boitempo<\/a><\/em>. <\/span><\/span><\/p>\n<p>\n\t&nbsp;<\/p>\n<p>&nbsp;<\/p>\n","protected":false},"excerpt":{"rendered":"<p>V\u00e1rias leituras da hist\u00f3ria brasileira no \u00faltimo s\u00e9culo, algumas delas j\u00e1 can\u00f4nicas entre n\u00f3s, adequadamente contextualizadas em termos da inseparabilidade dos grandes embates pol\u00edticos de seus respectivos contextos culturais e intelectuais, apontam para um antagonismo cl\u00e1ssico, que vive a nos assombrar de tempos em tempos: de um lado um suposto liberalismo cosmopolita, democr\u00e1tico e sustentado [&hellip;]<\/p>\n","protected":false},"author":2,"featured_media":0,"comment_status":"open","ping_status":"open","sticky":false,"template":"","format":"standard","meta":{"_acf_changed":false,"footnotes":""},"categories":[3],"tags":[4783],"class_list":{"0":"post-9801","1":"post","2":"type-post","3":"status-publish","4":"format-standard","6":"category-artigos-e-entrevistas","7":"tag-liberalismo"},"acf":[],"yoast_head":"<!-- This site is optimized with the Yoast SEO plugin v26.5 - https:\/\/yoast.com\/wordpress\/plugins\/seo\/ -->\n<title>O Brasil no p\u00eandulo das elites: entre liberalismo submisso e desenvolvimentismo autorit\u00e1rio* - PSOL 50<\/title>\n<meta name=\"robots\" content=\"index, follow, max-snippet:-1, max-image-preview:large, max-video-preview:-1\" \/>\n<link rel=\"canonical\" href=\"https:\/\/psol50.org.br\/o-brasil-no-pendulo-das-elites-entre-liberalismo-submisso-e-desenvolvimentismo-autoritario\/\" \/>\n<meta property=\"og:locale\" content=\"pt_BR\" \/>\n<meta property=\"og:type\" content=\"article\" \/>\n<meta property=\"og:title\" content=\"O Brasil no p\u00eandulo das elites: entre liberalismo submisso e desenvolvimentismo autorit\u00e1rio* - PSOL 50\" \/>\n<meta property=\"og:description\" content=\"V\u00e1rias leituras da hist\u00f3ria brasileira no \u00faltimo s\u00e9culo, algumas delas j\u00e1 can\u00f4nicas entre n\u00f3s, adequadamente contextualizadas em termos da inseparabilidade dos grandes embates pol\u00edticos de seus respectivos contextos culturais e intelectuais, apontam para um antagonismo cl\u00e1ssico, que vive a nos assombrar de tempos em tempos: de um lado um suposto liberalismo cosmopolita, democr\u00e1tico e sustentado [&hellip;]\" \/>\n<meta property=\"og:url\" content=\"https:\/\/psol50.org.br\/o-brasil-no-pendulo-das-elites-entre-liberalismo-submisso-e-desenvolvimentismo-autoritario\/\" \/>\n<meta property=\"og:site_name\" content=\"PSOL 50\" \/>\n<meta property=\"article:publisher\" content=\"https:\/\/www.facebook.com\/psol50\" \/>\n<meta property=\"article:published_time\" content=\"2015-05-22T00:00:00+00:00\" \/>\n<meta property=\"og:image\" content=\"https:\/\/psol50.org.br\/inc\/uploads\/2018\/07\/capa.png\" \/>\n\t<meta property=\"og:image:width\" content=\"1350\" \/>\n\t<meta property=\"og:image:height\" content=\"900\" \/>\n\t<meta property=\"og:image:type\" content=\"image\/png\" \/>\n<meta name=\"author\" content=\"Comunica\u00e7\u00e3o PSOL\" \/>\n<meta name=\"twitter:card\" content=\"summary_large_image\" \/>\n<meta name=\"twitter:creator\" content=\"@psol50\" \/>\n<meta name=\"twitter:site\" content=\"@psol50\" \/>\n<meta name=\"twitter:label1\" content=\"Escrito por\" \/>\n\t<meta name=\"twitter:data1\" content=\"Comunica\u00e7\u00e3o PSOL\" \/>\n\t<meta name=\"twitter:label2\" content=\"Est. tempo de leitura\" \/>\n\t<meta name=\"twitter:data2\" content=\"3 minutos\" \/>\n<script type=\"application\/ld+json\" class=\"yoast-schema-graph\">{\"@context\":\"https:\/\/schema.org\",\"@graph\":[{\"@type\":\"Article\",\"@id\":\"https:\/\/psol50.org.br\/o-brasil-no-pendulo-das-elites-entre-liberalismo-submisso-e-desenvolvimentismo-autoritario\/#article\",\"isPartOf\":{\"@id\":\"https:\/\/psol50.org.br\/o-brasil-no-pendulo-das-elites-entre-liberalismo-submisso-e-desenvolvimentismo-autoritario\/\"},\"author\":{\"name\":\"Comunica\u00e7\u00e3o PSOL\",\"@id\":\"https:\/\/psol50.org.br\/#\/schema\/person\/475dfa57d0b815993c714c2e96491fcd\"},\"headline\":\"O Brasil no p\u00eandulo das elites: entre liberalismo submisso e desenvolvimentismo autorit\u00e1rio*\",\"datePublished\":\"2015-05-22T00:00:00+00:00\",\"mainEntityOfPage\":{\"@id\":\"https:\/\/psol50.org.br\/o-brasil-no-pendulo-das-elites-entre-liberalismo-submisso-e-desenvolvimentismo-autoritario\/\"},\"wordCount\":670,\"commentCount\":0,\"publisher\":{\"@id\":\"https:\/\/psol50.org.br\/#organization\"},\"keywords\":[\"liberalismo\"],\"articleSection\":[\"Artigos\"],\"inLanguage\":\"pt-BR\",\"potentialAction\":[{\"@type\":\"CommentAction\",\"name\":\"Comment\",\"target\":[\"https:\/\/psol50.org.br\/o-brasil-no-pendulo-das-elites-entre-liberalismo-submisso-e-desenvolvimentismo-autoritario\/#respond\"]}]},{\"@type\":\"WebPage\",\"@id\":\"https:\/\/psol50.org.br\/o-brasil-no-pendulo-das-elites-entre-liberalismo-submisso-e-desenvolvimentismo-autoritario\/\",\"url\":\"https:\/\/psol50.org.br\/o-brasil-no-pendulo-das-elites-entre-liberalismo-submisso-e-desenvolvimentismo-autoritario\/\",\"name\":\"O Brasil no p\u00eandulo das elites: entre liberalismo submisso e desenvolvimentismo autorit\u00e1rio* - PSOL 50\",\"isPartOf\":{\"@id\":\"https:\/\/psol50.org.br\/#website\"},\"datePublished\":\"2015-05-22T00:00:00+00:00\",\"breadcrumb\":{\"@id\":\"https:\/\/psol50.org.br\/o-brasil-no-pendulo-das-elites-entre-liberalismo-submisso-e-desenvolvimentismo-autoritario\/#breadcrumb\"},\"inLanguage\":\"pt-BR\",\"potentialAction\":[{\"@type\":\"ReadAction\",\"target\":[\"https:\/\/psol50.org.br\/o-brasil-no-pendulo-das-elites-entre-liberalismo-submisso-e-desenvolvimentismo-autoritario\/\"]}]},{\"@type\":\"BreadcrumbList\",\"@id\":\"https:\/\/psol50.org.br\/o-brasil-no-pendulo-das-elites-entre-liberalismo-submisso-e-desenvolvimentismo-autoritario\/#breadcrumb\",\"itemListElement\":[{\"@type\":\"ListItem\",\"position\":1,\"name\":\"In\u00edcio\",\"item\":\"https:\/\/psol50.org.br\/\"},{\"@type\":\"ListItem\",\"position\":2,\"name\":\"O Brasil no p\u00eandulo das elites: entre liberalismo submisso e desenvolvimentismo autorit\u00e1rio*\"}]},{\"@type\":\"WebSite\",\"@id\":\"https:\/\/psol50.org.br\/#website\",\"url\":\"https:\/\/psol50.org.br\/\",\"name\":\"PSOL 50\",\"description\":\"Site oficial do Partido Socialismo e Liberdade\",\"publisher\":{\"@id\":\"https:\/\/psol50.org.br\/#organization\"},\"alternateName\":\"PSOL50\",\"potentialAction\":[{\"@type\":\"SearchAction\",\"target\":{\"@type\":\"EntryPoint\",\"urlTemplate\":\"https:\/\/psol50.org.br\/?s={search_term_string}\"},\"query-input\":{\"@type\":\"PropertyValueSpecification\",\"valueRequired\":true,\"valueName\":\"search_term_string\"}}],\"inLanguage\":\"pt-BR\"},{\"@type\":\"Organization\",\"@id\":\"https:\/\/psol50.org.br\/#organization\",\"name\":\"PSOL 50\",\"alternateName\":\"PSOL 50\",\"url\":\"https:\/\/psol50.org.br\/\",\"logo\":{\"@type\":\"ImageObject\",\"inLanguage\":\"pt-BR\",\"@id\":\"https:\/\/psol50.org.br\/#\/schema\/logo\/image\/\",\"url\":\"https:\/\/psol50.org.br\/inc\/uploads\/2018\/07\/capa.png\",\"contentUrl\":\"https:\/\/psol50.org.br\/inc\/uploads\/2018\/07\/capa.png\",\"width\":1350,\"height\":900,\"caption\":\"PSOL 50\"},\"image\":{\"@id\":\"https:\/\/psol50.org.br\/#\/schema\/logo\/image\/\"},\"sameAs\":[\"https:\/\/www.facebook.com\/psol50\",\"https:\/\/x.com\/psol50\",\"https:\/\/www.instagram.com\/psol50\/\",\"https:\/\/www.youtube.com\/channel\/UC7SnJS5o1os7a6CaiNabzcg\"]},{\"@type\":\"Person\",\"@id\":\"https:\/\/psol50.org.br\/#\/schema\/person\/475dfa57d0b815993c714c2e96491fcd\",\"name\":\"Comunica\u00e7\u00e3o PSOL\",\"image\":{\"@type\":\"ImageObject\",\"inLanguage\":\"pt-BR\",\"@id\":\"https:\/\/psol50.org.br\/#\/schema\/person\/image\/\",\"url\":\"https:\/\/secure.gravatar.com\/avatar\/b34fc4f4e468a4e51785917065a3db57b841f5c95dba6ad8c73aaf8f66f8f9bf?s=96&d=mm&r=g\",\"contentUrl\":\"https:\/\/secure.gravatar.com\/avatar\/b34fc4f4e468a4e51785917065a3db57b841f5c95dba6ad8c73aaf8f66f8f9bf?s=96&d=mm&r=g\",\"caption\":\"Comunica\u00e7\u00e3o PSOL\"}}]}<\/script>\n<!-- \/ Yoast SEO plugin. -->","yoast_head_json":{"title":"O Brasil no p\u00eandulo das elites: entre liberalismo submisso e desenvolvimentismo autorit\u00e1rio* - PSOL 50","robots":{"index":"index","follow":"follow","max-snippet":"max-snippet:-1","max-image-preview":"max-image-preview:large","max-video-preview":"max-video-preview:-1"},"canonical":"https:\/\/psol50.org.br\/o-brasil-no-pendulo-das-elites-entre-liberalismo-submisso-e-desenvolvimentismo-autoritario\/","og_locale":"pt_BR","og_type":"article","og_title":"O Brasil no p\u00eandulo das elites: entre liberalismo submisso e desenvolvimentismo autorit\u00e1rio* - PSOL 50","og_description":"V\u00e1rias leituras da hist\u00f3ria brasileira no \u00faltimo s\u00e9culo, algumas delas j\u00e1 can\u00f4nicas entre n\u00f3s, adequadamente contextualizadas em termos da inseparabilidade dos grandes embates pol\u00edticos de seus respectivos contextos culturais e intelectuais, apontam para um antagonismo cl\u00e1ssico, que vive a nos assombrar de tempos em tempos: de um lado um suposto liberalismo cosmopolita, democr\u00e1tico e sustentado [&hellip;]","og_url":"https:\/\/psol50.org.br\/o-brasil-no-pendulo-das-elites-entre-liberalismo-submisso-e-desenvolvimentismo-autoritario\/","og_site_name":"PSOL 50","article_publisher":"https:\/\/www.facebook.com\/psol50","article_published_time":"2015-05-22T00:00:00+00:00","og_image":[{"width":1350,"height":900,"url":"https:\/\/psol50.org.br\/inc\/uploads\/2018\/07\/capa.png","type":"image\/png"}],"author":"Comunica\u00e7\u00e3o PSOL","twitter_card":"summary_large_image","twitter_creator":"@psol50","twitter_site":"@psol50","twitter_misc":{"Escrito por":"Comunica\u00e7\u00e3o PSOL","Est. tempo de leitura":"3 minutos"},"schema":{"@context":"https:\/\/schema.org","@graph":[{"@type":"Article","@id":"https:\/\/psol50.org.br\/o-brasil-no-pendulo-das-elites-entre-liberalismo-submisso-e-desenvolvimentismo-autoritario\/#article","isPartOf":{"@id":"https:\/\/psol50.org.br\/o-brasil-no-pendulo-das-elites-entre-liberalismo-submisso-e-desenvolvimentismo-autoritario\/"},"author":{"name":"Comunica\u00e7\u00e3o PSOL","@id":"https:\/\/psol50.org.br\/#\/schema\/person\/475dfa57d0b815993c714c2e96491fcd"},"headline":"O Brasil no p\u00eandulo das elites: entre liberalismo submisso e desenvolvimentismo autorit\u00e1rio*","datePublished":"2015-05-22T00:00:00+00:00","mainEntityOfPage":{"@id":"https:\/\/psol50.org.br\/o-brasil-no-pendulo-das-elites-entre-liberalismo-submisso-e-desenvolvimentismo-autoritario\/"},"wordCount":670,"commentCount":0,"publisher":{"@id":"https:\/\/psol50.org.br\/#organization"},"keywords":["liberalismo"],"articleSection":["Artigos"],"inLanguage":"pt-BR","potentialAction":[{"@type":"CommentAction","name":"Comment","target":["https:\/\/psol50.org.br\/o-brasil-no-pendulo-das-elites-entre-liberalismo-submisso-e-desenvolvimentismo-autoritario\/#respond"]}]},{"@type":"WebPage","@id":"https:\/\/psol50.org.br\/o-brasil-no-pendulo-das-elites-entre-liberalismo-submisso-e-desenvolvimentismo-autoritario\/","url":"https:\/\/psol50.org.br\/o-brasil-no-pendulo-das-elites-entre-liberalismo-submisso-e-desenvolvimentismo-autoritario\/","name":"O Brasil no p\u00eandulo das elites: entre liberalismo submisso e desenvolvimentismo autorit\u00e1rio* - PSOL 50","isPartOf":{"@id":"https:\/\/psol50.org.br\/#website"},"datePublished":"2015-05-22T00:00:00+00:00","breadcrumb":{"@id":"https:\/\/psol50.org.br\/o-brasil-no-pendulo-das-elites-entre-liberalismo-submisso-e-desenvolvimentismo-autoritario\/#breadcrumb"},"inLanguage":"pt-BR","potentialAction":[{"@type":"ReadAction","target":["https:\/\/psol50.org.br\/o-brasil-no-pendulo-das-elites-entre-liberalismo-submisso-e-desenvolvimentismo-autoritario\/"]}]},{"@type":"BreadcrumbList","@id":"https:\/\/psol50.org.br\/o-brasil-no-pendulo-das-elites-entre-liberalismo-submisso-e-desenvolvimentismo-autoritario\/#breadcrumb","itemListElement":[{"@type":"ListItem","position":1,"name":"In\u00edcio","item":"https:\/\/psol50.org.br\/"},{"@type":"ListItem","position":2,"name":"O Brasil no p\u00eandulo das elites: entre liberalismo submisso e desenvolvimentismo autorit\u00e1rio*"}]},{"@type":"WebSite","@id":"https:\/\/psol50.org.br\/#website","url":"https:\/\/psol50.org.br\/","name":"PSOL 50","description":"Site oficial do Partido Socialismo e Liberdade","publisher":{"@id":"https:\/\/psol50.org.br\/#organization"},"alternateName":"PSOL50","potentialAction":[{"@type":"SearchAction","target":{"@type":"EntryPoint","urlTemplate":"https:\/\/psol50.org.br\/?s={search_term_string}"},"query-input":{"@type":"PropertyValueSpecification","valueRequired":true,"valueName":"search_term_string"}}],"inLanguage":"pt-BR"},{"@type":"Organization","@id":"https:\/\/psol50.org.br\/#organization","name":"PSOL 50","alternateName":"PSOL 50","url":"https:\/\/psol50.org.br\/","logo":{"@type":"ImageObject","inLanguage":"pt-BR","@id":"https:\/\/psol50.org.br\/#\/schema\/logo\/image\/","url":"https:\/\/psol50.org.br\/inc\/uploads\/2018\/07\/capa.png","contentUrl":"https:\/\/psol50.org.br\/inc\/uploads\/2018\/07\/capa.png","width":1350,"height":900,"caption":"PSOL 50"},"image":{"@id":"https:\/\/psol50.org.br\/#\/schema\/logo\/image\/"},"sameAs":["https:\/\/www.facebook.com\/psol50","https:\/\/x.com\/psol50","https:\/\/www.instagram.com\/psol50\/","https:\/\/www.youtube.com\/channel\/UC7SnJS5o1os7a6CaiNabzcg"]},{"@type":"Person","@id":"https:\/\/psol50.org.br\/#\/schema\/person\/475dfa57d0b815993c714c2e96491fcd","name":"Comunica\u00e7\u00e3o PSOL","image":{"@type":"ImageObject","inLanguage":"pt-BR","@id":"https:\/\/psol50.org.br\/#\/schema\/person\/image\/","url":"https:\/\/secure.gravatar.com\/avatar\/b34fc4f4e468a4e51785917065a3db57b841f5c95dba6ad8c73aaf8f66f8f9bf?s=96&d=mm&r=g","contentUrl":"https:\/\/secure.gravatar.com\/avatar\/b34fc4f4e468a4e51785917065a3db57b841f5c95dba6ad8c73aaf8f66f8f9bf?s=96&d=mm&r=g","caption":"Comunica\u00e7\u00e3o PSOL"}}]}},"_links":{"self":[{"href":"https:\/\/psol50.org.br\/rest\/wp\/v2\/posts\/9801","targetHints":{"allow":["GET"]}}],"collection":[{"href":"https:\/\/psol50.org.br\/rest\/wp\/v2\/posts"}],"about":[{"href":"https:\/\/psol50.org.br\/rest\/wp\/v2\/types\/post"}],"author":[{"embeddable":true,"href":"https:\/\/psol50.org.br\/rest\/wp\/v2\/users\/2"}],"replies":[{"embeddable":true,"href":"https:\/\/psol50.org.br\/rest\/wp\/v2\/comments?post=9801"}],"version-history":[{"count":0,"href":"https:\/\/psol50.org.br\/rest\/wp\/v2\/posts\/9801\/revisions"}],"wp:attachment":[{"href":"https:\/\/psol50.org.br\/rest\/wp\/v2\/media?parent=9801"}],"wp:term":[{"taxonomy":"category","embeddable":true,"href":"https:\/\/psol50.org.br\/rest\/wp\/v2\/categories?post=9801"},{"taxonomy":"post_tag","embeddable":true,"href":"https:\/\/psol50.org.br\/rest\/wp\/v2\/tags?post=9801"}],"curies":[{"name":"wp","href":"https:\/\/api.w.org\/{rel}","templated":true}]}}