{"id":9809,"date":"2015-06-16T00:00:00","date_gmt":"2015-06-16T00:00:00","guid":{"rendered":"http:\/\/psol50.org.br\/arquivo\/2015\/06\/16\/podemos-uma-experiencia-rica-ou-um-novo-paradigma-para-a-esquerda\/"},"modified":"2015-06-16T00:00:00","modified_gmt":"2015-06-16T00:00:00","slug":"podemos-uma-experiencia-rica-ou-um-novo-paradigma-para-a-esquerda","status":"publish","type":"post","link":"https:\/\/psol50.org.br\/podemos-uma-experiencia-rica-ou-um-novo-paradigma-para-a-esquerda\/","title":{"rendered":"Podemos \u2013 uma experi\u00eancia rica ou um novo paradigma para a esquerda?"},"content":{"rendered":"<p style=\"text-align: justify;\">\n\t<span style=\"font-family:arial,helvetica,sans-serif;\"><span style=\"font-size: 12px;\">A experi\u00eancia do Podemos, na Espanha, \u00e9 interessante e deve ser acompanhada de perto. Pode nos inspirar em muitas coisas.<br \/>\n\t&nbsp;<br \/>\n\tMas ser\u00e1 ela um novo paradigma de formas de organiza\u00e7\u00e3o partid\u00e1ria das for\u00e7as progressistas e de esquerda? Vale uma reflex\u00e3o sobre a pergunta.<br \/>\n\t&nbsp;<br \/>\n\tAo longo da hist\u00f3ria, as formas de organiza\u00e7\u00e3o partid\u00e1ria exitosas estiveram em sintonia e a servi\u00e7o das tarefas do momento hist\u00f3rico. Mas, volta e meia, esta verdade aparentemente \u00f3bvia \u00e9 atropelada por c\u00f3pias acr\u00edticas de experi\u00eancias exitosas em outras realidades e momento. O resultado dessas transposi\u00e7\u00f5es mec\u00e2nicas quase nunca foi bom.<br \/>\n\t&nbsp;<br \/>\n\tAssim, foi castigado pela hist\u00f3ria quem reproduziu o modelo leninista de partido, de forma r\u00edgida, em outras realidades que n\u00e3o a da R\u00fassia do in\u00edcio do s\u00e9culo passado. Da mesma forma, deu com os burros n\u2019\u00e1gua quem copiou de forma acr\u00edtica outros modelos de organiza\u00e7\u00e3o, mesmo que estes tenham servido em outros momentos e em outros pa\u00edses. Basta ver as derrotas da luta armada na Am\u00e9rica Latina.<br \/>\n\t&nbsp;<br \/>\n\tHoje, diante do profundo desgaste da \u201cpol\u00edtica\u201d devido \u00e0 forma como ela vem sendo exercida n\u00e3o s\u00f3 no Brasil, novos caminhos t\u00eam sido buscados. Isso ocorre no exerc\u00edcio em si da pol\u00edtica, na formula\u00e7\u00e3o da estrat\u00e9gia e da t\u00e1tica e nas formas de organiza\u00e7\u00e3o partid\u00e1ria. \u00c9 natural. Mas \u00e9 preciso certo cuidado, para n\u00e3o comprar gato por lebre.<br \/>\n\t&nbsp;<br \/>\n\tNem toda novidade significa um avan\u00e7o. Algumas podem representar um retrocesso.<br \/>\n\t&nbsp;<br \/>\n\t\u00c9 claro que um partido na segunda d\u00e9cada do s\u00e9culo 21 deve incorporar as riqu\u00edssimas (e nem sempre exitosas) experi\u00eancias da luta dos trabalhadores no per\u00edodo recente. Deve, tamb\u00e9m, ter outras formas de organiza\u00e7\u00e3o, de interven\u00e7\u00e3o pol\u00edtica na sociedade ou de comunica\u00e7\u00e3o interna, se comparado a uma agremia\u00e7\u00e3o de 20 ou 30 anos atr\u00e1s (j\u00e1 nem falo nem das do in\u00edcio do s\u00e9culo passado).<br \/>\n\t&nbsp;<br \/>\n\tAssim, os partidos \u2013 e tamb\u00e9m o nosso PSOL &#8211; precisam de um \u201caggiornamento\u201d, e n\u00e3o s\u00f3 nas formas de organiza\u00e7\u00e3o.<br \/>\n\t&nbsp;<br \/>\n\tMas, mesmo com as necess\u00e1rias mudan\u00e7as, certas caracter\u00edsticas permanecem necess\u00e1rias. A principal delas \u00e9 a reafirma\u00e7\u00e3o do papel dos partidos pol\u00edticos. Eles devem ser um formulador coletivo de estrat\u00e9gias e t\u00e1ticas para a interven\u00e7\u00e3o na realidade. Transform\u00e1-los num meros coletores de propostas que surgem na sociedade \u00e9 apequenar seu papel e esteriliz\u00e1-lo.<br \/>\n\t&nbsp;<br \/>\n\tAssim, como foi dito no in\u00edcio deste texto, a experi\u00eancia do Podemos, na Espanha, deve ser acompanhada de perto. Ela pode nos trazer ensinamentos \u00fateis.<br \/>\n\t&nbsp;<br \/>\n\tO Podemos tem a sua origem em movimentos variados que ocorreram \u00e0 margem dos partidos e das institui\u00e7\u00f5es tradicionais e se nutriu do desgaste desses \u00faltimos e da cr\u00edtica a eles. A experi\u00eancia dos Indignados \u2013 jovens que acamparam durante semanas nas pra\u00e7as centrais de Madri \u2013 foi uma delas. A resist\u00eancia aos despejos de pessoas que n\u00e3o puderam honrar o pagamento de alugu\u00e9is ou hipotecas, tamb\u00e9m.<br \/>\n\t&nbsp;<br \/>\n\tO partido traz, portanto, uma experi\u00eancia muito interessante. At\u00e9 porque h\u00e1 pontos comuns entre a realidade de Espanha e a do Brasil hoje.<br \/>\n\t&nbsp;<br \/>\n\tMas h\u00e1 uma tend\u00eancia perigosa de tom\u00e1-lo como modelo de forma acr\u00edtica. No Rio de Janeiro, inspirado em sua experi\u00eancia \u2013 ou no que pensam ter sido ela &#8211; jovens ativistas come\u00e7aram a ser reunir nas ruas para debater problemas variados. Esses problemas s\u00e3o, em geral, relacionados com quest\u00f5es locais, de bairro. E os ativistas fazem a apologia do que denominam \u201chorizontalidade\u201d, acreditando sinceramente ser este o caminho para evitar a apari\u00e7\u00e3o e o fortalecimento dos burocratas partid\u00e1rios. Repudiam qualquer modelo que delegue responsabilidades e n\u00e3o aceitam a exist\u00eancia de dirigentes.&nbsp;<br \/>\n\t&nbsp;<br \/>\n\tMuitas vezes, sequer existe uma pauta nas suas reuni\u00f5es. As pessoas se inscrevem e falam sobre o assunto que desejarem no momento em que lhes \u00e9 dada a palavra.<br \/>\n\t&nbsp;<br \/>\n\tEssas reuni\u00f5es n\u00e3o deixam de ter um aspecto positivo \u2013 afinal, \u00e9 gente que, num momento de confus\u00e3o, se disp\u00f5e a debater problemas de alguma forma relacionados com a pol\u00edtica (mesmo que pol\u00edtica, digamos, menor, localizada). Mas, s\u00e3o reuni\u00f5es ca\u00f3ticas, em que se sai de um problema para outro sem que haja qualquer conclus\u00e3o. Por isso, na maior parte das vezes s\u00e3o improdutivas, salvo quando marcam alguma atividade imediata, tamb\u00e9m relacionada com quest\u00f5es locais. E, passados alguns meses, os coletivos que as promovem tendem a desaparecer.<br \/>\n\t&nbsp;<br \/>\n\t\u00c9 o que ocorreu com os Indignados, que, felizmente, acabou contribuindo para o surgimento de uma organiza\u00e7\u00e3o de tipo partid\u00e1rio.<br \/>\n\t&nbsp;<br \/>\n\tMas n\u00e3o s\u00f3 nesses ativistas, com pouca experi\u00eancia e forma\u00e7\u00e3o pol\u00edtica, houve certo encantamento com a experi\u00eancia do Podemos. Formula\u00e7\u00f5es de mais gabarito &#8211; como a desenvolvida por Vladimir Safatle em artigo publicado na \u201cFolha de S.Paulo\u201d em 2\/6\/2015, com o t\u00edtulo \u201cO que podemos\u201d \u2013 tamb\u00e9m mostra isso.<br \/>\n\t&nbsp;<br \/>\n\tSafatle \u00e9 uma das boas cabe\u00e7as da esquerda brasileira. Geralmente sai da mesmice e traz contribui\u00e7\u00f5es originais. Nesse artigo, como em outros, levanta quest\u00f5es instigantes. No entanto, flerta com uma perspectiva espontane\u00edsta, que, no limite, leva ao menosprezo do papel dos partidos e \u00e0 dilui\u00e7\u00e3o de seu papel como agente coletivo de formula\u00e7\u00e3o e luta por um projeto.<br \/>\n\t&nbsp;<br \/>\n\tUm exemplo. Falando da prefeita eleita de Barcelona, uma importante figura do Podemos, Safatle afirma: \u201cAda Colau \u00e9 apenas o exemplo mais vis\u00edvel de um processo de uma reconfigura\u00e7\u00e3o contempor\u00e2nea da pol\u00edtica. Seu partido n\u00e3o \u00e9 um partido, mas uma plataforma cidad\u00e3, ou seja, um grupo de ativistas, professores que constituiu uma lista eleitoral aliando-se a v\u00e1rios grupos e partidos como o Podemos.\u201d<br \/>\n\t&nbsp;<br \/>\n\t\u201cOs candidatos n\u00e3o foram escolhidos em conven\u00e7\u00f5es cheias de militantes-fantasmas filiados apenas para vencer embates internos, como acontece em tantos partidos de esquerda e direita. Nem seus candidatos foram decididos em conchavos em mesa de restaurante. Eles foram indicados em assembleia aberta, na qual escolhe quem est\u00e1 presente.\u201d<br \/>\n\t&nbsp;<br \/>\n\tExaminemos mais de perto o que afirma Safatle.<br \/>\n\t&nbsp;<br \/>\n\tO partido de Colau \u201cn\u00e3o \u00e9 um partido, mas uma plataforma cidad\u00e3\u201d. Ora, que plataforma? \u00c9 preciso haver um mecanismo qualquer que filtre, organize e coesione as propostas surgidas no seio do movimento e lhes d\u00ea coer\u00eancia mais global. Isso \u00e9 essencial, sob pena de termos como consequ\u00eancia uma aut\u00eantica geleia geral, na qual cabe (ou pode caber) tudo.<br \/>\n\t&nbsp;<br \/>\n\tMais: \u201cOs candidatos n\u00e3o foram escolhidos em conven\u00e7\u00f5es cheias de militantes-fantasmas filiados apenas para vencer embates internos, como acontece em tantos partidos de esquerda e direita. Nem seus candidatos foram decididos em conchavos em mesa de restaurante. Eles foram indicados em assembleia aberta, na qual escolhe quem est\u00e1 presente\u201d.<br \/>\n\t&nbsp;<br \/>\n\tSafatle valoriza o fato de que n\u00e3o s\u00e3o os filiados a uma agremia\u00e7\u00e3o pol\u00edtica que votam para escolher os candidatos, mas quem estiver numa assembleia aberta, \u201cna qual escolhe quem est\u00e1 presente\u201d.<br \/>\n\t&nbsp;<br \/>\n\tClaro que conven\u00e7\u00f5es manipuladas por burocracias partid\u00e1rias, o que \u00e9 comum, devem ser repudiadas. Mas a solu\u00e7\u00e3o n\u00e3o pode ser a apontada por Safatle, com base na experi\u00eancia do Podemos.<br \/>\n\t&nbsp;<br \/>\n\tAo contr\u00e1rio do que se possa pensar, isso n\u00e3o \u00e9 democr\u00e1tico.<br \/>\n\t&nbsp;<br \/>\n\tQue se fa\u00e7a uma assembleia na rua para debater problemas de uma comunidade, \u00e9 \u00f3timo. Que os presentes votem, tamb\u00e9m. Mas um partido pressup\u00f5e certa homogeneidade de pensamento. Ou ser\u00e1 que apenas o rep\u00fadio \u00e0 velha institucionalidade e aos velhos partidos basta para garantir coer\u00eancia ao \u201cnovo\u201d?<br \/>\n\t&nbsp;<br \/>\n\tEnfim, as justas cr\u00edticas \u00e0s burocracias \u2013 presentes em quase todas as agremia\u00e7\u00f5es, inclusive na nossa, diga-se \u2013 n\u00e3o podem levar \u00e0 anarquia e ao rep\u00fadio a qualquer forma e n\u00edvel de hierarquia na estrutura partid\u00e1ria.<br \/>\n\t&nbsp;<br \/>\n\tAt\u00e9 porque \u2013 \u00e9 preciso ter isso presente \u2013 sempre haver\u00e1 algu\u00e9m que dar\u00e1 um m\u00ednimo de ordem e organiza\u00e7\u00e3o \u00e0 lista an\u00e1rquica de demandas variadas levantadas em pra\u00e7a p\u00fablica. Quem ser\u00e1 esse algu\u00e9m?<br \/>\n\t&nbsp;<br \/>\n\tDevemos saudar a vit\u00f3ria eleitoral do Podemos, acompanhar seu desdobramento, pois ela pode abrir espa\u00e7os para uma revitaliza\u00e7\u00e3o importante da pol\u00edtica na Espanha. No entanto, \u00e9 precipitado considerar que o fato de a legenda ter tido uma importante vit\u00f3ria eleitoral nas recentes elei\u00e7\u00f5es municipais o consagra como novo paradigma para a organiza\u00e7\u00e3o partid\u00e1ria.<br \/>\n\t&nbsp;<br \/>\n\tSeria mais simples se tudo fosse assim.<br \/>\n\t&nbsp;<br \/>\n\tMas o buraco \u00e9 mais embaixo.<\/span><\/span><br \/>\n\t&nbsp;<\/p>\n","protected":false},"excerpt":{"rendered":"<p>A experi\u00eancia do Podemos, na Espanha, \u00e9 interessante e deve ser acompanhada de perto. Pode nos inspirar em muitas coisas. &nbsp; Mas ser\u00e1 ela um novo paradigma de formas de organiza\u00e7\u00e3o partid\u00e1ria das for\u00e7as progressistas e de esquerda? Vale uma reflex\u00e3o sobre a pergunta. &nbsp; Ao longo da hist\u00f3ria, as formas de organiza\u00e7\u00e3o partid\u00e1ria exitosas [&hellip;]<\/p>\n","protected":false},"author":2,"featured_media":0,"comment_status":"open","ping_status":"open","sticky":false,"template":"","format":"standard","meta":{"_acf_changed":false,"footnotes":""},"categories":[3],"tags":[1750,2753,2138],"class_list":{"0":"post-9809","1":"post","2":"type-post","3":"status-publish","4":"format-standard","6":"category-artigos-e-entrevistas","8":"tag-espanha","9":"tag-podemos"},"acf":[],"yoast_head":"<!-- This site is optimized with the Yoast SEO plugin v26.5 - https:\/\/yoast.com\/wordpress\/plugins\/seo\/ -->\n<title>Podemos \u2013 uma experi\u00eancia rica ou um novo paradigma para a esquerda? - PSOL 50<\/title>\n<meta name=\"robots\" content=\"index, follow, max-snippet:-1, max-image-preview:large, max-video-preview:-1\" \/>\n<link rel=\"canonical\" href=\"https:\/\/psol50.org.br\/podemos-uma-experiencia-rica-ou-um-novo-paradigma-para-a-esquerda\/\" \/>\n<meta property=\"og:locale\" content=\"pt_BR\" \/>\n<meta property=\"og:type\" content=\"article\" \/>\n<meta property=\"og:title\" content=\"Podemos \u2013 uma experi\u00eancia rica ou um novo paradigma para a esquerda? - PSOL 50\" \/>\n<meta property=\"og:description\" content=\"A experi\u00eancia do Podemos, na Espanha, \u00e9 interessante e deve ser acompanhada de perto. Pode nos inspirar em muitas coisas. &nbsp; Mas ser\u00e1 ela um novo paradigma de formas de organiza\u00e7\u00e3o partid\u00e1ria das for\u00e7as progressistas e de esquerda? Vale uma reflex\u00e3o sobre a pergunta. &nbsp; Ao longo da hist\u00f3ria, as formas de organiza\u00e7\u00e3o partid\u00e1ria exitosas [&hellip;]\" \/>\n<meta property=\"og:url\" content=\"https:\/\/psol50.org.br\/podemos-uma-experiencia-rica-ou-um-novo-paradigma-para-a-esquerda\/\" \/>\n<meta property=\"og:site_name\" content=\"PSOL 50\" \/>\n<meta property=\"article:publisher\" content=\"https:\/\/www.facebook.com\/psol50\" \/>\n<meta property=\"article:published_time\" content=\"2015-06-16T00:00:00+00:00\" \/>\n<meta property=\"og:image\" content=\"https:\/\/psol50.org.br\/inc\/uploads\/2018\/07\/capa.png\" \/>\n\t<meta property=\"og:image:width\" content=\"1350\" \/>\n\t<meta property=\"og:image:height\" content=\"900\" \/>\n\t<meta property=\"og:image:type\" content=\"image\/png\" \/>\n<meta name=\"author\" content=\"Comunica\u00e7\u00e3o PSOL\" \/>\n<meta name=\"twitter:card\" content=\"summary_large_image\" \/>\n<meta name=\"twitter:creator\" content=\"@psol50\" \/>\n<meta name=\"twitter:site\" content=\"@psol50\" \/>\n<meta name=\"twitter:label1\" content=\"Escrito por\" \/>\n\t<meta name=\"twitter:data1\" content=\"Comunica\u00e7\u00e3o PSOL\" \/>\n\t<meta name=\"twitter:label2\" content=\"Est. tempo de leitura\" \/>\n\t<meta name=\"twitter:data2\" content=\"7 minutos\" \/>\n<script type=\"application\/ld+json\" class=\"yoast-schema-graph\">{\"@context\":\"https:\/\/schema.org\",\"@graph\":[{\"@type\":\"Article\",\"@id\":\"https:\/\/psol50.org.br\/podemos-uma-experiencia-rica-ou-um-novo-paradigma-para-a-esquerda\/#article\",\"isPartOf\":{\"@id\":\"https:\/\/psol50.org.br\/podemos-uma-experiencia-rica-ou-um-novo-paradigma-para-a-esquerda\/\"},\"author\":{\"name\":\"Comunica\u00e7\u00e3o PSOL\",\"@id\":\"https:\/\/psol50.org.br\/#\/schema\/person\/475dfa57d0b815993c714c2e96491fcd\"},\"headline\":\"Podemos \u2013 uma experi\u00eancia rica ou um novo paradigma para a esquerda?\",\"datePublished\":\"2015-06-16T00:00:00+00:00\",\"mainEntityOfPage\":{\"@id\":\"https:\/\/psol50.org.br\/podemos-uma-experiencia-rica-ou-um-novo-paradigma-para-a-esquerda\/\"},\"wordCount\":1472,\"commentCount\":0,\"publisher\":{\"@id\":\"https:\/\/psol50.org.br\/#organization\"},\"keywords\":[\"Cid Benjamin\",\"Espanha\",\"Podemos\"],\"articleSection\":[\"Artigos\"],\"inLanguage\":\"pt-BR\",\"potentialAction\":[{\"@type\":\"CommentAction\",\"name\":\"Comment\",\"target\":[\"https:\/\/psol50.org.br\/podemos-uma-experiencia-rica-ou-um-novo-paradigma-para-a-esquerda\/#respond\"]}]},{\"@type\":\"WebPage\",\"@id\":\"https:\/\/psol50.org.br\/podemos-uma-experiencia-rica-ou-um-novo-paradigma-para-a-esquerda\/\",\"url\":\"https:\/\/psol50.org.br\/podemos-uma-experiencia-rica-ou-um-novo-paradigma-para-a-esquerda\/\",\"name\":\"Podemos \u2013 uma experi\u00eancia rica ou um novo paradigma para a esquerda? - PSOL 50\",\"isPartOf\":{\"@id\":\"https:\/\/psol50.org.br\/#website\"},\"datePublished\":\"2015-06-16T00:00:00+00:00\",\"breadcrumb\":{\"@id\":\"https:\/\/psol50.org.br\/podemos-uma-experiencia-rica-ou-um-novo-paradigma-para-a-esquerda\/#breadcrumb\"},\"inLanguage\":\"pt-BR\",\"potentialAction\":[{\"@type\":\"ReadAction\",\"target\":[\"https:\/\/psol50.org.br\/podemos-uma-experiencia-rica-ou-um-novo-paradigma-para-a-esquerda\/\"]}]},{\"@type\":\"BreadcrumbList\",\"@id\":\"https:\/\/psol50.org.br\/podemos-uma-experiencia-rica-ou-um-novo-paradigma-para-a-esquerda\/#breadcrumb\",\"itemListElement\":[{\"@type\":\"ListItem\",\"position\":1,\"name\":\"In\u00edcio\",\"item\":\"https:\/\/psol50.org.br\/\"},{\"@type\":\"ListItem\",\"position\":2,\"name\":\"Podemos \u2013 uma experi\u00eancia rica ou um novo paradigma para a esquerda?\"}]},{\"@type\":\"WebSite\",\"@id\":\"https:\/\/psol50.org.br\/#website\",\"url\":\"https:\/\/psol50.org.br\/\",\"name\":\"PSOL 50\",\"description\":\"Site oficial do Partido Socialismo e Liberdade\",\"publisher\":{\"@id\":\"https:\/\/psol50.org.br\/#organization\"},\"alternateName\":\"PSOL50\",\"potentialAction\":[{\"@type\":\"SearchAction\",\"target\":{\"@type\":\"EntryPoint\",\"urlTemplate\":\"https:\/\/psol50.org.br\/?s={search_term_string}\"},\"query-input\":{\"@type\":\"PropertyValueSpecification\",\"valueRequired\":true,\"valueName\":\"search_term_string\"}}],\"inLanguage\":\"pt-BR\"},{\"@type\":\"Organization\",\"@id\":\"https:\/\/psol50.org.br\/#organization\",\"name\":\"PSOL 50\",\"alternateName\":\"PSOL 50\",\"url\":\"https:\/\/psol50.org.br\/\",\"logo\":{\"@type\":\"ImageObject\",\"inLanguage\":\"pt-BR\",\"@id\":\"https:\/\/psol50.org.br\/#\/schema\/logo\/image\/\",\"url\":\"https:\/\/psol50.org.br\/inc\/uploads\/2018\/07\/capa.png\",\"contentUrl\":\"https:\/\/psol50.org.br\/inc\/uploads\/2018\/07\/capa.png\",\"width\":1350,\"height\":900,\"caption\":\"PSOL 50\"},\"image\":{\"@id\":\"https:\/\/psol50.org.br\/#\/schema\/logo\/image\/\"},\"sameAs\":[\"https:\/\/www.facebook.com\/psol50\",\"https:\/\/x.com\/psol50\",\"https:\/\/www.instagram.com\/psol50\/\",\"https:\/\/www.youtube.com\/channel\/UC7SnJS5o1os7a6CaiNabzcg\"]},{\"@type\":\"Person\",\"@id\":\"https:\/\/psol50.org.br\/#\/schema\/person\/475dfa57d0b815993c714c2e96491fcd\",\"name\":\"Comunica\u00e7\u00e3o PSOL\",\"image\":{\"@type\":\"ImageObject\",\"inLanguage\":\"pt-BR\",\"@id\":\"https:\/\/psol50.org.br\/#\/schema\/person\/image\/\",\"url\":\"https:\/\/secure.gravatar.com\/avatar\/b34fc4f4e468a4e51785917065a3db57b841f5c95dba6ad8c73aaf8f66f8f9bf?s=96&d=mm&r=g\",\"contentUrl\":\"https:\/\/secure.gravatar.com\/avatar\/b34fc4f4e468a4e51785917065a3db57b841f5c95dba6ad8c73aaf8f66f8f9bf?s=96&d=mm&r=g\",\"caption\":\"Comunica\u00e7\u00e3o PSOL\"}}]}<\/script>\n<!-- \/ Yoast SEO plugin. -->","yoast_head_json":{"title":"Podemos \u2013 uma experi\u00eancia rica ou um novo paradigma para a esquerda? - PSOL 50","robots":{"index":"index","follow":"follow","max-snippet":"max-snippet:-1","max-image-preview":"max-image-preview:large","max-video-preview":"max-video-preview:-1"},"canonical":"https:\/\/psol50.org.br\/podemos-uma-experiencia-rica-ou-um-novo-paradigma-para-a-esquerda\/","og_locale":"pt_BR","og_type":"article","og_title":"Podemos \u2013 uma experi\u00eancia rica ou um novo paradigma para a esquerda? - PSOL 50","og_description":"A experi\u00eancia do Podemos, na Espanha, \u00e9 interessante e deve ser acompanhada de perto. Pode nos inspirar em muitas coisas. &nbsp; Mas ser\u00e1 ela um novo paradigma de formas de organiza\u00e7\u00e3o partid\u00e1ria das for\u00e7as progressistas e de esquerda? Vale uma reflex\u00e3o sobre a pergunta. &nbsp; Ao longo da hist\u00f3ria, as formas de organiza\u00e7\u00e3o partid\u00e1ria exitosas [&hellip;]","og_url":"https:\/\/psol50.org.br\/podemos-uma-experiencia-rica-ou-um-novo-paradigma-para-a-esquerda\/","og_site_name":"PSOL 50","article_publisher":"https:\/\/www.facebook.com\/psol50","article_published_time":"2015-06-16T00:00:00+00:00","og_image":[{"width":1350,"height":900,"url":"https:\/\/psol50.org.br\/inc\/uploads\/2018\/07\/capa.png","type":"image\/png"}],"author":"Comunica\u00e7\u00e3o PSOL","twitter_card":"summary_large_image","twitter_creator":"@psol50","twitter_site":"@psol50","twitter_misc":{"Escrito por":"Comunica\u00e7\u00e3o PSOL","Est. tempo de leitura":"7 minutos"},"schema":{"@context":"https:\/\/schema.org","@graph":[{"@type":"Article","@id":"https:\/\/psol50.org.br\/podemos-uma-experiencia-rica-ou-um-novo-paradigma-para-a-esquerda\/#article","isPartOf":{"@id":"https:\/\/psol50.org.br\/podemos-uma-experiencia-rica-ou-um-novo-paradigma-para-a-esquerda\/"},"author":{"name":"Comunica\u00e7\u00e3o PSOL","@id":"https:\/\/psol50.org.br\/#\/schema\/person\/475dfa57d0b815993c714c2e96491fcd"},"headline":"Podemos \u2013 uma experi\u00eancia rica ou um novo paradigma para a esquerda?","datePublished":"2015-06-16T00:00:00+00:00","mainEntityOfPage":{"@id":"https:\/\/psol50.org.br\/podemos-uma-experiencia-rica-ou-um-novo-paradigma-para-a-esquerda\/"},"wordCount":1472,"commentCount":0,"publisher":{"@id":"https:\/\/psol50.org.br\/#organization"},"keywords":["Cid Benjamin","Espanha","Podemos"],"articleSection":["Artigos"],"inLanguage":"pt-BR","potentialAction":[{"@type":"CommentAction","name":"Comment","target":["https:\/\/psol50.org.br\/podemos-uma-experiencia-rica-ou-um-novo-paradigma-para-a-esquerda\/#respond"]}]},{"@type":"WebPage","@id":"https:\/\/psol50.org.br\/podemos-uma-experiencia-rica-ou-um-novo-paradigma-para-a-esquerda\/","url":"https:\/\/psol50.org.br\/podemos-uma-experiencia-rica-ou-um-novo-paradigma-para-a-esquerda\/","name":"Podemos \u2013 uma experi\u00eancia rica ou um novo paradigma para a esquerda? - PSOL 50","isPartOf":{"@id":"https:\/\/psol50.org.br\/#website"},"datePublished":"2015-06-16T00:00:00+00:00","breadcrumb":{"@id":"https:\/\/psol50.org.br\/podemos-uma-experiencia-rica-ou-um-novo-paradigma-para-a-esquerda\/#breadcrumb"},"inLanguage":"pt-BR","potentialAction":[{"@type":"ReadAction","target":["https:\/\/psol50.org.br\/podemos-uma-experiencia-rica-ou-um-novo-paradigma-para-a-esquerda\/"]}]},{"@type":"BreadcrumbList","@id":"https:\/\/psol50.org.br\/podemos-uma-experiencia-rica-ou-um-novo-paradigma-para-a-esquerda\/#breadcrumb","itemListElement":[{"@type":"ListItem","position":1,"name":"In\u00edcio","item":"https:\/\/psol50.org.br\/"},{"@type":"ListItem","position":2,"name":"Podemos \u2013 uma experi\u00eancia rica ou um novo paradigma para a esquerda?"}]},{"@type":"WebSite","@id":"https:\/\/psol50.org.br\/#website","url":"https:\/\/psol50.org.br\/","name":"PSOL 50","description":"Site oficial do Partido Socialismo e Liberdade","publisher":{"@id":"https:\/\/psol50.org.br\/#organization"},"alternateName":"PSOL50","potentialAction":[{"@type":"SearchAction","target":{"@type":"EntryPoint","urlTemplate":"https:\/\/psol50.org.br\/?s={search_term_string}"},"query-input":{"@type":"PropertyValueSpecification","valueRequired":true,"valueName":"search_term_string"}}],"inLanguage":"pt-BR"},{"@type":"Organization","@id":"https:\/\/psol50.org.br\/#organization","name":"PSOL 50","alternateName":"PSOL 50","url":"https:\/\/psol50.org.br\/","logo":{"@type":"ImageObject","inLanguage":"pt-BR","@id":"https:\/\/psol50.org.br\/#\/schema\/logo\/image\/","url":"https:\/\/psol50.org.br\/inc\/uploads\/2018\/07\/capa.png","contentUrl":"https:\/\/psol50.org.br\/inc\/uploads\/2018\/07\/capa.png","width":1350,"height":900,"caption":"PSOL 50"},"image":{"@id":"https:\/\/psol50.org.br\/#\/schema\/logo\/image\/"},"sameAs":["https:\/\/www.facebook.com\/psol50","https:\/\/x.com\/psol50","https:\/\/www.instagram.com\/psol50\/","https:\/\/www.youtube.com\/channel\/UC7SnJS5o1os7a6CaiNabzcg"]},{"@type":"Person","@id":"https:\/\/psol50.org.br\/#\/schema\/person\/475dfa57d0b815993c714c2e96491fcd","name":"Comunica\u00e7\u00e3o PSOL","image":{"@type":"ImageObject","inLanguage":"pt-BR","@id":"https:\/\/psol50.org.br\/#\/schema\/person\/image\/","url":"https:\/\/secure.gravatar.com\/avatar\/b34fc4f4e468a4e51785917065a3db57b841f5c95dba6ad8c73aaf8f66f8f9bf?s=96&d=mm&r=g","contentUrl":"https:\/\/secure.gravatar.com\/avatar\/b34fc4f4e468a4e51785917065a3db57b841f5c95dba6ad8c73aaf8f66f8f9bf?s=96&d=mm&r=g","caption":"Comunica\u00e7\u00e3o PSOL"}}]}},"_links":{"self":[{"href":"https:\/\/psol50.org.br\/rest\/wp\/v2\/posts\/9809","targetHints":{"allow":["GET"]}}],"collection":[{"href":"https:\/\/psol50.org.br\/rest\/wp\/v2\/posts"}],"about":[{"href":"https:\/\/psol50.org.br\/rest\/wp\/v2\/types\/post"}],"author":[{"embeddable":true,"href":"https:\/\/psol50.org.br\/rest\/wp\/v2\/users\/2"}],"replies":[{"embeddable":true,"href":"https:\/\/psol50.org.br\/rest\/wp\/v2\/comments?post=9809"}],"version-history":[{"count":0,"href":"https:\/\/psol50.org.br\/rest\/wp\/v2\/posts\/9809\/revisions"}],"wp:attachment":[{"href":"https:\/\/psol50.org.br\/rest\/wp\/v2\/media?parent=9809"}],"wp:term":[{"taxonomy":"category","embeddable":true,"href":"https:\/\/psol50.org.br\/rest\/wp\/v2\/categories?post=9809"},{"taxonomy":"post_tag","embeddable":true,"href":"https:\/\/psol50.org.br\/rest\/wp\/v2\/tags?post=9809"}],"curies":[{"name":"wp","href":"https:\/\/api.w.org\/{rel}","templated":true}]}}