{"id":981,"date":"2012-01-16T00:00:00","date_gmt":"2012-01-16T00:00:00","guid":{"rendered":"http:\/\/psol50.org.br\/arquivo\/2012\/01\/16\/df-pracas-da-pm-e-dos-bombeiros-cobram-promessas-de-agnelo\/"},"modified":"2012-01-16T00:00:00","modified_gmt":"2012-01-16T00:00:00","slug":"df-pracas-da-pm-e-dos-bombeiros-cobram-promessas-de-agnelo","status":"publish","type":"post","link":"https:\/\/psol50.org.br\/df-pracas-da-pm-e-dos-bombeiros-cobram-promessas-de-agnelo\/","title":{"rendered":"DF: Pra\u00e7as da PM e dos Bombeiros cobram promessas de Agnelo"},"content":{"rendered":"<p style=\"text-align: justify\"><a href=\"http:\/\/psol50.org.br\/blog\/2012\/01\/16\/df-pracas-da-pm-e-dos-bombeiros-cobram-promessas-de-agnelo\/df_pmbombeiros\/\" rel=\"attachment wp-att-13216\"><img loading=\"lazy\" decoding=\"async\" class=\"aligncenter size-full wp-image-13216\" src=\"http:\/\/psol50.org.br\/files\/2012\/01\/DF_PMBombeiros.jpg\" alt=\"\" width=\"384\" height=\"288\" \/><\/a>Revoltados com o que consideram um descaso do GDF em rela\u00e7\u00e3o ao \u00a0n\u00e3o cumprimento das promessas de campanha do ent\u00e3o candidato Agnelo Queiroz e do que classificam de \u201cin\u00e9rcia\u201d do presidente da CLDF, deputado Cabo Patr\u00edcio, que no per\u00edodo eleitoral se propunha a ser o representante dos policiais militares de Bras\u00edlia; pra\u00e7as policiais militares e bombeiros do DF, resolveram botar a boca no trombone.<\/p>\n<p style=\"text-align: justify\">Por meio de\u00a0atrav\u00e9s das rede socias (Orkut e Facebook) e coordenados pelo SindPM (Associa\u00e7\u00e3o \u00danica dos Pra\u00e7as PM\/BM do DF) decidiram tornar p\u00fablica a insatisfa\u00e7\u00e3o da categoria. Faixas de cobran\u00e7a tamb\u00e9m foram fixadas em pontos de grande circula\u00e7\u00e3o de pessoas e ve\u00edculos, com objetivo de demonstrar o clima interno da corpora\u00e7\u00e3o.<\/p>\n<p style=\"text-align: justify\"><img loading=\"lazy\" decoding=\"async\" class=\"aligncenter\" src=\"http:\/\/chicosantanna.files.wordpress.com\/2012\/01\/pqaaapquzdkvy_bknkxiahrrj90vtchn-sv6tlan-sz0w2q23k43hc3rfbbnfyltumc3doxcfbjxjwu9qnykd7v6y3sam1t1uj7nfvhlpfvxas3xi6s9f9ebo3rk.jpg?w=288&amp;h=216\" alt=\"\" width=\"288\" height=\"216\" \/><\/p>\n<p style=\"text-align: justify\">Os manifestantes est\u00e3o particularmente irritados com\u00a0a edi\u00e7\u00e3o do <a href=\"http:\/\/www.slideshare.net\/ronergama\/decreto-n-33431-de-20-de-dezembro-de-2011\">decreto N\u00ba 33.431<\/a>, de 20 de dezembro de 2011 que concedeu aumento salarial em forma do que eles denominam \u00a0 \u201cgordas gratifica\u00e7\u00f5es\u201d aos oficiais superiores das corpora\u00e7\u00f5es. As gratifica\u00e7\u00f5es variam \u00a0entre R$ 2.937,71 e R$ 13.929,03 .\u00a0Alegam que \u00a0est\u00e3o h\u00e1 quatro anos sem reajuste no seus vencimentos e que s\u00e3o eles que efetivamente arriscam a vida no policiamento das ruas do DF.<\/p>\n<div style=\"text-align: justify\"><a href=\"http:\/\/chicosantanna.files.wordpress.com\/2012\/01\/dilma.jpg\"><img loading=\"lazy\" decoding=\"async\" class=\"aligncenter\" src=\"http:\/\/chicosantanna.files.wordpress.com\/2012\/01\/dilma.jpg?w=310&amp;h=450\" alt=\"\" width=\"310\" height=\"450\" \/><\/a><strong>Pra\u00e7as da PMDF cobram promessas de Agnelo e Patr\u00edcio<\/strong><\/p>\n<\/div>\n<p style=\"text-align: justify\">O movimento questiona a postura do presidente da CLDF, deputado Cabo Patr\u00edcio (oriundo da PMDF), que n\u00e3o estaria defendendo e teria solicitado que a Agencia de Fiscaliza\u00e7\u00e3o do DF \u2013 AGEFIS, subordinada \u00e0 secretaria da Ordem P\u00fablica e Social \u2013 SEOPS\u00a0para recolher das ruas as faixas da mobiliza\u00e7\u00e3o dos pra\u00e7as. Seria uma forma de coibir a visibilidade do movimento. Patr\u00edcio,\u00a0segundo os pra\u00e7as, tem portas abertas na\u00a0SEOPS, pois ela seria\u00a0<a href=\"http:\/\/www.buriti.df.gov.br\/ftp\/diariooficial\/2011\/09_Setembro\/DODF%20N%C2%BA%20172%2002-09-2011\/Se%C3%A7%C3%A3o02-%20172.pdf\">comandada pelo subtenente da PMDF,\u00a0Jos\u00e9 Grijalma de Farias,<\/a> indicado para o cargo pelo deputado Patr\u00edcio.<\/p>\n<p style=\"text-align: justify\"><a href=\"http:\/\/chicosantanna.wordpress.com\/2012\/01\/16\/parcas-da-pm-e-dos-bombeiros-cobram-promessas-de-agnelo\/\"><strong>*Fonte: Bras\u00edlia por Chico Sant&#8217;Anna<\/strong><\/a><\/p>\n","protected":false},"excerpt":{"rendered":"<p>Revoltados com o que consideram um descaso do GDF em rela\u00e7\u00e3o ao \u00a0n\u00e3o cumprimento das promessas de campanha do ent\u00e3o candidato Agnelo Queiroz e do que classificam de \u201cin\u00e9rcia\u201d do presidente da CLDF, deputado Cabo Patr\u00edcio, que no per\u00edodo eleitoral se propunha a ser o representante dos policiais militares de Bras\u00edlia; pra\u00e7as policiais militares e [&hellip;]<\/p>\n","protected":false},"author":2,"featured_media":0,"comment_status":"open","ping_status":"open","sticky":false,"template":"","format":"standard","meta":{"_acf_changed":false,"footnotes":""},"categories":[4766],"tags":[],"class_list":{"0":"post-981","1":"post","2":"type-post","3":"status-publish","4":"format-standard","6":"category-arquivo"},"acf":[],"yoast_head":"<!-- This site is optimized with the Yoast SEO plugin v26.5 - https:\/\/yoast.com\/wordpress\/plugins\/seo\/ -->\n<title>DF: Pra\u00e7as da PM e dos Bombeiros cobram promessas de Agnelo - PSOL 50<\/title>\n<meta name=\"robots\" content=\"index, follow, max-snippet:-1, max-image-preview:large, max-video-preview:-1\" \/>\n<link rel=\"canonical\" href=\"https:\/\/psol50.org.br\/df-pracas-da-pm-e-dos-bombeiros-cobram-promessas-de-agnelo\/\" \/>\n<meta property=\"og:locale\" content=\"pt_BR\" \/>\n<meta property=\"og:type\" content=\"article\" \/>\n<meta property=\"og:title\" content=\"DF: Pra\u00e7as da PM e dos Bombeiros cobram promessas de Agnelo - PSOL 50\" \/>\n<meta property=\"og:description\" content=\"Revoltados com o que consideram um descaso do GDF em rela\u00e7\u00e3o ao \u00a0n\u00e3o cumprimento das promessas de campanha do ent\u00e3o candidato Agnelo Queiroz e do que classificam de \u201cin\u00e9rcia\u201d do presidente da CLDF, deputado Cabo Patr\u00edcio, que no per\u00edodo eleitoral se propunha a ser o representante dos policiais militares de Bras\u00edlia; pra\u00e7as policiais militares e [&hellip;]\" \/>\n<meta property=\"og:url\" content=\"https:\/\/psol50.org.br\/df-pracas-da-pm-e-dos-bombeiros-cobram-promessas-de-agnelo\/\" \/>\n<meta property=\"og:site_name\" content=\"PSOL 50\" \/>\n<meta property=\"article:publisher\" content=\"https:\/\/www.facebook.com\/psol50\" \/>\n<meta property=\"article:published_time\" content=\"2012-01-16T00:00:00+00:00\" \/>\n<meta property=\"og:image\" content=\"http:\/\/psol50.org.br\/files\/2012\/01\/DF_PMBombeiros.jpg\" \/>\n<meta name=\"author\" content=\"Comunica\u00e7\u00e3o PSOL\" \/>\n<meta name=\"twitter:card\" content=\"summary_large_image\" \/>\n<meta name=\"twitter:creator\" content=\"@psol50\" \/>\n<meta name=\"twitter:site\" content=\"@psol50\" \/>\n<meta name=\"twitter:label1\" content=\"Escrito por\" \/>\n\t<meta name=\"twitter:data1\" content=\"Comunica\u00e7\u00e3o PSOL\" \/>\n\t<meta name=\"twitter:label2\" content=\"Est. tempo de leitura\" \/>\n\t<meta name=\"twitter:data2\" content=\"2 minutos\" \/>\n<script type=\"application\/ld+json\" class=\"yoast-schema-graph\">{\"@context\":\"https:\/\/schema.org\",\"@graph\":[{\"@type\":\"Article\",\"@id\":\"https:\/\/psol50.org.br\/df-pracas-da-pm-e-dos-bombeiros-cobram-promessas-de-agnelo\/#article\",\"isPartOf\":{\"@id\":\"https:\/\/psol50.org.br\/df-pracas-da-pm-e-dos-bombeiros-cobram-promessas-de-agnelo\/\"},\"author\":{\"name\":\"Comunica\u00e7\u00e3o PSOL\",\"@id\":\"https:\/\/psol50.org.br\/#\/schema\/person\/475dfa57d0b815993c714c2e96491fcd\"},\"headline\":\"DF: Pra\u00e7as da PM e dos Bombeiros cobram promessas de Agnelo\",\"datePublished\":\"2012-01-16T00:00:00+00:00\",\"mainEntityOfPage\":{\"@id\":\"https:\/\/psol50.org.br\/df-pracas-da-pm-e-dos-bombeiros-cobram-promessas-de-agnelo\/\"},\"wordCount\":331,\"commentCount\":0,\"publisher\":{\"@id\":\"https:\/\/psol50.org.br\/#organization\"},\"image\":{\"@id\":\"https:\/\/psol50.org.br\/df-pracas-da-pm-e-dos-bombeiros-cobram-promessas-de-agnelo\/#primaryimage\"},\"thumbnailUrl\":\"http:\/\/psol50.org.br\/files\/2012\/01\/DF_PMBombeiros.jpg\",\"articleSection\":[\"Arquivo\"],\"inLanguage\":\"pt-BR\",\"potentialAction\":[{\"@type\":\"CommentAction\",\"name\":\"Comment\",\"target\":[\"https:\/\/psol50.org.br\/df-pracas-da-pm-e-dos-bombeiros-cobram-promessas-de-agnelo\/#respond\"]}]},{\"@type\":\"WebPage\",\"@id\":\"https:\/\/psol50.org.br\/df-pracas-da-pm-e-dos-bombeiros-cobram-promessas-de-agnelo\/\",\"url\":\"https:\/\/psol50.org.br\/df-pracas-da-pm-e-dos-bombeiros-cobram-promessas-de-agnelo\/\",\"name\":\"DF: Pra\u00e7as da PM e dos Bombeiros cobram promessas de Agnelo - PSOL 50\",\"isPartOf\":{\"@id\":\"https:\/\/psol50.org.br\/#website\"},\"primaryImageOfPage\":{\"@id\":\"https:\/\/psol50.org.br\/df-pracas-da-pm-e-dos-bombeiros-cobram-promessas-de-agnelo\/#primaryimage\"},\"image\":{\"@id\":\"https:\/\/psol50.org.br\/df-pracas-da-pm-e-dos-bombeiros-cobram-promessas-de-agnelo\/#primaryimage\"},\"thumbnailUrl\":\"http:\/\/psol50.org.br\/files\/2012\/01\/DF_PMBombeiros.jpg\",\"datePublished\":\"2012-01-16T00:00:00+00:00\",\"breadcrumb\":{\"@id\":\"https:\/\/psol50.org.br\/df-pracas-da-pm-e-dos-bombeiros-cobram-promessas-de-agnelo\/#breadcrumb\"},\"inLanguage\":\"pt-BR\",\"potentialAction\":[{\"@type\":\"ReadAction\",\"target\":[\"https:\/\/psol50.org.br\/df-pracas-da-pm-e-dos-bombeiros-cobram-promessas-de-agnelo\/\"]}]},{\"@type\":\"ImageObject\",\"inLanguage\":\"pt-BR\",\"@id\":\"https:\/\/psol50.org.br\/df-pracas-da-pm-e-dos-bombeiros-cobram-promessas-de-agnelo\/#primaryimage\",\"url\":\"http:\/\/psol50.org.br\/files\/2012\/01\/DF_PMBombeiros.jpg\",\"contentUrl\":\"http:\/\/psol50.org.br\/files\/2012\/01\/DF_PMBombeiros.jpg\"},{\"@type\":\"BreadcrumbList\",\"@id\":\"https:\/\/psol50.org.br\/df-pracas-da-pm-e-dos-bombeiros-cobram-promessas-de-agnelo\/#breadcrumb\",\"itemListElement\":[{\"@type\":\"ListItem\",\"position\":1,\"name\":\"In\u00edcio\",\"item\":\"https:\/\/psol50.org.br\/\"},{\"@type\":\"ListItem\",\"position\":2,\"name\":\"DF: Pra\u00e7as da PM e dos Bombeiros cobram promessas de Agnelo\"}]},{\"@type\":\"WebSite\",\"@id\":\"https:\/\/psol50.org.br\/#website\",\"url\":\"https:\/\/psol50.org.br\/\",\"name\":\"PSOL 50\",\"description\":\"Site oficial do Partido Socialismo e Liberdade\",\"publisher\":{\"@id\":\"https:\/\/psol50.org.br\/#organization\"},\"alternateName\":\"PSOL50\",\"potentialAction\":[{\"@type\":\"SearchAction\",\"target\":{\"@type\":\"EntryPoint\",\"urlTemplate\":\"https:\/\/psol50.org.br\/?s={search_term_string}\"},\"query-input\":{\"@type\":\"PropertyValueSpecification\",\"valueRequired\":true,\"valueName\":\"search_term_string\"}}],\"inLanguage\":\"pt-BR\"},{\"@type\":\"Organization\",\"@id\":\"https:\/\/psol50.org.br\/#organization\",\"name\":\"PSOL 50\",\"alternateName\":\"PSOL 50\",\"url\":\"https:\/\/psol50.org.br\/\",\"logo\":{\"@type\":\"ImageObject\",\"inLanguage\":\"pt-BR\",\"@id\":\"https:\/\/psol50.org.br\/#\/schema\/logo\/image\/\",\"url\":\"https:\/\/psol50.org.br\/inc\/uploads\/2018\/07\/capa.png\",\"contentUrl\":\"https:\/\/psol50.org.br\/inc\/uploads\/2018\/07\/capa.png\",\"width\":1350,\"height\":900,\"caption\":\"PSOL 50\"},\"image\":{\"@id\":\"https:\/\/psol50.org.br\/#\/schema\/logo\/image\/\"},\"sameAs\":[\"https:\/\/www.facebook.com\/psol50\",\"https:\/\/x.com\/psol50\",\"https:\/\/www.instagram.com\/psol50\/\",\"https:\/\/www.youtube.com\/channel\/UC7SnJS5o1os7a6CaiNabzcg\"]},{\"@type\":\"Person\",\"@id\":\"https:\/\/psol50.org.br\/#\/schema\/person\/475dfa57d0b815993c714c2e96491fcd\",\"name\":\"Comunica\u00e7\u00e3o PSOL\",\"image\":{\"@type\":\"ImageObject\",\"inLanguage\":\"pt-BR\",\"@id\":\"https:\/\/psol50.org.br\/#\/schema\/person\/image\/\",\"url\":\"https:\/\/secure.gravatar.com\/avatar\/b34fc4f4e468a4e51785917065a3db57b841f5c95dba6ad8c73aaf8f66f8f9bf?s=96&d=mm&r=g\",\"contentUrl\":\"https:\/\/secure.gravatar.com\/avatar\/b34fc4f4e468a4e51785917065a3db57b841f5c95dba6ad8c73aaf8f66f8f9bf?s=96&d=mm&r=g\",\"caption\":\"Comunica\u00e7\u00e3o PSOL\"}}]}<\/script>\n<!-- \/ Yoast SEO plugin. -->","yoast_head_json":{"title":"DF: Pra\u00e7as da PM e dos Bombeiros cobram promessas de Agnelo - PSOL 50","robots":{"index":"index","follow":"follow","max-snippet":"max-snippet:-1","max-image-preview":"max-image-preview:large","max-video-preview":"max-video-preview:-1"},"canonical":"https:\/\/psol50.org.br\/df-pracas-da-pm-e-dos-bombeiros-cobram-promessas-de-agnelo\/","og_locale":"pt_BR","og_type":"article","og_title":"DF: Pra\u00e7as da PM e dos Bombeiros cobram promessas de Agnelo - PSOL 50","og_description":"Revoltados com o que consideram um descaso do GDF em rela\u00e7\u00e3o ao \u00a0n\u00e3o cumprimento das promessas de campanha do ent\u00e3o candidato Agnelo Queiroz e do que classificam de \u201cin\u00e9rcia\u201d do presidente da CLDF, deputado Cabo Patr\u00edcio, que no per\u00edodo eleitoral se propunha a ser o representante dos policiais militares de Bras\u00edlia; pra\u00e7as policiais militares e [&hellip;]","og_url":"https:\/\/psol50.org.br\/df-pracas-da-pm-e-dos-bombeiros-cobram-promessas-de-agnelo\/","og_site_name":"PSOL 50","article_publisher":"https:\/\/www.facebook.com\/psol50","article_published_time":"2012-01-16T00:00:00+00:00","og_image":[{"url":"http:\/\/psol50.org.br\/files\/2012\/01\/DF_PMBombeiros.jpg","type":"","width":"","height":""}],"author":"Comunica\u00e7\u00e3o PSOL","twitter_card":"summary_large_image","twitter_creator":"@psol50","twitter_site":"@psol50","twitter_misc":{"Escrito por":"Comunica\u00e7\u00e3o PSOL","Est. tempo de leitura":"2 minutos"},"schema":{"@context":"https:\/\/schema.org","@graph":[{"@type":"Article","@id":"https:\/\/psol50.org.br\/df-pracas-da-pm-e-dos-bombeiros-cobram-promessas-de-agnelo\/#article","isPartOf":{"@id":"https:\/\/psol50.org.br\/df-pracas-da-pm-e-dos-bombeiros-cobram-promessas-de-agnelo\/"},"author":{"name":"Comunica\u00e7\u00e3o PSOL","@id":"https:\/\/psol50.org.br\/#\/schema\/person\/475dfa57d0b815993c714c2e96491fcd"},"headline":"DF: Pra\u00e7as da PM e dos Bombeiros cobram promessas de Agnelo","datePublished":"2012-01-16T00:00:00+00:00","mainEntityOfPage":{"@id":"https:\/\/psol50.org.br\/df-pracas-da-pm-e-dos-bombeiros-cobram-promessas-de-agnelo\/"},"wordCount":331,"commentCount":0,"publisher":{"@id":"https:\/\/psol50.org.br\/#organization"},"image":{"@id":"https:\/\/psol50.org.br\/df-pracas-da-pm-e-dos-bombeiros-cobram-promessas-de-agnelo\/#primaryimage"},"thumbnailUrl":"http:\/\/psol50.org.br\/files\/2012\/01\/DF_PMBombeiros.jpg","articleSection":["Arquivo"],"inLanguage":"pt-BR","potentialAction":[{"@type":"CommentAction","name":"Comment","target":["https:\/\/psol50.org.br\/df-pracas-da-pm-e-dos-bombeiros-cobram-promessas-de-agnelo\/#respond"]}]},{"@type":"WebPage","@id":"https:\/\/psol50.org.br\/df-pracas-da-pm-e-dos-bombeiros-cobram-promessas-de-agnelo\/","url":"https:\/\/psol50.org.br\/df-pracas-da-pm-e-dos-bombeiros-cobram-promessas-de-agnelo\/","name":"DF: Pra\u00e7as da PM e dos Bombeiros cobram promessas de Agnelo - PSOL 50","isPartOf":{"@id":"https:\/\/psol50.org.br\/#website"},"primaryImageOfPage":{"@id":"https:\/\/psol50.org.br\/df-pracas-da-pm-e-dos-bombeiros-cobram-promessas-de-agnelo\/#primaryimage"},"image":{"@id":"https:\/\/psol50.org.br\/df-pracas-da-pm-e-dos-bombeiros-cobram-promessas-de-agnelo\/#primaryimage"},"thumbnailUrl":"http:\/\/psol50.org.br\/files\/2012\/01\/DF_PMBombeiros.jpg","datePublished":"2012-01-16T00:00:00+00:00","breadcrumb":{"@id":"https:\/\/psol50.org.br\/df-pracas-da-pm-e-dos-bombeiros-cobram-promessas-de-agnelo\/#breadcrumb"},"inLanguage":"pt-BR","potentialAction":[{"@type":"ReadAction","target":["https:\/\/psol50.org.br\/df-pracas-da-pm-e-dos-bombeiros-cobram-promessas-de-agnelo\/"]}]},{"@type":"ImageObject","inLanguage":"pt-BR","@id":"https:\/\/psol50.org.br\/df-pracas-da-pm-e-dos-bombeiros-cobram-promessas-de-agnelo\/#primaryimage","url":"http:\/\/psol50.org.br\/files\/2012\/01\/DF_PMBombeiros.jpg","contentUrl":"http:\/\/psol50.org.br\/files\/2012\/01\/DF_PMBombeiros.jpg"},{"@type":"BreadcrumbList","@id":"https:\/\/psol50.org.br\/df-pracas-da-pm-e-dos-bombeiros-cobram-promessas-de-agnelo\/#breadcrumb","itemListElement":[{"@type":"ListItem","position":1,"name":"In\u00edcio","item":"https:\/\/psol50.org.br\/"},{"@type":"ListItem","position":2,"name":"DF: Pra\u00e7as da PM e dos Bombeiros cobram promessas de Agnelo"}]},{"@type":"WebSite","@id":"https:\/\/psol50.org.br\/#website","url":"https:\/\/psol50.org.br\/","name":"PSOL 50","description":"Site oficial do Partido Socialismo e Liberdade","publisher":{"@id":"https:\/\/psol50.org.br\/#organization"},"alternateName":"PSOL50","potentialAction":[{"@type":"SearchAction","target":{"@type":"EntryPoint","urlTemplate":"https:\/\/psol50.org.br\/?s={search_term_string}"},"query-input":{"@type":"PropertyValueSpecification","valueRequired":true,"valueName":"search_term_string"}}],"inLanguage":"pt-BR"},{"@type":"Organization","@id":"https:\/\/psol50.org.br\/#organization","name":"PSOL 50","alternateName":"PSOL 50","url":"https:\/\/psol50.org.br\/","logo":{"@type":"ImageObject","inLanguage":"pt-BR","@id":"https:\/\/psol50.org.br\/#\/schema\/logo\/image\/","url":"https:\/\/psol50.org.br\/inc\/uploads\/2018\/07\/capa.png","contentUrl":"https:\/\/psol50.org.br\/inc\/uploads\/2018\/07\/capa.png","width":1350,"height":900,"caption":"PSOL 50"},"image":{"@id":"https:\/\/psol50.org.br\/#\/schema\/logo\/image\/"},"sameAs":["https:\/\/www.facebook.com\/psol50","https:\/\/x.com\/psol50","https:\/\/www.instagram.com\/psol50\/","https:\/\/www.youtube.com\/channel\/UC7SnJS5o1os7a6CaiNabzcg"]},{"@type":"Person","@id":"https:\/\/psol50.org.br\/#\/schema\/person\/475dfa57d0b815993c714c2e96491fcd","name":"Comunica\u00e7\u00e3o PSOL","image":{"@type":"ImageObject","inLanguage":"pt-BR","@id":"https:\/\/psol50.org.br\/#\/schema\/person\/image\/","url":"https:\/\/secure.gravatar.com\/avatar\/b34fc4f4e468a4e51785917065a3db57b841f5c95dba6ad8c73aaf8f66f8f9bf?s=96&d=mm&r=g","contentUrl":"https:\/\/secure.gravatar.com\/avatar\/b34fc4f4e468a4e51785917065a3db57b841f5c95dba6ad8c73aaf8f66f8f9bf?s=96&d=mm&r=g","caption":"Comunica\u00e7\u00e3o PSOL"}}]}},"_links":{"self":[{"href":"https:\/\/psol50.org.br\/rest\/wp\/v2\/posts\/981","targetHints":{"allow":["GET"]}}],"collection":[{"href":"https:\/\/psol50.org.br\/rest\/wp\/v2\/posts"}],"about":[{"href":"https:\/\/psol50.org.br\/rest\/wp\/v2\/types\/post"}],"author":[{"embeddable":true,"href":"https:\/\/psol50.org.br\/rest\/wp\/v2\/users\/2"}],"replies":[{"embeddable":true,"href":"https:\/\/psol50.org.br\/rest\/wp\/v2\/comments?post=981"}],"version-history":[{"count":0,"href":"https:\/\/psol50.org.br\/rest\/wp\/v2\/posts\/981\/revisions"}],"wp:attachment":[{"href":"https:\/\/psol50.org.br\/rest\/wp\/v2\/media?parent=981"}],"wp:term":[{"taxonomy":"category","embeddable":true,"href":"https:\/\/psol50.org.br\/rest\/wp\/v2\/categories?post=981"},{"taxonomy":"post_tag","embeddable":true,"href":"https:\/\/psol50.org.br\/rest\/wp\/v2\/tags?post=981"}],"curies":[{"name":"wp","href":"https:\/\/api.w.org\/{rel}","templated":true}]}}