{"id":9818,"date":"2015-07-03T00:00:00","date_gmt":"2015-07-03T00:00:00","guid":{"rendered":"http:\/\/psol50.org.br\/arquivo\/2015\/07\/03\/a-grecia-e-o-plebiscito\/"},"modified":"2015-07-03T00:00:00","modified_gmt":"2015-07-03T00:00:00","slug":"a-grecia-e-o-plebiscito","status":"publish","type":"post","link":"https:\/\/psol50.org.br\/a-grecia-e-o-plebiscito\/","title":{"rendered":"A Gr\u00e9cia e o plebiscito"},"content":{"rendered":"<p><span style=\"color: rgb(20, 24, 35); font-family: helvetica, arial, sans-serif; font-size: 14px; line-height: 19.3199996948242px;\">A crise na Gr\u00e9cia caminha para um desfecho. Cinco anos de austeridade imposta pelos credores e hoje a divida \u00e9 maior que em 2011, o PIB caiu 25%, o desemprego \u00e9 de 26,2%, entre os jovens de 52%, e a Troika quer mais. A \u00fanica coisa que mudou em 5 anos foi que a divida de 250 Bilh\u00f5es com bancos privados foi \u201cestatizada&#8221;, ficando com os bancos apenas cerca de 3 bilh\u00f5es e com as institui\u00e7\u00f5es multilaterais, FMI, Banco Central Europe<\/span><span class=\"text_exposed_show\" style=\"display: inline; color: rgb(20, 24, 35); font-family: helvetica, arial, sans-serif; font-size: 14px; line-height: 19.3199996948242px;\">u e Comiss\u00e3o Europeia com mais de 320 Bilh\u00f5es.<\/p>\n<p>Desde 2011 se sabia que esta divida era impag\u00e1vel. Todos sabiam, principalmente as institui\u00e7\u00f5es multilaterais, conhecidas como \u201ca Troika\u201d, mas os seus objetivos eram claros. Sob o caridoso nome de \u201cresgate \u00e0 Gr\u00e9cia\u201d, foi colocada em curso uma mega opera\u00e7\u00e3o de resgate aos bancos privados europeus estatizando a divida grega, enquanto aos gregos foi aplicado um programa de ajuste desumano que levou a que 40% da popula\u00e7\u00e3o esteja abaixo da linha de pobreza. Socialismo para os bancos e neoliberalismo para o povo.<\/p>\n<p>Neste domingo os gregos ser\u00e3o chamados a decidir se preferem o horror sem fim ou um final horroroso. Aceitar as condi\u00e7\u00f5es da Uni\u00e3o Europ\u00e9ia \u00e9 continuar sofrendo de forma permanente sem solu\u00e7\u00e3o \u00e0 vista. Rejeitar a chantagem \u00e9 enfrentar uma situa\u00e7\u00e3o que vai piorar antes de melhorar. A volta \u00e0 Drakma n\u00e3o se far\u00e1 sem perdas de renda no curto prazo, sem aumento da infla\u00e7\u00e3o e sem alguns meses de incerteza. Mas \u00e9 condi\u00e7\u00e3o b\u00e1sica para que a Gr\u00e9cia retome a competitividade com uma moeda mais desvalorizada que o Euro, retome o controle sobre a sua economia e, em alguns meses, retome o crescimento econ\u00f4mico de forma sustentada.<\/p>\n<p>As primeiras pesquisas d\u00e3o a vit\u00f3ria ao n\u00e3o por 46% a 37%. Por enquanto \u00e9 a esperan\u00e7a vencendo o medo. Que assim seja. Na Europa de Merkel o destino de pa\u00edses como a Gr\u00e9cia, Portugal e Espanha \u00e9 a pobreza. Os programas de \u201cajuste\u201d em curso buscam reduzir os custos unit\u00e1rios do trabalho com a ruptura do contrato social, visando reproduzir na periferia da Europa condi\u00e7\u00f5es de trabalho asi\u00e1ticas. Cabe aos gregos darem o 1\u00ba passo negando esse projeto, salvando a democracia e mostrando que outro caminho \u00e9 poss\u00edvel.<\/span><\/p>\n","protected":false},"excerpt":{"rendered":"<p>A crise na Gr\u00e9cia caminha para um desfecho. Cinco anos de austeridade imposta pelos credores e hoje a divida \u00e9 maior que em 2011, o PIB caiu 25%, o desemprego \u00e9 de 26,2%, entre os jovens de 52%, e a Troika quer mais. A \u00fanica coisa que mudou em 5 anos foi que a divida [&hellip;]<\/p>\n","protected":false},"author":2,"featured_media":0,"comment_status":"open","ping_status":"open","sticky":false,"template":"","format":"standard","meta":{"_acf_changed":false,"footnotes":""},"categories":[3],"tags":[3993,2182],"class_list":{"0":"post-9818","1":"post","2":"type-post","3":"status-publish","4":"format-standard","6":"category-artigos-e-entrevistas","7":"tag-grecia","8":"tag-jose-luis-fevereiro"},"acf":[],"yoast_head":"<!-- This site is optimized with the Yoast SEO plugin v26.5 - https:\/\/yoast.com\/wordpress\/plugins\/seo\/ -->\n<title>A Gr\u00e9cia e o plebiscito - PSOL 50<\/title>\n<meta name=\"robots\" content=\"index, follow, max-snippet:-1, max-image-preview:large, max-video-preview:-1\" \/>\n<link rel=\"canonical\" href=\"https:\/\/psol50.org.br\/a-grecia-e-o-plebiscito\/\" \/>\n<meta property=\"og:locale\" content=\"pt_BR\" \/>\n<meta property=\"og:type\" content=\"article\" \/>\n<meta property=\"og:title\" content=\"A Gr\u00e9cia e o plebiscito - PSOL 50\" \/>\n<meta property=\"og:description\" content=\"A crise na Gr\u00e9cia caminha para um desfecho. Cinco anos de austeridade imposta pelos credores e hoje a divida \u00e9 maior que em 2011, o PIB caiu 25%, o desemprego \u00e9 de 26,2%, entre os jovens de 52%, e a Troika quer mais. A \u00fanica coisa que mudou em 5 anos foi que a divida [&hellip;]\" \/>\n<meta property=\"og:url\" content=\"https:\/\/psol50.org.br\/a-grecia-e-o-plebiscito\/\" \/>\n<meta property=\"og:site_name\" content=\"PSOL 50\" \/>\n<meta property=\"article:publisher\" content=\"https:\/\/www.facebook.com\/psol50\" \/>\n<meta property=\"article:published_time\" content=\"2015-07-03T00:00:00+00:00\" \/>\n<meta property=\"og:image\" content=\"https:\/\/psol50.org.br\/inc\/uploads\/2018\/07\/capa.png\" \/>\n\t<meta property=\"og:image:width\" content=\"1350\" \/>\n\t<meta property=\"og:image:height\" content=\"900\" \/>\n\t<meta property=\"og:image:type\" content=\"image\/png\" \/>\n<meta name=\"author\" content=\"Comunica\u00e7\u00e3o PSOL\" \/>\n<meta name=\"twitter:card\" content=\"summary_large_image\" \/>\n<meta name=\"twitter:creator\" content=\"@psol50\" \/>\n<meta name=\"twitter:site\" content=\"@psol50\" \/>\n<meta name=\"twitter:label1\" content=\"Escrito por\" \/>\n\t<meta name=\"twitter:data1\" content=\"Comunica\u00e7\u00e3o PSOL\" \/>\n\t<meta name=\"twitter:label2\" content=\"Est. tempo de leitura\" \/>\n\t<meta name=\"twitter:data2\" content=\"2 minutos\" \/>\n<script type=\"application\/ld+json\" class=\"yoast-schema-graph\">{\"@context\":\"https:\/\/schema.org\",\"@graph\":[{\"@type\":\"Article\",\"@id\":\"https:\/\/psol50.org.br\/a-grecia-e-o-plebiscito\/#article\",\"isPartOf\":{\"@id\":\"https:\/\/psol50.org.br\/a-grecia-e-o-plebiscito\/\"},\"author\":{\"name\":\"Comunica\u00e7\u00e3o PSOL\",\"@id\":\"https:\/\/psol50.org.br\/#\/schema\/person\/475dfa57d0b815993c714c2e96491fcd\"},\"headline\":\"A Gr\u00e9cia e o plebiscito\",\"datePublished\":\"2015-07-03T00:00:00+00:00\",\"mainEntityOfPage\":{\"@id\":\"https:\/\/psol50.org.br\/a-grecia-e-o-plebiscito\/\"},\"wordCount\":384,\"commentCount\":0,\"publisher\":{\"@id\":\"https:\/\/psol50.org.br\/#organization\"},\"keywords\":[\"Gr\u00e9cia\",\"Jos\u00e9 Lu\u00eds Fevereiro\"],\"articleSection\":[\"Artigos\"],\"inLanguage\":\"pt-BR\",\"potentialAction\":[{\"@type\":\"CommentAction\",\"name\":\"Comment\",\"target\":[\"https:\/\/psol50.org.br\/a-grecia-e-o-plebiscito\/#respond\"]}]},{\"@type\":\"WebPage\",\"@id\":\"https:\/\/psol50.org.br\/a-grecia-e-o-plebiscito\/\",\"url\":\"https:\/\/psol50.org.br\/a-grecia-e-o-plebiscito\/\",\"name\":\"A Gr\u00e9cia e o plebiscito - PSOL 50\",\"isPartOf\":{\"@id\":\"https:\/\/psol50.org.br\/#website\"},\"datePublished\":\"2015-07-03T00:00:00+00:00\",\"breadcrumb\":{\"@id\":\"https:\/\/psol50.org.br\/a-grecia-e-o-plebiscito\/#breadcrumb\"},\"inLanguage\":\"pt-BR\",\"potentialAction\":[{\"@type\":\"ReadAction\",\"target\":[\"https:\/\/psol50.org.br\/a-grecia-e-o-plebiscito\/\"]}]},{\"@type\":\"BreadcrumbList\",\"@id\":\"https:\/\/psol50.org.br\/a-grecia-e-o-plebiscito\/#breadcrumb\",\"itemListElement\":[{\"@type\":\"ListItem\",\"position\":1,\"name\":\"In\u00edcio\",\"item\":\"https:\/\/psol50.org.br\/\"},{\"@type\":\"ListItem\",\"position\":2,\"name\":\"A Gr\u00e9cia e o plebiscito\"}]},{\"@type\":\"WebSite\",\"@id\":\"https:\/\/psol50.org.br\/#website\",\"url\":\"https:\/\/psol50.org.br\/\",\"name\":\"PSOL 50\",\"description\":\"Site oficial do Partido Socialismo e Liberdade\",\"publisher\":{\"@id\":\"https:\/\/psol50.org.br\/#organization\"},\"alternateName\":\"PSOL50\",\"potentialAction\":[{\"@type\":\"SearchAction\",\"target\":{\"@type\":\"EntryPoint\",\"urlTemplate\":\"https:\/\/psol50.org.br\/?s={search_term_string}\"},\"query-input\":{\"@type\":\"PropertyValueSpecification\",\"valueRequired\":true,\"valueName\":\"search_term_string\"}}],\"inLanguage\":\"pt-BR\"},{\"@type\":\"Organization\",\"@id\":\"https:\/\/psol50.org.br\/#organization\",\"name\":\"PSOL 50\",\"alternateName\":\"PSOL 50\",\"url\":\"https:\/\/psol50.org.br\/\",\"logo\":{\"@type\":\"ImageObject\",\"inLanguage\":\"pt-BR\",\"@id\":\"https:\/\/psol50.org.br\/#\/schema\/logo\/image\/\",\"url\":\"https:\/\/psol50.org.br\/inc\/uploads\/2018\/07\/capa.png\",\"contentUrl\":\"https:\/\/psol50.org.br\/inc\/uploads\/2018\/07\/capa.png\",\"width\":1350,\"height\":900,\"caption\":\"PSOL 50\"},\"image\":{\"@id\":\"https:\/\/psol50.org.br\/#\/schema\/logo\/image\/\"},\"sameAs\":[\"https:\/\/www.facebook.com\/psol50\",\"https:\/\/x.com\/psol50\",\"https:\/\/www.instagram.com\/psol50\/\",\"https:\/\/www.youtube.com\/channel\/UC7SnJS5o1os7a6CaiNabzcg\"]},{\"@type\":\"Person\",\"@id\":\"https:\/\/psol50.org.br\/#\/schema\/person\/475dfa57d0b815993c714c2e96491fcd\",\"name\":\"Comunica\u00e7\u00e3o PSOL\",\"image\":{\"@type\":\"ImageObject\",\"inLanguage\":\"pt-BR\",\"@id\":\"https:\/\/psol50.org.br\/#\/schema\/person\/image\/\",\"url\":\"https:\/\/secure.gravatar.com\/avatar\/b34fc4f4e468a4e51785917065a3db57b841f5c95dba6ad8c73aaf8f66f8f9bf?s=96&d=mm&r=g\",\"contentUrl\":\"https:\/\/secure.gravatar.com\/avatar\/b34fc4f4e468a4e51785917065a3db57b841f5c95dba6ad8c73aaf8f66f8f9bf?s=96&d=mm&r=g\",\"caption\":\"Comunica\u00e7\u00e3o PSOL\"}}]}<\/script>\n<!-- \/ Yoast SEO plugin. -->","yoast_head_json":{"title":"A Gr\u00e9cia e o plebiscito - PSOL 50","robots":{"index":"index","follow":"follow","max-snippet":"max-snippet:-1","max-image-preview":"max-image-preview:large","max-video-preview":"max-video-preview:-1"},"canonical":"https:\/\/psol50.org.br\/a-grecia-e-o-plebiscito\/","og_locale":"pt_BR","og_type":"article","og_title":"A Gr\u00e9cia e o plebiscito - PSOL 50","og_description":"A crise na Gr\u00e9cia caminha para um desfecho. Cinco anos de austeridade imposta pelos credores e hoje a divida \u00e9 maior que em 2011, o PIB caiu 25%, o desemprego \u00e9 de 26,2%, entre os jovens de 52%, e a Troika quer mais. A \u00fanica coisa que mudou em 5 anos foi que a divida [&hellip;]","og_url":"https:\/\/psol50.org.br\/a-grecia-e-o-plebiscito\/","og_site_name":"PSOL 50","article_publisher":"https:\/\/www.facebook.com\/psol50","article_published_time":"2015-07-03T00:00:00+00:00","og_image":[{"width":1350,"height":900,"url":"https:\/\/psol50.org.br\/inc\/uploads\/2018\/07\/capa.png","type":"image\/png"}],"author":"Comunica\u00e7\u00e3o PSOL","twitter_card":"summary_large_image","twitter_creator":"@psol50","twitter_site":"@psol50","twitter_misc":{"Escrito por":"Comunica\u00e7\u00e3o PSOL","Est. tempo de leitura":"2 minutos"},"schema":{"@context":"https:\/\/schema.org","@graph":[{"@type":"Article","@id":"https:\/\/psol50.org.br\/a-grecia-e-o-plebiscito\/#article","isPartOf":{"@id":"https:\/\/psol50.org.br\/a-grecia-e-o-plebiscito\/"},"author":{"name":"Comunica\u00e7\u00e3o PSOL","@id":"https:\/\/psol50.org.br\/#\/schema\/person\/475dfa57d0b815993c714c2e96491fcd"},"headline":"A Gr\u00e9cia e o plebiscito","datePublished":"2015-07-03T00:00:00+00:00","mainEntityOfPage":{"@id":"https:\/\/psol50.org.br\/a-grecia-e-o-plebiscito\/"},"wordCount":384,"commentCount":0,"publisher":{"@id":"https:\/\/psol50.org.br\/#organization"},"keywords":["Gr\u00e9cia","Jos\u00e9 Lu\u00eds Fevereiro"],"articleSection":["Artigos"],"inLanguage":"pt-BR","potentialAction":[{"@type":"CommentAction","name":"Comment","target":["https:\/\/psol50.org.br\/a-grecia-e-o-plebiscito\/#respond"]}]},{"@type":"WebPage","@id":"https:\/\/psol50.org.br\/a-grecia-e-o-plebiscito\/","url":"https:\/\/psol50.org.br\/a-grecia-e-o-plebiscito\/","name":"A Gr\u00e9cia e o plebiscito - PSOL 50","isPartOf":{"@id":"https:\/\/psol50.org.br\/#website"},"datePublished":"2015-07-03T00:00:00+00:00","breadcrumb":{"@id":"https:\/\/psol50.org.br\/a-grecia-e-o-plebiscito\/#breadcrumb"},"inLanguage":"pt-BR","potentialAction":[{"@type":"ReadAction","target":["https:\/\/psol50.org.br\/a-grecia-e-o-plebiscito\/"]}]},{"@type":"BreadcrumbList","@id":"https:\/\/psol50.org.br\/a-grecia-e-o-plebiscito\/#breadcrumb","itemListElement":[{"@type":"ListItem","position":1,"name":"In\u00edcio","item":"https:\/\/psol50.org.br\/"},{"@type":"ListItem","position":2,"name":"A Gr\u00e9cia e o plebiscito"}]},{"@type":"WebSite","@id":"https:\/\/psol50.org.br\/#website","url":"https:\/\/psol50.org.br\/","name":"PSOL 50","description":"Site oficial do Partido Socialismo e Liberdade","publisher":{"@id":"https:\/\/psol50.org.br\/#organization"},"alternateName":"PSOL50","potentialAction":[{"@type":"SearchAction","target":{"@type":"EntryPoint","urlTemplate":"https:\/\/psol50.org.br\/?s={search_term_string}"},"query-input":{"@type":"PropertyValueSpecification","valueRequired":true,"valueName":"search_term_string"}}],"inLanguage":"pt-BR"},{"@type":"Organization","@id":"https:\/\/psol50.org.br\/#organization","name":"PSOL 50","alternateName":"PSOL 50","url":"https:\/\/psol50.org.br\/","logo":{"@type":"ImageObject","inLanguage":"pt-BR","@id":"https:\/\/psol50.org.br\/#\/schema\/logo\/image\/","url":"https:\/\/psol50.org.br\/inc\/uploads\/2018\/07\/capa.png","contentUrl":"https:\/\/psol50.org.br\/inc\/uploads\/2018\/07\/capa.png","width":1350,"height":900,"caption":"PSOL 50"},"image":{"@id":"https:\/\/psol50.org.br\/#\/schema\/logo\/image\/"},"sameAs":["https:\/\/www.facebook.com\/psol50","https:\/\/x.com\/psol50","https:\/\/www.instagram.com\/psol50\/","https:\/\/www.youtube.com\/channel\/UC7SnJS5o1os7a6CaiNabzcg"]},{"@type":"Person","@id":"https:\/\/psol50.org.br\/#\/schema\/person\/475dfa57d0b815993c714c2e96491fcd","name":"Comunica\u00e7\u00e3o PSOL","image":{"@type":"ImageObject","inLanguage":"pt-BR","@id":"https:\/\/psol50.org.br\/#\/schema\/person\/image\/","url":"https:\/\/secure.gravatar.com\/avatar\/b34fc4f4e468a4e51785917065a3db57b841f5c95dba6ad8c73aaf8f66f8f9bf?s=96&d=mm&r=g","contentUrl":"https:\/\/secure.gravatar.com\/avatar\/b34fc4f4e468a4e51785917065a3db57b841f5c95dba6ad8c73aaf8f66f8f9bf?s=96&d=mm&r=g","caption":"Comunica\u00e7\u00e3o PSOL"}}]}},"_links":{"self":[{"href":"https:\/\/psol50.org.br\/rest\/wp\/v2\/posts\/9818","targetHints":{"allow":["GET"]}}],"collection":[{"href":"https:\/\/psol50.org.br\/rest\/wp\/v2\/posts"}],"about":[{"href":"https:\/\/psol50.org.br\/rest\/wp\/v2\/types\/post"}],"author":[{"embeddable":true,"href":"https:\/\/psol50.org.br\/rest\/wp\/v2\/users\/2"}],"replies":[{"embeddable":true,"href":"https:\/\/psol50.org.br\/rest\/wp\/v2\/comments?post=9818"}],"version-history":[{"count":0,"href":"https:\/\/psol50.org.br\/rest\/wp\/v2\/posts\/9818\/revisions"}],"wp:attachment":[{"href":"https:\/\/psol50.org.br\/rest\/wp\/v2\/media?parent=9818"}],"wp:term":[{"taxonomy":"category","embeddable":true,"href":"https:\/\/psol50.org.br\/rest\/wp\/v2\/categories?post=9818"},{"taxonomy":"post_tag","embeddable":true,"href":"https:\/\/psol50.org.br\/rest\/wp\/v2\/tags?post=9818"}],"curies":[{"name":"wp","href":"https:\/\/api.w.org\/{rel}","templated":true}]}}