{"id":9819,"date":"2015-07-03T00:00:00","date_gmt":"2015-07-03T00:00:00","guid":{"rendered":"http:\/\/psol50.org.br\/arquivo\/2015\/07\/03\/a-velocidade-do-especialista-no-caos\/"},"modified":"2015-07-03T00:00:00","modified_gmt":"2015-07-03T00:00:00","slug":"a-velocidade-do-especialista-no-caos","status":"publish","type":"post","link":"https:\/\/psol50.org.br\/a-velocidade-do-especialista-no-caos\/","title":{"rendered":"A velocidade do especialista no caos"},"content":{"rendered":"<p style=\"margin: 0px 0px 6px; color: rgb(20, 24, 35); font-family: helvetica, arial, sans-serif; font-size: 14px; line-height: 19.3199996948242px;\">\n\tEduardo Cunha sabe que tem de agir r\u00e1pido e de forma incisiva para ter \u00eaxito em suas empreitadas.<\/p>\n<p style=\"margin: 6px 0px; color: rgb(20, 24, 35); font-family: helvetica, arial, sans-serif; font-size: 14px; line-height: 19.3199996948242px;\">\n\t<br \/>\n\tPara isso, desfechou uma pauta reacion\u00e1ria no atacado: redu\u00e7\u00e3o da maioridade penal, reforma pol\u00edtica, CPI da Petrobras, terceiriza\u00e7\u00f5es, o estatuto da fam\u00edlia e apoios a demandas empresariais. Esbo\u00e7ou at\u00e9 uma giro pela diplomacia, ao excursionar por Israel e R\u00fassia.<\/p>\n<div class=\"text_exposed_show\" style=\"display: inline; color: rgb(20, 24, 35); font-family: helvetica, arial, sans-serif; font-size: 14px; line-height: 19.3199996948242px;\">\n<p style=\"margin: 0px 0px 6px;\">\n\t\t<br \/>\n\t\t\u00c9 o l\u00edder da oposi\u00e7\u00e3o de direita que se vale do fato de integrar tamb\u00e9m a base do governo.<\/p>\n<p style=\"margin: 6px 0px;\">\n\t\t<br \/>\n\t\tN\u00e3o discorda da ess\u00eancia do ajuste fiscal e tem ajudado a gest\u00e3o federal a aprov\u00e1-lo. Claro, retirando dele detalhes que comprometem interesses localizados, como desonera\u00e7\u00f5es e aumento do or\u00e7amento para o Legislativo e o Judici\u00e1rio.<\/p>\n<p style=\"margin: 6px 0px;\">\n\t\t<br \/>\n\t\tJustamente por sua concord\u00e2ncia com a a\u00e7\u00e3o essencial do governo &#8211; o ajuste &#8211; \u00e9 que Dilma n\u00e3o tem como combat\u00ea-lo de frente.<\/p>\n<p style=\"margin: 6px 0px;\">\n\t\t<br \/>\n\t\tControla a maioria da bancada do PMDB e, por isso, legitima-se no Pal\u00e1cio atrav\u00e9s da figura de Michel Temer. Se \u00e9 certo que suas luas n\u00e3o est\u00e3o na mesma casinha, \u00e9 bem verdade que um depende do outro para ficar onde est\u00e1.<\/p>\n<p style=\"margin: 6px 0px;\">\n\t\t<br \/>\n\t\tCunha n\u00e3o busca derrotar o governo todo. Seguramente, o vice comemora cada movimento de seu correligion\u00e1rio, apesar de atritos pontuais.<\/p>\n<p style=\"margin: 6px 0px;\">\n\t\t<br \/>\n\t\tPor isso, a ala petista do governo n\u00e3o busca desestabiliz\u00e1-lo seriamente. Porque ele, com todos os problemas, \u00e9 funcional aos prop\u00f3sitos \u00faltimos do oficialismo. Esse setor n\u00e3o v\u00ea a redu\u00e7\u00e3o da maioridade como um problema central em sua a\u00e7\u00e3o imediata, apesar das turbul\u00eancias criadas pelo presidente da C\u00e2mara. Tanto \u00e9 verdade que Lula, em encontro com lideran\u00e7as do PMDB nesta semana, reafirmou a import\u00e2ncia da alian\u00e7a entre os dois partidos..<\/p>\n<p style=\"margin: 6px 0px;\">\n\t\t<br \/>\n\t\tCunha desestabiliza a ordem constru\u00edda a partir da Constitui\u00e7\u00e3o de 1988. Busca desmont\u00e1-la tijolo a tijolo. E emergir &#8211; contraditoriamente &#8211; como fiador essencial de uma institucionalidade montada a partir do terreno movedi\u00e7o de um estelionato eleitoral e do desalento que toma conta do pa\u00eds.<\/p>\n<\/div>\n<p><\/p>\n","protected":false},"excerpt":{"rendered":"<p>Eduardo Cunha sabe que tem de agir r\u00e1pido e de forma incisiva para ter \u00eaxito em suas empreitadas. Para isso, desfechou uma pauta reacion\u00e1ria no atacado: redu\u00e7\u00e3o da maioridade penal, reforma pol\u00edtica, CPI da Petrobras, terceiriza\u00e7\u00f5es, o estatuto da fam\u00edlia e apoios a demandas empresariais. Esbo\u00e7ou at\u00e9 uma giro pela diplomacia, ao excursionar por Israel [&hellip;]<\/p>\n","protected":false},"author":2,"featured_media":0,"comment_status":"open","ping_status":"open","sticky":false,"template":"","format":"standard","meta":{"_acf_changed":false,"footnotes":""},"categories":[3],"tags":[2970],"class_list":{"0":"post-9819","1":"post","2":"type-post","3":"status-publish","4":"format-standard","6":"category-artigos-e-entrevistas","7":"tag-gilberto-maringoni"},"acf":[],"yoast_head":"<!-- This site is optimized with the Yoast SEO plugin v26.5 - https:\/\/yoast.com\/wordpress\/plugins\/seo\/ -->\n<title>A velocidade do especialista no caos - PSOL 50<\/title>\n<meta name=\"robots\" content=\"index, follow, max-snippet:-1, max-image-preview:large, max-video-preview:-1\" \/>\n<link rel=\"canonical\" href=\"https:\/\/psol50.org.br\/a-velocidade-do-especialista-no-caos\/\" \/>\n<meta property=\"og:locale\" content=\"pt_BR\" \/>\n<meta property=\"og:type\" content=\"article\" \/>\n<meta property=\"og:title\" content=\"A velocidade do especialista no caos - PSOL 50\" \/>\n<meta property=\"og:description\" content=\"Eduardo Cunha sabe que tem de agir r\u00e1pido e de forma incisiva para ter \u00eaxito em suas empreitadas. Para isso, desfechou uma pauta reacion\u00e1ria no atacado: redu\u00e7\u00e3o da maioridade penal, reforma pol\u00edtica, CPI da Petrobras, terceiriza\u00e7\u00f5es, o estatuto da fam\u00edlia e apoios a demandas empresariais. Esbo\u00e7ou at\u00e9 uma giro pela diplomacia, ao excursionar por Israel [&hellip;]\" \/>\n<meta property=\"og:url\" content=\"https:\/\/psol50.org.br\/a-velocidade-do-especialista-no-caos\/\" \/>\n<meta property=\"og:site_name\" content=\"PSOL 50\" \/>\n<meta property=\"article:publisher\" content=\"https:\/\/www.facebook.com\/psol50\" \/>\n<meta property=\"article:published_time\" content=\"2015-07-03T00:00:00+00:00\" \/>\n<meta property=\"og:image\" content=\"https:\/\/psol50.org.br\/inc\/uploads\/2018\/07\/capa.png\" \/>\n\t<meta property=\"og:image:width\" content=\"1350\" \/>\n\t<meta property=\"og:image:height\" content=\"900\" \/>\n\t<meta property=\"og:image:type\" content=\"image\/png\" \/>\n<meta name=\"author\" content=\"Comunica\u00e7\u00e3o PSOL\" \/>\n<meta name=\"twitter:card\" content=\"summary_large_image\" \/>\n<meta name=\"twitter:creator\" content=\"@psol50\" \/>\n<meta name=\"twitter:site\" content=\"@psol50\" \/>\n<meta name=\"twitter:label1\" content=\"Escrito por\" \/>\n\t<meta name=\"twitter:data1\" content=\"Comunica\u00e7\u00e3o PSOL\" \/>\n\t<meta name=\"twitter:label2\" content=\"Est. tempo de leitura\" \/>\n\t<meta name=\"twitter:data2\" content=\"2 minutos\" \/>\n<script type=\"application\/ld+json\" class=\"yoast-schema-graph\">{\"@context\":\"https:\/\/schema.org\",\"@graph\":[{\"@type\":\"Article\",\"@id\":\"https:\/\/psol50.org.br\/a-velocidade-do-especialista-no-caos\/#article\",\"isPartOf\":{\"@id\":\"https:\/\/psol50.org.br\/a-velocidade-do-especialista-no-caos\/\"},\"author\":{\"name\":\"Comunica\u00e7\u00e3o PSOL\",\"@id\":\"https:\/\/psol50.org.br\/#\/schema\/person\/475dfa57d0b815993c714c2e96491fcd\"},\"headline\":\"A velocidade do especialista no caos\",\"datePublished\":\"2015-07-03T00:00:00+00:00\",\"mainEntityOfPage\":{\"@id\":\"https:\/\/psol50.org.br\/a-velocidade-do-especialista-no-caos\/\"},\"wordCount\":354,\"commentCount\":0,\"publisher\":{\"@id\":\"https:\/\/psol50.org.br\/#organization\"},\"keywords\":[\"Gilberto Maringoni\"],\"articleSection\":[\"Artigos\"],\"inLanguage\":\"pt-BR\",\"potentialAction\":[{\"@type\":\"CommentAction\",\"name\":\"Comment\",\"target\":[\"https:\/\/psol50.org.br\/a-velocidade-do-especialista-no-caos\/#respond\"]}]},{\"@type\":\"WebPage\",\"@id\":\"https:\/\/psol50.org.br\/a-velocidade-do-especialista-no-caos\/\",\"url\":\"https:\/\/psol50.org.br\/a-velocidade-do-especialista-no-caos\/\",\"name\":\"A velocidade do especialista no caos - PSOL 50\",\"isPartOf\":{\"@id\":\"https:\/\/psol50.org.br\/#website\"},\"datePublished\":\"2015-07-03T00:00:00+00:00\",\"breadcrumb\":{\"@id\":\"https:\/\/psol50.org.br\/a-velocidade-do-especialista-no-caos\/#breadcrumb\"},\"inLanguage\":\"pt-BR\",\"potentialAction\":[{\"@type\":\"ReadAction\",\"target\":[\"https:\/\/psol50.org.br\/a-velocidade-do-especialista-no-caos\/\"]}]},{\"@type\":\"BreadcrumbList\",\"@id\":\"https:\/\/psol50.org.br\/a-velocidade-do-especialista-no-caos\/#breadcrumb\",\"itemListElement\":[{\"@type\":\"ListItem\",\"position\":1,\"name\":\"In\u00edcio\",\"item\":\"https:\/\/psol50.org.br\/\"},{\"@type\":\"ListItem\",\"position\":2,\"name\":\"A velocidade do especialista no caos\"}]},{\"@type\":\"WebSite\",\"@id\":\"https:\/\/psol50.org.br\/#website\",\"url\":\"https:\/\/psol50.org.br\/\",\"name\":\"PSOL 50\",\"description\":\"Site oficial do Partido Socialismo e Liberdade\",\"publisher\":{\"@id\":\"https:\/\/psol50.org.br\/#organization\"},\"alternateName\":\"PSOL50\",\"potentialAction\":[{\"@type\":\"SearchAction\",\"target\":{\"@type\":\"EntryPoint\",\"urlTemplate\":\"https:\/\/psol50.org.br\/?s={search_term_string}\"},\"query-input\":{\"@type\":\"PropertyValueSpecification\",\"valueRequired\":true,\"valueName\":\"search_term_string\"}}],\"inLanguage\":\"pt-BR\"},{\"@type\":\"Organization\",\"@id\":\"https:\/\/psol50.org.br\/#organization\",\"name\":\"PSOL 50\",\"alternateName\":\"PSOL 50\",\"url\":\"https:\/\/psol50.org.br\/\",\"logo\":{\"@type\":\"ImageObject\",\"inLanguage\":\"pt-BR\",\"@id\":\"https:\/\/psol50.org.br\/#\/schema\/logo\/image\/\",\"url\":\"https:\/\/psol50.org.br\/inc\/uploads\/2018\/07\/capa.png\",\"contentUrl\":\"https:\/\/psol50.org.br\/inc\/uploads\/2018\/07\/capa.png\",\"width\":1350,\"height\":900,\"caption\":\"PSOL 50\"},\"image\":{\"@id\":\"https:\/\/psol50.org.br\/#\/schema\/logo\/image\/\"},\"sameAs\":[\"https:\/\/www.facebook.com\/psol50\",\"https:\/\/x.com\/psol50\",\"https:\/\/www.instagram.com\/psol50\/\",\"https:\/\/www.youtube.com\/channel\/UC7SnJS5o1os7a6CaiNabzcg\"]},{\"@type\":\"Person\",\"@id\":\"https:\/\/psol50.org.br\/#\/schema\/person\/475dfa57d0b815993c714c2e96491fcd\",\"name\":\"Comunica\u00e7\u00e3o PSOL\",\"image\":{\"@type\":\"ImageObject\",\"inLanguage\":\"pt-BR\",\"@id\":\"https:\/\/psol50.org.br\/#\/schema\/person\/image\/\",\"url\":\"https:\/\/secure.gravatar.com\/avatar\/b34fc4f4e468a4e51785917065a3db57b841f5c95dba6ad8c73aaf8f66f8f9bf?s=96&d=mm&r=g\",\"contentUrl\":\"https:\/\/secure.gravatar.com\/avatar\/b34fc4f4e468a4e51785917065a3db57b841f5c95dba6ad8c73aaf8f66f8f9bf?s=96&d=mm&r=g\",\"caption\":\"Comunica\u00e7\u00e3o PSOL\"}}]}<\/script>\n<!-- \/ Yoast SEO plugin. -->","yoast_head_json":{"title":"A velocidade do especialista no caos - PSOL 50","robots":{"index":"index","follow":"follow","max-snippet":"max-snippet:-1","max-image-preview":"max-image-preview:large","max-video-preview":"max-video-preview:-1"},"canonical":"https:\/\/psol50.org.br\/a-velocidade-do-especialista-no-caos\/","og_locale":"pt_BR","og_type":"article","og_title":"A velocidade do especialista no caos - PSOL 50","og_description":"Eduardo Cunha sabe que tem de agir r\u00e1pido e de forma incisiva para ter \u00eaxito em suas empreitadas. Para isso, desfechou uma pauta reacion\u00e1ria no atacado: redu\u00e7\u00e3o da maioridade penal, reforma pol\u00edtica, CPI da Petrobras, terceiriza\u00e7\u00f5es, o estatuto da fam\u00edlia e apoios a demandas empresariais. Esbo\u00e7ou at\u00e9 uma giro pela diplomacia, ao excursionar por Israel [&hellip;]","og_url":"https:\/\/psol50.org.br\/a-velocidade-do-especialista-no-caos\/","og_site_name":"PSOL 50","article_publisher":"https:\/\/www.facebook.com\/psol50","article_published_time":"2015-07-03T00:00:00+00:00","og_image":[{"width":1350,"height":900,"url":"https:\/\/psol50.org.br\/inc\/uploads\/2018\/07\/capa.png","type":"image\/png"}],"author":"Comunica\u00e7\u00e3o PSOL","twitter_card":"summary_large_image","twitter_creator":"@psol50","twitter_site":"@psol50","twitter_misc":{"Escrito por":"Comunica\u00e7\u00e3o PSOL","Est. tempo de leitura":"2 minutos"},"schema":{"@context":"https:\/\/schema.org","@graph":[{"@type":"Article","@id":"https:\/\/psol50.org.br\/a-velocidade-do-especialista-no-caos\/#article","isPartOf":{"@id":"https:\/\/psol50.org.br\/a-velocidade-do-especialista-no-caos\/"},"author":{"name":"Comunica\u00e7\u00e3o PSOL","@id":"https:\/\/psol50.org.br\/#\/schema\/person\/475dfa57d0b815993c714c2e96491fcd"},"headline":"A velocidade do especialista no caos","datePublished":"2015-07-03T00:00:00+00:00","mainEntityOfPage":{"@id":"https:\/\/psol50.org.br\/a-velocidade-do-especialista-no-caos\/"},"wordCount":354,"commentCount":0,"publisher":{"@id":"https:\/\/psol50.org.br\/#organization"},"keywords":["Gilberto Maringoni"],"articleSection":["Artigos"],"inLanguage":"pt-BR","potentialAction":[{"@type":"CommentAction","name":"Comment","target":["https:\/\/psol50.org.br\/a-velocidade-do-especialista-no-caos\/#respond"]}]},{"@type":"WebPage","@id":"https:\/\/psol50.org.br\/a-velocidade-do-especialista-no-caos\/","url":"https:\/\/psol50.org.br\/a-velocidade-do-especialista-no-caos\/","name":"A velocidade do especialista no caos - PSOL 50","isPartOf":{"@id":"https:\/\/psol50.org.br\/#website"},"datePublished":"2015-07-03T00:00:00+00:00","breadcrumb":{"@id":"https:\/\/psol50.org.br\/a-velocidade-do-especialista-no-caos\/#breadcrumb"},"inLanguage":"pt-BR","potentialAction":[{"@type":"ReadAction","target":["https:\/\/psol50.org.br\/a-velocidade-do-especialista-no-caos\/"]}]},{"@type":"BreadcrumbList","@id":"https:\/\/psol50.org.br\/a-velocidade-do-especialista-no-caos\/#breadcrumb","itemListElement":[{"@type":"ListItem","position":1,"name":"In\u00edcio","item":"https:\/\/psol50.org.br\/"},{"@type":"ListItem","position":2,"name":"A velocidade do especialista no caos"}]},{"@type":"WebSite","@id":"https:\/\/psol50.org.br\/#website","url":"https:\/\/psol50.org.br\/","name":"PSOL 50","description":"Site oficial do Partido Socialismo e Liberdade","publisher":{"@id":"https:\/\/psol50.org.br\/#organization"},"alternateName":"PSOL50","potentialAction":[{"@type":"SearchAction","target":{"@type":"EntryPoint","urlTemplate":"https:\/\/psol50.org.br\/?s={search_term_string}"},"query-input":{"@type":"PropertyValueSpecification","valueRequired":true,"valueName":"search_term_string"}}],"inLanguage":"pt-BR"},{"@type":"Organization","@id":"https:\/\/psol50.org.br\/#organization","name":"PSOL 50","alternateName":"PSOL 50","url":"https:\/\/psol50.org.br\/","logo":{"@type":"ImageObject","inLanguage":"pt-BR","@id":"https:\/\/psol50.org.br\/#\/schema\/logo\/image\/","url":"https:\/\/psol50.org.br\/inc\/uploads\/2018\/07\/capa.png","contentUrl":"https:\/\/psol50.org.br\/inc\/uploads\/2018\/07\/capa.png","width":1350,"height":900,"caption":"PSOL 50"},"image":{"@id":"https:\/\/psol50.org.br\/#\/schema\/logo\/image\/"},"sameAs":["https:\/\/www.facebook.com\/psol50","https:\/\/x.com\/psol50","https:\/\/www.instagram.com\/psol50\/","https:\/\/www.youtube.com\/channel\/UC7SnJS5o1os7a6CaiNabzcg"]},{"@type":"Person","@id":"https:\/\/psol50.org.br\/#\/schema\/person\/475dfa57d0b815993c714c2e96491fcd","name":"Comunica\u00e7\u00e3o PSOL","image":{"@type":"ImageObject","inLanguage":"pt-BR","@id":"https:\/\/psol50.org.br\/#\/schema\/person\/image\/","url":"https:\/\/secure.gravatar.com\/avatar\/b34fc4f4e468a4e51785917065a3db57b841f5c95dba6ad8c73aaf8f66f8f9bf?s=96&d=mm&r=g","contentUrl":"https:\/\/secure.gravatar.com\/avatar\/b34fc4f4e468a4e51785917065a3db57b841f5c95dba6ad8c73aaf8f66f8f9bf?s=96&d=mm&r=g","caption":"Comunica\u00e7\u00e3o PSOL"}}]}},"_links":{"self":[{"href":"https:\/\/psol50.org.br\/rest\/wp\/v2\/posts\/9819","targetHints":{"allow":["GET"]}}],"collection":[{"href":"https:\/\/psol50.org.br\/rest\/wp\/v2\/posts"}],"about":[{"href":"https:\/\/psol50.org.br\/rest\/wp\/v2\/types\/post"}],"author":[{"embeddable":true,"href":"https:\/\/psol50.org.br\/rest\/wp\/v2\/users\/2"}],"replies":[{"embeddable":true,"href":"https:\/\/psol50.org.br\/rest\/wp\/v2\/comments?post=9819"}],"version-history":[{"count":0,"href":"https:\/\/psol50.org.br\/rest\/wp\/v2\/posts\/9819\/revisions"}],"wp:attachment":[{"href":"https:\/\/psol50.org.br\/rest\/wp\/v2\/media?parent=9819"}],"wp:term":[{"taxonomy":"category","embeddable":true,"href":"https:\/\/psol50.org.br\/rest\/wp\/v2\/categories?post=9819"},{"taxonomy":"post_tag","embeddable":true,"href":"https:\/\/psol50.org.br\/rest\/wp\/v2\/tags?post=9819"}],"curies":[{"name":"wp","href":"https:\/\/api.w.org\/{rel}","templated":true}]}}