{"id":986,"date":"2012-01-23T00:00:00","date_gmt":"2012-01-23T00:00:00","guid":{"rendered":"http:\/\/psol50.org.br\/arquivo\/2012\/01\/23\/presidente-da-cdh-da-oab-de-s-j-dos-campos-diz-que-houve-mortos-em-operacao-no-pinheirinho\/"},"modified":"2012-01-23T00:00:00","modified_gmt":"2012-01-23T00:00:00","slug":"presidente-da-cdh-da-oab-de-s-j-dos-campos-diz-que-houve-mortos-em-operacao-no-pinheirinho","status":"publish","type":"post","link":"https:\/\/psol50.org.br\/presidente-da-cdh-da-oab-de-s-j-dos-campos-diz-que-houve-mortos-em-operacao-no-pinheirinho\/","title":{"rendered":"Presidente da CDH da OAB de S.J.dos Campos diz que houve mortos em opera\u00e7\u00e3o no Pinheirinho"},"content":{"rendered":"<p style=\"text-align: justify\"><a href=\"http:\/\/agenciabrasil.ebc.com.br\/noticia\/2012-01-23\/oab-de-sao-jose-dos-campos-diz-que-houve-mortos-em-operacao-no-pinheirinho\"><em><strong>*Bruno Bocchini e Fl\u00e1via Albuquerque &#8211; Rep\u00f3rteres da Ag\u00eancia Brasil\u00a0 <\/strong><\/em><\/a><\/p>\n<p><em><strong>O presidente da Comiss\u00e3o de Direitos Humanos da Ordem dos Advogados do Brasil (OAB) de S\u00e3o Jos\u00e9 dos Campos, Aristeu C\u00e9sar Pinto Neto, disse hoje (23) que houve mortos na opera\u00e7\u00e3o de reintegra\u00e7\u00e3o de posse do terreno conhecido como Pinheirinho, na periferia da cidade. De acordo com ele, crian\u00e7as est\u00e3o entre as v\u00edtimas.<\/strong><\/em><\/p>\n<p>\u201cO que se viu aqui \u00e9 a viol\u00eancia do Estado t\u00edpica do autoritarismo brasileiro, que resolve problemas sociais com a for\u00e7a da pol\u00edcia. Ou seja, n\u00e3o os resolve. N\u00f3s vimos isso o dia inteiro. H\u00e1 mortes, inclusive de crian\u00e7as. N\u00f3s estamos fazendo um levantamento no Instituto M\u00e9dico-Legal [IML], e tomando as provid\u00eancias para responsabilizar os governantes que fizeram essa barb\u00e1rie\u201d, disse, em entrevista \u00e0 TV Brasil.<\/p>\n<p>Segundo Neto, a Pol\u00edcia Militar (PM) e a Guarda Municipal chegaram a atacar moradores que se refugiavam dentro de uma igreja pr\u00f3xima ao local. \u201cAs pessoas estavam alojadas na igreja e v\u00e1rias bombas foram lan\u00e7adas ali, a esmo\u201d, declarou.<\/p>\n<p>O representante da OAB disse ter ficado surpreso com o aparato de guerra que foi montado em prol de uma propriedade pertencente \u00e0 massa falida de uma empresa do especulador Naji Nahas. \u201cO propriet\u00e1rio \u00e9 um not\u00f3rio devedor de impostos, not\u00f3rio especulador, proibido de atuar nas bolsas de valores de 40 pa\u00edses. S\u00f3 aqui ele \u00e9 tratado t\u00e3o bem\u201d.<\/p>\n<p>Desde o in\u00edcio da manh\u00e3 de ontem (22) , a PM cumpre uma ordem da Justi\u00e7a Estadual para retirar cerca de 9 mil pessoas que vivem no local h\u00e1 sete anos e 11 meses. O terreno integra a massa falida da empresa Selecta, do investidor Naji Nahas. A Justi\u00e7a Federal decidiu contra a desocupa\u00e7\u00e3o do terreno, mas a pol\u00edcia manteve a reintegra\u00e7\u00e3o obedecendo ordem da Justi\u00e7a Estadual.<\/p>\n<p>A moradora Cassia Pereira manifestou sua indigna\u00e7\u00e3o com a maneira como as fam\u00edlias foram retiradas de suas casas sem que ao menos pudessem levar seus pertences. \u201cA gente est\u00e1 lutando por moradia. Aqui ningu\u00e9m quer guerra, ningu\u00e9m quer briga, a gente quer casa, nossa moradia. Todo mundo tinha suas casas aqui constru\u00eddas, e tiraram de n\u00f3s, sem direito a nada. Pegamos s\u00f3 o que dava para carregar na m\u00e3o\u201d, disse.<\/p>\n<p>O coronel Manoel Messias Melo confirmou que os policiais militares se envolveram em conflitos durante a madrugada, mas negou que a a\u00e7\u00e3o foi contra os moradores do Pinheirinho. \u201cForam v\u00e2ndalos e an\u00f4nimos que praticaram inc\u00eandios na regi\u00e3o. Tivemos 14 pris\u00f5es e algumas apreens\u00f5es de armas esta noite\u201d, declarou.<\/p>\n<p>\u201cAgora vamos cuidar do patrim\u00f4nio das pessoas. O oficial de Justi\u00e7a lacrou [os im\u00f3veis] e n\u00f3s guardamos o im\u00f3vel durante a noite. O oficial de justi\u00e7a vai arrolar os bens. As pessoas receberam um n\u00famero. Todos os bens ser\u00e3o etiquetados, conduzidos a um caminh\u00e3o e levados para um dep\u00f3sito judicial ou a um endere\u00e7o [fornecido] pelo morador\u201d, disse Melo.<\/p>\n<p>De acordo com o coronel, a PM vai permanecer no local at\u00e9 a reintegra\u00e7\u00e3o de posse do terreno ser concretizada. \u201cEntregue a posse ao propriet\u00e1rio ele deve tomar provid\u00eancias para guardar o local\u201d.<\/p>\n<p>Procurada pela reportagem para falar sobre o assunto, a prefeitura de S\u00e3o Jos\u00e9 dos Campos n\u00e3o quis se pronunciar.<\/p>\n<p><em><strong>MILITANTE DO MTST \u00c9 ESPANCADO E PRESO EM S\u00c3O JOS\u00c9 DOS CAMPOS<\/strong><\/em><\/p>\n<p><em><strong>Por volta de 16h deste domingo ,22, o dirigente nacional do Movimento dos Trabalhadores Sem Teto (MTST) Guilherme Boulos foi espancado pela Pol\u00edcia Militar e levado at\u00e9 a delegacia. Junto a ele, outros dirigentes nacionais sofreram tamb\u00e9m agress\u00f5es f\u00edsicas da Pol\u00edcia Militar.<\/strong><\/em><\/p>\n<p>Para aqueles que ainda colocam d\u00favidas se a opera\u00e7\u00e3o de despejo do Pinheirinho \u00e9 ou n\u00e3o Pac\u00edfica, a pris\u00e3o do companheiro Boulos que estava em S\u00e3o Jos\u00e9 dos Campos prestando solidariedade \u00e0 luta do Pinheirinho \u00e9 mais uma prova do lado que a Justi\u00e7a e a PM est\u00e3o.<\/p>\n<p><em><strong>Veja aqui algumas fotografias do epis\u00f3dio covarde da PM, Justi\u00e7a e governos federal, estadual e municipal.<\/strong><\/em><\/p>\n<p style=\"text-align: center\"><a href=\"http:\/\/psol50.org.br\/blog\/2012\/01\/23\/presidente-da-cdh-da-oab-de-sao-jose-dos-campos-diz-que-houve-mortos-em-operacao-no-pinheirinho\/boulos1\/\" rel=\"attachment wp-att-13325\"><img loading=\"lazy\" decoding=\"async\" class=\"aligncenter size-full wp-image-13325\" src=\"http:\/\/psol50.org.br\/files\/2012\/01\/Boulos1.jpg\" alt=\"\" width=\"450\" height=\"305\" \/><\/a><a href=\"http:\/\/psol50.org.br\/blog\/2012\/01\/23\/presidente-da-cdh-da-oab-de-sao-jose-dos-campos-diz-que-houve-mortos-em-operacao-no-pinheirinho\/boulos2\/\" rel=\"attachment wp-att-13326\"><img loading=\"lazy\" decoding=\"async\" class=\"aligncenter size-full wp-image-13326\" src=\"http:\/\/psol50.org.br\/files\/2012\/01\/Boulos2.jpg\" alt=\"\" width=\"450\" height=\"300\" \/><\/a><a href=\"http:\/\/psol50.org.br\/blog\/2012\/01\/23\/presidente-da-cdh-da-oab-de-sao-jose-dos-campos-diz-que-houve-mortos-em-operacao-no-pinheirinho\/boulos3\/\" rel=\"attachment wp-att-13327\"><img loading=\"lazy\" decoding=\"async\" class=\"aligncenter size-full wp-image-13327\" src=\"http:\/\/psol50.org.br\/files\/2012\/01\/Boulos3.jpg\" alt=\"\" width=\"450\" height=\"323\" \/><\/a><\/p>\n","protected":false},"excerpt":{"rendered":"<p>*Bruno Bocchini e Fl\u00e1via Albuquerque &#8211; Rep\u00f3rteres da Ag\u00eancia Brasil\u00a0 O presidente da Comiss\u00e3o de Direitos Humanos da Ordem dos Advogados do Brasil (OAB) de S\u00e3o Jos\u00e9 dos Campos, Aristeu C\u00e9sar Pinto Neto, disse hoje (23) que houve mortos na opera\u00e7\u00e3o de reintegra\u00e7\u00e3o de posse do terreno conhecido como Pinheirinho, na periferia da cidade. De [&hellip;]<\/p>\n","protected":false},"author":2,"featured_media":0,"comment_status":"open","ping_status":"open","sticky":false,"template":"","format":"standard","meta":{"_acf_changed":false,"footnotes":""},"categories":[4766],"tags":[],"class_list":{"0":"post-986","1":"post","2":"type-post","3":"status-publish","4":"format-standard","6":"category-arquivo"},"acf":[],"yoast_head":"<!-- This site is optimized with the Yoast SEO plugin v26.5 - https:\/\/yoast.com\/wordpress\/plugins\/seo\/ -->\n<title>Presidente da CDH da OAB de S.J.dos Campos diz que houve mortos em opera\u00e7\u00e3o no Pinheirinho - PSOL 50<\/title>\n<meta name=\"robots\" content=\"index, follow, max-snippet:-1, max-image-preview:large, max-video-preview:-1\" \/>\n<link rel=\"canonical\" href=\"https:\/\/psol50.org.br\/presidente-da-cdh-da-oab-de-s-j-dos-campos-diz-que-houve-mortos-em-operacao-no-pinheirinho\/\" \/>\n<meta property=\"og:locale\" content=\"pt_BR\" \/>\n<meta property=\"og:type\" content=\"article\" \/>\n<meta property=\"og:title\" content=\"Presidente da CDH da OAB de S.J.dos Campos diz que houve mortos em opera\u00e7\u00e3o no Pinheirinho - PSOL 50\" \/>\n<meta property=\"og:description\" content=\"*Bruno Bocchini e Fl\u00e1via Albuquerque &#8211; Rep\u00f3rteres da Ag\u00eancia Brasil\u00a0 O presidente da Comiss\u00e3o de Direitos Humanos da Ordem dos Advogados do Brasil (OAB) de S\u00e3o Jos\u00e9 dos Campos, Aristeu C\u00e9sar Pinto Neto, disse hoje (23) que houve mortos na opera\u00e7\u00e3o de reintegra\u00e7\u00e3o de posse do terreno conhecido como Pinheirinho, na periferia da cidade. De [&hellip;]\" \/>\n<meta property=\"og:url\" content=\"https:\/\/psol50.org.br\/presidente-da-cdh-da-oab-de-s-j-dos-campos-diz-que-houve-mortos-em-operacao-no-pinheirinho\/\" \/>\n<meta property=\"og:site_name\" content=\"PSOL 50\" \/>\n<meta property=\"article:publisher\" content=\"https:\/\/www.facebook.com\/psol50\" \/>\n<meta property=\"article:published_time\" content=\"2012-01-23T00:00:00+00:00\" \/>\n<meta property=\"og:image\" content=\"http:\/\/psol50.org.br\/files\/2012\/01\/Boulos1.jpg\" \/>\n<meta name=\"author\" content=\"Comunica\u00e7\u00e3o PSOL\" \/>\n<meta name=\"twitter:card\" content=\"summary_large_image\" \/>\n<meta name=\"twitter:creator\" content=\"@psol50\" \/>\n<meta name=\"twitter:site\" content=\"@psol50\" \/>\n<meta name=\"twitter:label1\" content=\"Escrito por\" \/>\n\t<meta name=\"twitter:data1\" content=\"Comunica\u00e7\u00e3o PSOL\" \/>\n\t<meta name=\"twitter:label2\" content=\"Est. tempo de leitura\" \/>\n\t<meta name=\"twitter:data2\" content=\"4 minutos\" \/>\n<script type=\"application\/ld+json\" class=\"yoast-schema-graph\">{\"@context\":\"https:\/\/schema.org\",\"@graph\":[{\"@type\":\"Article\",\"@id\":\"https:\/\/psol50.org.br\/presidente-da-cdh-da-oab-de-s-j-dos-campos-diz-que-houve-mortos-em-operacao-no-pinheirinho\/#article\",\"isPartOf\":{\"@id\":\"https:\/\/psol50.org.br\/presidente-da-cdh-da-oab-de-s-j-dos-campos-diz-que-houve-mortos-em-operacao-no-pinheirinho\/\"},\"author\":{\"name\":\"Comunica\u00e7\u00e3o PSOL\",\"@id\":\"https:\/\/psol50.org.br\/#\/schema\/person\/475dfa57d0b815993c714c2e96491fcd\"},\"headline\":\"Presidente da CDH da OAB de S.J.dos Campos diz que houve mortos em opera\u00e7\u00e3o no Pinheirinho\",\"datePublished\":\"2012-01-23T00:00:00+00:00\",\"mainEntityOfPage\":{\"@id\":\"https:\/\/psol50.org.br\/presidente-da-cdh-da-oab-de-s-j-dos-campos-diz-que-houve-mortos-em-operacao-no-pinheirinho\/\"},\"wordCount\":727,\"commentCount\":0,\"publisher\":{\"@id\":\"https:\/\/psol50.org.br\/#organization\"},\"image\":{\"@id\":\"https:\/\/psol50.org.br\/presidente-da-cdh-da-oab-de-s-j-dos-campos-diz-que-houve-mortos-em-operacao-no-pinheirinho\/#primaryimage\"},\"thumbnailUrl\":\"http:\/\/psol50.org.br\/files\/2012\/01\/Boulos1.jpg\",\"articleSection\":[\"Arquivo\"],\"inLanguage\":\"pt-BR\",\"potentialAction\":[{\"@type\":\"CommentAction\",\"name\":\"Comment\",\"target\":[\"https:\/\/psol50.org.br\/presidente-da-cdh-da-oab-de-s-j-dos-campos-diz-que-houve-mortos-em-operacao-no-pinheirinho\/#respond\"]}]},{\"@type\":\"WebPage\",\"@id\":\"https:\/\/psol50.org.br\/presidente-da-cdh-da-oab-de-s-j-dos-campos-diz-que-houve-mortos-em-operacao-no-pinheirinho\/\",\"url\":\"https:\/\/psol50.org.br\/presidente-da-cdh-da-oab-de-s-j-dos-campos-diz-que-houve-mortos-em-operacao-no-pinheirinho\/\",\"name\":\"Presidente da CDH da OAB de S.J.dos Campos diz que houve mortos em opera\u00e7\u00e3o no Pinheirinho - PSOL 50\",\"isPartOf\":{\"@id\":\"https:\/\/psol50.org.br\/#website\"},\"primaryImageOfPage\":{\"@id\":\"https:\/\/psol50.org.br\/presidente-da-cdh-da-oab-de-s-j-dos-campos-diz-que-houve-mortos-em-operacao-no-pinheirinho\/#primaryimage\"},\"image\":{\"@id\":\"https:\/\/psol50.org.br\/presidente-da-cdh-da-oab-de-s-j-dos-campos-diz-que-houve-mortos-em-operacao-no-pinheirinho\/#primaryimage\"},\"thumbnailUrl\":\"http:\/\/psol50.org.br\/files\/2012\/01\/Boulos1.jpg\",\"datePublished\":\"2012-01-23T00:00:00+00:00\",\"breadcrumb\":{\"@id\":\"https:\/\/psol50.org.br\/presidente-da-cdh-da-oab-de-s-j-dos-campos-diz-que-houve-mortos-em-operacao-no-pinheirinho\/#breadcrumb\"},\"inLanguage\":\"pt-BR\",\"potentialAction\":[{\"@type\":\"ReadAction\",\"target\":[\"https:\/\/psol50.org.br\/presidente-da-cdh-da-oab-de-s-j-dos-campos-diz-que-houve-mortos-em-operacao-no-pinheirinho\/\"]}]},{\"@type\":\"ImageObject\",\"inLanguage\":\"pt-BR\",\"@id\":\"https:\/\/psol50.org.br\/presidente-da-cdh-da-oab-de-s-j-dos-campos-diz-que-houve-mortos-em-operacao-no-pinheirinho\/#primaryimage\",\"url\":\"http:\/\/psol50.org.br\/files\/2012\/01\/Boulos1.jpg\",\"contentUrl\":\"http:\/\/psol50.org.br\/files\/2012\/01\/Boulos1.jpg\"},{\"@type\":\"BreadcrumbList\",\"@id\":\"https:\/\/psol50.org.br\/presidente-da-cdh-da-oab-de-s-j-dos-campos-diz-que-houve-mortos-em-operacao-no-pinheirinho\/#breadcrumb\",\"itemListElement\":[{\"@type\":\"ListItem\",\"position\":1,\"name\":\"In\u00edcio\",\"item\":\"https:\/\/psol50.org.br\/\"},{\"@type\":\"ListItem\",\"position\":2,\"name\":\"Presidente da CDH da OAB de S.J.dos Campos diz que houve mortos em opera\u00e7\u00e3o no Pinheirinho\"}]},{\"@type\":\"WebSite\",\"@id\":\"https:\/\/psol50.org.br\/#website\",\"url\":\"https:\/\/psol50.org.br\/\",\"name\":\"PSOL 50\",\"description\":\"Site oficial do Partido Socialismo e Liberdade\",\"publisher\":{\"@id\":\"https:\/\/psol50.org.br\/#organization\"},\"alternateName\":\"PSOL50\",\"potentialAction\":[{\"@type\":\"SearchAction\",\"target\":{\"@type\":\"EntryPoint\",\"urlTemplate\":\"https:\/\/psol50.org.br\/?s={search_term_string}\"},\"query-input\":{\"@type\":\"PropertyValueSpecification\",\"valueRequired\":true,\"valueName\":\"search_term_string\"}}],\"inLanguage\":\"pt-BR\"},{\"@type\":\"Organization\",\"@id\":\"https:\/\/psol50.org.br\/#organization\",\"name\":\"PSOL 50\",\"alternateName\":\"PSOL 50\",\"url\":\"https:\/\/psol50.org.br\/\",\"logo\":{\"@type\":\"ImageObject\",\"inLanguage\":\"pt-BR\",\"@id\":\"https:\/\/psol50.org.br\/#\/schema\/logo\/image\/\",\"url\":\"https:\/\/psol50.org.br\/inc\/uploads\/2018\/07\/capa.png\",\"contentUrl\":\"https:\/\/psol50.org.br\/inc\/uploads\/2018\/07\/capa.png\",\"width\":1350,\"height\":900,\"caption\":\"PSOL 50\"},\"image\":{\"@id\":\"https:\/\/psol50.org.br\/#\/schema\/logo\/image\/\"},\"sameAs\":[\"https:\/\/www.facebook.com\/psol50\",\"https:\/\/x.com\/psol50\",\"https:\/\/www.instagram.com\/psol50\/\",\"https:\/\/www.youtube.com\/channel\/UC7SnJS5o1os7a6CaiNabzcg\"]},{\"@type\":\"Person\",\"@id\":\"https:\/\/psol50.org.br\/#\/schema\/person\/475dfa57d0b815993c714c2e96491fcd\",\"name\":\"Comunica\u00e7\u00e3o PSOL\",\"image\":{\"@type\":\"ImageObject\",\"inLanguage\":\"pt-BR\",\"@id\":\"https:\/\/psol50.org.br\/#\/schema\/person\/image\/\",\"url\":\"https:\/\/secure.gravatar.com\/avatar\/b34fc4f4e468a4e51785917065a3db57b841f5c95dba6ad8c73aaf8f66f8f9bf?s=96&d=mm&r=g\",\"contentUrl\":\"https:\/\/secure.gravatar.com\/avatar\/b34fc4f4e468a4e51785917065a3db57b841f5c95dba6ad8c73aaf8f66f8f9bf?s=96&d=mm&r=g\",\"caption\":\"Comunica\u00e7\u00e3o PSOL\"}}]}<\/script>\n<!-- \/ Yoast SEO plugin. -->","yoast_head_json":{"title":"Presidente da CDH da OAB de S.J.dos Campos diz que houve mortos em opera\u00e7\u00e3o no Pinheirinho - PSOL 50","robots":{"index":"index","follow":"follow","max-snippet":"max-snippet:-1","max-image-preview":"max-image-preview:large","max-video-preview":"max-video-preview:-1"},"canonical":"https:\/\/psol50.org.br\/presidente-da-cdh-da-oab-de-s-j-dos-campos-diz-que-houve-mortos-em-operacao-no-pinheirinho\/","og_locale":"pt_BR","og_type":"article","og_title":"Presidente da CDH da OAB de S.J.dos Campos diz que houve mortos em opera\u00e7\u00e3o no Pinheirinho - PSOL 50","og_description":"*Bruno Bocchini e Fl\u00e1via Albuquerque &#8211; Rep\u00f3rteres da Ag\u00eancia Brasil\u00a0 O presidente da Comiss\u00e3o de Direitos Humanos da Ordem dos Advogados do Brasil (OAB) de S\u00e3o Jos\u00e9 dos Campos, Aristeu C\u00e9sar Pinto Neto, disse hoje (23) que houve mortos na opera\u00e7\u00e3o de reintegra\u00e7\u00e3o de posse do terreno conhecido como Pinheirinho, na periferia da cidade. De [&hellip;]","og_url":"https:\/\/psol50.org.br\/presidente-da-cdh-da-oab-de-s-j-dos-campos-diz-que-houve-mortos-em-operacao-no-pinheirinho\/","og_site_name":"PSOL 50","article_publisher":"https:\/\/www.facebook.com\/psol50","article_published_time":"2012-01-23T00:00:00+00:00","og_image":[{"url":"http:\/\/psol50.org.br\/files\/2012\/01\/Boulos1.jpg","type":"","width":"","height":""}],"author":"Comunica\u00e7\u00e3o PSOL","twitter_card":"summary_large_image","twitter_creator":"@psol50","twitter_site":"@psol50","twitter_misc":{"Escrito por":"Comunica\u00e7\u00e3o PSOL","Est. tempo de leitura":"4 minutos"},"schema":{"@context":"https:\/\/schema.org","@graph":[{"@type":"Article","@id":"https:\/\/psol50.org.br\/presidente-da-cdh-da-oab-de-s-j-dos-campos-diz-que-houve-mortos-em-operacao-no-pinheirinho\/#article","isPartOf":{"@id":"https:\/\/psol50.org.br\/presidente-da-cdh-da-oab-de-s-j-dos-campos-diz-que-houve-mortos-em-operacao-no-pinheirinho\/"},"author":{"name":"Comunica\u00e7\u00e3o PSOL","@id":"https:\/\/psol50.org.br\/#\/schema\/person\/475dfa57d0b815993c714c2e96491fcd"},"headline":"Presidente da CDH da OAB de S.J.dos Campos diz que houve mortos em opera\u00e7\u00e3o no Pinheirinho","datePublished":"2012-01-23T00:00:00+00:00","mainEntityOfPage":{"@id":"https:\/\/psol50.org.br\/presidente-da-cdh-da-oab-de-s-j-dos-campos-diz-que-houve-mortos-em-operacao-no-pinheirinho\/"},"wordCount":727,"commentCount":0,"publisher":{"@id":"https:\/\/psol50.org.br\/#organization"},"image":{"@id":"https:\/\/psol50.org.br\/presidente-da-cdh-da-oab-de-s-j-dos-campos-diz-que-houve-mortos-em-operacao-no-pinheirinho\/#primaryimage"},"thumbnailUrl":"http:\/\/psol50.org.br\/files\/2012\/01\/Boulos1.jpg","articleSection":["Arquivo"],"inLanguage":"pt-BR","potentialAction":[{"@type":"CommentAction","name":"Comment","target":["https:\/\/psol50.org.br\/presidente-da-cdh-da-oab-de-s-j-dos-campos-diz-que-houve-mortos-em-operacao-no-pinheirinho\/#respond"]}]},{"@type":"WebPage","@id":"https:\/\/psol50.org.br\/presidente-da-cdh-da-oab-de-s-j-dos-campos-diz-que-houve-mortos-em-operacao-no-pinheirinho\/","url":"https:\/\/psol50.org.br\/presidente-da-cdh-da-oab-de-s-j-dos-campos-diz-que-houve-mortos-em-operacao-no-pinheirinho\/","name":"Presidente da CDH da OAB de S.J.dos Campos diz que houve mortos em opera\u00e7\u00e3o no Pinheirinho - PSOL 50","isPartOf":{"@id":"https:\/\/psol50.org.br\/#website"},"primaryImageOfPage":{"@id":"https:\/\/psol50.org.br\/presidente-da-cdh-da-oab-de-s-j-dos-campos-diz-que-houve-mortos-em-operacao-no-pinheirinho\/#primaryimage"},"image":{"@id":"https:\/\/psol50.org.br\/presidente-da-cdh-da-oab-de-s-j-dos-campos-diz-que-houve-mortos-em-operacao-no-pinheirinho\/#primaryimage"},"thumbnailUrl":"http:\/\/psol50.org.br\/files\/2012\/01\/Boulos1.jpg","datePublished":"2012-01-23T00:00:00+00:00","breadcrumb":{"@id":"https:\/\/psol50.org.br\/presidente-da-cdh-da-oab-de-s-j-dos-campos-diz-que-houve-mortos-em-operacao-no-pinheirinho\/#breadcrumb"},"inLanguage":"pt-BR","potentialAction":[{"@type":"ReadAction","target":["https:\/\/psol50.org.br\/presidente-da-cdh-da-oab-de-s-j-dos-campos-diz-que-houve-mortos-em-operacao-no-pinheirinho\/"]}]},{"@type":"ImageObject","inLanguage":"pt-BR","@id":"https:\/\/psol50.org.br\/presidente-da-cdh-da-oab-de-s-j-dos-campos-diz-que-houve-mortos-em-operacao-no-pinheirinho\/#primaryimage","url":"http:\/\/psol50.org.br\/files\/2012\/01\/Boulos1.jpg","contentUrl":"http:\/\/psol50.org.br\/files\/2012\/01\/Boulos1.jpg"},{"@type":"BreadcrumbList","@id":"https:\/\/psol50.org.br\/presidente-da-cdh-da-oab-de-s-j-dos-campos-diz-que-houve-mortos-em-operacao-no-pinheirinho\/#breadcrumb","itemListElement":[{"@type":"ListItem","position":1,"name":"In\u00edcio","item":"https:\/\/psol50.org.br\/"},{"@type":"ListItem","position":2,"name":"Presidente da CDH da OAB de S.J.dos Campos diz que houve mortos em opera\u00e7\u00e3o no Pinheirinho"}]},{"@type":"WebSite","@id":"https:\/\/psol50.org.br\/#website","url":"https:\/\/psol50.org.br\/","name":"PSOL 50","description":"Site oficial do Partido Socialismo e Liberdade","publisher":{"@id":"https:\/\/psol50.org.br\/#organization"},"alternateName":"PSOL50","potentialAction":[{"@type":"SearchAction","target":{"@type":"EntryPoint","urlTemplate":"https:\/\/psol50.org.br\/?s={search_term_string}"},"query-input":{"@type":"PropertyValueSpecification","valueRequired":true,"valueName":"search_term_string"}}],"inLanguage":"pt-BR"},{"@type":"Organization","@id":"https:\/\/psol50.org.br\/#organization","name":"PSOL 50","alternateName":"PSOL 50","url":"https:\/\/psol50.org.br\/","logo":{"@type":"ImageObject","inLanguage":"pt-BR","@id":"https:\/\/psol50.org.br\/#\/schema\/logo\/image\/","url":"https:\/\/psol50.org.br\/inc\/uploads\/2018\/07\/capa.png","contentUrl":"https:\/\/psol50.org.br\/inc\/uploads\/2018\/07\/capa.png","width":1350,"height":900,"caption":"PSOL 50"},"image":{"@id":"https:\/\/psol50.org.br\/#\/schema\/logo\/image\/"},"sameAs":["https:\/\/www.facebook.com\/psol50","https:\/\/x.com\/psol50","https:\/\/www.instagram.com\/psol50\/","https:\/\/www.youtube.com\/channel\/UC7SnJS5o1os7a6CaiNabzcg"]},{"@type":"Person","@id":"https:\/\/psol50.org.br\/#\/schema\/person\/475dfa57d0b815993c714c2e96491fcd","name":"Comunica\u00e7\u00e3o PSOL","image":{"@type":"ImageObject","inLanguage":"pt-BR","@id":"https:\/\/psol50.org.br\/#\/schema\/person\/image\/","url":"https:\/\/secure.gravatar.com\/avatar\/b34fc4f4e468a4e51785917065a3db57b841f5c95dba6ad8c73aaf8f66f8f9bf?s=96&d=mm&r=g","contentUrl":"https:\/\/secure.gravatar.com\/avatar\/b34fc4f4e468a4e51785917065a3db57b841f5c95dba6ad8c73aaf8f66f8f9bf?s=96&d=mm&r=g","caption":"Comunica\u00e7\u00e3o PSOL"}}]}},"_links":{"self":[{"href":"https:\/\/psol50.org.br\/rest\/wp\/v2\/posts\/986","targetHints":{"allow":["GET"]}}],"collection":[{"href":"https:\/\/psol50.org.br\/rest\/wp\/v2\/posts"}],"about":[{"href":"https:\/\/psol50.org.br\/rest\/wp\/v2\/types\/post"}],"author":[{"embeddable":true,"href":"https:\/\/psol50.org.br\/rest\/wp\/v2\/users\/2"}],"replies":[{"embeddable":true,"href":"https:\/\/psol50.org.br\/rest\/wp\/v2\/comments?post=986"}],"version-history":[{"count":0,"href":"https:\/\/psol50.org.br\/rest\/wp\/v2\/posts\/986\/revisions"}],"wp:attachment":[{"href":"https:\/\/psol50.org.br\/rest\/wp\/v2\/media?parent=986"}],"wp:term":[{"taxonomy":"category","embeddable":true,"href":"https:\/\/psol50.org.br\/rest\/wp\/v2\/categories?post=986"},{"taxonomy":"post_tag","embeddable":true,"href":"https:\/\/psol50.org.br\/rest\/wp\/v2\/tags?post=986"}],"curies":[{"name":"wp","href":"https:\/\/api.w.org\/{rel}","templated":true}]}}