{"id":9889,"date":"2015-09-03T22:32:56","date_gmt":"2015-09-03T22:32:56","guid":{"rendered":"http:\/\/179.190.55.146\/~psol5185\/?p=9889"},"modified":"2015-09-03T22:32:56","modified_gmt":"2015-09-03T22:32:56","slug":"tragedia-humanitaria-crianca-morta-em-praia-turca-revela-drama-da-imigracao","status":"publish","type":"post","link":"https:\/\/psol50.org.br\/tragedia-humanitaria-crianca-morta-em-praia-turca-revela-drama-da-imigracao\/","title":{"rendered":"Trag\u00e9dia humanit\u00e1ria: Crian\u00e7a morta em praia turca revela drama da imigra\u00e7\u00e3o"},"content":{"rendered":"<p>A foto de uma crian\u00e7a de apenas tr\u00eas anos, encontrada morta por afogamento em uma praia na Turquia, chocou o mundo ao revelar o sofrimento, a dor, o drama e a trag\u00e9dia da imigra\u00e7\u00e3o na Europa.<\/p>\n<div class=\"txtPrint\">\n\u00a0O menino foi identificado pela imprensa turca como Aylan Kurdi e seu irm\u00e3o, de apenas cinco anos, tamb\u00e9m estava entre as outras quatro crian\u00e7as dos 12 refugiados s\u00edrios que morreram tentando chegar \u00e0 ilha grega de Kos.<br \/>\nAylan Kurdi e sua fam\u00edlia eram da cidade s\u00edria de Kobati, perto da fronteira com a Turquia, palco de violentos combates entre membros do Estado Isl\u00e2mico e for\u00e7as curdas.<br \/>\nAssim como a fam\u00edlia do pequeno Aylan, outras dezenas de milhares de s\u00edrios fogem da guerra em seu pa\u00eds pela costa da Turquia com a esperan\u00e7a de chegarem \u00e0 Gr\u00e9cia \u2013 uma das portas de entrada da Europa mais procuradas pelos imigrantes.<br \/>\nAg\u00eancias humanit\u00e1rias estimam que nos \u00faltimos dois meses, mais de 2 mil pessoas por dia tenham feito a travessia para as ilhas no leste da Gr\u00e9cia em botes infl\u00e1veis. Mais de 2.500 pessoas morreram este ano tentando atravessar o Mediterr\u00e2neo, de acordo com dados da ONU.<br \/>\nA situa\u00e7\u00e3o \u00e9 dram\u00e1tica e o mundo deve se mobilizar, para exigir que autoridades internacionais e europeias atuem para evitar a morte de crian\u00e7as como Aylan Kurdi e seus familiares, v\u00edtima da guerra e do descaso dos pa\u00edses ricos que gastam mais recursos para fechar suas fronteiras do que para prestar socorro \u00e0s v\u00edtimas da guerra.<br \/>\n<a href=\"https:\/\/www.facebook.com\/hashtag\/humanidadelevadapelasaguas?source=feed_text&amp;story_id=1049205771790971\">#HumanidadeLevadaPelasAguas<\/a>\n<\/div>\n","protected":false},"excerpt":{"rendered":"<p>A foto de uma crian\u00e7a de apenas tr\u00eas anos, encontrada morta por afogamento em uma praia na Turquia, chocou o mundo ao revelar o sofrimento, a dor, o drama e a trag\u00e9dia da imigra\u00e7\u00e3o na Europa. \u00a0O menino foi identificado pela imprensa turca como Aylan Kurdi e seu irm\u00e3o, de apenas cinco anos, tamb\u00e9m estava [&hellip;]<\/p>\n","protected":false},"author":2,"featured_media":0,"comment_status":"open","ping_status":"open","sticky":false,"template":"","format":"standard","meta":{"_acf_changed":false,"footnotes":""},"categories":[3],"tags":[4795,677,552,2232],"class_list":{"0":"post-9889","1":"post","2":"type-post","3":"status-publish","4":"format-standard","6":"category-artigos-e-entrevistas","7":"tag-imigracao","8":"tag-imigrantes","9":"tag-ivan-valente","10":"tag-siria"},"acf":[],"yoast_head":"<!-- This site is optimized with the Yoast SEO plugin v26.5 - https:\/\/yoast.com\/wordpress\/plugins\/seo\/ -->\n<title>Trag\u00e9dia humanit\u00e1ria: Crian\u00e7a morta em praia turca revela drama da imigra\u00e7\u00e3o - PSOL 50<\/title>\n<meta name=\"robots\" content=\"index, follow, max-snippet:-1, max-image-preview:large, max-video-preview:-1\" \/>\n<link rel=\"canonical\" href=\"https:\/\/psol50.org.br\/tragedia-humanitaria-crianca-morta-em-praia-turca-revela-drama-da-imigracao\/\" \/>\n<meta property=\"og:locale\" content=\"pt_BR\" \/>\n<meta property=\"og:type\" content=\"article\" \/>\n<meta property=\"og:title\" content=\"Trag\u00e9dia humanit\u00e1ria: Crian\u00e7a morta em praia turca revela drama da imigra\u00e7\u00e3o - PSOL 50\" \/>\n<meta property=\"og:description\" content=\"A foto de uma crian\u00e7a de apenas tr\u00eas anos, encontrada morta por afogamento em uma praia na Turquia, chocou o mundo ao revelar o sofrimento, a dor, o drama e a trag\u00e9dia da imigra\u00e7\u00e3o na Europa. \u00a0O menino foi identificado pela imprensa turca como Aylan Kurdi e seu irm\u00e3o, de apenas cinco anos, tamb\u00e9m estava [&hellip;]\" \/>\n<meta property=\"og:url\" content=\"https:\/\/psol50.org.br\/tragedia-humanitaria-crianca-morta-em-praia-turca-revela-drama-da-imigracao\/\" \/>\n<meta property=\"og:site_name\" content=\"PSOL 50\" \/>\n<meta property=\"article:publisher\" content=\"https:\/\/www.facebook.com\/psol50\" \/>\n<meta property=\"article:published_time\" content=\"2015-09-03T22:32:56+00:00\" \/>\n<meta property=\"og:image\" content=\"https:\/\/psol50.org.br\/inc\/uploads\/2018\/07\/capa.png\" \/>\n\t<meta property=\"og:image:width\" content=\"1350\" \/>\n\t<meta property=\"og:image:height\" content=\"900\" \/>\n\t<meta property=\"og:image:type\" content=\"image\/png\" \/>\n<meta name=\"author\" content=\"Comunica\u00e7\u00e3o PSOL\" \/>\n<meta name=\"twitter:card\" content=\"summary_large_image\" \/>\n<meta name=\"twitter:creator\" content=\"@psol50\" \/>\n<meta name=\"twitter:site\" content=\"@psol50\" \/>\n<meta name=\"twitter:label1\" content=\"Escrito por\" \/>\n\t<meta name=\"twitter:data1\" content=\"Comunica\u00e7\u00e3o PSOL\" \/>\n\t<meta name=\"twitter:label2\" content=\"Est. tempo de leitura\" \/>\n\t<meta name=\"twitter:data2\" content=\"1 minuto\" \/>\n<script type=\"application\/ld+json\" class=\"yoast-schema-graph\">{\"@context\":\"https:\/\/schema.org\",\"@graph\":[{\"@type\":\"Article\",\"@id\":\"https:\/\/psol50.org.br\/tragedia-humanitaria-crianca-morta-em-praia-turca-revela-drama-da-imigracao\/#article\",\"isPartOf\":{\"@id\":\"https:\/\/psol50.org.br\/tragedia-humanitaria-crianca-morta-em-praia-turca-revela-drama-da-imigracao\/\"},\"author\":{\"name\":\"Comunica\u00e7\u00e3o PSOL\",\"@id\":\"https:\/\/psol50.org.br\/#\/schema\/person\/475dfa57d0b815993c714c2e96491fcd\"},\"headline\":\"Trag\u00e9dia humanit\u00e1ria: Crian\u00e7a morta em praia turca revela drama da imigra\u00e7\u00e3o\",\"datePublished\":\"2015-09-03T22:32:56+00:00\",\"mainEntityOfPage\":{\"@id\":\"https:\/\/psol50.org.br\/tragedia-humanitaria-crianca-morta-em-praia-turca-revela-drama-da-imigracao\/\"},\"wordCount\":283,\"commentCount\":0,\"publisher\":{\"@id\":\"https:\/\/psol50.org.br\/#organization\"},\"keywords\":[\"imigra\u00e7\u00e3o\",\"imigrantes\",\"Ivan Valente\",\"S\u00edria\"],\"articleSection\":[\"Artigos\"],\"inLanguage\":\"pt-BR\",\"potentialAction\":[{\"@type\":\"CommentAction\",\"name\":\"Comment\",\"target\":[\"https:\/\/psol50.org.br\/tragedia-humanitaria-crianca-morta-em-praia-turca-revela-drama-da-imigracao\/#respond\"]}]},{\"@type\":\"WebPage\",\"@id\":\"https:\/\/psol50.org.br\/tragedia-humanitaria-crianca-morta-em-praia-turca-revela-drama-da-imigracao\/\",\"url\":\"https:\/\/psol50.org.br\/tragedia-humanitaria-crianca-morta-em-praia-turca-revela-drama-da-imigracao\/\",\"name\":\"Trag\u00e9dia humanit\u00e1ria: Crian\u00e7a morta em praia turca revela drama da imigra\u00e7\u00e3o - PSOL 50\",\"isPartOf\":{\"@id\":\"https:\/\/psol50.org.br\/#website\"},\"datePublished\":\"2015-09-03T22:32:56+00:00\",\"breadcrumb\":{\"@id\":\"https:\/\/psol50.org.br\/tragedia-humanitaria-crianca-morta-em-praia-turca-revela-drama-da-imigracao\/#breadcrumb\"},\"inLanguage\":\"pt-BR\",\"potentialAction\":[{\"@type\":\"ReadAction\",\"target\":[\"https:\/\/psol50.org.br\/tragedia-humanitaria-crianca-morta-em-praia-turca-revela-drama-da-imigracao\/\"]}]},{\"@type\":\"BreadcrumbList\",\"@id\":\"https:\/\/psol50.org.br\/tragedia-humanitaria-crianca-morta-em-praia-turca-revela-drama-da-imigracao\/#breadcrumb\",\"itemListElement\":[{\"@type\":\"ListItem\",\"position\":1,\"name\":\"In\u00edcio\",\"item\":\"https:\/\/psol50.org.br\/\"},{\"@type\":\"ListItem\",\"position\":2,\"name\":\"Trag\u00e9dia humanit\u00e1ria: Crian\u00e7a morta em praia turca revela drama da imigra\u00e7\u00e3o\"}]},{\"@type\":\"WebSite\",\"@id\":\"https:\/\/psol50.org.br\/#website\",\"url\":\"https:\/\/psol50.org.br\/\",\"name\":\"PSOL 50\",\"description\":\"Site oficial do Partido Socialismo e Liberdade\",\"publisher\":{\"@id\":\"https:\/\/psol50.org.br\/#organization\"},\"alternateName\":\"PSOL50\",\"potentialAction\":[{\"@type\":\"SearchAction\",\"target\":{\"@type\":\"EntryPoint\",\"urlTemplate\":\"https:\/\/psol50.org.br\/?s={search_term_string}\"},\"query-input\":{\"@type\":\"PropertyValueSpecification\",\"valueRequired\":true,\"valueName\":\"search_term_string\"}}],\"inLanguage\":\"pt-BR\"},{\"@type\":\"Organization\",\"@id\":\"https:\/\/psol50.org.br\/#organization\",\"name\":\"PSOL 50\",\"alternateName\":\"PSOL 50\",\"url\":\"https:\/\/psol50.org.br\/\",\"logo\":{\"@type\":\"ImageObject\",\"inLanguage\":\"pt-BR\",\"@id\":\"https:\/\/psol50.org.br\/#\/schema\/logo\/image\/\",\"url\":\"https:\/\/psol50.org.br\/inc\/uploads\/2018\/07\/capa.png\",\"contentUrl\":\"https:\/\/psol50.org.br\/inc\/uploads\/2018\/07\/capa.png\",\"width\":1350,\"height\":900,\"caption\":\"PSOL 50\"},\"image\":{\"@id\":\"https:\/\/psol50.org.br\/#\/schema\/logo\/image\/\"},\"sameAs\":[\"https:\/\/www.facebook.com\/psol50\",\"https:\/\/x.com\/psol50\",\"https:\/\/www.instagram.com\/psol50\/\",\"https:\/\/www.youtube.com\/channel\/UC7SnJS5o1os7a6CaiNabzcg\"]},{\"@type\":\"Person\",\"@id\":\"https:\/\/psol50.org.br\/#\/schema\/person\/475dfa57d0b815993c714c2e96491fcd\",\"name\":\"Comunica\u00e7\u00e3o PSOL\",\"image\":{\"@type\":\"ImageObject\",\"inLanguage\":\"pt-BR\",\"@id\":\"https:\/\/psol50.org.br\/#\/schema\/person\/image\/\",\"url\":\"https:\/\/secure.gravatar.com\/avatar\/b34fc4f4e468a4e51785917065a3db57b841f5c95dba6ad8c73aaf8f66f8f9bf?s=96&d=mm&r=g\",\"contentUrl\":\"https:\/\/secure.gravatar.com\/avatar\/b34fc4f4e468a4e51785917065a3db57b841f5c95dba6ad8c73aaf8f66f8f9bf?s=96&d=mm&r=g\",\"caption\":\"Comunica\u00e7\u00e3o PSOL\"}}]}<\/script>\n<!-- \/ Yoast SEO plugin. -->","yoast_head_json":{"title":"Trag\u00e9dia humanit\u00e1ria: Crian\u00e7a morta em praia turca revela drama da imigra\u00e7\u00e3o - PSOL 50","robots":{"index":"index","follow":"follow","max-snippet":"max-snippet:-1","max-image-preview":"max-image-preview:large","max-video-preview":"max-video-preview:-1"},"canonical":"https:\/\/psol50.org.br\/tragedia-humanitaria-crianca-morta-em-praia-turca-revela-drama-da-imigracao\/","og_locale":"pt_BR","og_type":"article","og_title":"Trag\u00e9dia humanit\u00e1ria: Crian\u00e7a morta em praia turca revela drama da imigra\u00e7\u00e3o - PSOL 50","og_description":"A foto de uma crian\u00e7a de apenas tr\u00eas anos, encontrada morta por afogamento em uma praia na Turquia, chocou o mundo ao revelar o sofrimento, a dor, o drama e a trag\u00e9dia da imigra\u00e7\u00e3o na Europa. \u00a0O menino foi identificado pela imprensa turca como Aylan Kurdi e seu irm\u00e3o, de apenas cinco anos, tamb\u00e9m estava [&hellip;]","og_url":"https:\/\/psol50.org.br\/tragedia-humanitaria-crianca-morta-em-praia-turca-revela-drama-da-imigracao\/","og_site_name":"PSOL 50","article_publisher":"https:\/\/www.facebook.com\/psol50","article_published_time":"2015-09-03T22:32:56+00:00","og_image":[{"width":1350,"height":900,"url":"https:\/\/psol50.org.br\/inc\/uploads\/2018\/07\/capa.png","type":"image\/png"}],"author":"Comunica\u00e7\u00e3o PSOL","twitter_card":"summary_large_image","twitter_creator":"@psol50","twitter_site":"@psol50","twitter_misc":{"Escrito por":"Comunica\u00e7\u00e3o PSOL","Est. tempo de leitura":"1 minuto"},"schema":{"@context":"https:\/\/schema.org","@graph":[{"@type":"Article","@id":"https:\/\/psol50.org.br\/tragedia-humanitaria-crianca-morta-em-praia-turca-revela-drama-da-imigracao\/#article","isPartOf":{"@id":"https:\/\/psol50.org.br\/tragedia-humanitaria-crianca-morta-em-praia-turca-revela-drama-da-imigracao\/"},"author":{"name":"Comunica\u00e7\u00e3o PSOL","@id":"https:\/\/psol50.org.br\/#\/schema\/person\/475dfa57d0b815993c714c2e96491fcd"},"headline":"Trag\u00e9dia humanit\u00e1ria: Crian\u00e7a morta em praia turca revela drama da imigra\u00e7\u00e3o","datePublished":"2015-09-03T22:32:56+00:00","mainEntityOfPage":{"@id":"https:\/\/psol50.org.br\/tragedia-humanitaria-crianca-morta-em-praia-turca-revela-drama-da-imigracao\/"},"wordCount":283,"commentCount":0,"publisher":{"@id":"https:\/\/psol50.org.br\/#organization"},"keywords":["imigra\u00e7\u00e3o","imigrantes","Ivan Valente","S\u00edria"],"articleSection":["Artigos"],"inLanguage":"pt-BR","potentialAction":[{"@type":"CommentAction","name":"Comment","target":["https:\/\/psol50.org.br\/tragedia-humanitaria-crianca-morta-em-praia-turca-revela-drama-da-imigracao\/#respond"]}]},{"@type":"WebPage","@id":"https:\/\/psol50.org.br\/tragedia-humanitaria-crianca-morta-em-praia-turca-revela-drama-da-imigracao\/","url":"https:\/\/psol50.org.br\/tragedia-humanitaria-crianca-morta-em-praia-turca-revela-drama-da-imigracao\/","name":"Trag\u00e9dia humanit\u00e1ria: Crian\u00e7a morta em praia turca revela drama da imigra\u00e7\u00e3o - PSOL 50","isPartOf":{"@id":"https:\/\/psol50.org.br\/#website"},"datePublished":"2015-09-03T22:32:56+00:00","breadcrumb":{"@id":"https:\/\/psol50.org.br\/tragedia-humanitaria-crianca-morta-em-praia-turca-revela-drama-da-imigracao\/#breadcrumb"},"inLanguage":"pt-BR","potentialAction":[{"@type":"ReadAction","target":["https:\/\/psol50.org.br\/tragedia-humanitaria-crianca-morta-em-praia-turca-revela-drama-da-imigracao\/"]}]},{"@type":"BreadcrumbList","@id":"https:\/\/psol50.org.br\/tragedia-humanitaria-crianca-morta-em-praia-turca-revela-drama-da-imigracao\/#breadcrumb","itemListElement":[{"@type":"ListItem","position":1,"name":"In\u00edcio","item":"https:\/\/psol50.org.br\/"},{"@type":"ListItem","position":2,"name":"Trag\u00e9dia humanit\u00e1ria: Crian\u00e7a morta em praia turca revela drama da imigra\u00e7\u00e3o"}]},{"@type":"WebSite","@id":"https:\/\/psol50.org.br\/#website","url":"https:\/\/psol50.org.br\/","name":"PSOL 50","description":"Site oficial do Partido Socialismo e Liberdade","publisher":{"@id":"https:\/\/psol50.org.br\/#organization"},"alternateName":"PSOL50","potentialAction":[{"@type":"SearchAction","target":{"@type":"EntryPoint","urlTemplate":"https:\/\/psol50.org.br\/?s={search_term_string}"},"query-input":{"@type":"PropertyValueSpecification","valueRequired":true,"valueName":"search_term_string"}}],"inLanguage":"pt-BR"},{"@type":"Organization","@id":"https:\/\/psol50.org.br\/#organization","name":"PSOL 50","alternateName":"PSOL 50","url":"https:\/\/psol50.org.br\/","logo":{"@type":"ImageObject","inLanguage":"pt-BR","@id":"https:\/\/psol50.org.br\/#\/schema\/logo\/image\/","url":"https:\/\/psol50.org.br\/inc\/uploads\/2018\/07\/capa.png","contentUrl":"https:\/\/psol50.org.br\/inc\/uploads\/2018\/07\/capa.png","width":1350,"height":900,"caption":"PSOL 50"},"image":{"@id":"https:\/\/psol50.org.br\/#\/schema\/logo\/image\/"},"sameAs":["https:\/\/www.facebook.com\/psol50","https:\/\/x.com\/psol50","https:\/\/www.instagram.com\/psol50\/","https:\/\/www.youtube.com\/channel\/UC7SnJS5o1os7a6CaiNabzcg"]},{"@type":"Person","@id":"https:\/\/psol50.org.br\/#\/schema\/person\/475dfa57d0b815993c714c2e96491fcd","name":"Comunica\u00e7\u00e3o PSOL","image":{"@type":"ImageObject","inLanguage":"pt-BR","@id":"https:\/\/psol50.org.br\/#\/schema\/person\/image\/","url":"https:\/\/secure.gravatar.com\/avatar\/b34fc4f4e468a4e51785917065a3db57b841f5c95dba6ad8c73aaf8f66f8f9bf?s=96&d=mm&r=g","contentUrl":"https:\/\/secure.gravatar.com\/avatar\/b34fc4f4e468a4e51785917065a3db57b841f5c95dba6ad8c73aaf8f66f8f9bf?s=96&d=mm&r=g","caption":"Comunica\u00e7\u00e3o PSOL"}}]}},"_links":{"self":[{"href":"https:\/\/psol50.org.br\/rest\/wp\/v2\/posts\/9889","targetHints":{"allow":["GET"]}}],"collection":[{"href":"https:\/\/psol50.org.br\/rest\/wp\/v2\/posts"}],"about":[{"href":"https:\/\/psol50.org.br\/rest\/wp\/v2\/types\/post"}],"author":[{"embeddable":true,"href":"https:\/\/psol50.org.br\/rest\/wp\/v2\/users\/2"}],"replies":[{"embeddable":true,"href":"https:\/\/psol50.org.br\/rest\/wp\/v2\/comments?post=9889"}],"version-history":[{"count":0,"href":"https:\/\/psol50.org.br\/rest\/wp\/v2\/posts\/9889\/revisions"}],"wp:attachment":[{"href":"https:\/\/psol50.org.br\/rest\/wp\/v2\/media?parent=9889"}],"wp:term":[{"taxonomy":"category","embeddable":true,"href":"https:\/\/psol50.org.br\/rest\/wp\/v2\/categories?post=9889"},{"taxonomy":"post_tag","embeddable":true,"href":"https:\/\/psol50.org.br\/rest\/wp\/v2\/tags?post=9889"}],"curies":[{"name":"wp","href":"https:\/\/api.w.org\/{rel}","templated":true}]}}