{"id":9891,"date":"2015-08-12T22:36:20","date_gmt":"2015-08-12T22:36:20","guid":{"rendered":"http:\/\/179.190.55.146\/~psol5185\/?p=9891"},"modified":"2015-08-12T22:36:20","modified_gmt":"2015-08-12T22:36:20","slug":"projeto-sobre-terrorismo-abre-caminho-para-criminalizar-manifestacoes","status":"publish","type":"post","link":"https:\/\/psol50.org.br\/projeto-sobre-terrorismo-abre-caminho-para-criminalizar-manifestacoes\/","title":{"rendered":"Projeto sobre \u201cterrorismo\u201d abre caminho para criminalizar manifesta\u00e7\u00f5es"},"content":{"rendered":"<div id=\"blocoDadosPrint\"><span id=\"Data\"><\/span>Quero abordar uma quest\u00e3o pol\u00eamica e que pode significar um retrocesso para a democracia e os direitos pol\u00edticos e sociais em nosso pa\u00eds. Estamos prestes a votar o PL 2016\/2015, de autoria do Poder Executivo, que trata de \u201cdispor sobre organiza\u00e7\u00f5es terroristas\u201d. No entanto, o substitutivo e as emendas apresentadas tendem a transformar a proposta formulada n\u00e3o num mecanismo de combate ao terrorismo, mas em uma forma mais ampla e elaborada de criminalizar os movimentos sociais e suas lideran\u00e7as.<br \/>\nO texto inicial do PL 2016\/2015, assinado pelo ministro da Justi\u00e7a Jos\u00e9 Eduardo Cardozo e o ministro da Fazenda Joaquim Levy, isenta \u201cmanifesta\u00e7\u00f5es pol\u00edticas, sociais ou sindicais\u201d de qualquer restri\u00e7\u00e3o ou tipifica\u00e7\u00e3o como atos de terror. Ocorre que, emendas \u00e0 proposta, de autorias dos deputados Jos\u00e9 Carlos Aleluia (DEM-BA) e Leonardo Picciani (PMDB) invertem completamente o sentido original do texto. Nelas, h\u00e1 uma clara tentativa de criminalizar os movimentos sociais e impedir a livre manifesta\u00e7\u00e3o democr\u00e1tica. Afora isso, o substitutivo apresentado pelo relator, deputado Arthur Oliveira Maia (SD), trata de uma s\u00e9rie de quest\u00f5es subjetivas, pass\u00edveis de interpreta\u00e7\u00f5es de cunho ideol\u00f3gico, que podem ser usadas para coibir manifesta\u00e7\u00f5es e criminalizar ativistas.<br \/>\n\u00c9 preciso que fique claro que o Brasil j\u00e1 disp\u00f5e de legisla\u00e7\u00e3o para combater o terrorismo e para processar e julgar eventuais crimes praticados por raz\u00f5es pol\u00edticas. Todos os crimes previstos no projeto de lei j\u00e1 est\u00e3o no C\u00f3digo Penal.<br \/>\nEnt\u00e3o, n\u00e3o deixa de causar inseguran\u00e7a e desconfian\u00e7a para os movimentos sociais e todos aqueles que presam pelo direito democr\u00e1tico de livre manifesta\u00e7\u00e3o a oportunidade deste projeto, ainda mais num momento em que o povo brasileiro tem utilizado com maior frequ\u00eancia do direito \u00e0s manifesta\u00e7\u00f5es e quando estamos \u00e0s v\u00e9speras de mais um grande evento de porte internacional, as Olimp\u00edadas Rio 2016.<br \/>\nA inseguran\u00e7a decorre principalmente com uma reda\u00e7\u00e3o que abre a possibilidade de abusos das autoridades policiais ou judici\u00e1rias no enquadramento de tudo aquilo que possa ser erroneamente considerado como terrorismo, utilizando-se para isso de elementos vagos como \u201cperigo\u201d, \u201camea\u00e7a iminente\u201d, \u201cintranquilidade p\u00fablica\u201d, \u201cpaz p\u00fablica\u201d. As manifesta\u00e7\u00f5es n\u00e3o podem estar sujeitas ao filtro ideol\u00f3gico, n\u00e3o pode residir a\u00ed o crit\u00e9rio para determinar sua legitimidade ou n\u00e3o.<br \/>\nDiante dos riscos \u00e0 democracia contidos neste PL, reivindicamos que o governo o retire de pauta, j\u00e1 que \u00e9 de sua autoria. O governo Dilma j\u00e1 tem se caracterizado por seus ataques aos direitos dos trabalhadores como nas medidas do ajuste fiscal com cortes em direitos trabalhistas e previdenci\u00e1rios, agora, pode ser o principal respons\u00e1vel por ampliar as condi\u00e7\u00f5es legais de criminaliza\u00e7\u00e3o dos movimentos sociais.<br \/>\nN\u00e3o podemos aceitar esse retrocesso, muito menos, que por press\u00f5es internacionais nossa soberania pol\u00edtica seja solapada. Nosso pa\u00eds j\u00e1 disp\u00f5e de legisla\u00e7\u00e3o para garantir o processo democr\u00e1tico e coibir eventuais abusos, n\u00e3o precisamos de uma legisla\u00e7\u00e3o de exce\u00e7\u00e3o que cria entre n\u00f3s um Estado Autorit\u00e1rio, esse sim, pass\u00edvel de cometer ainda mais abusos, e da\u00ed promover o terror sobre todos aqueles que lutam por direitos.<\/div>\n<div class=\"txtPrint\"><\/div>\n","protected":false},"excerpt":{"rendered":"<p>Quero abordar uma quest\u00e3o pol\u00eamica e que pode significar um retrocesso para a democracia e os direitos pol\u00edticos e sociais em nosso pa\u00eds. Estamos prestes a votar o PL 2016\/2015, de autoria do Poder Executivo, que trata de \u201cdispor sobre organiza\u00e7\u00f5es terroristas\u201d. No entanto, o substitutivo e as emendas apresentadas tendem a transformar a proposta [&hellip;]<\/p>\n","protected":false},"author":2,"featured_media":0,"comment_status":"open","ping_status":"open","sticky":false,"template":"","format":"standard","meta":{"_acf_changed":false,"footnotes":""},"categories":[3],"tags":[3202,552,4791,714,2752],"class_list":{"0":"post-9891","1":"post","2":"type-post","3":"status-publish","4":"format-standard","6":"category-artigos-e-entrevistas","7":"tag-criminalizacao","8":"tag-ivan-valente","9":"tag-movimento-popular","10":"tag-pl","11":"tag-terrorismo"},"acf":[],"yoast_head":"<!-- This site is optimized with the Yoast SEO plugin v26.5 - https:\/\/yoast.com\/wordpress\/plugins\/seo\/ -->\n<title>Projeto sobre \u201cterrorismo\u201d abre caminho para criminalizar manifesta\u00e7\u00f5es - PSOL 50<\/title>\n<meta name=\"robots\" content=\"index, follow, max-snippet:-1, max-image-preview:large, max-video-preview:-1\" \/>\n<link rel=\"canonical\" href=\"https:\/\/psol50.org.br\/projeto-sobre-terrorismo-abre-caminho-para-criminalizar-manifestacoes\/\" \/>\n<meta property=\"og:locale\" content=\"pt_BR\" \/>\n<meta property=\"og:type\" content=\"article\" \/>\n<meta property=\"og:title\" content=\"Projeto sobre \u201cterrorismo\u201d abre caminho para criminalizar manifesta\u00e7\u00f5es - PSOL 50\" \/>\n<meta property=\"og:description\" content=\"Quero abordar uma quest\u00e3o pol\u00eamica e que pode significar um retrocesso para a democracia e os direitos pol\u00edticos e sociais em nosso pa\u00eds. Estamos prestes a votar o PL 2016\/2015, de autoria do Poder Executivo, que trata de \u201cdispor sobre organiza\u00e7\u00f5es terroristas\u201d. No entanto, o substitutivo e as emendas apresentadas tendem a transformar a proposta [&hellip;]\" \/>\n<meta property=\"og:url\" content=\"https:\/\/psol50.org.br\/projeto-sobre-terrorismo-abre-caminho-para-criminalizar-manifestacoes\/\" \/>\n<meta property=\"og:site_name\" content=\"PSOL 50\" \/>\n<meta property=\"article:publisher\" content=\"https:\/\/www.facebook.com\/psol50\" \/>\n<meta property=\"article:published_time\" content=\"2015-08-12T22:36:20+00:00\" \/>\n<meta property=\"og:image\" content=\"https:\/\/psol50.org.br\/inc\/uploads\/2018\/07\/capa.png\" \/>\n\t<meta property=\"og:image:width\" content=\"1350\" \/>\n\t<meta property=\"og:image:height\" content=\"900\" \/>\n\t<meta property=\"og:image:type\" content=\"image\/png\" \/>\n<meta name=\"author\" content=\"Comunica\u00e7\u00e3o PSOL\" \/>\n<meta name=\"twitter:card\" content=\"summary_large_image\" \/>\n<meta name=\"twitter:creator\" content=\"@psol50\" \/>\n<meta name=\"twitter:site\" content=\"@psol50\" \/>\n<meta name=\"twitter:label1\" content=\"Escrito por\" \/>\n\t<meta name=\"twitter:data1\" content=\"Comunica\u00e7\u00e3o PSOL\" \/>\n\t<meta name=\"twitter:label2\" content=\"Est. tempo de leitura\" \/>\n\t<meta name=\"twitter:data2\" content=\"3 minutos\" \/>\n<script type=\"application\/ld+json\" class=\"yoast-schema-graph\">{\"@context\":\"https:\/\/schema.org\",\"@graph\":[{\"@type\":\"Article\",\"@id\":\"https:\/\/psol50.org.br\/projeto-sobre-terrorismo-abre-caminho-para-criminalizar-manifestacoes\/#article\",\"isPartOf\":{\"@id\":\"https:\/\/psol50.org.br\/projeto-sobre-terrorismo-abre-caminho-para-criminalizar-manifestacoes\/\"},\"author\":{\"name\":\"Comunica\u00e7\u00e3o PSOL\",\"@id\":\"https:\/\/psol50.org.br\/#\/schema\/person\/475dfa57d0b815993c714c2e96491fcd\"},\"headline\":\"Projeto sobre \u201cterrorismo\u201d abre caminho para criminalizar manifesta\u00e7\u00f5es\",\"datePublished\":\"2015-08-12T22:36:20+00:00\",\"mainEntityOfPage\":{\"@id\":\"https:\/\/psol50.org.br\/projeto-sobre-terrorismo-abre-caminho-para-criminalizar-manifestacoes\/\"},\"wordCount\":554,\"commentCount\":0,\"publisher\":{\"@id\":\"https:\/\/psol50.org.br\/#organization\"},\"keywords\":[\"criminaliza\u00e7\u00e3o\",\"Ivan Valente\",\"Movimento Popular\",\"PL\",\"terrorismo\"],\"articleSection\":[\"Artigos\"],\"inLanguage\":\"pt-BR\",\"potentialAction\":[{\"@type\":\"CommentAction\",\"name\":\"Comment\",\"target\":[\"https:\/\/psol50.org.br\/projeto-sobre-terrorismo-abre-caminho-para-criminalizar-manifestacoes\/#respond\"]}]},{\"@type\":\"WebPage\",\"@id\":\"https:\/\/psol50.org.br\/projeto-sobre-terrorismo-abre-caminho-para-criminalizar-manifestacoes\/\",\"url\":\"https:\/\/psol50.org.br\/projeto-sobre-terrorismo-abre-caminho-para-criminalizar-manifestacoes\/\",\"name\":\"Projeto sobre \u201cterrorismo\u201d abre caminho para criminalizar manifesta\u00e7\u00f5es - PSOL 50\",\"isPartOf\":{\"@id\":\"https:\/\/psol50.org.br\/#website\"},\"datePublished\":\"2015-08-12T22:36:20+00:00\",\"breadcrumb\":{\"@id\":\"https:\/\/psol50.org.br\/projeto-sobre-terrorismo-abre-caminho-para-criminalizar-manifestacoes\/#breadcrumb\"},\"inLanguage\":\"pt-BR\",\"potentialAction\":[{\"@type\":\"ReadAction\",\"target\":[\"https:\/\/psol50.org.br\/projeto-sobre-terrorismo-abre-caminho-para-criminalizar-manifestacoes\/\"]}]},{\"@type\":\"BreadcrumbList\",\"@id\":\"https:\/\/psol50.org.br\/projeto-sobre-terrorismo-abre-caminho-para-criminalizar-manifestacoes\/#breadcrumb\",\"itemListElement\":[{\"@type\":\"ListItem\",\"position\":1,\"name\":\"In\u00edcio\",\"item\":\"https:\/\/psol50.org.br\/\"},{\"@type\":\"ListItem\",\"position\":2,\"name\":\"Projeto sobre \u201cterrorismo\u201d abre caminho para criminalizar manifesta\u00e7\u00f5es\"}]},{\"@type\":\"WebSite\",\"@id\":\"https:\/\/psol50.org.br\/#website\",\"url\":\"https:\/\/psol50.org.br\/\",\"name\":\"PSOL 50\",\"description\":\"Site oficial do Partido Socialismo e Liberdade\",\"publisher\":{\"@id\":\"https:\/\/psol50.org.br\/#organization\"},\"alternateName\":\"PSOL50\",\"potentialAction\":[{\"@type\":\"SearchAction\",\"target\":{\"@type\":\"EntryPoint\",\"urlTemplate\":\"https:\/\/psol50.org.br\/?s={search_term_string}\"},\"query-input\":{\"@type\":\"PropertyValueSpecification\",\"valueRequired\":true,\"valueName\":\"search_term_string\"}}],\"inLanguage\":\"pt-BR\"},{\"@type\":\"Organization\",\"@id\":\"https:\/\/psol50.org.br\/#organization\",\"name\":\"PSOL 50\",\"alternateName\":\"PSOL 50\",\"url\":\"https:\/\/psol50.org.br\/\",\"logo\":{\"@type\":\"ImageObject\",\"inLanguage\":\"pt-BR\",\"@id\":\"https:\/\/psol50.org.br\/#\/schema\/logo\/image\/\",\"url\":\"https:\/\/psol50.org.br\/inc\/uploads\/2018\/07\/capa.png\",\"contentUrl\":\"https:\/\/psol50.org.br\/inc\/uploads\/2018\/07\/capa.png\",\"width\":1350,\"height\":900,\"caption\":\"PSOL 50\"},\"image\":{\"@id\":\"https:\/\/psol50.org.br\/#\/schema\/logo\/image\/\"},\"sameAs\":[\"https:\/\/www.facebook.com\/psol50\",\"https:\/\/x.com\/psol50\",\"https:\/\/www.instagram.com\/psol50\/\",\"https:\/\/www.youtube.com\/channel\/UC7SnJS5o1os7a6CaiNabzcg\"]},{\"@type\":\"Person\",\"@id\":\"https:\/\/psol50.org.br\/#\/schema\/person\/475dfa57d0b815993c714c2e96491fcd\",\"name\":\"Comunica\u00e7\u00e3o PSOL\",\"image\":{\"@type\":\"ImageObject\",\"inLanguage\":\"pt-BR\",\"@id\":\"https:\/\/psol50.org.br\/#\/schema\/person\/image\/\",\"url\":\"https:\/\/secure.gravatar.com\/avatar\/b34fc4f4e468a4e51785917065a3db57b841f5c95dba6ad8c73aaf8f66f8f9bf?s=96&d=mm&r=g\",\"contentUrl\":\"https:\/\/secure.gravatar.com\/avatar\/b34fc4f4e468a4e51785917065a3db57b841f5c95dba6ad8c73aaf8f66f8f9bf?s=96&d=mm&r=g\",\"caption\":\"Comunica\u00e7\u00e3o PSOL\"}}]}<\/script>\n<!-- \/ Yoast SEO plugin. -->","yoast_head_json":{"title":"Projeto sobre \u201cterrorismo\u201d abre caminho para criminalizar manifesta\u00e7\u00f5es - PSOL 50","robots":{"index":"index","follow":"follow","max-snippet":"max-snippet:-1","max-image-preview":"max-image-preview:large","max-video-preview":"max-video-preview:-1"},"canonical":"https:\/\/psol50.org.br\/projeto-sobre-terrorismo-abre-caminho-para-criminalizar-manifestacoes\/","og_locale":"pt_BR","og_type":"article","og_title":"Projeto sobre \u201cterrorismo\u201d abre caminho para criminalizar manifesta\u00e7\u00f5es - PSOL 50","og_description":"Quero abordar uma quest\u00e3o pol\u00eamica e que pode significar um retrocesso para a democracia e os direitos pol\u00edticos e sociais em nosso pa\u00eds. Estamos prestes a votar o PL 2016\/2015, de autoria do Poder Executivo, que trata de \u201cdispor sobre organiza\u00e7\u00f5es terroristas\u201d. No entanto, o substitutivo e as emendas apresentadas tendem a transformar a proposta [&hellip;]","og_url":"https:\/\/psol50.org.br\/projeto-sobre-terrorismo-abre-caminho-para-criminalizar-manifestacoes\/","og_site_name":"PSOL 50","article_publisher":"https:\/\/www.facebook.com\/psol50","article_published_time":"2015-08-12T22:36:20+00:00","og_image":[{"width":1350,"height":900,"url":"https:\/\/psol50.org.br\/inc\/uploads\/2018\/07\/capa.png","type":"image\/png"}],"author":"Comunica\u00e7\u00e3o PSOL","twitter_card":"summary_large_image","twitter_creator":"@psol50","twitter_site":"@psol50","twitter_misc":{"Escrito por":"Comunica\u00e7\u00e3o PSOL","Est. tempo de leitura":"3 minutos"},"schema":{"@context":"https:\/\/schema.org","@graph":[{"@type":"Article","@id":"https:\/\/psol50.org.br\/projeto-sobre-terrorismo-abre-caminho-para-criminalizar-manifestacoes\/#article","isPartOf":{"@id":"https:\/\/psol50.org.br\/projeto-sobre-terrorismo-abre-caminho-para-criminalizar-manifestacoes\/"},"author":{"name":"Comunica\u00e7\u00e3o PSOL","@id":"https:\/\/psol50.org.br\/#\/schema\/person\/475dfa57d0b815993c714c2e96491fcd"},"headline":"Projeto sobre \u201cterrorismo\u201d abre caminho para criminalizar manifesta\u00e7\u00f5es","datePublished":"2015-08-12T22:36:20+00:00","mainEntityOfPage":{"@id":"https:\/\/psol50.org.br\/projeto-sobre-terrorismo-abre-caminho-para-criminalizar-manifestacoes\/"},"wordCount":554,"commentCount":0,"publisher":{"@id":"https:\/\/psol50.org.br\/#organization"},"keywords":["criminaliza\u00e7\u00e3o","Ivan Valente","Movimento Popular","PL","terrorismo"],"articleSection":["Artigos"],"inLanguage":"pt-BR","potentialAction":[{"@type":"CommentAction","name":"Comment","target":["https:\/\/psol50.org.br\/projeto-sobre-terrorismo-abre-caminho-para-criminalizar-manifestacoes\/#respond"]}]},{"@type":"WebPage","@id":"https:\/\/psol50.org.br\/projeto-sobre-terrorismo-abre-caminho-para-criminalizar-manifestacoes\/","url":"https:\/\/psol50.org.br\/projeto-sobre-terrorismo-abre-caminho-para-criminalizar-manifestacoes\/","name":"Projeto sobre \u201cterrorismo\u201d abre caminho para criminalizar manifesta\u00e7\u00f5es - PSOL 50","isPartOf":{"@id":"https:\/\/psol50.org.br\/#website"},"datePublished":"2015-08-12T22:36:20+00:00","breadcrumb":{"@id":"https:\/\/psol50.org.br\/projeto-sobre-terrorismo-abre-caminho-para-criminalizar-manifestacoes\/#breadcrumb"},"inLanguage":"pt-BR","potentialAction":[{"@type":"ReadAction","target":["https:\/\/psol50.org.br\/projeto-sobre-terrorismo-abre-caminho-para-criminalizar-manifestacoes\/"]}]},{"@type":"BreadcrumbList","@id":"https:\/\/psol50.org.br\/projeto-sobre-terrorismo-abre-caminho-para-criminalizar-manifestacoes\/#breadcrumb","itemListElement":[{"@type":"ListItem","position":1,"name":"In\u00edcio","item":"https:\/\/psol50.org.br\/"},{"@type":"ListItem","position":2,"name":"Projeto sobre \u201cterrorismo\u201d abre caminho para criminalizar manifesta\u00e7\u00f5es"}]},{"@type":"WebSite","@id":"https:\/\/psol50.org.br\/#website","url":"https:\/\/psol50.org.br\/","name":"PSOL 50","description":"Site oficial do Partido Socialismo e Liberdade","publisher":{"@id":"https:\/\/psol50.org.br\/#organization"},"alternateName":"PSOL50","potentialAction":[{"@type":"SearchAction","target":{"@type":"EntryPoint","urlTemplate":"https:\/\/psol50.org.br\/?s={search_term_string}"},"query-input":{"@type":"PropertyValueSpecification","valueRequired":true,"valueName":"search_term_string"}}],"inLanguage":"pt-BR"},{"@type":"Organization","@id":"https:\/\/psol50.org.br\/#organization","name":"PSOL 50","alternateName":"PSOL 50","url":"https:\/\/psol50.org.br\/","logo":{"@type":"ImageObject","inLanguage":"pt-BR","@id":"https:\/\/psol50.org.br\/#\/schema\/logo\/image\/","url":"https:\/\/psol50.org.br\/inc\/uploads\/2018\/07\/capa.png","contentUrl":"https:\/\/psol50.org.br\/inc\/uploads\/2018\/07\/capa.png","width":1350,"height":900,"caption":"PSOL 50"},"image":{"@id":"https:\/\/psol50.org.br\/#\/schema\/logo\/image\/"},"sameAs":["https:\/\/www.facebook.com\/psol50","https:\/\/x.com\/psol50","https:\/\/www.instagram.com\/psol50\/","https:\/\/www.youtube.com\/channel\/UC7SnJS5o1os7a6CaiNabzcg"]},{"@type":"Person","@id":"https:\/\/psol50.org.br\/#\/schema\/person\/475dfa57d0b815993c714c2e96491fcd","name":"Comunica\u00e7\u00e3o PSOL","image":{"@type":"ImageObject","inLanguage":"pt-BR","@id":"https:\/\/psol50.org.br\/#\/schema\/person\/image\/","url":"https:\/\/secure.gravatar.com\/avatar\/b34fc4f4e468a4e51785917065a3db57b841f5c95dba6ad8c73aaf8f66f8f9bf?s=96&d=mm&r=g","contentUrl":"https:\/\/secure.gravatar.com\/avatar\/b34fc4f4e468a4e51785917065a3db57b841f5c95dba6ad8c73aaf8f66f8f9bf?s=96&d=mm&r=g","caption":"Comunica\u00e7\u00e3o PSOL"}}]}},"_links":{"self":[{"href":"https:\/\/psol50.org.br\/rest\/wp\/v2\/posts\/9891","targetHints":{"allow":["GET"]}}],"collection":[{"href":"https:\/\/psol50.org.br\/rest\/wp\/v2\/posts"}],"about":[{"href":"https:\/\/psol50.org.br\/rest\/wp\/v2\/types\/post"}],"author":[{"embeddable":true,"href":"https:\/\/psol50.org.br\/rest\/wp\/v2\/users\/2"}],"replies":[{"embeddable":true,"href":"https:\/\/psol50.org.br\/rest\/wp\/v2\/comments?post=9891"}],"version-history":[{"count":0,"href":"https:\/\/psol50.org.br\/rest\/wp\/v2\/posts\/9891\/revisions"}],"wp:attachment":[{"href":"https:\/\/psol50.org.br\/rest\/wp\/v2\/media?parent=9891"}],"wp:term":[{"taxonomy":"category","embeddable":true,"href":"https:\/\/psol50.org.br\/rest\/wp\/v2\/categories?post=9891"},{"taxonomy":"post_tag","embeddable":true,"href":"https:\/\/psol50.org.br\/rest\/wp\/v2\/tags?post=9891"}],"curies":[{"name":"wp","href":"https:\/\/api.w.org\/{rel}","templated":true}]}}