{"id":9911,"date":"2015-07-16T22:53:22","date_gmt":"2015-07-16T22:53:22","guid":{"rendered":"http:\/\/179.190.55.146\/~psol5185\/?p=9911"},"modified":"2015-07-16T22:53:22","modified_gmt":"2015-07-16T22:53:22","slug":"as-divisoes-panzer-do-4o-reich","status":"publish","type":"post","link":"https:\/\/psol50.org.br\/as-divisoes-panzer-do-4o-reich\/","title":{"rendered":"As divis\u00f5es panzer do 4\u00ba Reich"},"content":{"rendered":"<p><span id=\"Texto\">A crise da Gr\u00e9cia, Espanha, Portugal, Irlanda e outros pa\u00edses da periferia da Zona do Euro era fatalidade anunciada desde a cria\u00e7\u00e3o da moeda \u00fanica. Do tempo dos Fen\u00edcios at\u00e9 os dias de hoje, sempre por tr\u00e1s de uma moeda teve um estado. A Europa inventou a bola quadrada. Uma moeda sem um estado, sem um or\u00e7amento federal que a sustente.<br \/>\nOs EUA t\u00eam uma \u00fanica moeda, o D\u00f3lar, que serve para a Calif\u00f3rnia e para o Dakota do Norte. Estados com produtividades muito distintas, mas que compartilham a mesma moeda porque impostos e taxas recolhidos na Calif\u00f3rnia podem ser gastos em programas federais, pens\u00f5es e sal\u00e1rios de funcionalismo no Dakota. O Brasil tem uma \u00fanica moeda, o Real, para S\u00e3o Paulo e para o Amap\u00e1. Impostos recolhidos em S\u00e3o Paulo pagam gastos federais e pens\u00f5es no Amap\u00e1. Algu\u00e9m poderia imaginar o Amap\u00e1 sem os gastos do governo federal?<br \/>\nUma moeda reflete na sua cota\u00e7\u00e3o a produtividade m\u00e9dia do pais que a emite. Pa\u00edses de economia mais rica e maior produtividade t\u00eam moedas mais valorizadas; pa\u00edses de menor produtividade, moedas mais desvalorizadas. Quando o Euro surgiu, a produtividade dos diversos pa\u00edses que comp\u00f5em a Zona do Euro era muito distinta. A Alemanha numa ponta, muito industrializada, com uma s\u00f3lida base de capital, e os pa\u00edses do sul da Europa na outra ponta, com economias menos capitalizadas e menor produtividade. O resultado do compartilhamento da mesma moeda foi que a Alemanha passou a ter uma moeda menos valorizada que a sua produtividade m\u00e9dia justificaria e os pa\u00edses do sul uma moeda sobrevalorizada.<br \/>\nConsiderando que todos j\u00e1 estavam numa Uni\u00e3o Aduaneira, com isen\u00e7\u00f5es de impostos de importa\u00e7\u00e3o dentro da Uni\u00e3o Europ\u00e9ia e com prote\u00e7\u00e3o tarif\u00e1ria a importa\u00e7\u00f5es de fora do bloco, a \u00fanica restri\u00e7\u00e3o para que as exporta\u00e7\u00f5es Alem\u00e3s inundassem o mercado europeu era a possibilidade dos pa\u00edses mais fr\u00e1geis praticarem a desvaloriza\u00e7\u00e3o competitiva de suas moedas como forma de proteger a sua produ\u00e7\u00e3o. Com\u00a0a moeda \u00fanica isso se tornou imposs\u00edvel. E sem disparar um \u00fanico tiro.<br \/>\nPortugal, Espanha e Gr\u00e9cia viram suas economias se desindustrializarem, sem poderem impor tarifas de importa\u00e7\u00e3o nem desvalorizar a moeda para encarecer as importa\u00e7\u00f5es e melhorar sua competitividade. Para al\u00e9m disso, viram seus pa\u00edses inundados com cr\u00e9dito barato, j\u00e1 que tendo desaparecido o risco cambial os spreads banc\u00e1rios se tornaram muito baixos, e mergulharam numa espiral de especula\u00e7\u00e3o imobili\u00e1ria. No caso particular da Gr\u00e9cia, some-se uma gest\u00e3o da oligarquia do Pasok e do Nova Democracia extraordinariamente corrupta e a receita da crise estava pronta.<br \/>\nO Imp\u00e9rio que a Alemanha buscou, sem sucesso, em duas guerras mundiais no s\u00e9culo XX conseguiu agora sem ter que arcar sequer com os custos da ocupa\u00e7\u00e3o. Tem um mercado cativo e indefeso para as suas exporta\u00e7\u00f5es, representado pela Zona do Euro, controla as institui\u00e7\u00f5es multilaterais Europeias e as usa para salvar os cr\u00e9ditos podres que seus bancos privados acumularam no sul da Europa. N\u00e3o custa lembrar que a d\u00edvida grega, de 250 bilh\u00f5es de Euros em 2011, era fundamentalmente com bancos privados alem\u00e3es e secundariamente franceses. Essa divida, agora em 320 bilh\u00f5es, \u00e9 com as institui\u00e7\u00f5es multilaterais, portanto com o contribuinte europeu.<br \/>\nDa crise de 2009 para c\u00e1, a Alemanha cresceu 5%, enquanto a Espanha viu seu PIB decrescer 5%, Portugal 8% e a Gr\u00e9cia assustadores 25%. Economias destro\u00e7adas, reduzidas a viver de turismo, alguns servi\u00e7os e produ\u00e7\u00f5es agr\u00edcolas e industriais de menor import\u00e2ncia, ocupam o espa\u00e7o que normalmente era destinado pelos pactos coloniais aos povos do 3\u00ba mundo. O Euro conseguiu para a Alemanha o que as divis\u00f5es panzer de Hitler n\u00e3o conseguiram. Um Imp\u00e9rio europeu.<\/span><\/p>\n","protected":false},"excerpt":{"rendered":"<p>A crise da Gr\u00e9cia, Espanha, Portugal, Irlanda e outros pa\u00edses da periferia da Zona do Euro era fatalidade anunciada desde a cria\u00e7\u00e3o da moeda \u00fanica. Do tempo dos Fen\u00edcios at\u00e9 os dias de hoje, sempre por tr\u00e1s de uma moeda teve um estado. A Europa inventou a bola quadrada. Uma moeda sem um estado, sem [&hellip;]<\/p>\n","protected":false},"author":2,"featured_media":0,"comment_status":"open","ping_status":"open","sticky":false,"template":"","format":"standard","meta":{"_acf_changed":false,"footnotes":""},"categories":[3],"tags":[3838,2182],"class_list":{"0":"post-9911","1":"post","2":"type-post","3":"status-publish","4":"format-standard","6":"category-artigos-e-entrevistas","7":"tag-conjuntura-internacional","8":"tag-jose-luis-fevereiro"},"acf":[],"yoast_head":"<!-- This site is optimized with the Yoast SEO plugin v26.5 - https:\/\/yoast.com\/wordpress\/plugins\/seo\/ -->\n<title>As divis\u00f5es panzer do 4\u00ba Reich - PSOL 50<\/title>\n<meta name=\"robots\" content=\"index, follow, max-snippet:-1, max-image-preview:large, max-video-preview:-1\" \/>\n<link rel=\"canonical\" href=\"https:\/\/psol50.org.br\/as-divisoes-panzer-do-4o-reich\/\" \/>\n<meta property=\"og:locale\" content=\"pt_BR\" \/>\n<meta property=\"og:type\" content=\"article\" \/>\n<meta property=\"og:title\" content=\"As divis\u00f5es panzer do 4\u00ba Reich - PSOL 50\" \/>\n<meta property=\"og:description\" content=\"A crise da Gr\u00e9cia, Espanha, Portugal, Irlanda e outros pa\u00edses da periferia da Zona do Euro era fatalidade anunciada desde a cria\u00e7\u00e3o da moeda \u00fanica. Do tempo dos Fen\u00edcios at\u00e9 os dias de hoje, sempre por tr\u00e1s de uma moeda teve um estado. A Europa inventou a bola quadrada. Uma moeda sem um estado, sem [&hellip;]\" \/>\n<meta property=\"og:url\" content=\"https:\/\/psol50.org.br\/as-divisoes-panzer-do-4o-reich\/\" \/>\n<meta property=\"og:site_name\" content=\"PSOL 50\" \/>\n<meta property=\"article:publisher\" content=\"https:\/\/www.facebook.com\/psol50\" \/>\n<meta property=\"article:published_time\" content=\"2015-07-16T22:53:22+00:00\" \/>\n<meta property=\"og:image\" content=\"https:\/\/psol50.org.br\/inc\/uploads\/2018\/07\/capa.png\" \/>\n\t<meta property=\"og:image:width\" content=\"1350\" \/>\n\t<meta property=\"og:image:height\" content=\"900\" \/>\n\t<meta property=\"og:image:type\" content=\"image\/png\" \/>\n<meta name=\"author\" content=\"Comunica\u00e7\u00e3o PSOL\" \/>\n<meta name=\"twitter:card\" content=\"summary_large_image\" \/>\n<meta name=\"twitter:creator\" content=\"@psol50\" \/>\n<meta name=\"twitter:site\" content=\"@psol50\" \/>\n<meta name=\"twitter:label1\" content=\"Escrito por\" \/>\n\t<meta name=\"twitter:data1\" content=\"Comunica\u00e7\u00e3o PSOL\" \/>\n\t<meta name=\"twitter:label2\" content=\"Est. tempo de leitura\" \/>\n\t<meta name=\"twitter:data2\" content=\"3 minutos\" \/>\n<script type=\"application\/ld+json\" class=\"yoast-schema-graph\">{\"@context\":\"https:\/\/schema.org\",\"@graph\":[{\"@type\":\"Article\",\"@id\":\"https:\/\/psol50.org.br\/as-divisoes-panzer-do-4o-reich\/#article\",\"isPartOf\":{\"@id\":\"https:\/\/psol50.org.br\/as-divisoes-panzer-do-4o-reich\/\"},\"author\":{\"name\":\"Comunica\u00e7\u00e3o PSOL\",\"@id\":\"https:\/\/psol50.org.br\/#\/schema\/person\/475dfa57d0b815993c714c2e96491fcd\"},\"headline\":\"As divis\u00f5es panzer do 4\u00ba Reich\",\"datePublished\":\"2015-07-16T22:53:22+00:00\",\"mainEntityOfPage\":{\"@id\":\"https:\/\/psol50.org.br\/as-divisoes-panzer-do-4o-reich\/\"},\"wordCount\":669,\"commentCount\":0,\"publisher\":{\"@id\":\"https:\/\/psol50.org.br\/#organization\"},\"keywords\":[\"Conjuntura Internacional\",\"Jos\u00e9 Lu\u00eds Fevereiro\"],\"articleSection\":[\"Artigos\"],\"inLanguage\":\"pt-BR\",\"potentialAction\":[{\"@type\":\"CommentAction\",\"name\":\"Comment\",\"target\":[\"https:\/\/psol50.org.br\/as-divisoes-panzer-do-4o-reich\/#respond\"]}]},{\"@type\":\"WebPage\",\"@id\":\"https:\/\/psol50.org.br\/as-divisoes-panzer-do-4o-reich\/\",\"url\":\"https:\/\/psol50.org.br\/as-divisoes-panzer-do-4o-reich\/\",\"name\":\"As divis\u00f5es panzer do 4\u00ba Reich - PSOL 50\",\"isPartOf\":{\"@id\":\"https:\/\/psol50.org.br\/#website\"},\"datePublished\":\"2015-07-16T22:53:22+00:00\",\"breadcrumb\":{\"@id\":\"https:\/\/psol50.org.br\/as-divisoes-panzer-do-4o-reich\/#breadcrumb\"},\"inLanguage\":\"pt-BR\",\"potentialAction\":[{\"@type\":\"ReadAction\",\"target\":[\"https:\/\/psol50.org.br\/as-divisoes-panzer-do-4o-reich\/\"]}]},{\"@type\":\"BreadcrumbList\",\"@id\":\"https:\/\/psol50.org.br\/as-divisoes-panzer-do-4o-reich\/#breadcrumb\",\"itemListElement\":[{\"@type\":\"ListItem\",\"position\":1,\"name\":\"In\u00edcio\",\"item\":\"https:\/\/psol50.org.br\/\"},{\"@type\":\"ListItem\",\"position\":2,\"name\":\"As divis\u00f5es panzer do 4\u00ba Reich\"}]},{\"@type\":\"WebSite\",\"@id\":\"https:\/\/psol50.org.br\/#website\",\"url\":\"https:\/\/psol50.org.br\/\",\"name\":\"PSOL 50\",\"description\":\"Site oficial do Partido Socialismo e Liberdade\",\"publisher\":{\"@id\":\"https:\/\/psol50.org.br\/#organization\"},\"alternateName\":\"PSOL50\",\"potentialAction\":[{\"@type\":\"SearchAction\",\"target\":{\"@type\":\"EntryPoint\",\"urlTemplate\":\"https:\/\/psol50.org.br\/?s={search_term_string}\"},\"query-input\":{\"@type\":\"PropertyValueSpecification\",\"valueRequired\":true,\"valueName\":\"search_term_string\"}}],\"inLanguage\":\"pt-BR\"},{\"@type\":\"Organization\",\"@id\":\"https:\/\/psol50.org.br\/#organization\",\"name\":\"PSOL 50\",\"alternateName\":\"PSOL 50\",\"url\":\"https:\/\/psol50.org.br\/\",\"logo\":{\"@type\":\"ImageObject\",\"inLanguage\":\"pt-BR\",\"@id\":\"https:\/\/psol50.org.br\/#\/schema\/logo\/image\/\",\"url\":\"https:\/\/psol50.org.br\/inc\/uploads\/2018\/07\/capa.png\",\"contentUrl\":\"https:\/\/psol50.org.br\/inc\/uploads\/2018\/07\/capa.png\",\"width\":1350,\"height\":900,\"caption\":\"PSOL 50\"},\"image\":{\"@id\":\"https:\/\/psol50.org.br\/#\/schema\/logo\/image\/\"},\"sameAs\":[\"https:\/\/www.facebook.com\/psol50\",\"https:\/\/x.com\/psol50\",\"https:\/\/www.instagram.com\/psol50\/\",\"https:\/\/www.youtube.com\/channel\/UC7SnJS5o1os7a6CaiNabzcg\"]},{\"@type\":\"Person\",\"@id\":\"https:\/\/psol50.org.br\/#\/schema\/person\/475dfa57d0b815993c714c2e96491fcd\",\"name\":\"Comunica\u00e7\u00e3o PSOL\",\"image\":{\"@type\":\"ImageObject\",\"inLanguage\":\"pt-BR\",\"@id\":\"https:\/\/psol50.org.br\/#\/schema\/person\/image\/\",\"url\":\"https:\/\/secure.gravatar.com\/avatar\/b34fc4f4e468a4e51785917065a3db57b841f5c95dba6ad8c73aaf8f66f8f9bf?s=96&d=mm&r=g\",\"contentUrl\":\"https:\/\/secure.gravatar.com\/avatar\/b34fc4f4e468a4e51785917065a3db57b841f5c95dba6ad8c73aaf8f66f8f9bf?s=96&d=mm&r=g\",\"caption\":\"Comunica\u00e7\u00e3o PSOL\"}}]}<\/script>\n<!-- \/ Yoast SEO plugin. -->","yoast_head_json":{"title":"As divis\u00f5es panzer do 4\u00ba Reich - PSOL 50","robots":{"index":"index","follow":"follow","max-snippet":"max-snippet:-1","max-image-preview":"max-image-preview:large","max-video-preview":"max-video-preview:-1"},"canonical":"https:\/\/psol50.org.br\/as-divisoes-panzer-do-4o-reich\/","og_locale":"pt_BR","og_type":"article","og_title":"As divis\u00f5es panzer do 4\u00ba Reich - PSOL 50","og_description":"A crise da Gr\u00e9cia, Espanha, Portugal, Irlanda e outros pa\u00edses da periferia da Zona do Euro era fatalidade anunciada desde a cria\u00e7\u00e3o da moeda \u00fanica. Do tempo dos Fen\u00edcios at\u00e9 os dias de hoje, sempre por tr\u00e1s de uma moeda teve um estado. A Europa inventou a bola quadrada. Uma moeda sem um estado, sem [&hellip;]","og_url":"https:\/\/psol50.org.br\/as-divisoes-panzer-do-4o-reich\/","og_site_name":"PSOL 50","article_publisher":"https:\/\/www.facebook.com\/psol50","article_published_time":"2015-07-16T22:53:22+00:00","og_image":[{"width":1350,"height":900,"url":"https:\/\/psol50.org.br\/inc\/uploads\/2018\/07\/capa.png","type":"image\/png"}],"author":"Comunica\u00e7\u00e3o PSOL","twitter_card":"summary_large_image","twitter_creator":"@psol50","twitter_site":"@psol50","twitter_misc":{"Escrito por":"Comunica\u00e7\u00e3o PSOL","Est. tempo de leitura":"3 minutos"},"schema":{"@context":"https:\/\/schema.org","@graph":[{"@type":"Article","@id":"https:\/\/psol50.org.br\/as-divisoes-panzer-do-4o-reich\/#article","isPartOf":{"@id":"https:\/\/psol50.org.br\/as-divisoes-panzer-do-4o-reich\/"},"author":{"name":"Comunica\u00e7\u00e3o PSOL","@id":"https:\/\/psol50.org.br\/#\/schema\/person\/475dfa57d0b815993c714c2e96491fcd"},"headline":"As divis\u00f5es panzer do 4\u00ba Reich","datePublished":"2015-07-16T22:53:22+00:00","mainEntityOfPage":{"@id":"https:\/\/psol50.org.br\/as-divisoes-panzer-do-4o-reich\/"},"wordCount":669,"commentCount":0,"publisher":{"@id":"https:\/\/psol50.org.br\/#organization"},"keywords":["Conjuntura Internacional","Jos\u00e9 Lu\u00eds Fevereiro"],"articleSection":["Artigos"],"inLanguage":"pt-BR","potentialAction":[{"@type":"CommentAction","name":"Comment","target":["https:\/\/psol50.org.br\/as-divisoes-panzer-do-4o-reich\/#respond"]}]},{"@type":"WebPage","@id":"https:\/\/psol50.org.br\/as-divisoes-panzer-do-4o-reich\/","url":"https:\/\/psol50.org.br\/as-divisoes-panzer-do-4o-reich\/","name":"As divis\u00f5es panzer do 4\u00ba Reich - PSOL 50","isPartOf":{"@id":"https:\/\/psol50.org.br\/#website"},"datePublished":"2015-07-16T22:53:22+00:00","breadcrumb":{"@id":"https:\/\/psol50.org.br\/as-divisoes-panzer-do-4o-reich\/#breadcrumb"},"inLanguage":"pt-BR","potentialAction":[{"@type":"ReadAction","target":["https:\/\/psol50.org.br\/as-divisoes-panzer-do-4o-reich\/"]}]},{"@type":"BreadcrumbList","@id":"https:\/\/psol50.org.br\/as-divisoes-panzer-do-4o-reich\/#breadcrumb","itemListElement":[{"@type":"ListItem","position":1,"name":"In\u00edcio","item":"https:\/\/psol50.org.br\/"},{"@type":"ListItem","position":2,"name":"As divis\u00f5es panzer do 4\u00ba Reich"}]},{"@type":"WebSite","@id":"https:\/\/psol50.org.br\/#website","url":"https:\/\/psol50.org.br\/","name":"PSOL 50","description":"Site oficial do Partido Socialismo e Liberdade","publisher":{"@id":"https:\/\/psol50.org.br\/#organization"},"alternateName":"PSOL50","potentialAction":[{"@type":"SearchAction","target":{"@type":"EntryPoint","urlTemplate":"https:\/\/psol50.org.br\/?s={search_term_string}"},"query-input":{"@type":"PropertyValueSpecification","valueRequired":true,"valueName":"search_term_string"}}],"inLanguage":"pt-BR"},{"@type":"Organization","@id":"https:\/\/psol50.org.br\/#organization","name":"PSOL 50","alternateName":"PSOL 50","url":"https:\/\/psol50.org.br\/","logo":{"@type":"ImageObject","inLanguage":"pt-BR","@id":"https:\/\/psol50.org.br\/#\/schema\/logo\/image\/","url":"https:\/\/psol50.org.br\/inc\/uploads\/2018\/07\/capa.png","contentUrl":"https:\/\/psol50.org.br\/inc\/uploads\/2018\/07\/capa.png","width":1350,"height":900,"caption":"PSOL 50"},"image":{"@id":"https:\/\/psol50.org.br\/#\/schema\/logo\/image\/"},"sameAs":["https:\/\/www.facebook.com\/psol50","https:\/\/x.com\/psol50","https:\/\/www.instagram.com\/psol50\/","https:\/\/www.youtube.com\/channel\/UC7SnJS5o1os7a6CaiNabzcg"]},{"@type":"Person","@id":"https:\/\/psol50.org.br\/#\/schema\/person\/475dfa57d0b815993c714c2e96491fcd","name":"Comunica\u00e7\u00e3o PSOL","image":{"@type":"ImageObject","inLanguage":"pt-BR","@id":"https:\/\/psol50.org.br\/#\/schema\/person\/image\/","url":"https:\/\/secure.gravatar.com\/avatar\/b34fc4f4e468a4e51785917065a3db57b841f5c95dba6ad8c73aaf8f66f8f9bf?s=96&d=mm&r=g","contentUrl":"https:\/\/secure.gravatar.com\/avatar\/b34fc4f4e468a4e51785917065a3db57b841f5c95dba6ad8c73aaf8f66f8f9bf?s=96&d=mm&r=g","caption":"Comunica\u00e7\u00e3o PSOL"}}]}},"_links":{"self":[{"href":"https:\/\/psol50.org.br\/rest\/wp\/v2\/posts\/9911","targetHints":{"allow":["GET"]}}],"collection":[{"href":"https:\/\/psol50.org.br\/rest\/wp\/v2\/posts"}],"about":[{"href":"https:\/\/psol50.org.br\/rest\/wp\/v2\/types\/post"}],"author":[{"embeddable":true,"href":"https:\/\/psol50.org.br\/rest\/wp\/v2\/users\/2"}],"replies":[{"embeddable":true,"href":"https:\/\/psol50.org.br\/rest\/wp\/v2\/comments?post=9911"}],"version-history":[{"count":0,"href":"https:\/\/psol50.org.br\/rest\/wp\/v2\/posts\/9911\/revisions"}],"wp:attachment":[{"href":"https:\/\/psol50.org.br\/rest\/wp\/v2\/media?parent=9911"}],"wp:term":[{"taxonomy":"category","embeddable":true,"href":"https:\/\/psol50.org.br\/rest\/wp\/v2\/categories?post=9911"},{"taxonomy":"post_tag","embeddable":true,"href":"https:\/\/psol50.org.br\/rest\/wp\/v2\/tags?post=9911"}],"curies":[{"name":"wp","href":"https:\/\/api.w.org\/{rel}","templated":true}]}}