{"id":9919,"date":"2015-08-10T23:09:29","date_gmt":"2015-08-10T23:09:29","guid":{"rendered":"http:\/\/179.190.55.146\/~psol5185\/?p=9919"},"modified":"2015-08-10T23:09:29","modified_gmt":"2015-08-10T23:09:29","slug":"nao-e-humor-e-racismo","status":"publish","type":"post","link":"https:\/\/psol50.org.br\/nao-e-humor-e-racismo\/","title":{"rendered":"N\u00e3o \u00e9 humor, \u00e9 racismo!"},"content":{"rendered":"<p><span id=\"Texto\">Primeiro quero registrar que considero o P\u00e2nico na Band\u00a0 um dos priores programas da TV Brasileira, carregado de estere\u00f3tipos machistas, homof\u00f3bicos e racistas, seguido por humilha\u00e7\u00f5es, deprecia\u00e7\u00f5es e babaquices que, na minha vis\u00e3o, est\u00e3o muito longe de serem considerados humor, ou at\u00e9 mesmo entretenimento.<br \/>\nBlindados pelo conceito de liberdade de express\u00e3o, os respons\u00e1veis pelo programa n\u00e3o t\u00eam limites. A \u00faltima novidade \u00e9 a cria\u00e7\u00e3o do personagem Africano, encenado pelo ator Eduardo Sterblitch, um homem branco, vestido de preto e com a cara pintada de preto, o famoso e abomin\u00e1vel \u201cblack face\u201d,\u00a0 como uma representa\u00e7\u00e3o de um africano que remete a ideia de tribal, rude, que fala de forma inintelig\u00edvel, que faz uma dan\u00e7a desengon\u00e7ada, que tem p\u00eanis grande, que satiriza as religi\u00f5es de matriz africana, ou seja, uma constru\u00e7\u00e3o animalesca e racista dos povos africanos e do povo afro-brasileiro.<br \/>\nNosso pa\u00eds, por muito tempo, tentou impor a ideia de que vivemos em um democracia racial, com uma rela\u00e7\u00e3o harmoniosa entre as ra\u00e7as. Por\u00e9m, sempre construiu um imagin\u00e1rio que tudo aquilo que \u00e9 considerado bom \u00e9 associado ao ide\u00e1rio branco e europeu e tudo aquilo que \u00e9 pejorativo \u00e9 vinculado ao imagin\u00e1rio negro. Essa constru\u00e7\u00e3o simb\u00f3lica vai definindo os lugares que cada um pode ocupar na sociedade. Os brancos ocupando os espa\u00e7os de decis\u00e3o e os negros de subalternidade.<br \/>\nAl\u00e9m disso, elementos da cultura afro-brasileira s\u00e3o incorporados como parte da identidade nacional brasileira como Samba, Capoeira, Feijoada, entre outras express\u00f5es com uma l\u00f3gica bem longe de integra\u00e7\u00e3o, mas como elemento para esvaziar a constru\u00e7\u00e3o de uma identidade negra hist\u00f3rica que seja capaz de se contrapor \u00e0s estruturas estabelecidas.<br \/>\nNeste sentido, a forma\u00e7\u00e3o de estere\u00f3tipos depreciativos das negras e negros tamb\u00e9m ajuda a refor\u00e7ar essa nega\u00e7\u00e3o de identidade, pois ningu\u00e9m quer ter a sua imagem associada a algo que \u00e9 simbolicamente ruim. Isso tamb\u00e9m faz parte da engenharia pol\u00edtica do embranquecimento, que foi muito difundido no projeto pol\u00edtico das elites brasileiras no p\u00f3s-aboli\u00e7\u00e3o da escravatura.<br \/>\nPortanto, a deprecia\u00e7\u00e3o da imagem do africano e afro-brasileiro est\u00e1 intimamente ligada a um processo de domina\u00e7\u00e3o e opress\u00e3o, a partir do simb\u00f3lico e da manuten\u00e7\u00e3o dos privil\u00e9gios de uma elite branca e racista.<br \/>\nOutro aspecto que merece ser destacado nessa discuss\u00e3o \u00e9 que as frequ\u00eancias de transmiss\u00e3o dos canais s\u00e3o p\u00fablicos e as emissoras recebem concess\u00f5es para explorar esses espa\u00e7os com o compromisso de zelar pelos interesses p\u00fablicos. Tamb\u00e9m \u00e9 importante destacar que o direito a liberdade de express\u00e3o n\u00e3o est\u00e1 acima de nenhum outro direito, sobretudo os direitos humanos e o respeito a dignidade humana.<br \/>\nAchei muito interessante a entrevista que li de um jovem humorista que disse que fazer humor contra aqueles que j\u00e1 s\u00e3o oprimidos historicamente \u00e9 f\u00e1cil, o dif\u00edcil \u00e9 fazer um humor onde se questionem as estruturas de poder e fa\u00e7am o povo pensar. Dessa forma o que P\u00e2nico faz n\u00e3o\u00a0\u00e9 humor, \u00e9 racismo e deve responder, inclusive, judicialmente por seus atos.<br \/>\n<\/span><\/p>\n","protected":false},"excerpt":{"rendered":"<p>Primeiro quero registrar que considero o P\u00e2nico na Band\u00a0 um dos priores programas da TV Brasileira, carregado de estere\u00f3tipos machistas, homof\u00f3bicos e racistas, seguido por humilha\u00e7\u00f5es, deprecia\u00e7\u00f5es e babaquices que, na minha vis\u00e3o, est\u00e3o muito longe de serem considerados humor, ou at\u00e9 mesmo entretenimento. Blindados pelo conceito de liberdade de express\u00e3o, os respons\u00e1veis pelo programa [&hellip;]<\/p>\n","protected":false},"author":2,"featured_media":0,"comment_status":"open","ping_status":"open","sticky":false,"template":"","format":"standard","meta":{"_acf_changed":false,"footnotes":""},"categories":[3,1104],"tags":[2275,4792,4793,127],"class_list":{"0":"post-9919","1":"post","2":"type-post","3":"status-publish","4":"format-standard","6":"category-artigos-e-entrevistas","7":"category-movimento","8":"tag-joselicio-junior","9":"tag-juininho","10":"tag-panico","11":"tag-racismo"},"acf":[],"yoast_head":"<!-- This site is optimized with the Yoast SEO plugin v26.5 - https:\/\/yoast.com\/wordpress\/plugins\/seo\/ -->\n<title>N\u00e3o \u00e9 humor, \u00e9 racismo! - PSOL 50<\/title>\n<meta name=\"robots\" content=\"index, follow, max-snippet:-1, max-image-preview:large, max-video-preview:-1\" \/>\n<link rel=\"canonical\" href=\"https:\/\/psol50.org.br\/nao-e-humor-e-racismo\/\" \/>\n<meta property=\"og:locale\" content=\"pt_BR\" \/>\n<meta property=\"og:type\" content=\"article\" \/>\n<meta property=\"og:title\" content=\"N\u00e3o \u00e9 humor, \u00e9 racismo! - PSOL 50\" \/>\n<meta property=\"og:description\" content=\"Primeiro quero registrar que considero o P\u00e2nico na Band\u00a0 um dos priores programas da TV Brasileira, carregado de estere\u00f3tipos machistas, homof\u00f3bicos e racistas, seguido por humilha\u00e7\u00f5es, deprecia\u00e7\u00f5es e babaquices que, na minha vis\u00e3o, est\u00e3o muito longe de serem considerados humor, ou at\u00e9 mesmo entretenimento. Blindados pelo conceito de liberdade de express\u00e3o, os respons\u00e1veis pelo programa [&hellip;]\" \/>\n<meta property=\"og:url\" content=\"https:\/\/psol50.org.br\/nao-e-humor-e-racismo\/\" \/>\n<meta property=\"og:site_name\" content=\"PSOL 50\" \/>\n<meta property=\"article:publisher\" content=\"https:\/\/www.facebook.com\/psol50\" \/>\n<meta property=\"article:published_time\" content=\"2015-08-10T23:09:29+00:00\" \/>\n<meta property=\"og:image\" content=\"https:\/\/psol50.org.br\/inc\/uploads\/2018\/07\/capa.png\" \/>\n\t<meta property=\"og:image:width\" content=\"1350\" \/>\n\t<meta property=\"og:image:height\" content=\"900\" \/>\n\t<meta property=\"og:image:type\" content=\"image\/png\" \/>\n<meta name=\"author\" content=\"Comunica\u00e7\u00e3o PSOL\" \/>\n<meta name=\"twitter:card\" content=\"summary_large_image\" \/>\n<meta name=\"twitter:creator\" content=\"@psol50\" \/>\n<meta name=\"twitter:site\" content=\"@psol50\" \/>\n<meta name=\"twitter:label1\" content=\"Escrito por\" \/>\n\t<meta name=\"twitter:data1\" content=\"Comunica\u00e7\u00e3o PSOL\" \/>\n\t<meta name=\"twitter:label2\" content=\"Est. tempo de leitura\" \/>\n\t<meta name=\"twitter:data2\" content=\"3 minutos\" \/>\n<script type=\"application\/ld+json\" class=\"yoast-schema-graph\">{\"@context\":\"https:\/\/schema.org\",\"@graph\":[{\"@type\":\"Article\",\"@id\":\"https:\/\/psol50.org.br\/nao-e-humor-e-racismo\/#article\",\"isPartOf\":{\"@id\":\"https:\/\/psol50.org.br\/nao-e-humor-e-racismo\/\"},\"author\":{\"name\":\"Comunica\u00e7\u00e3o PSOL\",\"@id\":\"https:\/\/psol50.org.br\/#\/schema\/person\/475dfa57d0b815993c714c2e96491fcd\"},\"headline\":\"N\u00e3o \u00e9 humor, \u00e9 racismo!\",\"datePublished\":\"2015-08-10T23:09:29+00:00\",\"mainEntityOfPage\":{\"@id\":\"https:\/\/psol50.org.br\/nao-e-humor-e-racismo\/\"},\"wordCount\":546,\"commentCount\":0,\"publisher\":{\"@id\":\"https:\/\/psol50.org.br\/#organization\"},\"keywords\":[\"Joselicio Junior\",\"Juininho\",\"P\u00e2nico\",\"racismo\"],\"articleSection\":[\"Artigos\",\"Movimento\"],\"inLanguage\":\"pt-BR\",\"potentialAction\":[{\"@type\":\"CommentAction\",\"name\":\"Comment\",\"target\":[\"https:\/\/psol50.org.br\/nao-e-humor-e-racismo\/#respond\"]}]},{\"@type\":\"WebPage\",\"@id\":\"https:\/\/psol50.org.br\/nao-e-humor-e-racismo\/\",\"url\":\"https:\/\/psol50.org.br\/nao-e-humor-e-racismo\/\",\"name\":\"N\u00e3o \u00e9 humor, \u00e9 racismo! - PSOL 50\",\"isPartOf\":{\"@id\":\"https:\/\/psol50.org.br\/#website\"},\"datePublished\":\"2015-08-10T23:09:29+00:00\",\"breadcrumb\":{\"@id\":\"https:\/\/psol50.org.br\/nao-e-humor-e-racismo\/#breadcrumb\"},\"inLanguage\":\"pt-BR\",\"potentialAction\":[{\"@type\":\"ReadAction\",\"target\":[\"https:\/\/psol50.org.br\/nao-e-humor-e-racismo\/\"]}]},{\"@type\":\"BreadcrumbList\",\"@id\":\"https:\/\/psol50.org.br\/nao-e-humor-e-racismo\/#breadcrumb\",\"itemListElement\":[{\"@type\":\"ListItem\",\"position\":1,\"name\":\"In\u00edcio\",\"item\":\"https:\/\/psol50.org.br\/\"},{\"@type\":\"ListItem\",\"position\":2,\"name\":\"N\u00e3o \u00e9 humor, \u00e9 racismo!\"}]},{\"@type\":\"WebSite\",\"@id\":\"https:\/\/psol50.org.br\/#website\",\"url\":\"https:\/\/psol50.org.br\/\",\"name\":\"PSOL 50\",\"description\":\"Site oficial do Partido Socialismo e Liberdade\",\"publisher\":{\"@id\":\"https:\/\/psol50.org.br\/#organization\"},\"alternateName\":\"PSOL50\",\"potentialAction\":[{\"@type\":\"SearchAction\",\"target\":{\"@type\":\"EntryPoint\",\"urlTemplate\":\"https:\/\/psol50.org.br\/?s={search_term_string}\"},\"query-input\":{\"@type\":\"PropertyValueSpecification\",\"valueRequired\":true,\"valueName\":\"search_term_string\"}}],\"inLanguage\":\"pt-BR\"},{\"@type\":\"Organization\",\"@id\":\"https:\/\/psol50.org.br\/#organization\",\"name\":\"PSOL 50\",\"alternateName\":\"PSOL 50\",\"url\":\"https:\/\/psol50.org.br\/\",\"logo\":{\"@type\":\"ImageObject\",\"inLanguage\":\"pt-BR\",\"@id\":\"https:\/\/psol50.org.br\/#\/schema\/logo\/image\/\",\"url\":\"https:\/\/psol50.org.br\/inc\/uploads\/2018\/07\/capa.png\",\"contentUrl\":\"https:\/\/psol50.org.br\/inc\/uploads\/2018\/07\/capa.png\",\"width\":1350,\"height\":900,\"caption\":\"PSOL 50\"},\"image\":{\"@id\":\"https:\/\/psol50.org.br\/#\/schema\/logo\/image\/\"},\"sameAs\":[\"https:\/\/www.facebook.com\/psol50\",\"https:\/\/x.com\/psol50\",\"https:\/\/www.instagram.com\/psol50\/\",\"https:\/\/www.youtube.com\/channel\/UC7SnJS5o1os7a6CaiNabzcg\"]},{\"@type\":\"Person\",\"@id\":\"https:\/\/psol50.org.br\/#\/schema\/person\/475dfa57d0b815993c714c2e96491fcd\",\"name\":\"Comunica\u00e7\u00e3o PSOL\",\"image\":{\"@type\":\"ImageObject\",\"inLanguage\":\"pt-BR\",\"@id\":\"https:\/\/psol50.org.br\/#\/schema\/person\/image\/\",\"url\":\"https:\/\/secure.gravatar.com\/avatar\/b34fc4f4e468a4e51785917065a3db57b841f5c95dba6ad8c73aaf8f66f8f9bf?s=96&d=mm&r=g\",\"contentUrl\":\"https:\/\/secure.gravatar.com\/avatar\/b34fc4f4e468a4e51785917065a3db57b841f5c95dba6ad8c73aaf8f66f8f9bf?s=96&d=mm&r=g\",\"caption\":\"Comunica\u00e7\u00e3o PSOL\"}}]}<\/script>\n<!-- \/ Yoast SEO plugin. -->","yoast_head_json":{"title":"N\u00e3o \u00e9 humor, \u00e9 racismo! - PSOL 50","robots":{"index":"index","follow":"follow","max-snippet":"max-snippet:-1","max-image-preview":"max-image-preview:large","max-video-preview":"max-video-preview:-1"},"canonical":"https:\/\/psol50.org.br\/nao-e-humor-e-racismo\/","og_locale":"pt_BR","og_type":"article","og_title":"N\u00e3o \u00e9 humor, \u00e9 racismo! - PSOL 50","og_description":"Primeiro quero registrar que considero o P\u00e2nico na Band\u00a0 um dos priores programas da TV Brasileira, carregado de estere\u00f3tipos machistas, homof\u00f3bicos e racistas, seguido por humilha\u00e7\u00f5es, deprecia\u00e7\u00f5es e babaquices que, na minha vis\u00e3o, est\u00e3o muito longe de serem considerados humor, ou at\u00e9 mesmo entretenimento. Blindados pelo conceito de liberdade de express\u00e3o, os respons\u00e1veis pelo programa [&hellip;]","og_url":"https:\/\/psol50.org.br\/nao-e-humor-e-racismo\/","og_site_name":"PSOL 50","article_publisher":"https:\/\/www.facebook.com\/psol50","article_published_time":"2015-08-10T23:09:29+00:00","og_image":[{"width":1350,"height":900,"url":"https:\/\/psol50.org.br\/inc\/uploads\/2018\/07\/capa.png","type":"image\/png"}],"author":"Comunica\u00e7\u00e3o PSOL","twitter_card":"summary_large_image","twitter_creator":"@psol50","twitter_site":"@psol50","twitter_misc":{"Escrito por":"Comunica\u00e7\u00e3o PSOL","Est. tempo de leitura":"3 minutos"},"schema":{"@context":"https:\/\/schema.org","@graph":[{"@type":"Article","@id":"https:\/\/psol50.org.br\/nao-e-humor-e-racismo\/#article","isPartOf":{"@id":"https:\/\/psol50.org.br\/nao-e-humor-e-racismo\/"},"author":{"name":"Comunica\u00e7\u00e3o PSOL","@id":"https:\/\/psol50.org.br\/#\/schema\/person\/475dfa57d0b815993c714c2e96491fcd"},"headline":"N\u00e3o \u00e9 humor, \u00e9 racismo!","datePublished":"2015-08-10T23:09:29+00:00","mainEntityOfPage":{"@id":"https:\/\/psol50.org.br\/nao-e-humor-e-racismo\/"},"wordCount":546,"commentCount":0,"publisher":{"@id":"https:\/\/psol50.org.br\/#organization"},"keywords":["Joselicio Junior","Juininho","P\u00e2nico","racismo"],"articleSection":["Artigos","Movimento"],"inLanguage":"pt-BR","potentialAction":[{"@type":"CommentAction","name":"Comment","target":["https:\/\/psol50.org.br\/nao-e-humor-e-racismo\/#respond"]}]},{"@type":"WebPage","@id":"https:\/\/psol50.org.br\/nao-e-humor-e-racismo\/","url":"https:\/\/psol50.org.br\/nao-e-humor-e-racismo\/","name":"N\u00e3o \u00e9 humor, \u00e9 racismo! - PSOL 50","isPartOf":{"@id":"https:\/\/psol50.org.br\/#website"},"datePublished":"2015-08-10T23:09:29+00:00","breadcrumb":{"@id":"https:\/\/psol50.org.br\/nao-e-humor-e-racismo\/#breadcrumb"},"inLanguage":"pt-BR","potentialAction":[{"@type":"ReadAction","target":["https:\/\/psol50.org.br\/nao-e-humor-e-racismo\/"]}]},{"@type":"BreadcrumbList","@id":"https:\/\/psol50.org.br\/nao-e-humor-e-racismo\/#breadcrumb","itemListElement":[{"@type":"ListItem","position":1,"name":"In\u00edcio","item":"https:\/\/psol50.org.br\/"},{"@type":"ListItem","position":2,"name":"N\u00e3o \u00e9 humor, \u00e9 racismo!"}]},{"@type":"WebSite","@id":"https:\/\/psol50.org.br\/#website","url":"https:\/\/psol50.org.br\/","name":"PSOL 50","description":"Site oficial do Partido Socialismo e Liberdade","publisher":{"@id":"https:\/\/psol50.org.br\/#organization"},"alternateName":"PSOL50","potentialAction":[{"@type":"SearchAction","target":{"@type":"EntryPoint","urlTemplate":"https:\/\/psol50.org.br\/?s={search_term_string}"},"query-input":{"@type":"PropertyValueSpecification","valueRequired":true,"valueName":"search_term_string"}}],"inLanguage":"pt-BR"},{"@type":"Organization","@id":"https:\/\/psol50.org.br\/#organization","name":"PSOL 50","alternateName":"PSOL 50","url":"https:\/\/psol50.org.br\/","logo":{"@type":"ImageObject","inLanguage":"pt-BR","@id":"https:\/\/psol50.org.br\/#\/schema\/logo\/image\/","url":"https:\/\/psol50.org.br\/inc\/uploads\/2018\/07\/capa.png","contentUrl":"https:\/\/psol50.org.br\/inc\/uploads\/2018\/07\/capa.png","width":1350,"height":900,"caption":"PSOL 50"},"image":{"@id":"https:\/\/psol50.org.br\/#\/schema\/logo\/image\/"},"sameAs":["https:\/\/www.facebook.com\/psol50","https:\/\/x.com\/psol50","https:\/\/www.instagram.com\/psol50\/","https:\/\/www.youtube.com\/channel\/UC7SnJS5o1os7a6CaiNabzcg"]},{"@type":"Person","@id":"https:\/\/psol50.org.br\/#\/schema\/person\/475dfa57d0b815993c714c2e96491fcd","name":"Comunica\u00e7\u00e3o PSOL","image":{"@type":"ImageObject","inLanguage":"pt-BR","@id":"https:\/\/psol50.org.br\/#\/schema\/person\/image\/","url":"https:\/\/secure.gravatar.com\/avatar\/b34fc4f4e468a4e51785917065a3db57b841f5c95dba6ad8c73aaf8f66f8f9bf?s=96&d=mm&r=g","contentUrl":"https:\/\/secure.gravatar.com\/avatar\/b34fc4f4e468a4e51785917065a3db57b841f5c95dba6ad8c73aaf8f66f8f9bf?s=96&d=mm&r=g","caption":"Comunica\u00e7\u00e3o PSOL"}}]}},"_links":{"self":[{"href":"https:\/\/psol50.org.br\/rest\/wp\/v2\/posts\/9919","targetHints":{"allow":["GET"]}}],"collection":[{"href":"https:\/\/psol50.org.br\/rest\/wp\/v2\/posts"}],"about":[{"href":"https:\/\/psol50.org.br\/rest\/wp\/v2\/types\/post"}],"author":[{"embeddable":true,"href":"https:\/\/psol50.org.br\/rest\/wp\/v2\/users\/2"}],"replies":[{"embeddable":true,"href":"https:\/\/psol50.org.br\/rest\/wp\/v2\/comments?post=9919"}],"version-history":[{"count":0,"href":"https:\/\/psol50.org.br\/rest\/wp\/v2\/posts\/9919\/revisions"}],"wp:attachment":[{"href":"https:\/\/psol50.org.br\/rest\/wp\/v2\/media?parent=9919"}],"wp:term":[{"taxonomy":"category","embeddable":true,"href":"https:\/\/psol50.org.br\/rest\/wp\/v2\/categories?post=9919"},{"taxonomy":"post_tag","embeddable":true,"href":"https:\/\/psol50.org.br\/rest\/wp\/v2\/tags?post=9919"}],"curies":[{"name":"wp","href":"https:\/\/api.w.org\/{rel}","templated":true}]}}