{"id":9949,"date":"2015-08-18T00:36:11","date_gmt":"2015-08-18T00:36:11","guid":{"rendered":"http:\/\/179.190.55.146\/~psol5185\/?p=9949"},"modified":"2015-08-18T00:36:11","modified_gmt":"2015-08-18T00:36:11","slug":"o-segundo-estelionato","status":"publish","type":"post","link":"https:\/\/psol50.org.br\/o-segundo-estelionato\/","title":{"rendered":"O segundo estelionato"},"content":{"rendered":"<div id=\"blocoDadosPrint\">Desde que ficou claro que o segundo mandato de Dilma representaria uma guinada violenta \u00e0 direita, cujos primeiros sinais apareceram quando da composi\u00e7\u00e3o ministerial e do pacote de ajuste fiscal, os movimentos sociais buscam se recuperar do baque. Depois de uma campanha polarizada no segundo turno, onde o discurso da esquerda teve como centro os riscos de perda de direitos, ver as conquistas democr\u00e1ticas sendo atacadas pela candidata apoiada pela esquerda no segundo turno \u00e9 de dif\u00edcil explica\u00e7\u00e3o para muitos.<\/div>\n<div class=\"txtPrint\">\nO fortalecimento da agenda conservadora, destravada pela fal\u00eancia prematura do governo e pelas seguidas concess\u00f5es feitas para manter Dilma na Presid\u00eancia, tem sido usada como ref\u00fagio para a n\u00e3o solu\u00e7\u00e3o desta contradi\u00e7\u00e3o. Mobilizar a base social contra um poss\u00edvel golpe, mesmo que ele esteja sendo imposto a partir do pr\u00f3prio governo (vide o acord\u00e3o que est\u00e1 sendo costurado na chamada &#8220;Agenda Brasil&#8221;, com aval da Fiesp, Firjan, Rede Globo e tendo como avalista Renan Calheiros), tornou-se uma t\u00e1bua de salva\u00e7\u00e3o.<br \/>\nA constru\u00e7\u00e3o de uma frente de movimentos sociais, coordenada pelo MTST, mas que conseguiu atrair para uma pauta m\u00ednima de unidade diversos movimentos sociais foi a melhor not\u00edcia da recente e complexa conjuntura. Garantir unidade dos setores de esquerda em um ato tendo como eixo uma combina\u00e7\u00e3o de luta contra o ajuste e combate ao avan\u00e7o do conservadorismo possibilitaria sair da paralisia e colocar os movimentos como protagonistas da constru\u00e7\u00e3o de um caminho \u00e0 esquerda para a crise.<br \/>\nInfelizmente, numa atitude desesperada, a dire\u00e7\u00e3o do PT, contando com apoio de parte da dire\u00e7\u00e3o dos movimentos sociais, decidiu sequestrar o car\u00e1ter do ato do dia 20, inclusive provocando cis\u00f5es em v\u00e1rios estados. A produ\u00e7\u00e3o de chamadas televisivas que transformam o ato em evento de defesa do governo soa como um novo estelionato pol\u00edtico. Desta feita, tenta atrair para um navio que est\u00e1 afundando um conjunto bastante relevante de militantes do movimento social, que mesmo tendo sido base do atual governo durante doze anos, s\u00e3o cr\u00edticos dos rumos atuais, sofrem press\u00e3o de suas bases para combater o ajuste fiscal e demais medidas regressivas e sofrem com os efeitos das pol\u00edticas de austeridade.<br \/>\nQue setores sociais relevantes podem, em s\u00e3 consci\u00eancia, sair \u00e0s ruas para defender um governo que decidiu apostar a sua perman\u00eancia num acordo com as elites, no qual n\u00e3o s\u00f3 entrega os an\u00e9is, mas tamb\u00e9m abre m\u00e3o de governar e de cumprir qualquer item que defendeu na campanha eleitoral? Ao tentar o referido sequestro, o PT comete um crime contra a autonomia dos movimentos sociais comprometidos com os eixos previstos originalmente para os atos do dia 20, esvazia e fraciona as manifesta\u00e7\u00f5es. Os que aceitam tal estelionato se afastam dos anseios de suas bases sociais.<br \/>\nO PSOL apoia os eixos constru\u00eddos pelas entidades do movimento social e orienta a sua milit\u00e2ncia a participar de atos que reforcem a luta combinada contra o ajuste e contra o avan\u00e7o conservador, duas faces da mesma moeda da crise econ\u00f4mica e pol\u00edtica que vivemos. N\u00e3o se construir\u00e1 alternativa de esquerda sem forte mobiliza\u00e7\u00e3o social com estes dois eixos. E, obviamente, manteremos dist\u00e2ncia e criticaremos de forma veemente as tentativas de realizar atos pr\u00f3-Dilma, dos quais poucos militantes conscientes se prestar\u00e3o a participar.<br \/>\n<span id=\"Texto\">\u00a0<\/span><\/div>\n","protected":false},"excerpt":{"rendered":"<p>Desde que ficou claro que o segundo mandato de Dilma representaria uma guinada violenta \u00e0 direita, cujos primeiros sinais apareceram quando da composi\u00e7\u00e3o ministerial e do pacote de ajuste fiscal, os movimentos sociais buscam se recuperar do baque. Depois de uma campanha polarizada no segundo turno, onde o discurso da esquerda teve como centro os [&hellip;]<\/p>\n","protected":false},"author":2,"featured_media":0,"comment_status":"open","ping_status":"open","sticky":false,"template":"","format":"standard","meta":{"_acf_changed":false,"footnotes":""},"categories":[3],"tags":[3964,1801,22,319],"class_list":{"0":"post-9949","1":"post","2":"type-post","3":"status-publish","4":"format-standard","6":"category-artigos-e-entrevistas","7":"tag-dilma","8":"tag-luiz-araujo","9":"tag-psol","10":"tag-pt"},"acf":[],"yoast_head":"<!-- This site is optimized with the Yoast SEO plugin v26.5 - https:\/\/yoast.com\/wordpress\/plugins\/seo\/ -->\n<title>O segundo estelionato - PSOL 50<\/title>\n<meta name=\"robots\" content=\"index, follow, max-snippet:-1, max-image-preview:large, max-video-preview:-1\" \/>\n<link rel=\"canonical\" href=\"https:\/\/psol50.org.br\/o-segundo-estelionato\/\" \/>\n<meta property=\"og:locale\" content=\"pt_BR\" \/>\n<meta property=\"og:type\" content=\"article\" \/>\n<meta property=\"og:title\" content=\"O segundo estelionato - PSOL 50\" \/>\n<meta property=\"og:description\" content=\"Desde que ficou claro que o segundo mandato de Dilma representaria uma guinada violenta \u00e0 direita, cujos primeiros sinais apareceram quando da composi\u00e7\u00e3o ministerial e do pacote de ajuste fiscal, os movimentos sociais buscam se recuperar do baque. Depois de uma campanha polarizada no segundo turno, onde o discurso da esquerda teve como centro os [&hellip;]\" \/>\n<meta property=\"og:url\" content=\"https:\/\/psol50.org.br\/o-segundo-estelionato\/\" \/>\n<meta property=\"og:site_name\" content=\"PSOL 50\" \/>\n<meta property=\"article:publisher\" content=\"https:\/\/www.facebook.com\/psol50\" \/>\n<meta property=\"article:published_time\" content=\"2015-08-18T00:36:11+00:00\" \/>\n<meta property=\"og:image\" content=\"https:\/\/psol50.org.br\/inc\/uploads\/2018\/07\/capa.png\" \/>\n\t<meta property=\"og:image:width\" content=\"1350\" \/>\n\t<meta property=\"og:image:height\" content=\"900\" \/>\n\t<meta property=\"og:image:type\" content=\"image\/png\" \/>\n<meta name=\"author\" content=\"Comunica\u00e7\u00e3o PSOL\" \/>\n<meta name=\"twitter:card\" content=\"summary_large_image\" \/>\n<meta name=\"twitter:creator\" content=\"@psol50\" \/>\n<meta name=\"twitter:site\" content=\"@psol50\" \/>\n<meta name=\"twitter:label1\" content=\"Escrito por\" \/>\n\t<meta name=\"twitter:data1\" content=\"Comunica\u00e7\u00e3o PSOL\" \/>\n\t<meta name=\"twitter:label2\" content=\"Est. tempo de leitura\" \/>\n\t<meta name=\"twitter:data2\" content=\"3 minutos\" \/>\n<script type=\"application\/ld+json\" class=\"yoast-schema-graph\">{\"@context\":\"https:\/\/schema.org\",\"@graph\":[{\"@type\":\"Article\",\"@id\":\"https:\/\/psol50.org.br\/o-segundo-estelionato\/#article\",\"isPartOf\":{\"@id\":\"https:\/\/psol50.org.br\/o-segundo-estelionato\/\"},\"author\":{\"name\":\"Comunica\u00e7\u00e3o PSOL\",\"@id\":\"https:\/\/psol50.org.br\/#\/schema\/person\/475dfa57d0b815993c714c2e96491fcd\"},\"headline\":\"O segundo estelionato\",\"datePublished\":\"2015-08-18T00:36:11+00:00\",\"mainEntityOfPage\":{\"@id\":\"https:\/\/psol50.org.br\/o-segundo-estelionato\/\"},\"wordCount\":576,\"commentCount\":0,\"publisher\":{\"@id\":\"https:\/\/psol50.org.br\/#organization\"},\"keywords\":[\"Dilma\",\"Luiz Ara\u00fajo\",\"PSOL\",\"PT\"],\"articleSection\":[\"Artigos\"],\"inLanguage\":\"pt-BR\",\"potentialAction\":[{\"@type\":\"CommentAction\",\"name\":\"Comment\",\"target\":[\"https:\/\/psol50.org.br\/o-segundo-estelionato\/#respond\"]}]},{\"@type\":\"WebPage\",\"@id\":\"https:\/\/psol50.org.br\/o-segundo-estelionato\/\",\"url\":\"https:\/\/psol50.org.br\/o-segundo-estelionato\/\",\"name\":\"O segundo estelionato - PSOL 50\",\"isPartOf\":{\"@id\":\"https:\/\/psol50.org.br\/#website\"},\"datePublished\":\"2015-08-18T00:36:11+00:00\",\"breadcrumb\":{\"@id\":\"https:\/\/psol50.org.br\/o-segundo-estelionato\/#breadcrumb\"},\"inLanguage\":\"pt-BR\",\"potentialAction\":[{\"@type\":\"ReadAction\",\"target\":[\"https:\/\/psol50.org.br\/o-segundo-estelionato\/\"]}]},{\"@type\":\"BreadcrumbList\",\"@id\":\"https:\/\/psol50.org.br\/o-segundo-estelionato\/#breadcrumb\",\"itemListElement\":[{\"@type\":\"ListItem\",\"position\":1,\"name\":\"In\u00edcio\",\"item\":\"https:\/\/psol50.org.br\/\"},{\"@type\":\"ListItem\",\"position\":2,\"name\":\"O segundo estelionato\"}]},{\"@type\":\"WebSite\",\"@id\":\"https:\/\/psol50.org.br\/#website\",\"url\":\"https:\/\/psol50.org.br\/\",\"name\":\"PSOL 50\",\"description\":\"Site oficial do Partido Socialismo e Liberdade\",\"publisher\":{\"@id\":\"https:\/\/psol50.org.br\/#organization\"},\"alternateName\":\"PSOL50\",\"potentialAction\":[{\"@type\":\"SearchAction\",\"target\":{\"@type\":\"EntryPoint\",\"urlTemplate\":\"https:\/\/psol50.org.br\/?s={search_term_string}\"},\"query-input\":{\"@type\":\"PropertyValueSpecification\",\"valueRequired\":true,\"valueName\":\"search_term_string\"}}],\"inLanguage\":\"pt-BR\"},{\"@type\":\"Organization\",\"@id\":\"https:\/\/psol50.org.br\/#organization\",\"name\":\"PSOL 50\",\"alternateName\":\"PSOL 50\",\"url\":\"https:\/\/psol50.org.br\/\",\"logo\":{\"@type\":\"ImageObject\",\"inLanguage\":\"pt-BR\",\"@id\":\"https:\/\/psol50.org.br\/#\/schema\/logo\/image\/\",\"url\":\"https:\/\/psol50.org.br\/inc\/uploads\/2018\/07\/capa.png\",\"contentUrl\":\"https:\/\/psol50.org.br\/inc\/uploads\/2018\/07\/capa.png\",\"width\":1350,\"height\":900,\"caption\":\"PSOL 50\"},\"image\":{\"@id\":\"https:\/\/psol50.org.br\/#\/schema\/logo\/image\/\"},\"sameAs\":[\"https:\/\/www.facebook.com\/psol50\",\"https:\/\/x.com\/psol50\",\"https:\/\/www.instagram.com\/psol50\/\",\"https:\/\/www.youtube.com\/channel\/UC7SnJS5o1os7a6CaiNabzcg\"]},{\"@type\":\"Person\",\"@id\":\"https:\/\/psol50.org.br\/#\/schema\/person\/475dfa57d0b815993c714c2e96491fcd\",\"name\":\"Comunica\u00e7\u00e3o PSOL\",\"image\":{\"@type\":\"ImageObject\",\"inLanguage\":\"pt-BR\",\"@id\":\"https:\/\/psol50.org.br\/#\/schema\/person\/image\/\",\"url\":\"https:\/\/secure.gravatar.com\/avatar\/b34fc4f4e468a4e51785917065a3db57b841f5c95dba6ad8c73aaf8f66f8f9bf?s=96&d=mm&r=g\",\"contentUrl\":\"https:\/\/secure.gravatar.com\/avatar\/b34fc4f4e468a4e51785917065a3db57b841f5c95dba6ad8c73aaf8f66f8f9bf?s=96&d=mm&r=g\",\"caption\":\"Comunica\u00e7\u00e3o PSOL\"}}]}<\/script>\n<!-- \/ Yoast SEO plugin. -->","yoast_head_json":{"title":"O segundo estelionato - PSOL 50","robots":{"index":"index","follow":"follow","max-snippet":"max-snippet:-1","max-image-preview":"max-image-preview:large","max-video-preview":"max-video-preview:-1"},"canonical":"https:\/\/psol50.org.br\/o-segundo-estelionato\/","og_locale":"pt_BR","og_type":"article","og_title":"O segundo estelionato - PSOL 50","og_description":"Desde que ficou claro que o segundo mandato de Dilma representaria uma guinada violenta \u00e0 direita, cujos primeiros sinais apareceram quando da composi\u00e7\u00e3o ministerial e do pacote de ajuste fiscal, os movimentos sociais buscam se recuperar do baque. Depois de uma campanha polarizada no segundo turno, onde o discurso da esquerda teve como centro os [&hellip;]","og_url":"https:\/\/psol50.org.br\/o-segundo-estelionato\/","og_site_name":"PSOL 50","article_publisher":"https:\/\/www.facebook.com\/psol50","article_published_time":"2015-08-18T00:36:11+00:00","og_image":[{"width":1350,"height":900,"url":"https:\/\/psol50.org.br\/inc\/uploads\/2018\/07\/capa.png","type":"image\/png"}],"author":"Comunica\u00e7\u00e3o PSOL","twitter_card":"summary_large_image","twitter_creator":"@psol50","twitter_site":"@psol50","twitter_misc":{"Escrito por":"Comunica\u00e7\u00e3o PSOL","Est. tempo de leitura":"3 minutos"},"schema":{"@context":"https:\/\/schema.org","@graph":[{"@type":"Article","@id":"https:\/\/psol50.org.br\/o-segundo-estelionato\/#article","isPartOf":{"@id":"https:\/\/psol50.org.br\/o-segundo-estelionato\/"},"author":{"name":"Comunica\u00e7\u00e3o PSOL","@id":"https:\/\/psol50.org.br\/#\/schema\/person\/475dfa57d0b815993c714c2e96491fcd"},"headline":"O segundo estelionato","datePublished":"2015-08-18T00:36:11+00:00","mainEntityOfPage":{"@id":"https:\/\/psol50.org.br\/o-segundo-estelionato\/"},"wordCount":576,"commentCount":0,"publisher":{"@id":"https:\/\/psol50.org.br\/#organization"},"keywords":["Dilma","Luiz Ara\u00fajo","PSOL","PT"],"articleSection":["Artigos"],"inLanguage":"pt-BR","potentialAction":[{"@type":"CommentAction","name":"Comment","target":["https:\/\/psol50.org.br\/o-segundo-estelionato\/#respond"]}]},{"@type":"WebPage","@id":"https:\/\/psol50.org.br\/o-segundo-estelionato\/","url":"https:\/\/psol50.org.br\/o-segundo-estelionato\/","name":"O segundo estelionato - PSOL 50","isPartOf":{"@id":"https:\/\/psol50.org.br\/#website"},"datePublished":"2015-08-18T00:36:11+00:00","breadcrumb":{"@id":"https:\/\/psol50.org.br\/o-segundo-estelionato\/#breadcrumb"},"inLanguage":"pt-BR","potentialAction":[{"@type":"ReadAction","target":["https:\/\/psol50.org.br\/o-segundo-estelionato\/"]}]},{"@type":"BreadcrumbList","@id":"https:\/\/psol50.org.br\/o-segundo-estelionato\/#breadcrumb","itemListElement":[{"@type":"ListItem","position":1,"name":"In\u00edcio","item":"https:\/\/psol50.org.br\/"},{"@type":"ListItem","position":2,"name":"O segundo estelionato"}]},{"@type":"WebSite","@id":"https:\/\/psol50.org.br\/#website","url":"https:\/\/psol50.org.br\/","name":"PSOL 50","description":"Site oficial do Partido Socialismo e Liberdade","publisher":{"@id":"https:\/\/psol50.org.br\/#organization"},"alternateName":"PSOL50","potentialAction":[{"@type":"SearchAction","target":{"@type":"EntryPoint","urlTemplate":"https:\/\/psol50.org.br\/?s={search_term_string}"},"query-input":{"@type":"PropertyValueSpecification","valueRequired":true,"valueName":"search_term_string"}}],"inLanguage":"pt-BR"},{"@type":"Organization","@id":"https:\/\/psol50.org.br\/#organization","name":"PSOL 50","alternateName":"PSOL 50","url":"https:\/\/psol50.org.br\/","logo":{"@type":"ImageObject","inLanguage":"pt-BR","@id":"https:\/\/psol50.org.br\/#\/schema\/logo\/image\/","url":"https:\/\/psol50.org.br\/inc\/uploads\/2018\/07\/capa.png","contentUrl":"https:\/\/psol50.org.br\/inc\/uploads\/2018\/07\/capa.png","width":1350,"height":900,"caption":"PSOL 50"},"image":{"@id":"https:\/\/psol50.org.br\/#\/schema\/logo\/image\/"},"sameAs":["https:\/\/www.facebook.com\/psol50","https:\/\/x.com\/psol50","https:\/\/www.instagram.com\/psol50\/","https:\/\/www.youtube.com\/channel\/UC7SnJS5o1os7a6CaiNabzcg"]},{"@type":"Person","@id":"https:\/\/psol50.org.br\/#\/schema\/person\/475dfa57d0b815993c714c2e96491fcd","name":"Comunica\u00e7\u00e3o PSOL","image":{"@type":"ImageObject","inLanguage":"pt-BR","@id":"https:\/\/psol50.org.br\/#\/schema\/person\/image\/","url":"https:\/\/secure.gravatar.com\/avatar\/b34fc4f4e468a4e51785917065a3db57b841f5c95dba6ad8c73aaf8f66f8f9bf?s=96&d=mm&r=g","contentUrl":"https:\/\/secure.gravatar.com\/avatar\/b34fc4f4e468a4e51785917065a3db57b841f5c95dba6ad8c73aaf8f66f8f9bf?s=96&d=mm&r=g","caption":"Comunica\u00e7\u00e3o PSOL"}}]}},"_links":{"self":[{"href":"https:\/\/psol50.org.br\/rest\/wp\/v2\/posts\/9949","targetHints":{"allow":["GET"]}}],"collection":[{"href":"https:\/\/psol50.org.br\/rest\/wp\/v2\/posts"}],"about":[{"href":"https:\/\/psol50.org.br\/rest\/wp\/v2\/types\/post"}],"author":[{"embeddable":true,"href":"https:\/\/psol50.org.br\/rest\/wp\/v2\/users\/2"}],"replies":[{"embeddable":true,"href":"https:\/\/psol50.org.br\/rest\/wp\/v2\/comments?post=9949"}],"version-history":[{"count":0,"href":"https:\/\/psol50.org.br\/rest\/wp\/v2\/posts\/9949\/revisions"}],"wp:attachment":[{"href":"https:\/\/psol50.org.br\/rest\/wp\/v2\/media?parent=9949"}],"wp:term":[{"taxonomy":"category","embeddable":true,"href":"https:\/\/psol50.org.br\/rest\/wp\/v2\/categories?post=9949"},{"taxonomy":"post_tag","embeddable":true,"href":"https:\/\/psol50.org.br\/rest\/wp\/v2\/tags?post=9949"}],"curies":[{"name":"wp","href":"https:\/\/api.w.org\/{rel}","templated":true}]}}