{"id":995,"date":"2012-02-07T00:00:00","date_gmt":"2012-02-07T00:00:00","guid":{"rendered":"http:\/\/psol50.org.br\/arquivo\/2012\/02\/07\/psol-na-luta-e-na-solidariedade-a-greve-dos-pms-na-bahia\/"},"modified":"2012-02-07T00:00:00","modified_gmt":"2012-02-07T00:00:00","slug":"psol-na-luta-e-na-solidariedade-a-greve-dos-pms-na-bahia","status":"publish","type":"post","link":"https:\/\/psol50.org.br\/psol-na-luta-e-na-solidariedade-a-greve-dos-pms-na-bahia\/","title":{"rendered":"PSOL na luta e na solidariedade \u00e0 greve dos PMs na Bahia"},"content":{"rendered":"<p style=\"text-align: justify\"><a href=\"http:\/\/psol50.org.br\/blog\/2012\/02\/07\/psol-na-luta-e-na-solidariedade-a-greve-dos-pms-na-bahia\/assemblegba_grevepm\/\" rel=\"attachment wp-att-13511\"><img loading=\"lazy\" decoding=\"async\" class=\"aligncenter size-full wp-image-13511\" src=\"http:\/\/psol50.org.br\/files\/2012\/02\/AssembLegBA_GrevePM.jpg\" alt=\"\" width=\"400\" height=\"261\" \/><\/a>Desde o dia 31 de janeiro os policiais militares da Bahia est\u00e3o em greve por melhores condi\u00e7\u00f5es salariais e de trabalho e tamb\u00e9m pela anistia aos l\u00edderes de greves passadas da categoria. Como forma de pressionar o governo petista de Jaques Wagner, parte dos grevistas ocupou a Assembleia Legislativa da Bahia. A greve \u00e9 forte e se espalhou por todo o Estado, com forte ades\u00e3o da categoria. Com a greve, as condi\u00e7\u00f5es de seguran\u00e7a p\u00fablica nas maiores cidades baianas, sobretudo em Salvador, se deterioraram ainda mais.<\/p>\n<p>O governo Wagner, junto com o governo Dilma, resolveu radicalizar contra o movimento grevista e enviaram para Salvador tropas federais e o Ex\u00e9rcito, que chegaram a cercar o pr\u00e9dio da Assembleia Legislativa, cujas cenas de enfrentamento e de guerra foram fartamente divulgadas pela m\u00eddia nacional. Paralelo a isto, o governo conseguiu com a Justi\u00e7a Federal mandados de pris\u00e3o contra lideran\u00e7as do movimento, passando a tratar os l\u00edderes da greve como foragidos da Justi\u00e7a.<\/p>\n<p>O PSOL est\u00e1 desde os primeiros momentos na trincheira desta luta que j\u00e1 se nacionalizou. Militantes do PSOL est\u00e3o entrincheirados na Assembleia Legislativa, participando ativamente das articula\u00e7\u00f5es junto ao Comando da Greve. Lideran\u00e7as sindicais do PSOL em Salvador organizam atividades de apoio e solidariedade. No dia 6 de fevereiro, uma comiss\u00e3o da Executiva Nacional do PSOL esteve em Salvador, com o presidente nacional do PSOL, deputado federal Ivan Valente (PSOL-SP), e o secret\u00e1rio geral nacional do Partido, Edilson Silva. O objetivo da presen\u00e7a da comiss\u00e3o foi buscar abrir um canal de negocia\u00e7\u00e3o entre o comando de greve e o governo, visto que o clima belicoso encaminhava-se para um desfecho sangrento e uma poss\u00edvel derrota hist\u00f3rica do movimento.<\/p>\n<p>A partir da interven\u00e7\u00e3o de v\u00e1rias lideran\u00e7as nacionais do PSOL, como Heloisa Helena, a deputada Janira Rocha, o deputado Jean Wyllys e o senador Randolfe, e do pr\u00f3prio deputado Ivan Valente, conseguimos abrir canais renovados de di\u00e1logo. A CNBB entrou no processo, o Minist\u00e9rio P\u00fablico e a OAB tamb\u00e9m se posicionaram no sentido de contribuir. O senador Walter Pinheiro (PT-BA) e o deputado Nelson Pelegrino (PT-BA) &#8211; este \u00faltimo reuniu-se com Ivan Valente na sede do governo, passaram a compor um esfor\u00e7o no sentido de uma sa\u00edda que atendesse \u00e0s reivindica\u00e7\u00f5es dos grevistas sem um enfrentamento. O deputado Ivan Valente conseguiu, ap\u00f3s as reuni\u00f5es com lideran\u00e7as do governo, ingressar na Assembleia Legislativa ocupada e dialogar diretamente com o comando da greve, colocando o partido integralmente ao lado das reivindica\u00e7\u00f5es do movimento.<\/p>\n<p>Conseguimos articular ainda a presen\u00e7a da Associa\u00e7\u00e3o dos Magistrados Militares no processo, via deputada Janira Rocha, assim como a articula\u00e7\u00e3o da Comiss\u00e3o Nacional de Seguran\u00e7a P\u00fablica do Senado, composta entre outros pelo senador Randolfe. Ambas as iniciativas dever\u00e3o fazer-se presentes em Salvador nas pr\u00f3ximas horas.<\/p>\n<p>Al\u00e9m disso, lideran\u00e7as sindicais do PSOL est\u00e3o deslocando-se \u00e0 Bahia para somarem-se \u00e0 resist\u00eancia local em defesa da greve e contra a criminaliza\u00e7\u00e3o do movimento, patrocinada pelos governos Wagner e Dilma.<\/p>\n<p>A luta segue e ainda est\u00e1 em aberto. As pr\u00f3ximas horas ser\u00e3o cruciais e a dire\u00e7\u00e3o do PSOL est\u00e1 empenhada 24 horas por dia na articula\u00e7\u00e3o de a\u00e7\u00f5es de apoio, solidariedade e manuten\u00e7\u00e3o e amplia\u00e7\u00e3o dos canais de negocia\u00e7\u00e3o para o atendimento das reivindica\u00e7\u00f5es do movimento.<\/p>\n<p>*Dire\u00e7\u00e3o Nacional do PSOL<\/p>\n","protected":false},"excerpt":{"rendered":"<p>Desde o dia 31 de janeiro os policiais militares da Bahia est\u00e3o em greve por melhores condi\u00e7\u00f5es salariais e de trabalho e tamb\u00e9m pela anistia aos l\u00edderes de greves passadas da categoria. Como forma de pressionar o governo petista de Jaques Wagner, parte dos grevistas ocupou a Assembleia Legislativa da Bahia. A greve \u00e9 forte [&hellip;]<\/p>\n","protected":false},"author":2,"featured_media":0,"comment_status":"open","ping_status":"open","sticky":false,"template":"","format":"standard","meta":{"_acf_changed":false,"footnotes":""},"categories":[4766],"tags":[22],"class_list":{"0":"post-995","1":"post","2":"type-post","3":"status-publish","4":"format-standard","6":"category-arquivo","7":"tag-psol"},"acf":[],"yoast_head":"<!-- This site is optimized with the Yoast SEO plugin v26.5 - https:\/\/yoast.com\/wordpress\/plugins\/seo\/ -->\n<title>PSOL na luta e na solidariedade \u00e0 greve dos PMs na Bahia - PSOL 50<\/title>\n<meta name=\"robots\" content=\"index, follow, max-snippet:-1, max-image-preview:large, max-video-preview:-1\" \/>\n<link rel=\"canonical\" href=\"https:\/\/psol50.org.br\/psol-na-luta-e-na-solidariedade-a-greve-dos-pms-na-bahia\/\" \/>\n<meta property=\"og:locale\" content=\"pt_BR\" \/>\n<meta property=\"og:type\" content=\"article\" \/>\n<meta property=\"og:title\" content=\"PSOL na luta e na solidariedade \u00e0 greve dos PMs na Bahia - PSOL 50\" \/>\n<meta property=\"og:description\" content=\"Desde o dia 31 de janeiro os policiais militares da Bahia est\u00e3o em greve por melhores condi\u00e7\u00f5es salariais e de trabalho e tamb\u00e9m pela anistia aos l\u00edderes de greves passadas da categoria. Como forma de pressionar o governo petista de Jaques Wagner, parte dos grevistas ocupou a Assembleia Legislativa da Bahia. A greve \u00e9 forte [&hellip;]\" \/>\n<meta property=\"og:url\" content=\"https:\/\/psol50.org.br\/psol-na-luta-e-na-solidariedade-a-greve-dos-pms-na-bahia\/\" \/>\n<meta property=\"og:site_name\" content=\"PSOL 50\" \/>\n<meta property=\"article:publisher\" content=\"https:\/\/www.facebook.com\/psol50\" \/>\n<meta property=\"article:published_time\" content=\"2012-02-07T00:00:00+00:00\" \/>\n<meta property=\"og:image\" content=\"http:\/\/psol50.org.br\/files\/2012\/02\/AssembLegBA_GrevePM.jpg\" \/>\n<meta name=\"author\" content=\"Comunica\u00e7\u00e3o PSOL\" \/>\n<meta name=\"twitter:card\" content=\"summary_large_image\" \/>\n<meta name=\"twitter:creator\" content=\"@psol50\" \/>\n<meta name=\"twitter:site\" content=\"@psol50\" \/>\n<meta name=\"twitter:label1\" content=\"Escrito por\" \/>\n\t<meta name=\"twitter:data1\" content=\"Comunica\u00e7\u00e3o PSOL\" \/>\n\t<meta name=\"twitter:label2\" content=\"Est. tempo de leitura\" \/>\n\t<meta name=\"twitter:data2\" content=\"3 minutos\" \/>\n<script type=\"application\/ld+json\" class=\"yoast-schema-graph\">{\"@context\":\"https:\/\/schema.org\",\"@graph\":[{\"@type\":\"Article\",\"@id\":\"https:\/\/psol50.org.br\/psol-na-luta-e-na-solidariedade-a-greve-dos-pms-na-bahia\/#article\",\"isPartOf\":{\"@id\":\"https:\/\/psol50.org.br\/psol-na-luta-e-na-solidariedade-a-greve-dos-pms-na-bahia\/\"},\"author\":{\"name\":\"Comunica\u00e7\u00e3o PSOL\",\"@id\":\"https:\/\/psol50.org.br\/#\/schema\/person\/475dfa57d0b815993c714c2e96491fcd\"},\"headline\":\"PSOL na luta e na solidariedade \u00e0 greve dos PMs na Bahia\",\"datePublished\":\"2012-02-07T00:00:00+00:00\",\"mainEntityOfPage\":{\"@id\":\"https:\/\/psol50.org.br\/psol-na-luta-e-na-solidariedade-a-greve-dos-pms-na-bahia\/\"},\"wordCount\":602,\"commentCount\":0,\"publisher\":{\"@id\":\"https:\/\/psol50.org.br\/#organization\"},\"image\":{\"@id\":\"https:\/\/psol50.org.br\/psol-na-luta-e-na-solidariedade-a-greve-dos-pms-na-bahia\/#primaryimage\"},\"thumbnailUrl\":\"http:\/\/psol50.org.br\/files\/2012\/02\/AssembLegBA_GrevePM.jpg\",\"keywords\":[\"PSOL\"],\"articleSection\":[\"Arquivo\"],\"inLanguage\":\"pt-BR\",\"potentialAction\":[{\"@type\":\"CommentAction\",\"name\":\"Comment\",\"target\":[\"https:\/\/psol50.org.br\/psol-na-luta-e-na-solidariedade-a-greve-dos-pms-na-bahia\/#respond\"]}]},{\"@type\":\"WebPage\",\"@id\":\"https:\/\/psol50.org.br\/psol-na-luta-e-na-solidariedade-a-greve-dos-pms-na-bahia\/\",\"url\":\"https:\/\/psol50.org.br\/psol-na-luta-e-na-solidariedade-a-greve-dos-pms-na-bahia\/\",\"name\":\"PSOL na luta e na solidariedade \u00e0 greve dos PMs na Bahia - PSOL 50\",\"isPartOf\":{\"@id\":\"https:\/\/psol50.org.br\/#website\"},\"primaryImageOfPage\":{\"@id\":\"https:\/\/psol50.org.br\/psol-na-luta-e-na-solidariedade-a-greve-dos-pms-na-bahia\/#primaryimage\"},\"image\":{\"@id\":\"https:\/\/psol50.org.br\/psol-na-luta-e-na-solidariedade-a-greve-dos-pms-na-bahia\/#primaryimage\"},\"thumbnailUrl\":\"http:\/\/psol50.org.br\/files\/2012\/02\/AssembLegBA_GrevePM.jpg\",\"datePublished\":\"2012-02-07T00:00:00+00:00\",\"breadcrumb\":{\"@id\":\"https:\/\/psol50.org.br\/psol-na-luta-e-na-solidariedade-a-greve-dos-pms-na-bahia\/#breadcrumb\"},\"inLanguage\":\"pt-BR\",\"potentialAction\":[{\"@type\":\"ReadAction\",\"target\":[\"https:\/\/psol50.org.br\/psol-na-luta-e-na-solidariedade-a-greve-dos-pms-na-bahia\/\"]}]},{\"@type\":\"ImageObject\",\"inLanguage\":\"pt-BR\",\"@id\":\"https:\/\/psol50.org.br\/psol-na-luta-e-na-solidariedade-a-greve-dos-pms-na-bahia\/#primaryimage\",\"url\":\"http:\/\/psol50.org.br\/files\/2012\/02\/AssembLegBA_GrevePM.jpg\",\"contentUrl\":\"http:\/\/psol50.org.br\/files\/2012\/02\/AssembLegBA_GrevePM.jpg\"},{\"@type\":\"BreadcrumbList\",\"@id\":\"https:\/\/psol50.org.br\/psol-na-luta-e-na-solidariedade-a-greve-dos-pms-na-bahia\/#breadcrumb\",\"itemListElement\":[{\"@type\":\"ListItem\",\"position\":1,\"name\":\"In\u00edcio\",\"item\":\"https:\/\/psol50.org.br\/\"},{\"@type\":\"ListItem\",\"position\":2,\"name\":\"PSOL na luta e na solidariedade \u00e0 greve dos PMs na Bahia\"}]},{\"@type\":\"WebSite\",\"@id\":\"https:\/\/psol50.org.br\/#website\",\"url\":\"https:\/\/psol50.org.br\/\",\"name\":\"PSOL 50\",\"description\":\"Site oficial do Partido Socialismo e Liberdade\",\"publisher\":{\"@id\":\"https:\/\/psol50.org.br\/#organization\"},\"alternateName\":\"PSOL50\",\"potentialAction\":[{\"@type\":\"SearchAction\",\"target\":{\"@type\":\"EntryPoint\",\"urlTemplate\":\"https:\/\/psol50.org.br\/?s={search_term_string}\"},\"query-input\":{\"@type\":\"PropertyValueSpecification\",\"valueRequired\":true,\"valueName\":\"search_term_string\"}}],\"inLanguage\":\"pt-BR\"},{\"@type\":\"Organization\",\"@id\":\"https:\/\/psol50.org.br\/#organization\",\"name\":\"PSOL 50\",\"alternateName\":\"PSOL 50\",\"url\":\"https:\/\/psol50.org.br\/\",\"logo\":{\"@type\":\"ImageObject\",\"inLanguage\":\"pt-BR\",\"@id\":\"https:\/\/psol50.org.br\/#\/schema\/logo\/image\/\",\"url\":\"https:\/\/psol50.org.br\/inc\/uploads\/2018\/07\/capa.png\",\"contentUrl\":\"https:\/\/psol50.org.br\/inc\/uploads\/2018\/07\/capa.png\",\"width\":1350,\"height\":900,\"caption\":\"PSOL 50\"},\"image\":{\"@id\":\"https:\/\/psol50.org.br\/#\/schema\/logo\/image\/\"},\"sameAs\":[\"https:\/\/www.facebook.com\/psol50\",\"https:\/\/x.com\/psol50\",\"https:\/\/www.instagram.com\/psol50\/\",\"https:\/\/www.youtube.com\/channel\/UC7SnJS5o1os7a6CaiNabzcg\"]},{\"@type\":\"Person\",\"@id\":\"https:\/\/psol50.org.br\/#\/schema\/person\/475dfa57d0b815993c714c2e96491fcd\",\"name\":\"Comunica\u00e7\u00e3o PSOL\",\"image\":{\"@type\":\"ImageObject\",\"inLanguage\":\"pt-BR\",\"@id\":\"https:\/\/psol50.org.br\/#\/schema\/person\/image\/\",\"url\":\"https:\/\/secure.gravatar.com\/avatar\/b34fc4f4e468a4e51785917065a3db57b841f5c95dba6ad8c73aaf8f66f8f9bf?s=96&d=mm&r=g\",\"contentUrl\":\"https:\/\/secure.gravatar.com\/avatar\/b34fc4f4e468a4e51785917065a3db57b841f5c95dba6ad8c73aaf8f66f8f9bf?s=96&d=mm&r=g\",\"caption\":\"Comunica\u00e7\u00e3o PSOL\"}}]}<\/script>\n<!-- \/ Yoast SEO plugin. -->","yoast_head_json":{"title":"PSOL na luta e na solidariedade \u00e0 greve dos PMs na Bahia - PSOL 50","robots":{"index":"index","follow":"follow","max-snippet":"max-snippet:-1","max-image-preview":"max-image-preview:large","max-video-preview":"max-video-preview:-1"},"canonical":"https:\/\/psol50.org.br\/psol-na-luta-e-na-solidariedade-a-greve-dos-pms-na-bahia\/","og_locale":"pt_BR","og_type":"article","og_title":"PSOL na luta e na solidariedade \u00e0 greve dos PMs na Bahia - PSOL 50","og_description":"Desde o dia 31 de janeiro os policiais militares da Bahia est\u00e3o em greve por melhores condi\u00e7\u00f5es salariais e de trabalho e tamb\u00e9m pela anistia aos l\u00edderes de greves passadas da categoria. Como forma de pressionar o governo petista de Jaques Wagner, parte dos grevistas ocupou a Assembleia Legislativa da Bahia. A greve \u00e9 forte [&hellip;]","og_url":"https:\/\/psol50.org.br\/psol-na-luta-e-na-solidariedade-a-greve-dos-pms-na-bahia\/","og_site_name":"PSOL 50","article_publisher":"https:\/\/www.facebook.com\/psol50","article_published_time":"2012-02-07T00:00:00+00:00","og_image":[{"url":"http:\/\/psol50.org.br\/files\/2012\/02\/AssembLegBA_GrevePM.jpg","type":"","width":"","height":""}],"author":"Comunica\u00e7\u00e3o PSOL","twitter_card":"summary_large_image","twitter_creator":"@psol50","twitter_site":"@psol50","twitter_misc":{"Escrito por":"Comunica\u00e7\u00e3o PSOL","Est. tempo de leitura":"3 minutos"},"schema":{"@context":"https:\/\/schema.org","@graph":[{"@type":"Article","@id":"https:\/\/psol50.org.br\/psol-na-luta-e-na-solidariedade-a-greve-dos-pms-na-bahia\/#article","isPartOf":{"@id":"https:\/\/psol50.org.br\/psol-na-luta-e-na-solidariedade-a-greve-dos-pms-na-bahia\/"},"author":{"name":"Comunica\u00e7\u00e3o PSOL","@id":"https:\/\/psol50.org.br\/#\/schema\/person\/475dfa57d0b815993c714c2e96491fcd"},"headline":"PSOL na luta e na solidariedade \u00e0 greve dos PMs na Bahia","datePublished":"2012-02-07T00:00:00+00:00","mainEntityOfPage":{"@id":"https:\/\/psol50.org.br\/psol-na-luta-e-na-solidariedade-a-greve-dos-pms-na-bahia\/"},"wordCount":602,"commentCount":0,"publisher":{"@id":"https:\/\/psol50.org.br\/#organization"},"image":{"@id":"https:\/\/psol50.org.br\/psol-na-luta-e-na-solidariedade-a-greve-dos-pms-na-bahia\/#primaryimage"},"thumbnailUrl":"http:\/\/psol50.org.br\/files\/2012\/02\/AssembLegBA_GrevePM.jpg","keywords":["PSOL"],"articleSection":["Arquivo"],"inLanguage":"pt-BR","potentialAction":[{"@type":"CommentAction","name":"Comment","target":["https:\/\/psol50.org.br\/psol-na-luta-e-na-solidariedade-a-greve-dos-pms-na-bahia\/#respond"]}]},{"@type":"WebPage","@id":"https:\/\/psol50.org.br\/psol-na-luta-e-na-solidariedade-a-greve-dos-pms-na-bahia\/","url":"https:\/\/psol50.org.br\/psol-na-luta-e-na-solidariedade-a-greve-dos-pms-na-bahia\/","name":"PSOL na luta e na solidariedade \u00e0 greve dos PMs na Bahia - PSOL 50","isPartOf":{"@id":"https:\/\/psol50.org.br\/#website"},"primaryImageOfPage":{"@id":"https:\/\/psol50.org.br\/psol-na-luta-e-na-solidariedade-a-greve-dos-pms-na-bahia\/#primaryimage"},"image":{"@id":"https:\/\/psol50.org.br\/psol-na-luta-e-na-solidariedade-a-greve-dos-pms-na-bahia\/#primaryimage"},"thumbnailUrl":"http:\/\/psol50.org.br\/files\/2012\/02\/AssembLegBA_GrevePM.jpg","datePublished":"2012-02-07T00:00:00+00:00","breadcrumb":{"@id":"https:\/\/psol50.org.br\/psol-na-luta-e-na-solidariedade-a-greve-dos-pms-na-bahia\/#breadcrumb"},"inLanguage":"pt-BR","potentialAction":[{"@type":"ReadAction","target":["https:\/\/psol50.org.br\/psol-na-luta-e-na-solidariedade-a-greve-dos-pms-na-bahia\/"]}]},{"@type":"ImageObject","inLanguage":"pt-BR","@id":"https:\/\/psol50.org.br\/psol-na-luta-e-na-solidariedade-a-greve-dos-pms-na-bahia\/#primaryimage","url":"http:\/\/psol50.org.br\/files\/2012\/02\/AssembLegBA_GrevePM.jpg","contentUrl":"http:\/\/psol50.org.br\/files\/2012\/02\/AssembLegBA_GrevePM.jpg"},{"@type":"BreadcrumbList","@id":"https:\/\/psol50.org.br\/psol-na-luta-e-na-solidariedade-a-greve-dos-pms-na-bahia\/#breadcrumb","itemListElement":[{"@type":"ListItem","position":1,"name":"In\u00edcio","item":"https:\/\/psol50.org.br\/"},{"@type":"ListItem","position":2,"name":"PSOL na luta e na solidariedade \u00e0 greve dos PMs na Bahia"}]},{"@type":"WebSite","@id":"https:\/\/psol50.org.br\/#website","url":"https:\/\/psol50.org.br\/","name":"PSOL 50","description":"Site oficial do Partido Socialismo e Liberdade","publisher":{"@id":"https:\/\/psol50.org.br\/#organization"},"alternateName":"PSOL50","potentialAction":[{"@type":"SearchAction","target":{"@type":"EntryPoint","urlTemplate":"https:\/\/psol50.org.br\/?s={search_term_string}"},"query-input":{"@type":"PropertyValueSpecification","valueRequired":true,"valueName":"search_term_string"}}],"inLanguage":"pt-BR"},{"@type":"Organization","@id":"https:\/\/psol50.org.br\/#organization","name":"PSOL 50","alternateName":"PSOL 50","url":"https:\/\/psol50.org.br\/","logo":{"@type":"ImageObject","inLanguage":"pt-BR","@id":"https:\/\/psol50.org.br\/#\/schema\/logo\/image\/","url":"https:\/\/psol50.org.br\/inc\/uploads\/2018\/07\/capa.png","contentUrl":"https:\/\/psol50.org.br\/inc\/uploads\/2018\/07\/capa.png","width":1350,"height":900,"caption":"PSOL 50"},"image":{"@id":"https:\/\/psol50.org.br\/#\/schema\/logo\/image\/"},"sameAs":["https:\/\/www.facebook.com\/psol50","https:\/\/x.com\/psol50","https:\/\/www.instagram.com\/psol50\/","https:\/\/www.youtube.com\/channel\/UC7SnJS5o1os7a6CaiNabzcg"]},{"@type":"Person","@id":"https:\/\/psol50.org.br\/#\/schema\/person\/475dfa57d0b815993c714c2e96491fcd","name":"Comunica\u00e7\u00e3o PSOL","image":{"@type":"ImageObject","inLanguage":"pt-BR","@id":"https:\/\/psol50.org.br\/#\/schema\/person\/image\/","url":"https:\/\/secure.gravatar.com\/avatar\/b34fc4f4e468a4e51785917065a3db57b841f5c95dba6ad8c73aaf8f66f8f9bf?s=96&d=mm&r=g","contentUrl":"https:\/\/secure.gravatar.com\/avatar\/b34fc4f4e468a4e51785917065a3db57b841f5c95dba6ad8c73aaf8f66f8f9bf?s=96&d=mm&r=g","caption":"Comunica\u00e7\u00e3o PSOL"}}]}},"_links":{"self":[{"href":"https:\/\/psol50.org.br\/rest\/wp\/v2\/posts\/995","targetHints":{"allow":["GET"]}}],"collection":[{"href":"https:\/\/psol50.org.br\/rest\/wp\/v2\/posts"}],"about":[{"href":"https:\/\/psol50.org.br\/rest\/wp\/v2\/types\/post"}],"author":[{"embeddable":true,"href":"https:\/\/psol50.org.br\/rest\/wp\/v2\/users\/2"}],"replies":[{"embeddable":true,"href":"https:\/\/psol50.org.br\/rest\/wp\/v2\/comments?post=995"}],"version-history":[{"count":0,"href":"https:\/\/psol50.org.br\/rest\/wp\/v2\/posts\/995\/revisions"}],"wp:attachment":[{"href":"https:\/\/psol50.org.br\/rest\/wp\/v2\/media?parent=995"}],"wp:term":[{"taxonomy":"category","embeddable":true,"href":"https:\/\/psol50.org.br\/rest\/wp\/v2\/categories?post=995"},{"taxonomy":"post_tag","embeddable":true,"href":"https:\/\/psol50.org.br\/rest\/wp\/v2\/tags?post=995"}],"curies":[{"name":"wp","href":"https:\/\/api.w.org\/{rel}","templated":true}]}}