{"id":9951,"date":"2015-08-11T00:40:05","date_gmt":"2015-08-11T00:40:05","guid":{"rendered":"http:\/\/179.190.55.146\/~psol5185\/?p=9951"},"modified":"2015-08-11T00:40:05","modified_gmt":"2015-08-11T00:40:05","slug":"quanto-custa-permanecer-no-cargo","status":"publish","type":"post","link":"https:\/\/psol50.org.br\/quanto-custa-permanecer-no-cargo\/","title":{"rendered":"Quanto custa permanecer no cargo?"},"content":{"rendered":"<p><em><strong>Talvez esta seja a pergunta mais relevante a se fazer nesta primeira quinzena de agosto. V\u00e1rios sinais exigem resposta a esta pergunta.<\/strong><\/em><br \/>\nO primeiro sinal veio do empresariado, representado pelas duas federa\u00e7\u00f5es mais poderosas do setor (FIRJAN e FIESP), preocupadas com a recess\u00e3o e diminui\u00e7\u00e3o consequente dos seus lucros, com a paralisia de obras federais na esteira da condena\u00e7\u00e3o de grandes empreiteiras e com os exageros de Eduardo Cunha na vota\u00e7\u00e3o de medidas que detonam com o ajuste fiscal pelo lado do aumento dos gastos p\u00fablicos. O segundo sinal veio, na mesma dire\u00e7\u00e3o, em editorial da Rede Globo.<br \/>\nO governo petista decidiu ent\u00e3o, temendo o crescimento de manifesta\u00e7\u00f5es conservadoras pelo impeachment e amargando o fundo do po\u00e7o na avalia\u00e7\u00e3o do segundo mandato de Dilma, aprofundar a terceiriza\u00e7\u00e3o do combalido governo, numa estrat\u00e9gia para entregar mais e mais para a elite econ\u00f4mica em troca da perman\u00eancia no cargo. \u00c9 o desfecho do estelionato eleitoral iniciado em novembro, quando da montagem do minist\u00e9rio e do an\u00fancio das primeiras medidas do ajuste fiscal.<br \/>\nFoi atra\u00eddo para esta estrat\u00e9gia um pol\u00edtico tamb\u00e9m investigado pela Opera\u00e7\u00e3o Lava-Jato, mas com maior credibilidade no seio da elite e com menos voca\u00e7\u00e3o para aventuras. O presidente do Senado, Renan Calheiros, passa a ser pe\u00e7a chave desta estrat\u00e9gia. A mesma consiste em pactuar (governo, Senado e elite econ\u00f4mica) mudan\u00e7as legais que abram novas frentes de lucratividade para o empresariado, agradem seus diversos setores e sinalizem que, mesmo ficando no governo, o petismo completaria o ciclo de transmuta\u00e7\u00e3o e se afastaria de qualquer arroubo de defesa das parcas conquistas do per\u00edodo Lula. Renegariam tais conquistas como Judas em tempos idos, mas ao inv\u00e9s de trinta moedas, teriam que pagar alto ped\u00e1gio para se arrastar at\u00e9 o final do mandato.<br \/>\nO documento, denominado Agenda Brasil e que estaria sendo negociado entre Renan (representando o PMDB e ofertando a estabilidade que Cunha n\u00e3o tem oferecido no Congresso) e o ministro da Fazenda Joaquim Levy (representante dos interesses do capital financeiro), \u00e9 composto de vinte e oito ataques diretos aos direitos duramente conquistados. Destaco alguns destes itens, cujas verdadeiras inten\u00e7\u00f5es se escondem em frases gen\u00e9ricas e perigosas:<br \/>\nUm pacote de medidas direcionadas a dar \u201cseguran\u00e7a jur\u00eddica\u201d e mais facilidades para investimentos privados em \u00e1reas p\u00fablicas. Isso aparece como \u201cblindar as legisla\u00e7\u00f5es de contratos contra surpresas e mudan\u00e7as repentinas\u201d, no aperfei\u00e7oamento do \u201cmarco regulat\u00f3rio das concess\u00f5es,\u00a0para ampliar investimentos em infraestrutura\u201d. Merece destaque a chamada \u201cPEC das Obras\u00a0Estruturantes\u201d, que promover\u00e1 um \u201cprocesso de fast-track\u00a0para o licenciamento\u00a0ambiental\u00a0para obras\u00a0estruturantes\u00a0do\u00a0PAC e\u00a0dos programas de concess\u00e3o, com prazos m\u00e1ximos para emiss\u00e3o de licen\u00e7as\u201d.<br \/>\nAmplia\u00e7\u00e3o das frentes de atua\u00e7\u00e3o do capital, tirando \u201camarras\u201d que os governos petistas anteriores resistiram de tirar ou que a for\u00e7a do movimento social impediu. Destaque para o \u201cmarco jur\u00eddico do setor de minera\u00e7\u00e3o&#8221;, facilidades para \u201clicenciamento de investimentos na zona costeira, \u00e1reas naturais protegidas e cidades hist\u00f3ricas\u201d e, uma das maiores batalhas dos \u00faltimos tempos, consta tamb\u00e9m a \u201crevis\u00e3o dos marcos jur\u00eddicos que regulam \u00e1reas ind\u00edgenas\u201d. No mesmo caminho aparece a \u201creforma da lei das licita\u00e7\u00f5es\u201d.<br \/>\nH\u00e1 outro conjunto de propostas para precarizar e tornar mais barata a m\u00e3o-de-obra no pa\u00eds. A primeira, caracterizando que o governo abriu m\u00e3o de atender os reclamos das Centrais, \u00e9 a de \u201cregulamentar o ambiente institucional dos trabalhadores terceirizados\u201d, eufemismo para regulamentar em larga escala esta mudan\u00e7a profunda nas rela\u00e7\u00f5es de trabalho.<br \/>\nMesmo que \u201cdourado\u201d em preocupa\u00e7\u00f5es com a desigualdade social, quando o documento aborda a \u00e1rea social, aparece primeiro a proposta de \u201cfavorecer maior desvincula\u00e7\u00e3o da receita or\u00e7ament\u00e1ria,\u00a0dando maior flexibilidade ao gasto p\u00fablico\u201d, ou seja, colocar na pauta o velho sonho do governo federal e seus cong\u00eaneres que \u00e9 dar um fim na vincula\u00e7\u00e3o constitucional de receitas, conquista que \u00e9 respons\u00e1vel pelo sistema educacional e de sa\u00fade que temos. E anuncia a terceira etapa da reforma da previd\u00eancia, proposta que nunca saiu da pauta do governo, mas que estava parada devido \u00e0 rea\u00e7\u00e3o da antiga base social do petismo. A proposta \u00e9 \u201campliar idade m\u00ednima para aposentadoria,\u00a0mediante estudos atuariais e levando-se em conta a realidade das contas da previd\u00eancia social\u201d.<br \/>\nCom os cortes dos gastos sendo aprofundados, algumas medidas de melhoria de arrecada\u00e7\u00e3o e diminui\u00e7\u00e3o da guerra fiscal tamb\u00e9m s\u00e3o apresentadas, mas n\u00e3o s\u00e3o a ess\u00eancia do projeto, ajudam apenas a angariar apoio para as maldades acima relacionadas no seio dos governadores.<br \/>\nEste pequeno resumo d\u00e1 uma ideia de que a pauta conservadora (na sua vers\u00e3o mais ampliada) vinha sendo mitigada nos doze anos do petismo. Depois de ter sido criticada durante a campanha eleitoral, a crise econ\u00f4mica e pol\u00edtica propiciou um aprofundamento de medidas impopulares e a sua n\u00e3o solu\u00e7\u00e3o est\u00e1 levando agora ao governo abrir m\u00e3o de qualquer melindre com o projeto que implementou. A pauta da direita n\u00e3o s\u00f3 est\u00e1 destravada, como \u00e9 condi\u00e7\u00e3o sine qua non para a perman\u00eancia de Dilma no Pal\u00e1cio da Alvaroda.<br \/>\nDiante desta movimenta\u00e7\u00e3o soa totalmente rid\u00edcula e anacr\u00f4nica a tentativa do PT de se apropriar do protesto marcado para o dia 20 de agosto. A convocat\u00f3ria \u00e9 uma dura cr\u00edtica aos rumos do governo e aos ataques conservadores. As seguidas concess\u00f5es que o governo vem fazendo mostram que n\u00e3o h\u00e1 nenhuma aposta no apoio dos trabalhadores, muito menos inten\u00e7\u00e3o de qualquer guinada \u00e0 esquerda. A sobreviv\u00eancia do governo est\u00e1 diretamente vinculada \u00e0 sua capacidade de entregar n\u00e3o somente os an\u00e9is, mas os dedos e o restante do seu corpo.<br \/>\nVoltando \u00e0 pergunta inicial, a perman\u00eancia no poder, na id\u00edlica expectativa de sobreviver como projeto de poder nas elei\u00e7\u00f5es de 2016 e 2018, afasta de forma definitiva o PT da base social que o construiu e dos setores que o sustentaram durante doze anos. H\u00e1 outro caminho, mas ele nem faz parte dos c\u00e1lculos do petismo. Foram muito longe para voltar. Agora somente possuem o objetivo de sobreviver, mesmo que a conta para as classes trabalhadoras e para a esquerda seja extremamente alta.<\/p>\n<div class=\"txtPrint\"><\/div>\n","protected":false},"excerpt":{"rendered":"<p>Talvez esta seja a pergunta mais relevante a se fazer nesta primeira quinzena de agosto. V\u00e1rios sinais exigem resposta a esta pergunta. O primeiro sinal veio do empresariado, representado pelas duas federa\u00e7\u00f5es mais poderosas do setor (FIRJAN e FIESP), preocupadas com a recess\u00e3o e diminui\u00e7\u00e3o consequente dos seus lucros, com a paralisia de obras federais [&hellip;]<\/p>\n","protected":false},"author":2,"featured_media":0,"comment_status":"open","ping_status":"open","sticky":false,"template":"","format":"standard","meta":{"_acf_changed":false,"footnotes":""},"categories":[3],"tags":[2768,2259,3964,319,45],"class_list":{"0":"post-9951","1":"post","2":"type-post","3":"status-publish","4":"format-standard","6":"category-artigos-e-entrevistas","7":"tag-crise-economica","8":"tag-crise-politica","9":"tag-dilma","10":"tag-pt","11":"tag-stf"},"acf":[],"yoast_head":"<!-- This site is optimized with the Yoast SEO plugin v26.5 - https:\/\/yoast.com\/wordpress\/plugins\/seo\/ -->\n<title>Quanto custa permanecer no cargo? - PSOL 50<\/title>\n<meta name=\"robots\" content=\"index, follow, max-snippet:-1, max-image-preview:large, max-video-preview:-1\" \/>\n<link rel=\"canonical\" href=\"https:\/\/psol50.org.br\/quanto-custa-permanecer-no-cargo\/\" \/>\n<meta property=\"og:locale\" content=\"pt_BR\" \/>\n<meta property=\"og:type\" content=\"article\" \/>\n<meta property=\"og:title\" content=\"Quanto custa permanecer no cargo? - PSOL 50\" \/>\n<meta property=\"og:description\" content=\"Talvez esta seja a pergunta mais relevante a se fazer nesta primeira quinzena de agosto. V\u00e1rios sinais exigem resposta a esta pergunta. O primeiro sinal veio do empresariado, representado pelas duas federa\u00e7\u00f5es mais poderosas do setor (FIRJAN e FIESP), preocupadas com a recess\u00e3o e diminui\u00e7\u00e3o consequente dos seus lucros, com a paralisia de obras federais [&hellip;]\" \/>\n<meta property=\"og:url\" content=\"https:\/\/psol50.org.br\/quanto-custa-permanecer-no-cargo\/\" \/>\n<meta property=\"og:site_name\" content=\"PSOL 50\" \/>\n<meta property=\"article:publisher\" content=\"https:\/\/www.facebook.com\/psol50\" \/>\n<meta property=\"article:published_time\" content=\"2015-08-11T00:40:05+00:00\" \/>\n<meta property=\"og:image\" content=\"https:\/\/psol50.org.br\/inc\/uploads\/2018\/07\/capa.png\" \/>\n\t<meta property=\"og:image:width\" content=\"1350\" \/>\n\t<meta property=\"og:image:height\" content=\"900\" \/>\n\t<meta property=\"og:image:type\" content=\"image\/png\" \/>\n<meta name=\"author\" content=\"Comunica\u00e7\u00e3o PSOL\" \/>\n<meta name=\"twitter:card\" content=\"summary_large_image\" \/>\n<meta name=\"twitter:creator\" content=\"@psol50\" \/>\n<meta name=\"twitter:site\" content=\"@psol50\" \/>\n<meta name=\"twitter:label1\" content=\"Escrito por\" \/>\n\t<meta name=\"twitter:data1\" content=\"Comunica\u00e7\u00e3o PSOL\" \/>\n\t<meta name=\"twitter:label2\" content=\"Est. tempo de leitura\" \/>\n\t<meta name=\"twitter:data2\" content=\"5 minutos\" \/>\n<script type=\"application\/ld+json\" class=\"yoast-schema-graph\">{\"@context\":\"https:\/\/schema.org\",\"@graph\":[{\"@type\":\"Article\",\"@id\":\"https:\/\/psol50.org.br\/quanto-custa-permanecer-no-cargo\/#article\",\"isPartOf\":{\"@id\":\"https:\/\/psol50.org.br\/quanto-custa-permanecer-no-cargo\/\"},\"author\":{\"name\":\"Comunica\u00e7\u00e3o PSOL\",\"@id\":\"https:\/\/psol50.org.br\/#\/schema\/person\/475dfa57d0b815993c714c2e96491fcd\"},\"headline\":\"Quanto custa permanecer no cargo?\",\"datePublished\":\"2015-08-11T00:40:05+00:00\",\"mainEntityOfPage\":{\"@id\":\"https:\/\/psol50.org.br\/quanto-custa-permanecer-no-cargo\/\"},\"wordCount\":1081,\"commentCount\":0,\"publisher\":{\"@id\":\"https:\/\/psol50.org.br\/#organization\"},\"keywords\":[\"crise econ\u00f4mica\",\"crise pol\u00edtica\",\"Dilma\",\"PT\",\"STF\"],\"articleSection\":[\"Artigos\"],\"inLanguage\":\"pt-BR\",\"potentialAction\":[{\"@type\":\"CommentAction\",\"name\":\"Comment\",\"target\":[\"https:\/\/psol50.org.br\/quanto-custa-permanecer-no-cargo\/#respond\"]}]},{\"@type\":\"WebPage\",\"@id\":\"https:\/\/psol50.org.br\/quanto-custa-permanecer-no-cargo\/\",\"url\":\"https:\/\/psol50.org.br\/quanto-custa-permanecer-no-cargo\/\",\"name\":\"Quanto custa permanecer no cargo? - PSOL 50\",\"isPartOf\":{\"@id\":\"https:\/\/psol50.org.br\/#website\"},\"datePublished\":\"2015-08-11T00:40:05+00:00\",\"breadcrumb\":{\"@id\":\"https:\/\/psol50.org.br\/quanto-custa-permanecer-no-cargo\/#breadcrumb\"},\"inLanguage\":\"pt-BR\",\"potentialAction\":[{\"@type\":\"ReadAction\",\"target\":[\"https:\/\/psol50.org.br\/quanto-custa-permanecer-no-cargo\/\"]}]},{\"@type\":\"BreadcrumbList\",\"@id\":\"https:\/\/psol50.org.br\/quanto-custa-permanecer-no-cargo\/#breadcrumb\",\"itemListElement\":[{\"@type\":\"ListItem\",\"position\":1,\"name\":\"In\u00edcio\",\"item\":\"https:\/\/psol50.org.br\/\"},{\"@type\":\"ListItem\",\"position\":2,\"name\":\"Quanto custa permanecer no cargo?\"}]},{\"@type\":\"WebSite\",\"@id\":\"https:\/\/psol50.org.br\/#website\",\"url\":\"https:\/\/psol50.org.br\/\",\"name\":\"PSOL 50\",\"description\":\"Site oficial do Partido Socialismo e Liberdade\",\"publisher\":{\"@id\":\"https:\/\/psol50.org.br\/#organization\"},\"alternateName\":\"PSOL50\",\"potentialAction\":[{\"@type\":\"SearchAction\",\"target\":{\"@type\":\"EntryPoint\",\"urlTemplate\":\"https:\/\/psol50.org.br\/?s={search_term_string}\"},\"query-input\":{\"@type\":\"PropertyValueSpecification\",\"valueRequired\":true,\"valueName\":\"search_term_string\"}}],\"inLanguage\":\"pt-BR\"},{\"@type\":\"Organization\",\"@id\":\"https:\/\/psol50.org.br\/#organization\",\"name\":\"PSOL 50\",\"alternateName\":\"PSOL 50\",\"url\":\"https:\/\/psol50.org.br\/\",\"logo\":{\"@type\":\"ImageObject\",\"inLanguage\":\"pt-BR\",\"@id\":\"https:\/\/psol50.org.br\/#\/schema\/logo\/image\/\",\"url\":\"https:\/\/psol50.org.br\/inc\/uploads\/2018\/07\/capa.png\",\"contentUrl\":\"https:\/\/psol50.org.br\/inc\/uploads\/2018\/07\/capa.png\",\"width\":1350,\"height\":900,\"caption\":\"PSOL 50\"},\"image\":{\"@id\":\"https:\/\/psol50.org.br\/#\/schema\/logo\/image\/\"},\"sameAs\":[\"https:\/\/www.facebook.com\/psol50\",\"https:\/\/x.com\/psol50\",\"https:\/\/www.instagram.com\/psol50\/\",\"https:\/\/www.youtube.com\/channel\/UC7SnJS5o1os7a6CaiNabzcg\"]},{\"@type\":\"Person\",\"@id\":\"https:\/\/psol50.org.br\/#\/schema\/person\/475dfa57d0b815993c714c2e96491fcd\",\"name\":\"Comunica\u00e7\u00e3o PSOL\",\"image\":{\"@type\":\"ImageObject\",\"inLanguage\":\"pt-BR\",\"@id\":\"https:\/\/psol50.org.br\/#\/schema\/person\/image\/\",\"url\":\"https:\/\/secure.gravatar.com\/avatar\/b34fc4f4e468a4e51785917065a3db57b841f5c95dba6ad8c73aaf8f66f8f9bf?s=96&d=mm&r=g\",\"contentUrl\":\"https:\/\/secure.gravatar.com\/avatar\/b34fc4f4e468a4e51785917065a3db57b841f5c95dba6ad8c73aaf8f66f8f9bf?s=96&d=mm&r=g\",\"caption\":\"Comunica\u00e7\u00e3o PSOL\"}}]}<\/script>\n<!-- \/ Yoast SEO plugin. -->","yoast_head_json":{"title":"Quanto custa permanecer no cargo? - PSOL 50","robots":{"index":"index","follow":"follow","max-snippet":"max-snippet:-1","max-image-preview":"max-image-preview:large","max-video-preview":"max-video-preview:-1"},"canonical":"https:\/\/psol50.org.br\/quanto-custa-permanecer-no-cargo\/","og_locale":"pt_BR","og_type":"article","og_title":"Quanto custa permanecer no cargo? - PSOL 50","og_description":"Talvez esta seja a pergunta mais relevante a se fazer nesta primeira quinzena de agosto. V\u00e1rios sinais exigem resposta a esta pergunta. O primeiro sinal veio do empresariado, representado pelas duas federa\u00e7\u00f5es mais poderosas do setor (FIRJAN e FIESP), preocupadas com a recess\u00e3o e diminui\u00e7\u00e3o consequente dos seus lucros, com a paralisia de obras federais [&hellip;]","og_url":"https:\/\/psol50.org.br\/quanto-custa-permanecer-no-cargo\/","og_site_name":"PSOL 50","article_publisher":"https:\/\/www.facebook.com\/psol50","article_published_time":"2015-08-11T00:40:05+00:00","og_image":[{"width":1350,"height":900,"url":"https:\/\/psol50.org.br\/inc\/uploads\/2018\/07\/capa.png","type":"image\/png"}],"author":"Comunica\u00e7\u00e3o PSOL","twitter_card":"summary_large_image","twitter_creator":"@psol50","twitter_site":"@psol50","twitter_misc":{"Escrito por":"Comunica\u00e7\u00e3o PSOL","Est. tempo de leitura":"5 minutos"},"schema":{"@context":"https:\/\/schema.org","@graph":[{"@type":"Article","@id":"https:\/\/psol50.org.br\/quanto-custa-permanecer-no-cargo\/#article","isPartOf":{"@id":"https:\/\/psol50.org.br\/quanto-custa-permanecer-no-cargo\/"},"author":{"name":"Comunica\u00e7\u00e3o PSOL","@id":"https:\/\/psol50.org.br\/#\/schema\/person\/475dfa57d0b815993c714c2e96491fcd"},"headline":"Quanto custa permanecer no cargo?","datePublished":"2015-08-11T00:40:05+00:00","mainEntityOfPage":{"@id":"https:\/\/psol50.org.br\/quanto-custa-permanecer-no-cargo\/"},"wordCount":1081,"commentCount":0,"publisher":{"@id":"https:\/\/psol50.org.br\/#organization"},"keywords":["crise econ\u00f4mica","crise pol\u00edtica","Dilma","PT","STF"],"articleSection":["Artigos"],"inLanguage":"pt-BR","potentialAction":[{"@type":"CommentAction","name":"Comment","target":["https:\/\/psol50.org.br\/quanto-custa-permanecer-no-cargo\/#respond"]}]},{"@type":"WebPage","@id":"https:\/\/psol50.org.br\/quanto-custa-permanecer-no-cargo\/","url":"https:\/\/psol50.org.br\/quanto-custa-permanecer-no-cargo\/","name":"Quanto custa permanecer no cargo? - PSOL 50","isPartOf":{"@id":"https:\/\/psol50.org.br\/#website"},"datePublished":"2015-08-11T00:40:05+00:00","breadcrumb":{"@id":"https:\/\/psol50.org.br\/quanto-custa-permanecer-no-cargo\/#breadcrumb"},"inLanguage":"pt-BR","potentialAction":[{"@type":"ReadAction","target":["https:\/\/psol50.org.br\/quanto-custa-permanecer-no-cargo\/"]}]},{"@type":"BreadcrumbList","@id":"https:\/\/psol50.org.br\/quanto-custa-permanecer-no-cargo\/#breadcrumb","itemListElement":[{"@type":"ListItem","position":1,"name":"In\u00edcio","item":"https:\/\/psol50.org.br\/"},{"@type":"ListItem","position":2,"name":"Quanto custa permanecer no cargo?"}]},{"@type":"WebSite","@id":"https:\/\/psol50.org.br\/#website","url":"https:\/\/psol50.org.br\/","name":"PSOL 50","description":"Site oficial do Partido Socialismo e Liberdade","publisher":{"@id":"https:\/\/psol50.org.br\/#organization"},"alternateName":"PSOL50","potentialAction":[{"@type":"SearchAction","target":{"@type":"EntryPoint","urlTemplate":"https:\/\/psol50.org.br\/?s={search_term_string}"},"query-input":{"@type":"PropertyValueSpecification","valueRequired":true,"valueName":"search_term_string"}}],"inLanguage":"pt-BR"},{"@type":"Organization","@id":"https:\/\/psol50.org.br\/#organization","name":"PSOL 50","alternateName":"PSOL 50","url":"https:\/\/psol50.org.br\/","logo":{"@type":"ImageObject","inLanguage":"pt-BR","@id":"https:\/\/psol50.org.br\/#\/schema\/logo\/image\/","url":"https:\/\/psol50.org.br\/inc\/uploads\/2018\/07\/capa.png","contentUrl":"https:\/\/psol50.org.br\/inc\/uploads\/2018\/07\/capa.png","width":1350,"height":900,"caption":"PSOL 50"},"image":{"@id":"https:\/\/psol50.org.br\/#\/schema\/logo\/image\/"},"sameAs":["https:\/\/www.facebook.com\/psol50","https:\/\/x.com\/psol50","https:\/\/www.instagram.com\/psol50\/","https:\/\/www.youtube.com\/channel\/UC7SnJS5o1os7a6CaiNabzcg"]},{"@type":"Person","@id":"https:\/\/psol50.org.br\/#\/schema\/person\/475dfa57d0b815993c714c2e96491fcd","name":"Comunica\u00e7\u00e3o PSOL","image":{"@type":"ImageObject","inLanguage":"pt-BR","@id":"https:\/\/psol50.org.br\/#\/schema\/person\/image\/","url":"https:\/\/secure.gravatar.com\/avatar\/b34fc4f4e468a4e51785917065a3db57b841f5c95dba6ad8c73aaf8f66f8f9bf?s=96&d=mm&r=g","contentUrl":"https:\/\/secure.gravatar.com\/avatar\/b34fc4f4e468a4e51785917065a3db57b841f5c95dba6ad8c73aaf8f66f8f9bf?s=96&d=mm&r=g","caption":"Comunica\u00e7\u00e3o PSOL"}}]}},"_links":{"self":[{"href":"https:\/\/psol50.org.br\/rest\/wp\/v2\/posts\/9951","targetHints":{"allow":["GET"]}}],"collection":[{"href":"https:\/\/psol50.org.br\/rest\/wp\/v2\/posts"}],"about":[{"href":"https:\/\/psol50.org.br\/rest\/wp\/v2\/types\/post"}],"author":[{"embeddable":true,"href":"https:\/\/psol50.org.br\/rest\/wp\/v2\/users\/2"}],"replies":[{"embeddable":true,"href":"https:\/\/psol50.org.br\/rest\/wp\/v2\/comments?post=9951"}],"version-history":[{"count":0,"href":"https:\/\/psol50.org.br\/rest\/wp\/v2\/posts\/9951\/revisions"}],"wp:attachment":[{"href":"https:\/\/psol50.org.br\/rest\/wp\/v2\/media?parent=9951"}],"wp:term":[{"taxonomy":"category","embeddable":true,"href":"https:\/\/psol50.org.br\/rest\/wp\/v2\/categories?post=9951"},{"taxonomy":"post_tag","embeddable":true,"href":"https:\/\/psol50.org.br\/rest\/wp\/v2\/tags?post=9951"}],"curies":[{"name":"wp","href":"https:\/\/api.w.org\/{rel}","templated":true}]}}