{"id":9960,"date":"2015-09-09T00:46:42","date_gmt":"2015-09-09T00:46:42","guid":{"rendered":"http:\/\/179.190.55.146\/~psol5185\/?p=9960"},"modified":"2015-09-09T00:46:42","modified_gmt":"2015-09-09T00:46:42","slug":"legado-as-avessas","status":"publish","type":"post","link":"https:\/\/psol50.org.br\/legado-as-avessas\/","title":{"rendered":"Legado \u00e0s avessas"},"content":{"rendered":"<p><em>O Rio \u00e9 a cidade ol\u00edmpica onde a especula\u00e7\u00e3o imobili\u00e1ria tem mais f\u00f4lego do que o esporte, e a transpar\u00eancia foi desclassificada.<\/em><br \/>\nSeis anos ap\u00f3s sermos escolhidos sede dos Jogos de 2016, vemos a contradi\u00e7\u00e3o no topo do p\u00f3dio: 40% das escolas municipais n\u00e3o possuem quadras poliesportivas e promessas do atletismo n\u00e3o t\u00eam onde treinar.<br \/>\nDesde o fechamento do est\u00e1dio de atletismo C\u00e9lio de Barros, em 2013, atletas como Marcelle da Cruz e Uhuru Figueira, medalhistas em competi\u00e7\u00f5es nacionais e estaduais, treinam em locais inadequados, como cal\u00e7ad\u00f5es e pistas de asfalto, o que provoca les\u00f5es.<br \/>\nO sofrimento contrasta com o entusiasmo de Carlos Carvalho. Apesar de nunca ter arremessado um dardo, ele conquistou o ouro ol\u00edmpico.<br \/>\nSeu desempenho n\u00e3o \u00e9 medido em cent\u00e9simos ou jardas, mas em bilh\u00f5es que sua empresa, a Carvalho Hosken \u2013 que, em 2012, doou R$ 650 mil \u00e0 campanha de Eduardo Paes e ao PMDB \u2013, faturou em contratos com a prefeitura para construir o Parque Ol\u00edmpico e a Vila dos Atletas, na Barra da Tijuca. Ap\u00f3s os Jogos, os equipamentos ser\u00e3o transformados em condom\u00ednios de luxo.<br \/>\nO ouro n\u00e3o \u00e9 privil\u00e9gio da Carvalho Hosken. A delega\u00e7\u00e3o da Lava Jato, formada por sete empresas, ganhou 11 obras estrat\u00e9gicas para o evento, que somam R$ 27 bilh\u00f5es.<br \/>\nA desconfian\u00e7a \u00e9 incrementada pela falta de transpar\u00eancia da prefeitura, que n\u00e3o divulga os valores e a situa\u00e7\u00e3o dos contratos, apesar de R$ 18 bilh\u00f5es se referirem a projetos municipais. Uma das obras estrat\u00e9gicas \u00e9 o Parque Ol\u00edmpico, cujo cons\u00f3rcio \u00e9 completado pela Odebrecht e Andrade Gutierrez. L\u00e1, o esp\u00edrito ol\u00edmpico virou assombra\u00e7\u00e3o. As m\u00e1quinas que erguem o cora\u00e7\u00e3o dos Jogos reduziram a escombros a vida de 2.500 moradores da Vila Aut\u00f3dromo, comunidade vizinha.<br \/>\nAs fam\u00edlias foram removidas para dar lugar a uma \u00e1rea verde, que valorizar\u00e1 a vista dos apartamentos a serem comercializados pelas empresas. Ap\u00f3s a escolha do Rio como cidade-sede, 19 mil fam\u00edlias foram desapropriadas na cidade.<br \/>\nA poucos quil\u00f4metros dali, a destrui\u00e7\u00e3o ambiental e a especula\u00e7\u00e3o imobili\u00e1ria s\u00e3o parceiras na constru\u00e7\u00e3o do campo de golfe numa \u00e1rea de preserva\u00e7\u00e3o. O projeto inclui a retirada de 61 mil metros quadrados de vegeta\u00e7\u00e3o.<br \/>\nAl\u00e9m disso, a Fiori Empreendimentos, respons\u00e1vel pela obra, poder\u00e1 construir, na vizinhan\u00e7a do campo, 23 pr\u00e9dios com mais andares do que o permitido pela lei. O Minist\u00e9rio P\u00fablico investiga Paes por improbidade administrativa.<br \/>\nN\u00e3o sou contra a realiza\u00e7\u00e3o da Olimp\u00edada, mas n\u00e3o podemos esquecer que os Jogos duram apenas um m\u00eas. Quando a festa acabar, seremos n\u00f3s que viveremos cotidianamente com as sequelas desse modelo de gest\u00e3o.<br \/>\nArtigo publicado originalmente no jornal Folha de S\u00e3o Paulo.<\/p>\n<div class=\"txtPrint\"><\/div>\n","protected":false},"excerpt":{"rendered":"<p>O Rio \u00e9 a cidade ol\u00edmpica onde a especula\u00e7\u00e3o imobili\u00e1ria tem mais f\u00f4lego do que o esporte, e a transpar\u00eancia foi desclassificada. Seis anos ap\u00f3s sermos escolhidos sede dos Jogos de 2016, vemos a contradi\u00e7\u00e3o no topo do p\u00f3dio: 40% das escolas municipais n\u00e3o possuem quadras poliesportivas e promessas do atletismo n\u00e3o t\u00eam onde treinar. [&hellip;]<\/p>\n","protected":false},"author":2,"featured_media":0,"comment_status":"open","ping_status":"open","sticky":false,"template":"","format":"standard","meta":{"_acf_changed":false,"footnotes":""},"categories":[3],"tags":[161,3907],"class_list":{"0":"post-9960","1":"post","2":"type-post","3":"status-publish","4":"format-standard","6":"category-artigos-e-entrevistas","7":"tag-marcelo-freixo","8":"tag-olimpiadas-2016"},"acf":[],"yoast_head":"<!-- This site is optimized with the Yoast SEO plugin v26.5 - https:\/\/yoast.com\/wordpress\/plugins\/seo\/ -->\n<title>Legado \u00e0s avessas - PSOL 50<\/title>\n<meta name=\"robots\" content=\"index, follow, max-snippet:-1, max-image-preview:large, max-video-preview:-1\" \/>\n<link rel=\"canonical\" href=\"https:\/\/psol50.org.br\/legado-as-avessas\/\" \/>\n<meta property=\"og:locale\" content=\"pt_BR\" \/>\n<meta property=\"og:type\" content=\"article\" \/>\n<meta property=\"og:title\" content=\"Legado \u00e0s avessas - PSOL 50\" \/>\n<meta property=\"og:description\" content=\"O Rio \u00e9 a cidade ol\u00edmpica onde a especula\u00e7\u00e3o imobili\u00e1ria tem mais f\u00f4lego do que o esporte, e a transpar\u00eancia foi desclassificada. Seis anos ap\u00f3s sermos escolhidos sede dos Jogos de 2016, vemos a contradi\u00e7\u00e3o no topo do p\u00f3dio: 40% das escolas municipais n\u00e3o possuem quadras poliesportivas e promessas do atletismo n\u00e3o t\u00eam onde treinar. [&hellip;]\" \/>\n<meta property=\"og:url\" content=\"https:\/\/psol50.org.br\/legado-as-avessas\/\" \/>\n<meta property=\"og:site_name\" content=\"PSOL 50\" \/>\n<meta property=\"article:publisher\" content=\"https:\/\/www.facebook.com\/psol50\" \/>\n<meta property=\"article:published_time\" content=\"2015-09-09T00:46:42+00:00\" \/>\n<meta property=\"og:image\" content=\"https:\/\/psol50.org.br\/inc\/uploads\/2018\/07\/capa.png\" \/>\n\t<meta property=\"og:image:width\" content=\"1350\" \/>\n\t<meta property=\"og:image:height\" content=\"900\" \/>\n\t<meta property=\"og:image:type\" content=\"image\/png\" \/>\n<meta name=\"author\" content=\"Comunica\u00e7\u00e3o PSOL\" \/>\n<meta name=\"twitter:card\" content=\"summary_large_image\" \/>\n<meta name=\"twitter:creator\" content=\"@psol50\" \/>\n<meta name=\"twitter:site\" content=\"@psol50\" \/>\n<meta name=\"twitter:label1\" content=\"Escrito por\" \/>\n\t<meta name=\"twitter:data1\" content=\"Comunica\u00e7\u00e3o PSOL\" \/>\n\t<meta name=\"twitter:label2\" content=\"Est. tempo de leitura\" \/>\n\t<meta name=\"twitter:data2\" content=\"2 minutos\" \/>\n<script type=\"application\/ld+json\" class=\"yoast-schema-graph\">{\"@context\":\"https:\/\/schema.org\",\"@graph\":[{\"@type\":\"Article\",\"@id\":\"https:\/\/psol50.org.br\/legado-as-avessas\/#article\",\"isPartOf\":{\"@id\":\"https:\/\/psol50.org.br\/legado-as-avessas\/\"},\"author\":{\"name\":\"Comunica\u00e7\u00e3o PSOL\",\"@id\":\"https:\/\/psol50.org.br\/#\/schema\/person\/475dfa57d0b815993c714c2e96491fcd\"},\"headline\":\"Legado \u00e0s avessas\",\"datePublished\":\"2015-09-09T00:46:42+00:00\",\"mainEntityOfPage\":{\"@id\":\"https:\/\/psol50.org.br\/legado-as-avessas\/\"},\"wordCount\":483,\"commentCount\":0,\"publisher\":{\"@id\":\"https:\/\/psol50.org.br\/#organization\"},\"keywords\":[\"Marcelo Freixo\",\"Olimp\u00edadas 2016\"],\"articleSection\":[\"Artigos\"],\"inLanguage\":\"pt-BR\",\"potentialAction\":[{\"@type\":\"CommentAction\",\"name\":\"Comment\",\"target\":[\"https:\/\/psol50.org.br\/legado-as-avessas\/#respond\"]}]},{\"@type\":\"WebPage\",\"@id\":\"https:\/\/psol50.org.br\/legado-as-avessas\/\",\"url\":\"https:\/\/psol50.org.br\/legado-as-avessas\/\",\"name\":\"Legado \u00e0s avessas - PSOL 50\",\"isPartOf\":{\"@id\":\"https:\/\/psol50.org.br\/#website\"},\"datePublished\":\"2015-09-09T00:46:42+00:00\",\"breadcrumb\":{\"@id\":\"https:\/\/psol50.org.br\/legado-as-avessas\/#breadcrumb\"},\"inLanguage\":\"pt-BR\",\"potentialAction\":[{\"@type\":\"ReadAction\",\"target\":[\"https:\/\/psol50.org.br\/legado-as-avessas\/\"]}]},{\"@type\":\"BreadcrumbList\",\"@id\":\"https:\/\/psol50.org.br\/legado-as-avessas\/#breadcrumb\",\"itemListElement\":[{\"@type\":\"ListItem\",\"position\":1,\"name\":\"In\u00edcio\",\"item\":\"https:\/\/psol50.org.br\/\"},{\"@type\":\"ListItem\",\"position\":2,\"name\":\"Legado \u00e0s avessas\"}]},{\"@type\":\"WebSite\",\"@id\":\"https:\/\/psol50.org.br\/#website\",\"url\":\"https:\/\/psol50.org.br\/\",\"name\":\"PSOL 50\",\"description\":\"Site oficial do Partido Socialismo e Liberdade\",\"publisher\":{\"@id\":\"https:\/\/psol50.org.br\/#organization\"},\"alternateName\":\"PSOL50\",\"potentialAction\":[{\"@type\":\"SearchAction\",\"target\":{\"@type\":\"EntryPoint\",\"urlTemplate\":\"https:\/\/psol50.org.br\/?s={search_term_string}\"},\"query-input\":{\"@type\":\"PropertyValueSpecification\",\"valueRequired\":true,\"valueName\":\"search_term_string\"}}],\"inLanguage\":\"pt-BR\"},{\"@type\":\"Organization\",\"@id\":\"https:\/\/psol50.org.br\/#organization\",\"name\":\"PSOL 50\",\"alternateName\":\"PSOL 50\",\"url\":\"https:\/\/psol50.org.br\/\",\"logo\":{\"@type\":\"ImageObject\",\"inLanguage\":\"pt-BR\",\"@id\":\"https:\/\/psol50.org.br\/#\/schema\/logo\/image\/\",\"url\":\"https:\/\/psol50.org.br\/inc\/uploads\/2018\/07\/capa.png\",\"contentUrl\":\"https:\/\/psol50.org.br\/inc\/uploads\/2018\/07\/capa.png\",\"width\":1350,\"height\":900,\"caption\":\"PSOL 50\"},\"image\":{\"@id\":\"https:\/\/psol50.org.br\/#\/schema\/logo\/image\/\"},\"sameAs\":[\"https:\/\/www.facebook.com\/psol50\",\"https:\/\/x.com\/psol50\",\"https:\/\/www.instagram.com\/psol50\/\",\"https:\/\/www.youtube.com\/channel\/UC7SnJS5o1os7a6CaiNabzcg\"]},{\"@type\":\"Person\",\"@id\":\"https:\/\/psol50.org.br\/#\/schema\/person\/475dfa57d0b815993c714c2e96491fcd\",\"name\":\"Comunica\u00e7\u00e3o PSOL\",\"image\":{\"@type\":\"ImageObject\",\"inLanguage\":\"pt-BR\",\"@id\":\"https:\/\/psol50.org.br\/#\/schema\/person\/image\/\",\"url\":\"https:\/\/secure.gravatar.com\/avatar\/b34fc4f4e468a4e51785917065a3db57b841f5c95dba6ad8c73aaf8f66f8f9bf?s=96&d=mm&r=g\",\"contentUrl\":\"https:\/\/secure.gravatar.com\/avatar\/b34fc4f4e468a4e51785917065a3db57b841f5c95dba6ad8c73aaf8f66f8f9bf?s=96&d=mm&r=g\",\"caption\":\"Comunica\u00e7\u00e3o PSOL\"}}]}<\/script>\n<!-- \/ Yoast SEO plugin. -->","yoast_head_json":{"title":"Legado \u00e0s avessas - PSOL 50","robots":{"index":"index","follow":"follow","max-snippet":"max-snippet:-1","max-image-preview":"max-image-preview:large","max-video-preview":"max-video-preview:-1"},"canonical":"https:\/\/psol50.org.br\/legado-as-avessas\/","og_locale":"pt_BR","og_type":"article","og_title":"Legado \u00e0s avessas - PSOL 50","og_description":"O Rio \u00e9 a cidade ol\u00edmpica onde a especula\u00e7\u00e3o imobili\u00e1ria tem mais f\u00f4lego do que o esporte, e a transpar\u00eancia foi desclassificada. Seis anos ap\u00f3s sermos escolhidos sede dos Jogos de 2016, vemos a contradi\u00e7\u00e3o no topo do p\u00f3dio: 40% das escolas municipais n\u00e3o possuem quadras poliesportivas e promessas do atletismo n\u00e3o t\u00eam onde treinar. [&hellip;]","og_url":"https:\/\/psol50.org.br\/legado-as-avessas\/","og_site_name":"PSOL 50","article_publisher":"https:\/\/www.facebook.com\/psol50","article_published_time":"2015-09-09T00:46:42+00:00","og_image":[{"width":1350,"height":900,"url":"https:\/\/psol50.org.br\/inc\/uploads\/2018\/07\/capa.png","type":"image\/png"}],"author":"Comunica\u00e7\u00e3o PSOL","twitter_card":"summary_large_image","twitter_creator":"@psol50","twitter_site":"@psol50","twitter_misc":{"Escrito por":"Comunica\u00e7\u00e3o PSOL","Est. tempo de leitura":"2 minutos"},"schema":{"@context":"https:\/\/schema.org","@graph":[{"@type":"Article","@id":"https:\/\/psol50.org.br\/legado-as-avessas\/#article","isPartOf":{"@id":"https:\/\/psol50.org.br\/legado-as-avessas\/"},"author":{"name":"Comunica\u00e7\u00e3o PSOL","@id":"https:\/\/psol50.org.br\/#\/schema\/person\/475dfa57d0b815993c714c2e96491fcd"},"headline":"Legado \u00e0s avessas","datePublished":"2015-09-09T00:46:42+00:00","mainEntityOfPage":{"@id":"https:\/\/psol50.org.br\/legado-as-avessas\/"},"wordCount":483,"commentCount":0,"publisher":{"@id":"https:\/\/psol50.org.br\/#organization"},"keywords":["Marcelo Freixo","Olimp\u00edadas 2016"],"articleSection":["Artigos"],"inLanguage":"pt-BR","potentialAction":[{"@type":"CommentAction","name":"Comment","target":["https:\/\/psol50.org.br\/legado-as-avessas\/#respond"]}]},{"@type":"WebPage","@id":"https:\/\/psol50.org.br\/legado-as-avessas\/","url":"https:\/\/psol50.org.br\/legado-as-avessas\/","name":"Legado \u00e0s avessas - PSOL 50","isPartOf":{"@id":"https:\/\/psol50.org.br\/#website"},"datePublished":"2015-09-09T00:46:42+00:00","breadcrumb":{"@id":"https:\/\/psol50.org.br\/legado-as-avessas\/#breadcrumb"},"inLanguage":"pt-BR","potentialAction":[{"@type":"ReadAction","target":["https:\/\/psol50.org.br\/legado-as-avessas\/"]}]},{"@type":"BreadcrumbList","@id":"https:\/\/psol50.org.br\/legado-as-avessas\/#breadcrumb","itemListElement":[{"@type":"ListItem","position":1,"name":"In\u00edcio","item":"https:\/\/psol50.org.br\/"},{"@type":"ListItem","position":2,"name":"Legado \u00e0s avessas"}]},{"@type":"WebSite","@id":"https:\/\/psol50.org.br\/#website","url":"https:\/\/psol50.org.br\/","name":"PSOL 50","description":"Site oficial do Partido Socialismo e Liberdade","publisher":{"@id":"https:\/\/psol50.org.br\/#organization"},"alternateName":"PSOL50","potentialAction":[{"@type":"SearchAction","target":{"@type":"EntryPoint","urlTemplate":"https:\/\/psol50.org.br\/?s={search_term_string}"},"query-input":{"@type":"PropertyValueSpecification","valueRequired":true,"valueName":"search_term_string"}}],"inLanguage":"pt-BR"},{"@type":"Organization","@id":"https:\/\/psol50.org.br\/#organization","name":"PSOL 50","alternateName":"PSOL 50","url":"https:\/\/psol50.org.br\/","logo":{"@type":"ImageObject","inLanguage":"pt-BR","@id":"https:\/\/psol50.org.br\/#\/schema\/logo\/image\/","url":"https:\/\/psol50.org.br\/inc\/uploads\/2018\/07\/capa.png","contentUrl":"https:\/\/psol50.org.br\/inc\/uploads\/2018\/07\/capa.png","width":1350,"height":900,"caption":"PSOL 50"},"image":{"@id":"https:\/\/psol50.org.br\/#\/schema\/logo\/image\/"},"sameAs":["https:\/\/www.facebook.com\/psol50","https:\/\/x.com\/psol50","https:\/\/www.instagram.com\/psol50\/","https:\/\/www.youtube.com\/channel\/UC7SnJS5o1os7a6CaiNabzcg"]},{"@type":"Person","@id":"https:\/\/psol50.org.br\/#\/schema\/person\/475dfa57d0b815993c714c2e96491fcd","name":"Comunica\u00e7\u00e3o PSOL","image":{"@type":"ImageObject","inLanguage":"pt-BR","@id":"https:\/\/psol50.org.br\/#\/schema\/person\/image\/","url":"https:\/\/secure.gravatar.com\/avatar\/b34fc4f4e468a4e51785917065a3db57b841f5c95dba6ad8c73aaf8f66f8f9bf?s=96&d=mm&r=g","contentUrl":"https:\/\/secure.gravatar.com\/avatar\/b34fc4f4e468a4e51785917065a3db57b841f5c95dba6ad8c73aaf8f66f8f9bf?s=96&d=mm&r=g","caption":"Comunica\u00e7\u00e3o PSOL"}}]}},"_links":{"self":[{"href":"https:\/\/psol50.org.br\/rest\/wp\/v2\/posts\/9960","targetHints":{"allow":["GET"]}}],"collection":[{"href":"https:\/\/psol50.org.br\/rest\/wp\/v2\/posts"}],"about":[{"href":"https:\/\/psol50.org.br\/rest\/wp\/v2\/types\/post"}],"author":[{"embeddable":true,"href":"https:\/\/psol50.org.br\/rest\/wp\/v2\/users\/2"}],"replies":[{"embeddable":true,"href":"https:\/\/psol50.org.br\/rest\/wp\/v2\/comments?post=9960"}],"version-history":[{"count":0,"href":"https:\/\/psol50.org.br\/rest\/wp\/v2\/posts\/9960\/revisions"}],"wp:attachment":[{"href":"https:\/\/psol50.org.br\/rest\/wp\/v2\/media?parent=9960"}],"wp:term":[{"taxonomy":"category","embeddable":true,"href":"https:\/\/psol50.org.br\/rest\/wp\/v2\/categories?post=9960"},{"taxonomy":"post_tag","embeddable":true,"href":"https:\/\/psol50.org.br\/rest\/wp\/v2\/tags?post=9960"}],"curies":[{"name":"wp","href":"https:\/\/api.w.org\/{rel}","templated":true}]}}